{"id":5087,"date":"2011-02-24T13:50:02","date_gmt":"2011-02-24T10:50:02","guid":{"rendered":"http:\/\/localhost\/wordpress\/2011\/02\/24\/pierre-reverdy-biyografisi\/"},"modified":"2011-02-24T13:50:02","modified_gmt":"2011-02-24T10:50:02","slug":"pierre-reverdy-biyografisi","status":"publish","type":"post","link":"https:\/\/narteks.net\/index.php\/2011\/02\/24\/pierre-reverdy-biyografisi\/","title":{"rendered":"Pierre REVERDY Biyografisi"},"content":{"rendered":"<p style=\"text-align: justify;\"><img loading=\"lazy\" decoding=\"async\" style=\"float: left;\" src=\"http:\/\/www.espritsnomades.com\/sitelitterature\/reverdy\/reverdy3.jpg\" width=\"155\" height=\"205\" border=\"0\" \/>3 Eyl\u00fcl 1889&#8217;da Narbonne&#8217;da do\u011fan Reverdy ger\u00e7ek-\u00fcst\u00fcc\u00fc ak\u0131m\u0131n en b\u00fcy\u00fck haz\u0131rlay\u0131c\u0131lar\u0131ndand\u0131r. 1917&#8217;de yeni sanat\u0131n savunuculu\u011funu yapan Nord-Sud dergisini \u00e7\u0131kard\u0131. 1924&#8217;te Nouveau Monde \u00f6d\u00fcl\u00fcn\u00fc kazand\u0131. \u015eiire hi\u00e7 us pay\u0131 tan\u0131mayan ger\u00e7ek\u00fcst\u00fcc\u00fclerden bir noktada ayr\u0131larak \u00abyaln\u0131z duygunun egemen oldu\u011fu yerde us silinir; oysa us pay\u0131 olmadan sanatsal ger\u00e7ek olmaz\u00bb der. Ona g\u00f6re ozan \u00abd\u00fc\u015fle ger\u00e7ek aras\u0131ndaki o b\u0131\u00e7ak s\u0131rt\u0131\u00bb \u00fcst\u00fcndedir hep. Bu y\u00fczden \u015fiiri biraz kapal\u0131d\u0131r. Ama \u00abbir \u015fiir kapal\u0131d\u0131r diye ille de karanl\u0131k demek de\u011fildir. Ona \u0131\u015f\u0131k veren yerden girmesini bilmek gerek\u00bb. Onun i\u00e7in \u015fiirlerinin sadeli\u011fini, g\u00fczelli\u011fini anl\u0131yabilmek i\u00e7in ozan\u0131n ha-vasiyle bu \u015fiire girmesi gerekir okuyucunun. G\u00fcn\u00fcn ozanlar\u0131ndan Soupault, Aragon ve Breton kendisini ya\u015fayan ozanlar\u0131n en b\u00fcy\u00fc\u011f\u00fc olarak sel\u00e2mlam\u0131\u015flard\u0131r. \u015eiirden ba\u015fka \u00f6zellikle denemeler de yazm\u0131\u015ft\u0131r. 1960 y\u0131l\u0131nda \u00f6ld\u00fc.<\/p>\n<p style=\"text-align: justify;\">Yap\u0131tlar\u0131:<\/p>\n<p style=\"text-align: justify;\">La Lucarne Ovale, Les Ardoises du Toit, La Guitare Endormie, Coeur de Chene, Les Epaves du Ciel, Sources du Vent, Ferraille, Plupart du Temps. Main-d&#8217;oeuvre.<\/p>\n<p style=\"text-align: justify;\">Denemeleri: Self-Defense, le Gant de Crin, le Livre de mon bord.<\/p>\n","protected":false},"excerpt":{"rendered":"<p>3 Eyl\u00fcl 1889&#8217;da Narbonne&#8217;da do\u011fan Reverdy ger\u00e7ek-\u00fcst\u00fcc\u00fc ak\u0131m\u0131n en b\u00fcy\u00fck haz\u0131rlay\u0131c\u0131lar\u0131ndand\u0131r. 1917&#8217;de yeni sanat\u0131n savunuculu\u011funu yapan Nord-Sud dergisini \u00e7\u0131kard\u0131. 1924&#8217;te Nouveau Monde \u00f6d\u00fcl\u00fcn\u00fc kazand\u0131. \u015eiire hi\u00e7 us pay\u0131 tan\u0131mayan ger\u00e7ek\u00fcst\u00fcc\u00fclerden bir noktada ayr\u0131larak \u00abyaln\u0131z duygunun egemen oldu\u011fu yerde us silinir; oysa us pay\u0131 olmadan sanatsal ger\u00e7ek olmaz\u00bb der. Ona g\u00f6re ozan \u00abd\u00fc\u015fle ger\u00e7ek aras\u0131ndaki o [&hellip;]<\/p>\n","protected":false},"author":1,"featured_media":0,"comment_status":"open","ping_status":"open","sticky":false,"template":"","format":"standard","meta":{"footnotes":""},"categories":[160],"tags":[],"class_list":{"0":"post-5087","1":"post","2":"type-post","3":"status-publish","4":"format-standard","6":"category-pierre-reverdy"},"yoast_head":"<!-- This site is optimized with the Yoast SEO Premium plugin v24.9 (Yoast SEO v24.9) - https:\/\/yoast.com\/wordpress\/plugins\/seo\/ -->\n<title>Pierre REVERDY Biyografisi - narteks.net<\/title>\n<meta name=\"robots\" content=\"index, follow, max-snippet:-1, max-image-preview:large, max-video-preview:-1\" \/>\n<link rel=\"canonical\" href=\"https:\/\/narteks.net\/index.php\/2011\/02\/24\/pierre-reverdy-biyografisi\/\" \/>\n<meta property=\"og:locale\" content=\"tr_TR\" \/>\n<meta property=\"og:type\" content=\"article\" \/>\n<meta property=\"og:title\" content=\"Pierre REVERDY Biyografisi\" \/>\n<meta property=\"og:description\" content=\"3 Eyl\u00fcl 1889&#8217;da Narbonne&#8217;da do\u011fan Reverdy ger\u00e7ek-\u00fcst\u00fcc\u00fc ak\u0131m\u0131n en b\u00fcy\u00fck haz\u0131rlay\u0131c\u0131lar\u0131ndand\u0131r. 1917&#8217;de yeni sanat\u0131n savunuculu\u011funu yapan Nord-Sud dergisini \u00e7\u0131kard\u0131. 1924&#8217;te Nouveau Monde \u00f6d\u00fcl\u00fcn\u00fc kazand\u0131. \u015eiire hi\u00e7 us pay\u0131 tan\u0131mayan ger\u00e7ek\u00fcst\u00fcc\u00fclerden bir noktada ayr\u0131larak \u00abyaln\u0131z duygunun egemen oldu\u011fu yerde us silinir; oysa us pay\u0131 olmadan sanatsal ger\u00e7ek olmaz\u00bb der. Ona g\u00f6re ozan \u00abd\u00fc\u015fle ger\u00e7ek aras\u0131ndaki o [&hellip;]\" \/>\n<meta property=\"og:url\" content=\"https:\/\/narteks.net\/index.php\/2011\/02\/24\/pierre-reverdy-biyografisi\/\" \/>\n<meta property=\"og:site_name\" content=\"narteks.net\" \/>\n<meta property=\"article:published_time\" content=\"2011-02-24T10:50:02+00:00\" \/>\n<meta property=\"og:image\" content=\"http:\/\/www.espritsnomades.com\/sitelitterature\/reverdy\/reverdy3.jpg\" \/>\n<meta name=\"author\" content=\"Tar\u0131k\" \/>\n<meta name=\"twitter:card\" content=\"summary_large_image\" \/>\n<meta name=\"twitter:creator\" content=\"@narteks\" \/>\n<meta name=\"twitter:site\" content=\"@narteks\" \/>\n<meta name=\"twitter:label1\" content=\"Yazan:\" \/>\n\t<meta name=\"twitter:data1\" content=\"Tar\u0131k\" \/>\n\t<meta name=\"twitter:label2\" content=\"Tahmini okuma s\u00fcresi\" \/>\n\t<meta name=\"twitter:data2\" content=\"1 dakika\" \/>\n<script type=\"application\/ld+json\" class=\"yoast-schema-graph\">{\"@context\":\"https:\/\/schema.org\",\"@graph\":[{\"@type\":\"Article\",\"@id\":\"https:\/\/narteks.net\/index.php\/2011\/02\/24\/pierre-reverdy-biyografisi\/#article\",\"isPartOf\":{\"@id\":\"https:\/\/narteks.net\/index.php\/2011\/02\/24\/pierre-reverdy-biyografisi\/\"},\"author\":{\"name\":\"Tar\u0131k\",\"@id\":\"https:\/\/narteks.net\/#\/schema\/person\/61f37d9834294b72d31d274e7ed79bca\"},\"headline\":\"Pierre REVERDY Biyografisi\",\"datePublished\":\"2011-02-24T10:50:02+00:00\",\"mainEntityOfPage\":{\"@id\":\"https:\/\/narteks.net\/index.php\/2011\/02\/24\/pierre-reverdy-biyografisi\/\"},\"wordCount\":218,\"commentCount\":0,\"publisher\":{\"@id\":\"https:\/\/narteks.net\/#organization\"},\"image\":{\"@id\":\"https:\/\/narteks.net\/index.php\/2011\/02\/24\/pierre-reverdy-biyografisi\/#primaryimage\"},\"thumbnailUrl\":\"http:\/\/www.espritsnomades.com\/sitelitterature\/reverdy\/reverdy3.jpg\",\"articleSection\":[\"Pierre REVERDY\"],\"inLanguage\":\"tr\",\"potentialAction\":[{\"@type\":\"CommentAction\",\"name\":\"Comment\",\"target\":[\"https:\/\/narteks.net\/index.php\/2011\/02\/24\/pierre-reverdy-biyografisi\/#respond\"]}]},{\"@type\":\"WebPage\",\"@id\":\"https:\/\/narteks.net\/index.php\/2011\/02\/24\/pierre-reverdy-biyografisi\/\",\"url\":\"https:\/\/narteks.net\/index.php\/2011\/02\/24\/pierre-reverdy-biyografisi\/\",\"name\":\"Pierre REVERDY Biyografisi - narteks.net\",\"isPartOf\":{\"@id\":\"https:\/\/narteks.net\/#website\"},\"primaryImageOfPage\":{\"@id\":\"https:\/\/narteks.net\/index.php\/2011\/02\/24\/pierre-reverdy-biyografisi\/#primaryimage\"},\"image\":{\"@id\":\"https:\/\/narteks.net\/index.php\/2011\/02\/24\/pierre-reverdy-biyografisi\/#primaryimage\"},\"thumbnailUrl\":\"http:\/\/www.espritsnomades.com\/sitelitterature\/reverdy\/reverdy3.jpg\",\"datePublished\":\"2011-02-24T10:50:02+00:00\",\"breadcrumb\":{\"@id\":\"https:\/\/narteks.net\/index.php\/2011\/02\/24\/pierre-reverdy-biyografisi\/#breadcrumb\"},\"inLanguage\":\"tr\",\"potentialAction\":[{\"@type\":\"ReadAction\",\"target\":[\"https:\/\/narteks.net\/index.php\/2011\/02\/24\/pierre-reverdy-biyografisi\/\"]}]},{\"@type\":\"ImageObject\",\"inLanguage\":\"tr\",\"@id\":\"https:\/\/narteks.net\/index.php\/2011\/02\/24\/pierre-reverdy-biyografisi\/#primaryimage\",\"url\":\"http:\/\/www.espritsnomades.com\/sitelitterature\/reverdy\/reverdy3.jpg\",\"contentUrl\":\"http:\/\/www.espritsnomades.com\/sitelitterature\/reverdy\/reverdy3.jpg\"},{\"@type\":\"BreadcrumbList\",\"@id\":\"https:\/\/narteks.net\/index.php\/2011\/02\/24\/pierre-reverdy-biyografisi\/#breadcrumb\",\"itemListElement\":[{\"@type\":\"ListItem\",\"position\":1,\"name\":\"Anasayfa\",\"item\":\"https:\/\/narteks.net\/\"},{\"@type\":\"ListItem\",\"position\":2,\"name\":\"Pierre REVERDY Biyografisi\"}]},{\"@type\":\"WebSite\",\"@id\":\"https:\/\/narteks.net\/#website\",\"url\":\"https:\/\/narteks.net\/\",\"name\":\"narteks.net\",\"description\":\"K\u00fclt\u00fcr Sanat Edebiyat Felsefe\",\"publisher\":{\"@id\":\"https:\/\/narteks.net\/#organization\"},\"alternateName\":\"K\u00fclt\u00fcr Sanat Edebiyat Felsefe\",\"potentialAction\":[{\"@type\":\"SearchAction\",\"target\":{\"@type\":\"EntryPoint\",\"urlTemplate\":\"https:\/\/narteks.net\/?s={search_term_string}\"},\"query-input\":{\"@type\":\"PropertyValueSpecification\",\"valueRequired\":true,\"valueName\":\"search_term_string\"}}],\"inLanguage\":\"tr\"},{\"@type\":\"Organization\",\"@id\":\"https:\/\/narteks.net\/#organization\",\"name\":\"narteks.net\",\"url\":\"https:\/\/narteks.net\/\",\"logo\":{\"@type\":\"ImageObject\",\"inLanguage\":\"tr\",\"@id\":\"https:\/\/narteks.net\/#\/schema\/logo\/image\/\",\"url\":\"https:\/\/narteks.net\/wp-content\/uploads\/narteks.png\",\"contentUrl\":\"https:\/\/narteks.net\/wp-content\/uploads\/narteks.png\",\"width\":300,\"height\":90,\"caption\":\"narteks.net\"},\"image\":{\"@id\":\"https:\/\/narteks.net\/#\/schema\/logo\/image\/\"},\"sameAs\":[\"https:\/\/x.com\/narteks\",\"https:\/\/instagram.com\/narteksnet\"]},{\"@type\":\"Person\",\"@id\":\"https:\/\/narteks.net\/#\/schema\/person\/61f37d9834294b72d31d274e7ed79bca\",\"name\":\"Tar\u0131k\",\"image\":{\"@type\":\"ImageObject\",\"inLanguage\":\"tr\",\"@id\":\"https:\/\/narteks.net\/#\/schema\/person\/image\/\",\"url\":\"https:\/\/secure.gravatar.com\/avatar\/50865afb55632c4ae467e0af0930f6510aa2297d8014be502a55b14f3b7550cf?s=96&d=mm&r=g\",\"contentUrl\":\"https:\/\/secure.gravatar.com\/avatar\/50865afb55632c4ae467e0af0930f6510aa2297d8014be502a55b14f3b7550cf?s=96&d=mm&r=g\",\"caption\":\"Tar\u0131k\"},\"sameAs\":[\"http:\/\/narteks.net\"],\"url\":\"https:\/\/narteks.net\/index.php\/author\/narbak\/\"}]}<\/script>\n<!-- \/ Yoast SEO Premium plugin. -->","yoast_head_json":{"title":"Pierre REVERDY Biyografisi - narteks.net","robots":{"index":"index","follow":"follow","max-snippet":"max-snippet:-1","max-image-preview":"max-image-preview:large","max-video-preview":"max-video-preview:-1"},"canonical":"https:\/\/narteks.net\/index.php\/2011\/02\/24\/pierre-reverdy-biyografisi\/","og_locale":"tr_TR","og_type":"article","og_title":"Pierre REVERDY Biyografisi","og_description":"3 Eyl\u00fcl 1889&#8217;da Narbonne&#8217;da do\u011fan Reverdy ger\u00e7ek-\u00fcst\u00fcc\u00fc ak\u0131m\u0131n en b\u00fcy\u00fck haz\u0131rlay\u0131c\u0131lar\u0131ndand\u0131r. 1917&#8217;de yeni sanat\u0131n savunuculu\u011funu yapan Nord-Sud dergisini \u00e7\u0131kard\u0131. 1924&#8217;te Nouveau Monde \u00f6d\u00fcl\u00fcn\u00fc kazand\u0131. \u015eiire hi\u00e7 us pay\u0131 tan\u0131mayan ger\u00e7ek\u00fcst\u00fcc\u00fclerden bir noktada ayr\u0131larak \u00abyaln\u0131z duygunun egemen oldu\u011fu yerde us silinir; oysa us pay\u0131 olmadan sanatsal ger\u00e7ek olmaz\u00bb der. Ona g\u00f6re ozan \u00abd\u00fc\u015fle ger\u00e7ek aras\u0131ndaki o [&hellip;]","og_url":"https:\/\/narteks.net\/index.php\/2011\/02\/24\/pierre-reverdy-biyografisi\/","og_site_name":"narteks.net","article_published_time":"2011-02-24T10:50:02+00:00","og_image":[{"url":"http:\/\/www.espritsnomades.com\/sitelitterature\/reverdy\/reverdy3.jpg","type":"","width":"","height":""}],"author":"Tar\u0131k","twitter_card":"summary_large_image","twitter_creator":"@narteks","twitter_site":"@narteks","twitter_misc":{"Yazan:":"Tar\u0131k","Tahmini okuma s\u00fcresi":"1 dakika"},"schema":{"@context":"https:\/\/schema.org","@graph":[{"@type":"Article","@id":"https:\/\/narteks.net\/index.php\/2011\/02\/24\/pierre-reverdy-biyografisi\/#article","isPartOf":{"@id":"https:\/\/narteks.net\/index.php\/2011\/02\/24\/pierre-reverdy-biyografisi\/"},"author":{"name":"Tar\u0131k","@id":"https:\/\/narteks.net\/#\/schema\/person\/61f37d9834294b72d31d274e7ed79bca"},"headline":"Pierre REVERDY Biyografisi","datePublished":"2011-02-24T10:50:02+00:00","mainEntityOfPage":{"@id":"https:\/\/narteks.net\/index.php\/2011\/02\/24\/pierre-reverdy-biyografisi\/"},"wordCount":218,"commentCount":0,"publisher":{"@id":"https:\/\/narteks.net\/#organization"},"image":{"@id":"https:\/\/narteks.net\/index.php\/2011\/02\/24\/pierre-reverdy-biyografisi\/#primaryimage"},"thumbnailUrl":"http:\/\/www.espritsnomades.com\/sitelitterature\/reverdy\/reverdy3.jpg","articleSection":["Pierre REVERDY"],"inLanguage":"tr","potentialAction":[{"@type":"CommentAction","name":"Comment","target":["https:\/\/narteks.net\/index.php\/2011\/02\/24\/pierre-reverdy-biyografisi\/#respond"]}]},{"@type":"WebPage","@id":"https:\/\/narteks.net\/index.php\/2011\/02\/24\/pierre-reverdy-biyografisi\/","url":"https:\/\/narteks.net\/index.php\/2011\/02\/24\/pierre-reverdy-biyografisi\/","name":"Pierre REVERDY Biyografisi - narteks.net","isPartOf":{"@id":"https:\/\/narteks.net\/#website"},"primaryImageOfPage":{"@id":"https:\/\/narteks.net\/index.php\/2011\/02\/24\/pierre-reverdy-biyografisi\/#primaryimage"},"image":{"@id":"https:\/\/narteks.net\/index.php\/2011\/02\/24\/pierre-reverdy-biyografisi\/#primaryimage"},"thumbnailUrl":"http:\/\/www.espritsnomades.com\/sitelitterature\/reverdy\/reverdy3.jpg","datePublished":"2011-02-24T10:50:02+00:00","breadcrumb":{"@id":"https:\/\/narteks.net\/index.php\/2011\/02\/24\/pierre-reverdy-biyografisi\/#breadcrumb"},"inLanguage":"tr","potentialAction":[{"@type":"ReadAction","target":["https:\/\/narteks.net\/index.php\/2011\/02\/24\/pierre-reverdy-biyografisi\/"]}]},{"@type":"ImageObject","inLanguage":"tr","@id":"https:\/\/narteks.net\/index.php\/2011\/02\/24\/pierre-reverdy-biyografisi\/#primaryimage","url":"http:\/\/www.espritsnomades.com\/sitelitterature\/reverdy\/reverdy3.jpg","contentUrl":"http:\/\/www.espritsnomades.com\/sitelitterature\/reverdy\/reverdy3.jpg"},{"@type":"BreadcrumbList","@id":"https:\/\/narteks.net\/index.php\/2011\/02\/24\/pierre-reverdy-biyografisi\/#breadcrumb","itemListElement":[{"@type":"ListItem","position":1,"name":"Anasayfa","item":"https:\/\/narteks.net\/"},{"@type":"ListItem","position":2,"name":"Pierre REVERDY Biyografisi"}]},{"@type":"WebSite","@id":"https:\/\/narteks.net\/#website","url":"https:\/\/narteks.net\/","name":"narteks.net","description":"K\u00fclt\u00fcr Sanat Edebiyat Felsefe","publisher":{"@id":"https:\/\/narteks.net\/#organization"},"alternateName":"K\u00fclt\u00fcr Sanat Edebiyat Felsefe","potentialAction":[{"@type":"SearchAction","target":{"@type":"EntryPoint","urlTemplate":"https:\/\/narteks.net\/?s={search_term_string}"},"query-input":{"@type":"PropertyValueSpecification","valueRequired":true,"valueName":"search_term_string"}}],"inLanguage":"tr"},{"@type":"Organization","@id":"https:\/\/narteks.net\/#organization","name":"narteks.net","url":"https:\/\/narteks.net\/","logo":{"@type":"ImageObject","inLanguage":"tr","@id":"https:\/\/narteks.net\/#\/schema\/logo\/image\/","url":"https:\/\/narteks.net\/wp-content\/uploads\/narteks.png","contentUrl":"https:\/\/narteks.net\/wp-content\/uploads\/narteks.png","width":300,"height":90,"caption":"narteks.net"},"image":{"@id":"https:\/\/narteks.net\/#\/schema\/logo\/image\/"},"sameAs":["https:\/\/x.com\/narteks","https:\/\/instagram.com\/narteksnet"]},{"@type":"Person","@id":"https:\/\/narteks.net\/#\/schema\/person\/61f37d9834294b72d31d274e7ed79bca","name":"Tar\u0131k","image":{"@type":"ImageObject","inLanguage":"tr","@id":"https:\/\/narteks.net\/#\/schema\/person\/image\/","url":"https:\/\/secure.gravatar.com\/avatar\/50865afb55632c4ae467e0af0930f6510aa2297d8014be502a55b14f3b7550cf?s=96&d=mm&r=g","contentUrl":"https:\/\/secure.gravatar.com\/avatar\/50865afb55632c4ae467e0af0930f6510aa2297d8014be502a55b14f3b7550cf?s=96&d=mm&r=g","caption":"Tar\u0131k"},"sameAs":["http:\/\/narteks.net"],"url":"https:\/\/narteks.net\/index.php\/author\/narbak\/"}]}},"_links":{"self":[{"href":"https:\/\/narteks.net\/index.php\/wp-json\/wp\/v2\/posts\/5087","targetHints":{"allow":["GET"]}}],"collection":[{"href":"https:\/\/narteks.net\/index.php\/wp-json\/wp\/v2\/posts"}],"about":[{"href":"https:\/\/narteks.net\/index.php\/wp-json\/wp\/v2\/types\/post"}],"author":[{"embeddable":true,"href":"https:\/\/narteks.net\/index.php\/wp-json\/wp\/v2\/users\/1"}],"replies":[{"embeddable":true,"href":"https:\/\/narteks.net\/index.php\/wp-json\/wp\/v2\/comments?post=5087"}],"version-history":[{"count":0,"href":"https:\/\/narteks.net\/index.php\/wp-json\/wp\/v2\/posts\/5087\/revisions"}],"wp:attachment":[{"href":"https:\/\/narteks.net\/index.php\/wp-json\/wp\/v2\/media?parent=5087"}],"wp:term":[{"taxonomy":"category","embeddable":true,"href":"https:\/\/narteks.net\/index.php\/wp-json\/wp\/v2\/categories?post=5087"},{"taxonomy":"post_tag","embeddable":true,"href":"https:\/\/narteks.net\/index.php\/wp-json\/wp\/v2\/tags?post=5087"}],"curies":[{"name":"wp","href":"https:\/\/api.w.org\/{rel}","templated":true}]}}