{"id":5088,"date":"2011-02-24T16:08:41","date_gmt":"2011-02-24T13:08:41","guid":{"rendered":"http:\/\/localhost\/wordpress\/2011\/02\/24\/aglar-veysel-cikmaz-sesi\/"},"modified":"2011-02-24T16:08:41","modified_gmt":"2011-02-24T13:08:41","slug":"aglar-veysel-cikmaz-sesi","status":"publish","type":"post","link":"https:\/\/narteks.net\/index.php\/2011\/02\/24\/aglar-veysel-cikmaz-sesi\/","title":{"rendered":"A\u011eLAR VEYSEL \u00c7IKMAZ SES\u0130"},"content":{"rendered":"<p>\u00a0<\/p>\n<p>Ah \u00e7ektik\u00e7e erir gider<br \/>Y\u00fcre\u011fimin ya\u011f\u0131 benim<br \/>Seni g\u00f6rsem durur gider<br \/>Dillerimin ba\u011f\u0131 benim<\/p>\n<p>Gam leskesi saf saf oldu<br \/>Hep s\u00f6zlerim bo\u015f laf oldu<br \/>Senin yolunda mahv oldu<br \/>Gen\u00e7li\u011fimin \u00e7a\u011f\u0131 benim<\/p>\n<p>Ah belimi b\u00fcken oldu<br \/>Gurbet bana diken oldu<br \/>Alt\u0131 ayd\u0131r mekan oldu<br \/>Dibi k\u0131rkk\u0131z da\u011f\u0131 benim<\/p>\n<p>Sensin derdine d\u00fc\u015ft\u00fc\u011f\u00fcm<br \/>Hayal oldu konu\u015ftu\u011fum<br \/>Her g\u00fcn yedi\u011fim i\u00e7ti\u011fim<br \/>\u0130\u00e7erimde a\u011fu benim<\/p>\n<p>A\u011flar VEYSEL \u00e7\u0131kmaz sesi<br \/>Gine co\u015ftu gam deryas\u0131<br \/>Garip g\u00f6nl\u00fcm\u00fcn yaylas\u0131<br \/>G\u00fczel h\u00fcsn\u00fcn ba\u011f\u0131 benim<\/p>\n","protected":false},"excerpt":{"rendered":"<p>\u00a0 Ah \u00e7ektik\u00e7e erir giderY\u00fcre\u011fimin ya\u011f\u0131 benimSeni g\u00f6rsem durur giderDillerimin ba\u011f\u0131 benim Gam leskesi saf saf olduHep s\u00f6zlerim bo\u015f laf olduSenin yolunda mahv olduGen\u00e7li\u011fimin \u00e7a\u011f\u0131 benim Ah belimi b\u00fcken olduGurbet bana diken olduAlt\u0131 ayd\u0131r mekan olduDibi k\u0131rkk\u0131z da\u011f\u0131 benim Sensin derdine d\u00fc\u015ft\u00fc\u011f\u00fcmHayal oldu konu\u015ftu\u011fumHer g\u00fcn yedi\u011fim i\u00e7ti\u011fim\u0130\u00e7erimde a\u011fu benim A\u011flar VEYSEL \u00e7\u0131kmaz sesiGine co\u015ftu gam [&hellip;]<\/p>\n","protected":false},"author":1,"featured_media":0,"comment_status":"open","ping_status":"open","sticky":false,"template":"","format":"standard","meta":{"footnotes":""},"categories":[161],"tags":[],"class_list":{"0":"post-5088","1":"post","2":"type-post","3":"status-publish","4":"format-standard","6":"category-asik-veysel-satiroglu"},"yoast_head":"<!-- This site is optimized with the Yoast SEO Premium plugin v24.9 (Yoast SEO v24.9) - https:\/\/yoast.com\/wordpress\/plugins\/seo\/ -->\n<title>A\u011eLAR VEYSEL \u00c7IKMAZ SES\u0130 - narteks.net<\/title>\n<meta name=\"robots\" content=\"index, follow, max-snippet:-1, max-image-preview:large, max-video-preview:-1\" \/>\n<link rel=\"canonical\" href=\"https:\/\/narteks.net\/index.php\/2011\/02\/24\/aglar-veysel-cikmaz-sesi\/\" \/>\n<meta property=\"og:locale\" content=\"tr_TR\" \/>\n<meta property=\"og:type\" content=\"article\" \/>\n<meta property=\"og:title\" content=\"A\u011eLAR VEYSEL \u00c7IKMAZ SES\u0130\" \/>\n<meta property=\"og:description\" content=\"\u00a0 Ah \u00e7ektik\u00e7e erir giderY\u00fcre\u011fimin ya\u011f\u0131 benimSeni g\u00f6rsem durur giderDillerimin ba\u011f\u0131 benim Gam leskesi saf saf olduHep s\u00f6zlerim bo\u015f laf olduSenin yolunda mahv olduGen\u00e7li\u011fimin \u00e7a\u011f\u0131 benim Ah belimi b\u00fcken olduGurbet bana diken olduAlt\u0131 ayd\u0131r mekan olduDibi k\u0131rkk\u0131z da\u011f\u0131 benim Sensin derdine d\u00fc\u015ft\u00fc\u011f\u00fcmHayal oldu konu\u015ftu\u011fumHer g\u00fcn yedi\u011fim i\u00e7ti\u011fim\u0130\u00e7erimde a\u011fu benim A\u011flar VEYSEL \u00e7\u0131kmaz sesiGine co\u015ftu gam [&hellip;]\" \/>\n<meta property=\"og:url\" content=\"https:\/\/narteks.net\/index.php\/2011\/02\/24\/aglar-veysel-cikmaz-sesi\/\" \/>\n<meta property=\"og:site_name\" content=\"narteks.net\" \/>\n<meta property=\"article:published_time\" content=\"2011-02-24T13:08:41+00:00\" \/>\n<meta property=\"og:image\" content=\"https:\/\/narteks.net\/wp-content\/uploads\/narteks.png\" \/>\n\t<meta property=\"og:image:width\" content=\"300\" \/>\n\t<meta property=\"og:image:height\" content=\"90\" \/>\n\t<meta property=\"og:image:type\" content=\"image\/png\" \/>\n<meta name=\"author\" content=\"Tar\u0131k\" \/>\n<meta name=\"twitter:card\" content=\"summary_large_image\" \/>\n<meta name=\"twitter:creator\" content=\"@narteks\" \/>\n<meta name=\"twitter:site\" content=\"@narteks\" \/>\n<meta name=\"twitter:label1\" content=\"Yazan:\" \/>\n\t<meta name=\"twitter:data1\" content=\"Tar\u0131k\" \/>\n<script type=\"application\/ld+json\" class=\"yoast-schema-graph\">{\"@context\":\"https:\/\/schema.org\",\"@graph\":[{\"@type\":\"Article\",\"@id\":\"https:\/\/narteks.net\/index.php\/2011\/02\/24\/aglar-veysel-cikmaz-sesi\/#article\",\"isPartOf\":{\"@id\":\"https:\/\/narteks.net\/index.php\/2011\/02\/24\/aglar-veysel-cikmaz-sesi\/\"},\"author\":{\"name\":\"Tar\u0131k\",\"@id\":\"https:\/\/narteks.net\/#\/schema\/person\/61f37d9834294b72d31d274e7ed79bca\"},\"headline\":\"A\u011eLAR VEYSEL \u00c7IKMAZ SES\u0130\",\"datePublished\":\"2011-02-24T13:08:41+00:00\",\"mainEntityOfPage\":{\"@id\":\"https:\/\/narteks.net\/index.php\/2011\/02\/24\/aglar-veysel-cikmaz-sesi\/\"},\"wordCount\":96,\"commentCount\":0,\"publisher\":{\"@id\":\"https:\/\/narteks.net\/#organization\"},\"articleSection\":[\"A\u015f\u0131k Veysel \u015eATIRO\u011eLU\"],\"inLanguage\":\"tr\",\"potentialAction\":[{\"@type\":\"CommentAction\",\"name\":\"Comment\",\"target\":[\"https:\/\/narteks.net\/index.php\/2011\/02\/24\/aglar-veysel-cikmaz-sesi\/#respond\"]}]},{\"@type\":\"WebPage\",\"@id\":\"https:\/\/narteks.net\/index.php\/2011\/02\/24\/aglar-veysel-cikmaz-sesi\/\",\"url\":\"https:\/\/narteks.net\/index.php\/2011\/02\/24\/aglar-veysel-cikmaz-sesi\/\",\"name\":\"A\u011eLAR VEYSEL \u00c7IKMAZ SES\u0130 - narteks.net\",\"isPartOf\":{\"@id\":\"https:\/\/narteks.net\/#website\"},\"datePublished\":\"2011-02-24T13:08:41+00:00\",\"breadcrumb\":{\"@id\":\"https:\/\/narteks.net\/index.php\/2011\/02\/24\/aglar-veysel-cikmaz-sesi\/#breadcrumb\"},\"inLanguage\":\"tr\",\"potentialAction\":[{\"@type\":\"ReadAction\",\"target\":[\"https:\/\/narteks.net\/index.php\/2011\/02\/24\/aglar-veysel-cikmaz-sesi\/\"]}]},{\"@type\":\"BreadcrumbList\",\"@id\":\"https:\/\/narteks.net\/index.php\/2011\/02\/24\/aglar-veysel-cikmaz-sesi\/#breadcrumb\",\"itemListElement\":[{\"@type\":\"ListItem\",\"position\":1,\"name\":\"Anasayfa\",\"item\":\"https:\/\/narteks.net\/\"},{\"@type\":\"ListItem\",\"position\":2,\"name\":\"A\u011eLAR VEYSEL \u00c7IKMAZ SES\u0130\"}]},{\"@type\":\"WebSite\",\"@id\":\"https:\/\/narteks.net\/#website\",\"url\":\"https:\/\/narteks.net\/\",\"name\":\"narteks.net\",\"description\":\"K\u00fclt\u00fcr Sanat Edebiyat Felsefe\",\"publisher\":{\"@id\":\"https:\/\/narteks.net\/#organization\"},\"alternateName\":\"K\u00fclt\u00fcr Sanat Edebiyat Felsefe\",\"potentialAction\":[{\"@type\":\"SearchAction\",\"target\":{\"@type\":\"EntryPoint\",\"urlTemplate\":\"https:\/\/narteks.net\/?s={search_term_string}\"},\"query-input\":{\"@type\":\"PropertyValueSpecification\",\"valueRequired\":true,\"valueName\":\"search_term_string\"}}],\"inLanguage\":\"tr\"},{\"@type\":\"Organization\",\"@id\":\"https:\/\/narteks.net\/#organization\",\"name\":\"narteks.net\",\"url\":\"https:\/\/narteks.net\/\",\"logo\":{\"@type\":\"ImageObject\",\"inLanguage\":\"tr\",\"@id\":\"https:\/\/narteks.net\/#\/schema\/logo\/image\/\",\"url\":\"https:\/\/narteks.net\/wp-content\/uploads\/narteks.png\",\"contentUrl\":\"https:\/\/narteks.net\/wp-content\/uploads\/narteks.png\",\"width\":300,\"height\":90,\"caption\":\"narteks.net\"},\"image\":{\"@id\":\"https:\/\/narteks.net\/#\/schema\/logo\/image\/\"},\"sameAs\":[\"https:\/\/x.com\/narteks\",\"https:\/\/instagram.com\/narteksnet\"]},{\"@type\":\"Person\",\"@id\":\"https:\/\/narteks.net\/#\/schema\/person\/61f37d9834294b72d31d274e7ed79bca\",\"name\":\"Tar\u0131k\",\"image\":{\"@type\":\"ImageObject\",\"inLanguage\":\"tr\",\"@id\":\"https:\/\/narteks.net\/#\/schema\/person\/image\/\",\"url\":\"https:\/\/secure.gravatar.com\/avatar\/50865afb55632c4ae467e0af0930f6510aa2297d8014be502a55b14f3b7550cf?s=96&d=mm&r=g\",\"contentUrl\":\"https:\/\/secure.gravatar.com\/avatar\/50865afb55632c4ae467e0af0930f6510aa2297d8014be502a55b14f3b7550cf?s=96&d=mm&r=g\",\"caption\":\"Tar\u0131k\"},\"sameAs\":[\"http:\/\/narteks.net\"],\"url\":\"https:\/\/narteks.net\/index.php\/author\/narbak\/\"}]}<\/script>\n<!-- \/ Yoast SEO Premium plugin. -->","yoast_head_json":{"title":"A\u011eLAR VEYSEL \u00c7IKMAZ SES\u0130 - narteks.net","robots":{"index":"index","follow":"follow","max-snippet":"max-snippet:-1","max-image-preview":"max-image-preview:large","max-video-preview":"max-video-preview:-1"},"canonical":"https:\/\/narteks.net\/index.php\/2011\/02\/24\/aglar-veysel-cikmaz-sesi\/","og_locale":"tr_TR","og_type":"article","og_title":"A\u011eLAR VEYSEL \u00c7IKMAZ SES\u0130","og_description":"\u00a0 Ah \u00e7ektik\u00e7e erir giderY\u00fcre\u011fimin ya\u011f\u0131 benimSeni g\u00f6rsem durur giderDillerimin ba\u011f\u0131 benim Gam leskesi saf saf olduHep s\u00f6zlerim bo\u015f laf olduSenin yolunda mahv olduGen\u00e7li\u011fimin \u00e7a\u011f\u0131 benim Ah belimi b\u00fcken olduGurbet bana diken olduAlt\u0131 ayd\u0131r mekan olduDibi k\u0131rkk\u0131z da\u011f\u0131 benim Sensin derdine d\u00fc\u015ft\u00fc\u011f\u00fcmHayal oldu konu\u015ftu\u011fumHer g\u00fcn yedi\u011fim i\u00e7ti\u011fim\u0130\u00e7erimde a\u011fu benim A\u011flar VEYSEL \u00e7\u0131kmaz sesiGine co\u015ftu gam [&hellip;]","og_url":"https:\/\/narteks.net\/index.php\/2011\/02\/24\/aglar-veysel-cikmaz-sesi\/","og_site_name":"narteks.net","article_published_time":"2011-02-24T13:08:41+00:00","og_image":[{"width":300,"height":90,"url":"https:\/\/narteks.net\/wp-content\/uploads\/narteks.png","type":"image\/png"}],"author":"Tar\u0131k","twitter_card":"summary_large_image","twitter_creator":"@narteks","twitter_site":"@narteks","twitter_misc":{"Yazan:":"Tar\u0131k"},"schema":{"@context":"https:\/\/schema.org","@graph":[{"@type":"Article","@id":"https:\/\/narteks.net\/index.php\/2011\/02\/24\/aglar-veysel-cikmaz-sesi\/#article","isPartOf":{"@id":"https:\/\/narteks.net\/index.php\/2011\/02\/24\/aglar-veysel-cikmaz-sesi\/"},"author":{"name":"Tar\u0131k","@id":"https:\/\/narteks.net\/#\/schema\/person\/61f37d9834294b72d31d274e7ed79bca"},"headline":"A\u011eLAR VEYSEL \u00c7IKMAZ SES\u0130","datePublished":"2011-02-24T13:08:41+00:00","mainEntityOfPage":{"@id":"https:\/\/narteks.net\/index.php\/2011\/02\/24\/aglar-veysel-cikmaz-sesi\/"},"wordCount":96,"commentCount":0,"publisher":{"@id":"https:\/\/narteks.net\/#organization"},"articleSection":["A\u015f\u0131k Veysel \u015eATIRO\u011eLU"],"inLanguage":"tr","potentialAction":[{"@type":"CommentAction","name":"Comment","target":["https:\/\/narteks.net\/index.php\/2011\/02\/24\/aglar-veysel-cikmaz-sesi\/#respond"]}]},{"@type":"WebPage","@id":"https:\/\/narteks.net\/index.php\/2011\/02\/24\/aglar-veysel-cikmaz-sesi\/","url":"https:\/\/narteks.net\/index.php\/2011\/02\/24\/aglar-veysel-cikmaz-sesi\/","name":"A\u011eLAR VEYSEL \u00c7IKMAZ SES\u0130 - narteks.net","isPartOf":{"@id":"https:\/\/narteks.net\/#website"},"datePublished":"2011-02-24T13:08:41+00:00","breadcrumb":{"@id":"https:\/\/narteks.net\/index.php\/2011\/02\/24\/aglar-veysel-cikmaz-sesi\/#breadcrumb"},"inLanguage":"tr","potentialAction":[{"@type":"ReadAction","target":["https:\/\/narteks.net\/index.php\/2011\/02\/24\/aglar-veysel-cikmaz-sesi\/"]}]},{"@type":"BreadcrumbList","@id":"https:\/\/narteks.net\/index.php\/2011\/02\/24\/aglar-veysel-cikmaz-sesi\/#breadcrumb","itemListElement":[{"@type":"ListItem","position":1,"name":"Anasayfa","item":"https:\/\/narteks.net\/"},{"@type":"ListItem","position":2,"name":"A\u011eLAR VEYSEL \u00c7IKMAZ SES\u0130"}]},{"@type":"WebSite","@id":"https:\/\/narteks.net\/#website","url":"https:\/\/narteks.net\/","name":"narteks.net","description":"K\u00fclt\u00fcr Sanat Edebiyat Felsefe","publisher":{"@id":"https:\/\/narteks.net\/#organization"},"alternateName":"K\u00fclt\u00fcr Sanat Edebiyat Felsefe","potentialAction":[{"@type":"SearchAction","target":{"@type":"EntryPoint","urlTemplate":"https:\/\/narteks.net\/?s={search_term_string}"},"query-input":{"@type":"PropertyValueSpecification","valueRequired":true,"valueName":"search_term_string"}}],"inLanguage":"tr"},{"@type":"Organization","@id":"https:\/\/narteks.net\/#organization","name":"narteks.net","url":"https:\/\/narteks.net\/","logo":{"@type":"ImageObject","inLanguage":"tr","@id":"https:\/\/narteks.net\/#\/schema\/logo\/image\/","url":"https:\/\/narteks.net\/wp-content\/uploads\/narteks.png","contentUrl":"https:\/\/narteks.net\/wp-content\/uploads\/narteks.png","width":300,"height":90,"caption":"narteks.net"},"image":{"@id":"https:\/\/narteks.net\/#\/schema\/logo\/image\/"},"sameAs":["https:\/\/x.com\/narteks","https:\/\/instagram.com\/narteksnet"]},{"@type":"Person","@id":"https:\/\/narteks.net\/#\/schema\/person\/61f37d9834294b72d31d274e7ed79bca","name":"Tar\u0131k","image":{"@type":"ImageObject","inLanguage":"tr","@id":"https:\/\/narteks.net\/#\/schema\/person\/image\/","url":"https:\/\/secure.gravatar.com\/avatar\/50865afb55632c4ae467e0af0930f6510aa2297d8014be502a55b14f3b7550cf?s=96&d=mm&r=g","contentUrl":"https:\/\/secure.gravatar.com\/avatar\/50865afb55632c4ae467e0af0930f6510aa2297d8014be502a55b14f3b7550cf?s=96&d=mm&r=g","caption":"Tar\u0131k"},"sameAs":["http:\/\/narteks.net"],"url":"https:\/\/narteks.net\/index.php\/author\/narbak\/"}]}},"_links":{"self":[{"href":"https:\/\/narteks.net\/index.php\/wp-json\/wp\/v2\/posts\/5088","targetHints":{"allow":["GET"]}}],"collection":[{"href":"https:\/\/narteks.net\/index.php\/wp-json\/wp\/v2\/posts"}],"about":[{"href":"https:\/\/narteks.net\/index.php\/wp-json\/wp\/v2\/types\/post"}],"author":[{"embeddable":true,"href":"https:\/\/narteks.net\/index.php\/wp-json\/wp\/v2\/users\/1"}],"replies":[{"embeddable":true,"href":"https:\/\/narteks.net\/index.php\/wp-json\/wp\/v2\/comments?post=5088"}],"version-history":[{"count":0,"href":"https:\/\/narteks.net\/index.php\/wp-json\/wp\/v2\/posts\/5088\/revisions"}],"wp:attachment":[{"href":"https:\/\/narteks.net\/index.php\/wp-json\/wp\/v2\/media?parent=5088"}],"wp:term":[{"taxonomy":"category","embeddable":true,"href":"https:\/\/narteks.net\/index.php\/wp-json\/wp\/v2\/categories?post=5088"},{"taxonomy":"post_tag","embeddable":true,"href":"https:\/\/narteks.net\/index.php\/wp-json\/wp\/v2\/tags?post=5088"}],"curies":[{"name":"wp","href":"https:\/\/api.w.org\/{rel}","templated":true}]}}