{"id":5094,"date":"2011-02-24T16:15:35","date_gmt":"2011-02-24T13:15:35","guid":{"rendered":"http:\/\/localhost\/wordpress\/2011\/02\/24\/anlatamam-derdimi-dertsiz-insana\/"},"modified":"2011-02-24T16:15:35","modified_gmt":"2011-02-24T13:15:35","slug":"anlatamam-derdimi-dertsiz-insana","status":"publish","type":"post","link":"https:\/\/narteks.net\/index.php\/2011\/02\/24\/anlatamam-derdimi-dertsiz-insana\/","title":{"rendered":"ANLATAMAM DERD\u0130M\u0130 DERTS\u0130Z \u0130NSANA"},"content":{"rendered":"<p>\u00a0<\/p>\n<p>Anlatamam derdimi dertsiz insana<br \/>Derd \u00e7ekmeyen dert kiymetin bilemez<br \/>Derdim bana derman imis bilmedim<br \/>Hi\u00e7bir zaman g\u00fcl dikensiz olamaz<\/p>\n<p>G\u00fcl\u00fc yetistirir dikenli \u00e7ali<br \/>Ari her \u00e7i\u00e7ekten yapiyor bali<br \/>Kisi sabir ile bulur kemali<br \/>Sabretmeyen maksudunu bulamaz<\/p>\n<p>Ah \u00e7eker asiklar aglar zarinan<br \/>Y\u00fcce daglar s\u00f6hret bulmus karinan<br \/>\u00c7aglar deli g\u00f6n\u00fcl irmaklarinan<br \/>Aglar aglar g\u00f6z yaslarin silemez<\/p>\n<p>Veysel g\u00fcnler ge\u00e7ti yas altmis oldu<br \/>D\u00f6k\u00fcld\u00fc yapragim g\u00fcllerim soldu<br \/>Gemi y\u00fck\u00fcn aldi gam ilen doldu<br \/>Harekete kimse mani olamaz<\/p>\n","protected":false},"excerpt":{"rendered":"<p>\u00a0 Anlatamam derdimi dertsiz insanaDerd \u00e7ekmeyen dert kiymetin bilemezDerdim bana derman imis bilmedimHi\u00e7bir zaman g\u00fcl dikensiz olamaz G\u00fcl\u00fc yetistirir dikenli \u00e7aliAri her \u00e7i\u00e7ekten yapiyor baliKisi sabir ile bulur kemaliSabretmeyen maksudunu bulamaz Ah \u00e7eker asiklar aglar zarinanY\u00fcce daglar s\u00f6hret bulmus karinan\u00c7aglar deli g\u00f6n\u00fcl irmaklarinanAglar aglar g\u00f6z yaslarin silemez Veysel g\u00fcnler ge\u00e7ti yas altmis olduD\u00f6k\u00fcld\u00fc yapragim g\u00fcllerim [&hellip;]<\/p>\n","protected":false},"author":1,"featured_media":0,"comment_status":"open","ping_status":"open","sticky":false,"template":"","format":"standard","meta":{"footnotes":""},"categories":[161],"tags":[],"class_list":{"0":"post-5094","1":"post","2":"type-post","3":"status-publish","4":"format-standard","6":"category-asik-veysel-satiroglu"},"yoast_head":"<!-- This site is optimized with the Yoast SEO Premium plugin v24.9 (Yoast SEO v24.9) - https:\/\/yoast.com\/wordpress\/plugins\/seo\/ -->\n<title>ANLATAMAM DERD\u0130M\u0130 DERTS\u0130Z \u0130NSANA - narteks.net<\/title>\n<meta name=\"robots\" content=\"index, follow, max-snippet:-1, max-image-preview:large, max-video-preview:-1\" \/>\n<link rel=\"canonical\" href=\"https:\/\/narteks.net\/index.php\/2011\/02\/24\/anlatamam-derdimi-dertsiz-insana\/\" \/>\n<meta property=\"og:locale\" content=\"tr_TR\" \/>\n<meta property=\"og:type\" content=\"article\" \/>\n<meta property=\"og:title\" content=\"ANLATAMAM DERD\u0130M\u0130 DERTS\u0130Z \u0130NSANA\" \/>\n<meta property=\"og:description\" content=\"\u00a0 Anlatamam derdimi dertsiz insanaDerd \u00e7ekmeyen dert kiymetin bilemezDerdim bana derman imis bilmedimHi\u00e7bir zaman g\u00fcl dikensiz olamaz G\u00fcl\u00fc yetistirir dikenli \u00e7aliAri her \u00e7i\u00e7ekten yapiyor baliKisi sabir ile bulur kemaliSabretmeyen maksudunu bulamaz Ah \u00e7eker asiklar aglar zarinanY\u00fcce daglar s\u00f6hret bulmus karinan\u00c7aglar deli g\u00f6n\u00fcl irmaklarinanAglar aglar g\u00f6z yaslarin silemez Veysel g\u00fcnler ge\u00e7ti yas altmis olduD\u00f6k\u00fcld\u00fc yapragim g\u00fcllerim [&hellip;]\" \/>\n<meta property=\"og:url\" content=\"https:\/\/narteks.net\/index.php\/2011\/02\/24\/anlatamam-derdimi-dertsiz-insana\/\" \/>\n<meta property=\"og:site_name\" content=\"narteks.net\" \/>\n<meta property=\"article:published_time\" content=\"2011-02-24T13:15:35+00:00\" \/>\n<meta property=\"og:image\" content=\"https:\/\/narteks.net\/wp-content\/uploads\/narteks.png\" \/>\n\t<meta property=\"og:image:width\" content=\"300\" \/>\n\t<meta property=\"og:image:height\" content=\"90\" \/>\n\t<meta property=\"og:image:type\" content=\"image\/png\" \/>\n<meta name=\"author\" content=\"Tar\u0131k\" \/>\n<meta name=\"twitter:card\" content=\"summary_large_image\" \/>\n<meta name=\"twitter:creator\" content=\"@narteks\" \/>\n<meta name=\"twitter:site\" content=\"@narteks\" \/>\n<meta name=\"twitter:label1\" content=\"Yazan:\" \/>\n\t<meta name=\"twitter:data1\" content=\"Tar\u0131k\" \/>\n<script type=\"application\/ld+json\" class=\"yoast-schema-graph\">{\"@context\":\"https:\/\/schema.org\",\"@graph\":[{\"@type\":\"Article\",\"@id\":\"https:\/\/narteks.net\/index.php\/2011\/02\/24\/anlatamam-derdimi-dertsiz-insana\/#article\",\"isPartOf\":{\"@id\":\"https:\/\/narteks.net\/index.php\/2011\/02\/24\/anlatamam-derdimi-dertsiz-insana\/\"},\"author\":{\"name\":\"Tar\u0131k\",\"@id\":\"https:\/\/narteks.net\/#\/schema\/person\/61f37d9834294b72d31d274e7ed79bca\"},\"headline\":\"ANLATAMAM DERD\u0130M\u0130 DERTS\u0130Z \u0130NSANA\",\"datePublished\":\"2011-02-24T13:15:35+00:00\",\"mainEntityOfPage\":{\"@id\":\"https:\/\/narteks.net\/index.php\/2011\/02\/24\/anlatamam-derdimi-dertsiz-insana\/\"},\"wordCount\":86,\"commentCount\":0,\"publisher\":{\"@id\":\"https:\/\/narteks.net\/#organization\"},\"articleSection\":[\"A\u015f\u0131k Veysel \u015eATIRO\u011eLU\"],\"inLanguage\":\"tr\",\"potentialAction\":[{\"@type\":\"CommentAction\",\"name\":\"Comment\",\"target\":[\"https:\/\/narteks.net\/index.php\/2011\/02\/24\/anlatamam-derdimi-dertsiz-insana\/#respond\"]}]},{\"@type\":\"WebPage\",\"@id\":\"https:\/\/narteks.net\/index.php\/2011\/02\/24\/anlatamam-derdimi-dertsiz-insana\/\",\"url\":\"https:\/\/narteks.net\/index.php\/2011\/02\/24\/anlatamam-derdimi-dertsiz-insana\/\",\"name\":\"ANLATAMAM DERD\u0130M\u0130 DERTS\u0130Z \u0130NSANA - narteks.net\",\"isPartOf\":{\"@id\":\"https:\/\/narteks.net\/#website\"},\"datePublished\":\"2011-02-24T13:15:35+00:00\",\"breadcrumb\":{\"@id\":\"https:\/\/narteks.net\/index.php\/2011\/02\/24\/anlatamam-derdimi-dertsiz-insana\/#breadcrumb\"},\"inLanguage\":\"tr\",\"potentialAction\":[{\"@type\":\"ReadAction\",\"target\":[\"https:\/\/narteks.net\/index.php\/2011\/02\/24\/anlatamam-derdimi-dertsiz-insana\/\"]}]},{\"@type\":\"BreadcrumbList\",\"@id\":\"https:\/\/narteks.net\/index.php\/2011\/02\/24\/anlatamam-derdimi-dertsiz-insana\/#breadcrumb\",\"itemListElement\":[{\"@type\":\"ListItem\",\"position\":1,\"name\":\"Anasayfa\",\"item\":\"https:\/\/narteks.net\/\"},{\"@type\":\"ListItem\",\"position\":2,\"name\":\"ANLATAMAM DERD\u0130M\u0130 DERTS\u0130Z \u0130NSANA\"}]},{\"@type\":\"WebSite\",\"@id\":\"https:\/\/narteks.net\/#website\",\"url\":\"https:\/\/narteks.net\/\",\"name\":\"narteks.net\",\"description\":\"K\u00fclt\u00fcr Sanat Edebiyat Felsefe\",\"publisher\":{\"@id\":\"https:\/\/narteks.net\/#organization\"},\"alternateName\":\"K\u00fclt\u00fcr Sanat Edebiyat Felsefe\",\"potentialAction\":[{\"@type\":\"SearchAction\",\"target\":{\"@type\":\"EntryPoint\",\"urlTemplate\":\"https:\/\/narteks.net\/?s={search_term_string}\"},\"query-input\":{\"@type\":\"PropertyValueSpecification\",\"valueRequired\":true,\"valueName\":\"search_term_string\"}}],\"inLanguage\":\"tr\"},{\"@type\":\"Organization\",\"@id\":\"https:\/\/narteks.net\/#organization\",\"name\":\"narteks.net\",\"url\":\"https:\/\/narteks.net\/\",\"logo\":{\"@type\":\"ImageObject\",\"inLanguage\":\"tr\",\"@id\":\"https:\/\/narteks.net\/#\/schema\/logo\/image\/\",\"url\":\"https:\/\/narteks.net\/wp-content\/uploads\/narteks.png\",\"contentUrl\":\"https:\/\/narteks.net\/wp-content\/uploads\/narteks.png\",\"width\":300,\"height\":90,\"caption\":\"narteks.net\"},\"image\":{\"@id\":\"https:\/\/narteks.net\/#\/schema\/logo\/image\/\"},\"sameAs\":[\"https:\/\/x.com\/narteks\",\"https:\/\/instagram.com\/narteksnet\"]},{\"@type\":\"Person\",\"@id\":\"https:\/\/narteks.net\/#\/schema\/person\/61f37d9834294b72d31d274e7ed79bca\",\"name\":\"Tar\u0131k\",\"image\":{\"@type\":\"ImageObject\",\"inLanguage\":\"tr\",\"@id\":\"https:\/\/narteks.net\/#\/schema\/person\/image\/\",\"url\":\"https:\/\/secure.gravatar.com\/avatar\/50865afb55632c4ae467e0af0930f6510aa2297d8014be502a55b14f3b7550cf?s=96&d=mm&r=g\",\"contentUrl\":\"https:\/\/secure.gravatar.com\/avatar\/50865afb55632c4ae467e0af0930f6510aa2297d8014be502a55b14f3b7550cf?s=96&d=mm&r=g\",\"caption\":\"Tar\u0131k\"},\"sameAs\":[\"http:\/\/narteks.net\"],\"url\":\"https:\/\/narteks.net\/index.php\/author\/narbak\/\"}]}<\/script>\n<!-- \/ Yoast SEO Premium plugin. -->","yoast_head_json":{"title":"ANLATAMAM DERD\u0130M\u0130 DERTS\u0130Z \u0130NSANA - narteks.net","robots":{"index":"index","follow":"follow","max-snippet":"max-snippet:-1","max-image-preview":"max-image-preview:large","max-video-preview":"max-video-preview:-1"},"canonical":"https:\/\/narteks.net\/index.php\/2011\/02\/24\/anlatamam-derdimi-dertsiz-insana\/","og_locale":"tr_TR","og_type":"article","og_title":"ANLATAMAM DERD\u0130M\u0130 DERTS\u0130Z \u0130NSANA","og_description":"\u00a0 Anlatamam derdimi dertsiz insanaDerd \u00e7ekmeyen dert kiymetin bilemezDerdim bana derman imis bilmedimHi\u00e7bir zaman g\u00fcl dikensiz olamaz G\u00fcl\u00fc yetistirir dikenli \u00e7aliAri her \u00e7i\u00e7ekten yapiyor baliKisi sabir ile bulur kemaliSabretmeyen maksudunu bulamaz Ah \u00e7eker asiklar aglar zarinanY\u00fcce daglar s\u00f6hret bulmus karinan\u00c7aglar deli g\u00f6n\u00fcl irmaklarinanAglar aglar g\u00f6z yaslarin silemez Veysel g\u00fcnler ge\u00e7ti yas altmis olduD\u00f6k\u00fcld\u00fc yapragim g\u00fcllerim [&hellip;]","og_url":"https:\/\/narteks.net\/index.php\/2011\/02\/24\/anlatamam-derdimi-dertsiz-insana\/","og_site_name":"narteks.net","article_published_time":"2011-02-24T13:15:35+00:00","og_image":[{"width":300,"height":90,"url":"https:\/\/narteks.net\/wp-content\/uploads\/narteks.png","type":"image\/png"}],"author":"Tar\u0131k","twitter_card":"summary_large_image","twitter_creator":"@narteks","twitter_site":"@narteks","twitter_misc":{"Yazan:":"Tar\u0131k"},"schema":{"@context":"https:\/\/schema.org","@graph":[{"@type":"Article","@id":"https:\/\/narteks.net\/index.php\/2011\/02\/24\/anlatamam-derdimi-dertsiz-insana\/#article","isPartOf":{"@id":"https:\/\/narteks.net\/index.php\/2011\/02\/24\/anlatamam-derdimi-dertsiz-insana\/"},"author":{"name":"Tar\u0131k","@id":"https:\/\/narteks.net\/#\/schema\/person\/61f37d9834294b72d31d274e7ed79bca"},"headline":"ANLATAMAM DERD\u0130M\u0130 DERTS\u0130Z \u0130NSANA","datePublished":"2011-02-24T13:15:35+00:00","mainEntityOfPage":{"@id":"https:\/\/narteks.net\/index.php\/2011\/02\/24\/anlatamam-derdimi-dertsiz-insana\/"},"wordCount":86,"commentCount":0,"publisher":{"@id":"https:\/\/narteks.net\/#organization"},"articleSection":["A\u015f\u0131k Veysel \u015eATIRO\u011eLU"],"inLanguage":"tr","potentialAction":[{"@type":"CommentAction","name":"Comment","target":["https:\/\/narteks.net\/index.php\/2011\/02\/24\/anlatamam-derdimi-dertsiz-insana\/#respond"]}]},{"@type":"WebPage","@id":"https:\/\/narteks.net\/index.php\/2011\/02\/24\/anlatamam-derdimi-dertsiz-insana\/","url":"https:\/\/narteks.net\/index.php\/2011\/02\/24\/anlatamam-derdimi-dertsiz-insana\/","name":"ANLATAMAM DERD\u0130M\u0130 DERTS\u0130Z \u0130NSANA - narteks.net","isPartOf":{"@id":"https:\/\/narteks.net\/#website"},"datePublished":"2011-02-24T13:15:35+00:00","breadcrumb":{"@id":"https:\/\/narteks.net\/index.php\/2011\/02\/24\/anlatamam-derdimi-dertsiz-insana\/#breadcrumb"},"inLanguage":"tr","potentialAction":[{"@type":"ReadAction","target":["https:\/\/narteks.net\/index.php\/2011\/02\/24\/anlatamam-derdimi-dertsiz-insana\/"]}]},{"@type":"BreadcrumbList","@id":"https:\/\/narteks.net\/index.php\/2011\/02\/24\/anlatamam-derdimi-dertsiz-insana\/#breadcrumb","itemListElement":[{"@type":"ListItem","position":1,"name":"Anasayfa","item":"https:\/\/narteks.net\/"},{"@type":"ListItem","position":2,"name":"ANLATAMAM DERD\u0130M\u0130 DERTS\u0130Z \u0130NSANA"}]},{"@type":"WebSite","@id":"https:\/\/narteks.net\/#website","url":"https:\/\/narteks.net\/","name":"narteks.net","description":"K\u00fclt\u00fcr Sanat Edebiyat Felsefe","publisher":{"@id":"https:\/\/narteks.net\/#organization"},"alternateName":"K\u00fclt\u00fcr Sanat Edebiyat Felsefe","potentialAction":[{"@type":"SearchAction","target":{"@type":"EntryPoint","urlTemplate":"https:\/\/narteks.net\/?s={search_term_string}"},"query-input":{"@type":"PropertyValueSpecification","valueRequired":true,"valueName":"search_term_string"}}],"inLanguage":"tr"},{"@type":"Organization","@id":"https:\/\/narteks.net\/#organization","name":"narteks.net","url":"https:\/\/narteks.net\/","logo":{"@type":"ImageObject","inLanguage":"tr","@id":"https:\/\/narteks.net\/#\/schema\/logo\/image\/","url":"https:\/\/narteks.net\/wp-content\/uploads\/narteks.png","contentUrl":"https:\/\/narteks.net\/wp-content\/uploads\/narteks.png","width":300,"height":90,"caption":"narteks.net"},"image":{"@id":"https:\/\/narteks.net\/#\/schema\/logo\/image\/"},"sameAs":["https:\/\/x.com\/narteks","https:\/\/instagram.com\/narteksnet"]},{"@type":"Person","@id":"https:\/\/narteks.net\/#\/schema\/person\/61f37d9834294b72d31d274e7ed79bca","name":"Tar\u0131k","image":{"@type":"ImageObject","inLanguage":"tr","@id":"https:\/\/narteks.net\/#\/schema\/person\/image\/","url":"https:\/\/secure.gravatar.com\/avatar\/50865afb55632c4ae467e0af0930f6510aa2297d8014be502a55b14f3b7550cf?s=96&d=mm&r=g","contentUrl":"https:\/\/secure.gravatar.com\/avatar\/50865afb55632c4ae467e0af0930f6510aa2297d8014be502a55b14f3b7550cf?s=96&d=mm&r=g","caption":"Tar\u0131k"},"sameAs":["http:\/\/narteks.net"],"url":"https:\/\/narteks.net\/index.php\/author\/narbak\/"}]}},"_links":{"self":[{"href":"https:\/\/narteks.net\/index.php\/wp-json\/wp\/v2\/posts\/5094","targetHints":{"allow":["GET"]}}],"collection":[{"href":"https:\/\/narteks.net\/index.php\/wp-json\/wp\/v2\/posts"}],"about":[{"href":"https:\/\/narteks.net\/index.php\/wp-json\/wp\/v2\/types\/post"}],"author":[{"embeddable":true,"href":"https:\/\/narteks.net\/index.php\/wp-json\/wp\/v2\/users\/1"}],"replies":[{"embeddable":true,"href":"https:\/\/narteks.net\/index.php\/wp-json\/wp\/v2\/comments?post=5094"}],"version-history":[{"count":0,"href":"https:\/\/narteks.net\/index.php\/wp-json\/wp\/v2\/posts\/5094\/revisions"}],"wp:attachment":[{"href":"https:\/\/narteks.net\/index.php\/wp-json\/wp\/v2\/media?parent=5094"}],"wp:term":[{"taxonomy":"category","embeddable":true,"href":"https:\/\/narteks.net\/index.php\/wp-json\/wp\/v2\/categories?post=5094"},{"taxonomy":"post_tag","embeddable":true,"href":"https:\/\/narteks.net\/index.php\/wp-json\/wp\/v2\/tags?post=5094"}],"curies":[{"name":"wp","href":"https:\/\/api.w.org\/{rel}","templated":true}]}}