{"id":5098,"date":"2011-02-24T16:18:16","date_gmt":"2011-02-24T13:18:16","guid":{"rendered":"http:\/\/localhost\/wordpress\/2011\/02\/24\/benden-selam-soylen-vefasiz-yare\/"},"modified":"2011-02-24T16:18:16","modified_gmt":"2011-02-24T13:18:16","slug":"benden-selam-soylen-vefasiz-yare","status":"publish","type":"post","link":"https:\/\/narteks.net\/index.php\/2011\/02\/24\/benden-selam-soylen-vefasiz-yare\/","title":{"rendered":"BENDEN SELAM S\u00d6YLEN VEFASIZ YARE"},"content":{"rendered":"<p>\u00a0<\/p>\n<p>Benden selam s\u00f6ylen vefasiz yare<br \/>Gurbet benim olsun sila kendine<br \/>\u00c7ekilmedik derdimizi b\u00f6l\u00fcsek<br \/>Basli ben alayim sila kendine<\/p>\n<p>D\u00f6kek derdimizi \u00f6l\u00e7ek b\u00f6l\u00fcsek<br \/>Ne el bize ne biz ele karisak<br \/>Felek bize g\u00fcl demez ki g\u00fcl\u00fcsek<br \/>Cefa benim olsun \u00e7ile kendine<\/p>\n<p>\u00c7ektigim cefalar yar senden geldi<br \/>Bana bu sitemler kar senden geldi<br \/>Basimdaki duman kar senden geldi<br \/>Ben kara baglayim ala kendine<\/p>\n<p>Evvelden hastadir yarali g\u00f6nl\u00fcm<br \/>Sevdayi mahbuba ereli g\u00f6nl\u00fcm<br \/>Askin g\u00f6mlegine gireli g\u00f6nl\u00fcm<br \/>Hicrani Veysel&#8217;den n&#8217;ola kendine<\/p>\n","protected":false},"excerpt":{"rendered":"<p>\u00a0 Benden selam s\u00f6ylen vefasiz yareGurbet benim olsun sila kendine\u00c7ekilmedik derdimizi b\u00f6l\u00fcsekBasli ben alayim sila kendine D\u00f6kek derdimizi \u00f6l\u00e7ek b\u00f6l\u00fcsekNe el bize ne biz ele karisakFelek bize g\u00fcl demez ki g\u00fcl\u00fcsekCefa benim olsun \u00e7ile kendine \u00c7ektigim cefalar yar senden geldiBana bu sitemler kar senden geldiBasimdaki duman kar senden geldiBen kara baglayim ala kendine Evvelden hastadir [&hellip;]<\/p>\n","protected":false},"author":1,"featured_media":0,"comment_status":"open","ping_status":"open","sticky":false,"template":"","format":"standard","meta":{"footnotes":""},"categories":[161],"tags":[],"class_list":{"0":"post-5098","1":"post","2":"type-post","3":"status-publish","4":"format-standard","6":"category-asik-veysel-satiroglu"},"yoast_head":"<!-- This site is optimized with the Yoast SEO Premium plugin v24.9 (Yoast SEO v24.9) - https:\/\/yoast.com\/wordpress\/plugins\/seo\/ -->\n<title>BENDEN SELAM S\u00d6YLEN VEFASIZ YARE - narteks.net<\/title>\n<meta name=\"robots\" content=\"index, follow, max-snippet:-1, max-image-preview:large, max-video-preview:-1\" \/>\n<link rel=\"canonical\" href=\"https:\/\/narteks.net\/index.php\/2011\/02\/24\/benden-selam-soylen-vefasiz-yare\/\" \/>\n<meta property=\"og:locale\" content=\"tr_TR\" \/>\n<meta property=\"og:type\" content=\"article\" \/>\n<meta property=\"og:title\" content=\"BENDEN SELAM S\u00d6YLEN VEFASIZ YARE\" \/>\n<meta property=\"og:description\" content=\"\u00a0 Benden selam s\u00f6ylen vefasiz yareGurbet benim olsun sila kendine\u00c7ekilmedik derdimizi b\u00f6l\u00fcsekBasli ben alayim sila kendine D\u00f6kek derdimizi \u00f6l\u00e7ek b\u00f6l\u00fcsekNe el bize ne biz ele karisakFelek bize g\u00fcl demez ki g\u00fcl\u00fcsekCefa benim olsun \u00e7ile kendine \u00c7ektigim cefalar yar senden geldiBana bu sitemler kar senden geldiBasimdaki duman kar senden geldiBen kara baglayim ala kendine Evvelden hastadir [&hellip;]\" \/>\n<meta property=\"og:url\" content=\"https:\/\/narteks.net\/index.php\/2011\/02\/24\/benden-selam-soylen-vefasiz-yare\/\" \/>\n<meta property=\"og:site_name\" content=\"narteks.net\" \/>\n<meta property=\"article:published_time\" content=\"2011-02-24T13:18:16+00:00\" \/>\n<meta property=\"og:image\" content=\"https:\/\/narteks.net\/wp-content\/uploads\/narteks.png\" \/>\n\t<meta property=\"og:image:width\" content=\"300\" \/>\n\t<meta property=\"og:image:height\" content=\"90\" \/>\n\t<meta property=\"og:image:type\" content=\"image\/png\" \/>\n<meta name=\"author\" content=\"Tar\u0131k\" \/>\n<meta name=\"twitter:card\" content=\"summary_large_image\" \/>\n<meta name=\"twitter:creator\" content=\"@narteks\" \/>\n<meta name=\"twitter:site\" content=\"@narteks\" \/>\n<meta name=\"twitter:label1\" content=\"Yazan:\" \/>\n\t<meta name=\"twitter:data1\" content=\"Tar\u0131k\" \/>\n<script type=\"application\/ld+json\" class=\"yoast-schema-graph\">{\"@context\":\"https:\/\/schema.org\",\"@graph\":[{\"@type\":\"Article\",\"@id\":\"https:\/\/narteks.net\/index.php\/2011\/02\/24\/benden-selam-soylen-vefasiz-yare\/#article\",\"isPartOf\":{\"@id\":\"https:\/\/narteks.net\/index.php\/2011\/02\/24\/benden-selam-soylen-vefasiz-yare\/\"},\"author\":{\"name\":\"Tar\u0131k\",\"@id\":\"https:\/\/narteks.net\/#\/schema\/person\/61f37d9834294b72d31d274e7ed79bca\"},\"headline\":\"BENDEN SELAM S\u00d6YLEN VEFASIZ YARE\",\"datePublished\":\"2011-02-24T13:18:16+00:00\",\"mainEntityOfPage\":{\"@id\":\"https:\/\/narteks.net\/index.php\/2011\/02\/24\/benden-selam-soylen-vefasiz-yare\/\"},\"wordCount\":89,\"commentCount\":0,\"publisher\":{\"@id\":\"https:\/\/narteks.net\/#organization\"},\"articleSection\":[\"A\u015f\u0131k Veysel \u015eATIRO\u011eLU\"],\"inLanguage\":\"tr\",\"potentialAction\":[{\"@type\":\"CommentAction\",\"name\":\"Comment\",\"target\":[\"https:\/\/narteks.net\/index.php\/2011\/02\/24\/benden-selam-soylen-vefasiz-yare\/#respond\"]}]},{\"@type\":\"WebPage\",\"@id\":\"https:\/\/narteks.net\/index.php\/2011\/02\/24\/benden-selam-soylen-vefasiz-yare\/\",\"url\":\"https:\/\/narteks.net\/index.php\/2011\/02\/24\/benden-selam-soylen-vefasiz-yare\/\",\"name\":\"BENDEN SELAM S\u00d6YLEN VEFASIZ YARE - narteks.net\",\"isPartOf\":{\"@id\":\"https:\/\/narteks.net\/#website\"},\"datePublished\":\"2011-02-24T13:18:16+00:00\",\"breadcrumb\":{\"@id\":\"https:\/\/narteks.net\/index.php\/2011\/02\/24\/benden-selam-soylen-vefasiz-yare\/#breadcrumb\"},\"inLanguage\":\"tr\",\"potentialAction\":[{\"@type\":\"ReadAction\",\"target\":[\"https:\/\/narteks.net\/index.php\/2011\/02\/24\/benden-selam-soylen-vefasiz-yare\/\"]}]},{\"@type\":\"BreadcrumbList\",\"@id\":\"https:\/\/narteks.net\/index.php\/2011\/02\/24\/benden-selam-soylen-vefasiz-yare\/#breadcrumb\",\"itemListElement\":[{\"@type\":\"ListItem\",\"position\":1,\"name\":\"Anasayfa\",\"item\":\"https:\/\/narteks.net\/\"},{\"@type\":\"ListItem\",\"position\":2,\"name\":\"BENDEN SELAM S\u00d6YLEN VEFASIZ YARE\"}]},{\"@type\":\"WebSite\",\"@id\":\"https:\/\/narteks.net\/#website\",\"url\":\"https:\/\/narteks.net\/\",\"name\":\"narteks.net\",\"description\":\"K\u00fclt\u00fcr Sanat Edebiyat Felsefe\",\"publisher\":{\"@id\":\"https:\/\/narteks.net\/#organization\"},\"alternateName\":\"K\u00fclt\u00fcr Sanat Edebiyat Felsefe\",\"potentialAction\":[{\"@type\":\"SearchAction\",\"target\":{\"@type\":\"EntryPoint\",\"urlTemplate\":\"https:\/\/narteks.net\/?s={search_term_string}\"},\"query-input\":{\"@type\":\"PropertyValueSpecification\",\"valueRequired\":true,\"valueName\":\"search_term_string\"}}],\"inLanguage\":\"tr\"},{\"@type\":\"Organization\",\"@id\":\"https:\/\/narteks.net\/#organization\",\"name\":\"narteks.net\",\"url\":\"https:\/\/narteks.net\/\",\"logo\":{\"@type\":\"ImageObject\",\"inLanguage\":\"tr\",\"@id\":\"https:\/\/narteks.net\/#\/schema\/logo\/image\/\",\"url\":\"https:\/\/narteks.net\/wp-content\/uploads\/narteks.png\",\"contentUrl\":\"https:\/\/narteks.net\/wp-content\/uploads\/narteks.png\",\"width\":300,\"height\":90,\"caption\":\"narteks.net\"},\"image\":{\"@id\":\"https:\/\/narteks.net\/#\/schema\/logo\/image\/\"},\"sameAs\":[\"https:\/\/x.com\/narteks\",\"https:\/\/instagram.com\/narteksnet\"]},{\"@type\":\"Person\",\"@id\":\"https:\/\/narteks.net\/#\/schema\/person\/61f37d9834294b72d31d274e7ed79bca\",\"name\":\"Tar\u0131k\",\"image\":{\"@type\":\"ImageObject\",\"inLanguage\":\"tr\",\"@id\":\"https:\/\/narteks.net\/#\/schema\/person\/image\/\",\"url\":\"https:\/\/secure.gravatar.com\/avatar\/50865afb55632c4ae467e0af0930f6510aa2297d8014be502a55b14f3b7550cf?s=96&d=mm&r=g\",\"contentUrl\":\"https:\/\/secure.gravatar.com\/avatar\/50865afb55632c4ae467e0af0930f6510aa2297d8014be502a55b14f3b7550cf?s=96&d=mm&r=g\",\"caption\":\"Tar\u0131k\"},\"sameAs\":[\"http:\/\/narteks.net\"],\"url\":\"https:\/\/narteks.net\/index.php\/author\/narbak\/\"}]}<\/script>\n<!-- \/ Yoast SEO Premium plugin. -->","yoast_head_json":{"title":"BENDEN SELAM S\u00d6YLEN VEFASIZ YARE - narteks.net","robots":{"index":"index","follow":"follow","max-snippet":"max-snippet:-1","max-image-preview":"max-image-preview:large","max-video-preview":"max-video-preview:-1"},"canonical":"https:\/\/narteks.net\/index.php\/2011\/02\/24\/benden-selam-soylen-vefasiz-yare\/","og_locale":"tr_TR","og_type":"article","og_title":"BENDEN SELAM S\u00d6YLEN VEFASIZ YARE","og_description":"\u00a0 Benden selam s\u00f6ylen vefasiz yareGurbet benim olsun sila kendine\u00c7ekilmedik derdimizi b\u00f6l\u00fcsekBasli ben alayim sila kendine D\u00f6kek derdimizi \u00f6l\u00e7ek b\u00f6l\u00fcsekNe el bize ne biz ele karisakFelek bize g\u00fcl demez ki g\u00fcl\u00fcsekCefa benim olsun \u00e7ile kendine \u00c7ektigim cefalar yar senden geldiBana bu sitemler kar senden geldiBasimdaki duman kar senden geldiBen kara baglayim ala kendine Evvelden hastadir [&hellip;]","og_url":"https:\/\/narteks.net\/index.php\/2011\/02\/24\/benden-selam-soylen-vefasiz-yare\/","og_site_name":"narteks.net","article_published_time":"2011-02-24T13:18:16+00:00","og_image":[{"width":300,"height":90,"url":"https:\/\/narteks.net\/wp-content\/uploads\/narteks.png","type":"image\/png"}],"author":"Tar\u0131k","twitter_card":"summary_large_image","twitter_creator":"@narteks","twitter_site":"@narteks","twitter_misc":{"Yazan:":"Tar\u0131k"},"schema":{"@context":"https:\/\/schema.org","@graph":[{"@type":"Article","@id":"https:\/\/narteks.net\/index.php\/2011\/02\/24\/benden-selam-soylen-vefasiz-yare\/#article","isPartOf":{"@id":"https:\/\/narteks.net\/index.php\/2011\/02\/24\/benden-selam-soylen-vefasiz-yare\/"},"author":{"name":"Tar\u0131k","@id":"https:\/\/narteks.net\/#\/schema\/person\/61f37d9834294b72d31d274e7ed79bca"},"headline":"BENDEN SELAM S\u00d6YLEN VEFASIZ YARE","datePublished":"2011-02-24T13:18:16+00:00","mainEntityOfPage":{"@id":"https:\/\/narteks.net\/index.php\/2011\/02\/24\/benden-selam-soylen-vefasiz-yare\/"},"wordCount":89,"commentCount":0,"publisher":{"@id":"https:\/\/narteks.net\/#organization"},"articleSection":["A\u015f\u0131k Veysel \u015eATIRO\u011eLU"],"inLanguage":"tr","potentialAction":[{"@type":"CommentAction","name":"Comment","target":["https:\/\/narteks.net\/index.php\/2011\/02\/24\/benden-selam-soylen-vefasiz-yare\/#respond"]}]},{"@type":"WebPage","@id":"https:\/\/narteks.net\/index.php\/2011\/02\/24\/benden-selam-soylen-vefasiz-yare\/","url":"https:\/\/narteks.net\/index.php\/2011\/02\/24\/benden-selam-soylen-vefasiz-yare\/","name":"BENDEN SELAM S\u00d6YLEN VEFASIZ YARE - narteks.net","isPartOf":{"@id":"https:\/\/narteks.net\/#website"},"datePublished":"2011-02-24T13:18:16+00:00","breadcrumb":{"@id":"https:\/\/narteks.net\/index.php\/2011\/02\/24\/benden-selam-soylen-vefasiz-yare\/#breadcrumb"},"inLanguage":"tr","potentialAction":[{"@type":"ReadAction","target":["https:\/\/narteks.net\/index.php\/2011\/02\/24\/benden-selam-soylen-vefasiz-yare\/"]}]},{"@type":"BreadcrumbList","@id":"https:\/\/narteks.net\/index.php\/2011\/02\/24\/benden-selam-soylen-vefasiz-yare\/#breadcrumb","itemListElement":[{"@type":"ListItem","position":1,"name":"Anasayfa","item":"https:\/\/narteks.net\/"},{"@type":"ListItem","position":2,"name":"BENDEN SELAM S\u00d6YLEN VEFASIZ YARE"}]},{"@type":"WebSite","@id":"https:\/\/narteks.net\/#website","url":"https:\/\/narteks.net\/","name":"narteks.net","description":"K\u00fclt\u00fcr Sanat Edebiyat Felsefe","publisher":{"@id":"https:\/\/narteks.net\/#organization"},"alternateName":"K\u00fclt\u00fcr Sanat Edebiyat Felsefe","potentialAction":[{"@type":"SearchAction","target":{"@type":"EntryPoint","urlTemplate":"https:\/\/narteks.net\/?s={search_term_string}"},"query-input":{"@type":"PropertyValueSpecification","valueRequired":true,"valueName":"search_term_string"}}],"inLanguage":"tr"},{"@type":"Organization","@id":"https:\/\/narteks.net\/#organization","name":"narteks.net","url":"https:\/\/narteks.net\/","logo":{"@type":"ImageObject","inLanguage":"tr","@id":"https:\/\/narteks.net\/#\/schema\/logo\/image\/","url":"https:\/\/narteks.net\/wp-content\/uploads\/narteks.png","contentUrl":"https:\/\/narteks.net\/wp-content\/uploads\/narteks.png","width":300,"height":90,"caption":"narteks.net"},"image":{"@id":"https:\/\/narteks.net\/#\/schema\/logo\/image\/"},"sameAs":["https:\/\/x.com\/narteks","https:\/\/instagram.com\/narteksnet"]},{"@type":"Person","@id":"https:\/\/narteks.net\/#\/schema\/person\/61f37d9834294b72d31d274e7ed79bca","name":"Tar\u0131k","image":{"@type":"ImageObject","inLanguage":"tr","@id":"https:\/\/narteks.net\/#\/schema\/person\/image\/","url":"https:\/\/secure.gravatar.com\/avatar\/50865afb55632c4ae467e0af0930f6510aa2297d8014be502a55b14f3b7550cf?s=96&d=mm&r=g","contentUrl":"https:\/\/secure.gravatar.com\/avatar\/50865afb55632c4ae467e0af0930f6510aa2297d8014be502a55b14f3b7550cf?s=96&d=mm&r=g","caption":"Tar\u0131k"},"sameAs":["http:\/\/narteks.net"],"url":"https:\/\/narteks.net\/index.php\/author\/narbak\/"}]}},"_links":{"self":[{"href":"https:\/\/narteks.net\/index.php\/wp-json\/wp\/v2\/posts\/5098","targetHints":{"allow":["GET"]}}],"collection":[{"href":"https:\/\/narteks.net\/index.php\/wp-json\/wp\/v2\/posts"}],"about":[{"href":"https:\/\/narteks.net\/index.php\/wp-json\/wp\/v2\/types\/post"}],"author":[{"embeddable":true,"href":"https:\/\/narteks.net\/index.php\/wp-json\/wp\/v2\/users\/1"}],"replies":[{"embeddable":true,"href":"https:\/\/narteks.net\/index.php\/wp-json\/wp\/v2\/comments?post=5098"}],"version-history":[{"count":0,"href":"https:\/\/narteks.net\/index.php\/wp-json\/wp\/v2\/posts\/5098\/revisions"}],"wp:attachment":[{"href":"https:\/\/narteks.net\/index.php\/wp-json\/wp\/v2\/media?parent=5098"}],"wp:term":[{"taxonomy":"category","embeddable":true,"href":"https:\/\/narteks.net\/index.php\/wp-json\/wp\/v2\/categories?post=5098"},{"taxonomy":"post_tag","embeddable":true,"href":"https:\/\/narteks.net\/index.php\/wp-json\/wp\/v2\/tags?post=5098"}],"curies":[{"name":"wp","href":"https:\/\/api.w.org\/{rel}","templated":true}]}}