{"id":5101,"date":"2011-02-24T16:20:05","date_gmt":"2011-02-24T13:20:05","guid":{"rendered":"http:\/\/localhost\/wordpress\/2011\/02\/24\/bilmem-hayal-miydi-yoksa-dus-muydu\/"},"modified":"2011-02-24T16:20:05","modified_gmt":"2011-02-24T13:20:05","slug":"bilmem-hayal-miydi-yoksa-dus-muydu","status":"publish","type":"post","link":"https:\/\/narteks.net\/index.php\/2011\/02\/24\/bilmem-hayal-miydi-yoksa-dus-muydu\/","title":{"rendered":"B\u0130LMEM HAYAL M\u0130YD\u0130 YOKSA D\u00dc\u015e M\u00dcYD\u00dc"},"content":{"rendered":"<p>\u00a0<\/p>\n<p>Bilmem hayal miydi yoksa d\u00fcs m\u00fcyd\u00fc<br \/>G\u00f6n\u00fcl arzusunu buldu bu gece<br \/>Yalin kili\u00e7 miydi bir ates miydi<br \/>I\u00e7erim k\u00f6z ile doldu bu gece<\/p>\n<p>Bilemedim gece ile g\u00fcnd\u00fcz\u00fc<br \/>Se\u00e7emedim g\u00fcnes ile yildizi<br \/>Mestane g\u00f6zleri mestetti bizi<br \/>Aklimi basimdan aldi bu gece<\/p>\n<p>Mah y\u00fcz\u00fcne bakma ile doyulmaz<br \/>Sira sira benleri var sayilmaz<br \/>Ask meyinden i\u00e7en asik ayilmaz<br \/>Bilemedim bana noldu bu gece?<\/p>\n<p>Durmaz yanar ger\u00e7eklerin \u00e7eragi?<br \/>Yakin olur ehl-i askin iragi<br \/>G\u00f6lk\u00f6y oldu VEYSEL\\&#8217;lerin duragi<br \/>Hayali karsima geldi bu gece<\/p>\n","protected":false},"excerpt":{"rendered":"<p>\u00a0 Bilmem hayal miydi yoksa d\u00fcs m\u00fcyd\u00fcG\u00f6n\u00fcl arzusunu buldu bu geceYalin kili\u00e7 miydi bir ates miydiI\u00e7erim k\u00f6z ile doldu bu gece Bilemedim gece ile g\u00fcnd\u00fcz\u00fcSe\u00e7emedim g\u00fcnes ile yildiziMestane g\u00f6zleri mestetti biziAklimi basimdan aldi bu gece Mah y\u00fcz\u00fcne bakma ile doyulmazSira sira benleri var sayilmazAsk meyinden i\u00e7en asik ayilmazBilemedim bana noldu bu gece? Durmaz yanar ger\u00e7eklerin [&hellip;]<\/p>\n","protected":false},"author":1,"featured_media":0,"comment_status":"open","ping_status":"open","sticky":false,"template":"","format":"standard","meta":{"footnotes":""},"categories":[161],"tags":[],"class_list":{"0":"post-5101","1":"post","2":"type-post","3":"status-publish","4":"format-standard","6":"category-asik-veysel-satiroglu"},"yoast_head":"<!-- This site is optimized with the Yoast SEO Premium plugin v24.9 (Yoast SEO v24.9) - https:\/\/yoast.com\/wordpress\/plugins\/seo\/ -->\n<title>B\u0130LMEM HAYAL M\u0130YD\u0130 YOKSA D\u00dc\u015e M\u00dcYD\u00dc - narteks.net<\/title>\n<meta name=\"robots\" content=\"index, follow, max-snippet:-1, max-image-preview:large, max-video-preview:-1\" \/>\n<link rel=\"canonical\" href=\"https:\/\/narteks.net\/index.php\/2011\/02\/24\/bilmem-hayal-miydi-yoksa-dus-muydu\/\" \/>\n<meta property=\"og:locale\" content=\"tr_TR\" \/>\n<meta property=\"og:type\" content=\"article\" \/>\n<meta property=\"og:title\" content=\"B\u0130LMEM HAYAL M\u0130YD\u0130 YOKSA D\u00dc\u015e M\u00dcYD\u00dc\" \/>\n<meta property=\"og:description\" content=\"\u00a0 Bilmem hayal miydi yoksa d\u00fcs m\u00fcyd\u00fcG\u00f6n\u00fcl arzusunu buldu bu geceYalin kili\u00e7 miydi bir ates miydiI\u00e7erim k\u00f6z ile doldu bu gece Bilemedim gece ile g\u00fcnd\u00fcz\u00fcSe\u00e7emedim g\u00fcnes ile yildiziMestane g\u00f6zleri mestetti biziAklimi basimdan aldi bu gece Mah y\u00fcz\u00fcne bakma ile doyulmazSira sira benleri var sayilmazAsk meyinden i\u00e7en asik ayilmazBilemedim bana noldu bu gece? Durmaz yanar ger\u00e7eklerin [&hellip;]\" \/>\n<meta property=\"og:url\" content=\"https:\/\/narteks.net\/index.php\/2011\/02\/24\/bilmem-hayal-miydi-yoksa-dus-muydu\/\" \/>\n<meta property=\"og:site_name\" content=\"narteks.net\" \/>\n<meta property=\"article:published_time\" content=\"2011-02-24T13:20:05+00:00\" \/>\n<meta property=\"og:image\" content=\"https:\/\/narteks.net\/wp-content\/uploads\/narteks.png\" \/>\n\t<meta property=\"og:image:width\" content=\"300\" \/>\n\t<meta property=\"og:image:height\" content=\"90\" \/>\n\t<meta property=\"og:image:type\" content=\"image\/png\" \/>\n<meta name=\"author\" content=\"Tar\u0131k\" \/>\n<meta name=\"twitter:card\" content=\"summary_large_image\" \/>\n<meta name=\"twitter:creator\" content=\"@narteks\" \/>\n<meta name=\"twitter:site\" content=\"@narteks\" \/>\n<meta name=\"twitter:label1\" content=\"Yazan:\" \/>\n\t<meta name=\"twitter:data1\" content=\"Tar\u0131k\" \/>\n<script type=\"application\/ld+json\" class=\"yoast-schema-graph\">{\"@context\":\"https:\/\/schema.org\",\"@graph\":[{\"@type\":\"Article\",\"@id\":\"https:\/\/narteks.net\/index.php\/2011\/02\/24\/bilmem-hayal-miydi-yoksa-dus-muydu\/#article\",\"isPartOf\":{\"@id\":\"https:\/\/narteks.net\/index.php\/2011\/02\/24\/bilmem-hayal-miydi-yoksa-dus-muydu\/\"},\"author\":{\"name\":\"Tar\u0131k\",\"@id\":\"https:\/\/narteks.net\/#\/schema\/person\/61f37d9834294b72d31d274e7ed79bca\"},\"headline\":\"B\u0130LMEM HAYAL M\u0130YD\u0130 YOKSA D\u00dc\u015e M\u00dcYD\u00dc\",\"datePublished\":\"2011-02-24T13:20:05+00:00\",\"mainEntityOfPage\":{\"@id\":\"https:\/\/narteks.net\/index.php\/2011\/02\/24\/bilmem-hayal-miydi-yoksa-dus-muydu\/\"},\"wordCount\":96,\"commentCount\":0,\"publisher\":{\"@id\":\"https:\/\/narteks.net\/#organization\"},\"articleSection\":[\"A\u015f\u0131k Veysel \u015eATIRO\u011eLU\"],\"inLanguage\":\"tr\",\"potentialAction\":[{\"@type\":\"CommentAction\",\"name\":\"Comment\",\"target\":[\"https:\/\/narteks.net\/index.php\/2011\/02\/24\/bilmem-hayal-miydi-yoksa-dus-muydu\/#respond\"]}]},{\"@type\":\"WebPage\",\"@id\":\"https:\/\/narteks.net\/index.php\/2011\/02\/24\/bilmem-hayal-miydi-yoksa-dus-muydu\/\",\"url\":\"https:\/\/narteks.net\/index.php\/2011\/02\/24\/bilmem-hayal-miydi-yoksa-dus-muydu\/\",\"name\":\"B\u0130LMEM HAYAL M\u0130YD\u0130 YOKSA D\u00dc\u015e M\u00dcYD\u00dc - narteks.net\",\"isPartOf\":{\"@id\":\"https:\/\/narteks.net\/#website\"},\"datePublished\":\"2011-02-24T13:20:05+00:00\",\"breadcrumb\":{\"@id\":\"https:\/\/narteks.net\/index.php\/2011\/02\/24\/bilmem-hayal-miydi-yoksa-dus-muydu\/#breadcrumb\"},\"inLanguage\":\"tr\",\"potentialAction\":[{\"@type\":\"ReadAction\",\"target\":[\"https:\/\/narteks.net\/index.php\/2011\/02\/24\/bilmem-hayal-miydi-yoksa-dus-muydu\/\"]}]},{\"@type\":\"BreadcrumbList\",\"@id\":\"https:\/\/narteks.net\/index.php\/2011\/02\/24\/bilmem-hayal-miydi-yoksa-dus-muydu\/#breadcrumb\",\"itemListElement\":[{\"@type\":\"ListItem\",\"position\":1,\"name\":\"Anasayfa\",\"item\":\"https:\/\/narteks.net\/\"},{\"@type\":\"ListItem\",\"position\":2,\"name\":\"B\u0130LMEM HAYAL M\u0130YD\u0130 YOKSA D\u00dc\u015e M\u00dcYD\u00dc\"}]},{\"@type\":\"WebSite\",\"@id\":\"https:\/\/narteks.net\/#website\",\"url\":\"https:\/\/narteks.net\/\",\"name\":\"narteks.net\",\"description\":\"K\u00fclt\u00fcr Sanat Edebiyat Felsefe\",\"publisher\":{\"@id\":\"https:\/\/narteks.net\/#organization\"},\"alternateName\":\"K\u00fclt\u00fcr Sanat Edebiyat Felsefe\",\"potentialAction\":[{\"@type\":\"SearchAction\",\"target\":{\"@type\":\"EntryPoint\",\"urlTemplate\":\"https:\/\/narteks.net\/?s={search_term_string}\"},\"query-input\":{\"@type\":\"PropertyValueSpecification\",\"valueRequired\":true,\"valueName\":\"search_term_string\"}}],\"inLanguage\":\"tr\"},{\"@type\":\"Organization\",\"@id\":\"https:\/\/narteks.net\/#organization\",\"name\":\"narteks.net\",\"url\":\"https:\/\/narteks.net\/\",\"logo\":{\"@type\":\"ImageObject\",\"inLanguage\":\"tr\",\"@id\":\"https:\/\/narteks.net\/#\/schema\/logo\/image\/\",\"url\":\"https:\/\/narteks.net\/wp-content\/uploads\/narteks.png\",\"contentUrl\":\"https:\/\/narteks.net\/wp-content\/uploads\/narteks.png\",\"width\":300,\"height\":90,\"caption\":\"narteks.net\"},\"image\":{\"@id\":\"https:\/\/narteks.net\/#\/schema\/logo\/image\/\"},\"sameAs\":[\"https:\/\/x.com\/narteks\",\"https:\/\/instagram.com\/narteksnet\"]},{\"@type\":\"Person\",\"@id\":\"https:\/\/narteks.net\/#\/schema\/person\/61f37d9834294b72d31d274e7ed79bca\",\"name\":\"Tar\u0131k\",\"image\":{\"@type\":\"ImageObject\",\"inLanguage\":\"tr\",\"@id\":\"https:\/\/narteks.net\/#\/schema\/person\/image\/\",\"url\":\"https:\/\/secure.gravatar.com\/avatar\/50865afb55632c4ae467e0af0930f6510aa2297d8014be502a55b14f3b7550cf?s=96&d=mm&r=g\",\"contentUrl\":\"https:\/\/secure.gravatar.com\/avatar\/50865afb55632c4ae467e0af0930f6510aa2297d8014be502a55b14f3b7550cf?s=96&d=mm&r=g\",\"caption\":\"Tar\u0131k\"},\"sameAs\":[\"http:\/\/narteks.net\"],\"url\":\"https:\/\/narteks.net\/index.php\/author\/narbak\/\"}]}<\/script>\n<!-- \/ Yoast SEO Premium plugin. -->","yoast_head_json":{"title":"B\u0130LMEM HAYAL M\u0130YD\u0130 YOKSA D\u00dc\u015e M\u00dcYD\u00dc - narteks.net","robots":{"index":"index","follow":"follow","max-snippet":"max-snippet:-1","max-image-preview":"max-image-preview:large","max-video-preview":"max-video-preview:-1"},"canonical":"https:\/\/narteks.net\/index.php\/2011\/02\/24\/bilmem-hayal-miydi-yoksa-dus-muydu\/","og_locale":"tr_TR","og_type":"article","og_title":"B\u0130LMEM HAYAL M\u0130YD\u0130 YOKSA D\u00dc\u015e M\u00dcYD\u00dc","og_description":"\u00a0 Bilmem hayal miydi yoksa d\u00fcs m\u00fcyd\u00fcG\u00f6n\u00fcl arzusunu buldu bu geceYalin kili\u00e7 miydi bir ates miydiI\u00e7erim k\u00f6z ile doldu bu gece Bilemedim gece ile g\u00fcnd\u00fcz\u00fcSe\u00e7emedim g\u00fcnes ile yildiziMestane g\u00f6zleri mestetti biziAklimi basimdan aldi bu gece Mah y\u00fcz\u00fcne bakma ile doyulmazSira sira benleri var sayilmazAsk meyinden i\u00e7en asik ayilmazBilemedim bana noldu bu gece? Durmaz yanar ger\u00e7eklerin [&hellip;]","og_url":"https:\/\/narteks.net\/index.php\/2011\/02\/24\/bilmem-hayal-miydi-yoksa-dus-muydu\/","og_site_name":"narteks.net","article_published_time":"2011-02-24T13:20:05+00:00","og_image":[{"width":300,"height":90,"url":"https:\/\/narteks.net\/wp-content\/uploads\/narteks.png","type":"image\/png"}],"author":"Tar\u0131k","twitter_card":"summary_large_image","twitter_creator":"@narteks","twitter_site":"@narteks","twitter_misc":{"Yazan:":"Tar\u0131k"},"schema":{"@context":"https:\/\/schema.org","@graph":[{"@type":"Article","@id":"https:\/\/narteks.net\/index.php\/2011\/02\/24\/bilmem-hayal-miydi-yoksa-dus-muydu\/#article","isPartOf":{"@id":"https:\/\/narteks.net\/index.php\/2011\/02\/24\/bilmem-hayal-miydi-yoksa-dus-muydu\/"},"author":{"name":"Tar\u0131k","@id":"https:\/\/narteks.net\/#\/schema\/person\/61f37d9834294b72d31d274e7ed79bca"},"headline":"B\u0130LMEM HAYAL M\u0130YD\u0130 YOKSA D\u00dc\u015e M\u00dcYD\u00dc","datePublished":"2011-02-24T13:20:05+00:00","mainEntityOfPage":{"@id":"https:\/\/narteks.net\/index.php\/2011\/02\/24\/bilmem-hayal-miydi-yoksa-dus-muydu\/"},"wordCount":96,"commentCount":0,"publisher":{"@id":"https:\/\/narteks.net\/#organization"},"articleSection":["A\u015f\u0131k Veysel \u015eATIRO\u011eLU"],"inLanguage":"tr","potentialAction":[{"@type":"CommentAction","name":"Comment","target":["https:\/\/narteks.net\/index.php\/2011\/02\/24\/bilmem-hayal-miydi-yoksa-dus-muydu\/#respond"]}]},{"@type":"WebPage","@id":"https:\/\/narteks.net\/index.php\/2011\/02\/24\/bilmem-hayal-miydi-yoksa-dus-muydu\/","url":"https:\/\/narteks.net\/index.php\/2011\/02\/24\/bilmem-hayal-miydi-yoksa-dus-muydu\/","name":"B\u0130LMEM HAYAL M\u0130YD\u0130 YOKSA D\u00dc\u015e M\u00dcYD\u00dc - narteks.net","isPartOf":{"@id":"https:\/\/narteks.net\/#website"},"datePublished":"2011-02-24T13:20:05+00:00","breadcrumb":{"@id":"https:\/\/narteks.net\/index.php\/2011\/02\/24\/bilmem-hayal-miydi-yoksa-dus-muydu\/#breadcrumb"},"inLanguage":"tr","potentialAction":[{"@type":"ReadAction","target":["https:\/\/narteks.net\/index.php\/2011\/02\/24\/bilmem-hayal-miydi-yoksa-dus-muydu\/"]}]},{"@type":"BreadcrumbList","@id":"https:\/\/narteks.net\/index.php\/2011\/02\/24\/bilmem-hayal-miydi-yoksa-dus-muydu\/#breadcrumb","itemListElement":[{"@type":"ListItem","position":1,"name":"Anasayfa","item":"https:\/\/narteks.net\/"},{"@type":"ListItem","position":2,"name":"B\u0130LMEM HAYAL M\u0130YD\u0130 YOKSA D\u00dc\u015e M\u00dcYD\u00dc"}]},{"@type":"WebSite","@id":"https:\/\/narteks.net\/#website","url":"https:\/\/narteks.net\/","name":"narteks.net","description":"K\u00fclt\u00fcr Sanat Edebiyat Felsefe","publisher":{"@id":"https:\/\/narteks.net\/#organization"},"alternateName":"K\u00fclt\u00fcr Sanat Edebiyat Felsefe","potentialAction":[{"@type":"SearchAction","target":{"@type":"EntryPoint","urlTemplate":"https:\/\/narteks.net\/?s={search_term_string}"},"query-input":{"@type":"PropertyValueSpecification","valueRequired":true,"valueName":"search_term_string"}}],"inLanguage":"tr"},{"@type":"Organization","@id":"https:\/\/narteks.net\/#organization","name":"narteks.net","url":"https:\/\/narteks.net\/","logo":{"@type":"ImageObject","inLanguage":"tr","@id":"https:\/\/narteks.net\/#\/schema\/logo\/image\/","url":"https:\/\/narteks.net\/wp-content\/uploads\/narteks.png","contentUrl":"https:\/\/narteks.net\/wp-content\/uploads\/narteks.png","width":300,"height":90,"caption":"narteks.net"},"image":{"@id":"https:\/\/narteks.net\/#\/schema\/logo\/image\/"},"sameAs":["https:\/\/x.com\/narteks","https:\/\/instagram.com\/narteksnet"]},{"@type":"Person","@id":"https:\/\/narteks.net\/#\/schema\/person\/61f37d9834294b72d31d274e7ed79bca","name":"Tar\u0131k","image":{"@type":"ImageObject","inLanguage":"tr","@id":"https:\/\/narteks.net\/#\/schema\/person\/image\/","url":"https:\/\/secure.gravatar.com\/avatar\/50865afb55632c4ae467e0af0930f6510aa2297d8014be502a55b14f3b7550cf?s=96&d=mm&r=g","contentUrl":"https:\/\/secure.gravatar.com\/avatar\/50865afb55632c4ae467e0af0930f6510aa2297d8014be502a55b14f3b7550cf?s=96&d=mm&r=g","caption":"Tar\u0131k"},"sameAs":["http:\/\/narteks.net"],"url":"https:\/\/narteks.net\/index.php\/author\/narbak\/"}]}},"_links":{"self":[{"href":"https:\/\/narteks.net\/index.php\/wp-json\/wp\/v2\/posts\/5101","targetHints":{"allow":["GET"]}}],"collection":[{"href":"https:\/\/narteks.net\/index.php\/wp-json\/wp\/v2\/posts"}],"about":[{"href":"https:\/\/narteks.net\/index.php\/wp-json\/wp\/v2\/types\/post"}],"author":[{"embeddable":true,"href":"https:\/\/narteks.net\/index.php\/wp-json\/wp\/v2\/users\/1"}],"replies":[{"embeddable":true,"href":"https:\/\/narteks.net\/index.php\/wp-json\/wp\/v2\/comments?post=5101"}],"version-history":[{"count":0,"href":"https:\/\/narteks.net\/index.php\/wp-json\/wp\/v2\/posts\/5101\/revisions"}],"wp:attachment":[{"href":"https:\/\/narteks.net\/index.php\/wp-json\/wp\/v2\/media?parent=5101"}],"wp:term":[{"taxonomy":"category","embeddable":true,"href":"https:\/\/narteks.net\/index.php\/wp-json\/wp\/v2\/categories?post=5101"},{"taxonomy":"post_tag","embeddable":true,"href":"https:\/\/narteks.net\/index.php\/wp-json\/wp\/v2\/tags?post=5101"}],"curies":[{"name":"wp","href":"https:\/\/api.w.org\/{rel}","templated":true}]}}