{"id":5103,"date":"2011-02-24T16:21:47","date_gmt":"2011-02-24T13:21:47","guid":{"rendered":"http:\/\/localhost\/wordpress\/2011\/02\/24\/bir-kucuk-dunyam-var-icimde-benim\/"},"modified":"2011-02-24T16:21:47","modified_gmt":"2011-02-24T13:21:47","slug":"bir-kucuk-dunyam-var-icimde-benim","status":"publish","type":"post","link":"https:\/\/narteks.net\/index.php\/2011\/02\/24\/bir-kucuk-dunyam-var-icimde-benim\/","title":{"rendered":"B\u0130R K\u00dc\u00c7\u00dcK D\u00dcNYAM VAR \u0130\u00c7\u0130MDE BEN\u0130M"},"content":{"rendered":"<p>\u00a0<\/p>\n<p>Bir k\u00fc\u00e7\u00fck d\u00fcnyam var i\u00e7imde benim<br \/>Mihnetim ziynetim bana kafidir<br \/>G\u00f6renler dar g\u00f6r\u00fcr genistir bana<br \/>Sohbetim \u00fclfetim bana kafidir<\/p>\n<p>Istemem d\u00fcnyanin saltanatini<br \/>S\u00fcsl\u00fc giyimini Arap atini<br \/>Bilirsem T\u00fcrkl\u00fcg\u00fcm var kiymetini<br \/>Vatanim milletim bana kafidir<\/p>\n<p>Isterdim hayatta d\u00fcsmanla savas<br \/>Milletime kurban olaydi bu bas<br \/>Nasip degil imis sehitlik kardas<br \/>Imanim niyetim bana kafidir<\/p>\n<p>D\u00fcnya genis olsun ister dar olsun<br \/>Yeter ki kalbimde iman var olsun<br \/>Her zaman milletim bahtiyar olsun<br \/>R\u00fctbemle mesnedim bana kafidir<\/p>\n<p>I\u00e7imde beslerim bir b\u00fcy\u00fck ordu<br \/>\u00c7ignesin d\u00fcsmani y\u00fckseltsin yurdu<br \/>Azmi zihniyeti Veysel&#8217;in derdi<br \/>Iste bu niyetim bana kafidir<\/p>\n","protected":false},"excerpt":{"rendered":"<p>\u00a0 Bir k\u00fc\u00e7\u00fck d\u00fcnyam var i\u00e7imde benimMihnetim ziynetim bana kafidirG\u00f6renler dar g\u00f6r\u00fcr genistir banaSohbetim \u00fclfetim bana kafidir Istemem d\u00fcnyanin saltanatiniS\u00fcsl\u00fc giyimini Arap atiniBilirsem T\u00fcrkl\u00fcg\u00fcm var kiymetiniVatanim milletim bana kafidir Isterdim hayatta d\u00fcsmanla savasMilletime kurban olaydi bu basNasip degil imis sehitlik kardasImanim niyetim bana kafidir D\u00fcnya genis olsun ister dar olsunYeter ki kalbimde iman var olsunHer [&hellip;]<\/p>\n","protected":false},"author":1,"featured_media":0,"comment_status":"open","ping_status":"open","sticky":false,"template":"","format":"standard","meta":{"footnotes":""},"categories":[161],"tags":[],"class_list":{"0":"post-5103","1":"post","2":"type-post","3":"status-publish","4":"format-standard","6":"category-asik-veysel-satiroglu"},"yoast_head":"<!-- This site is optimized with the Yoast SEO Premium plugin v24.9 (Yoast SEO v24.9) - https:\/\/yoast.com\/wordpress\/plugins\/seo\/ -->\n<title>B\u0130R K\u00dc\u00c7\u00dcK D\u00dcNYAM VAR \u0130\u00c7\u0130MDE BEN\u0130M - narteks.net<\/title>\n<meta name=\"robots\" content=\"index, follow, max-snippet:-1, max-image-preview:large, max-video-preview:-1\" \/>\n<link rel=\"canonical\" href=\"https:\/\/narteks.net\/index.php\/2011\/02\/24\/bir-kucuk-dunyam-var-icimde-benim\/\" \/>\n<meta property=\"og:locale\" content=\"tr_TR\" \/>\n<meta property=\"og:type\" content=\"article\" \/>\n<meta property=\"og:title\" content=\"B\u0130R K\u00dc\u00c7\u00dcK D\u00dcNYAM VAR \u0130\u00c7\u0130MDE BEN\u0130M\" \/>\n<meta property=\"og:description\" content=\"\u00a0 Bir k\u00fc\u00e7\u00fck d\u00fcnyam var i\u00e7imde benimMihnetim ziynetim bana kafidirG\u00f6renler dar g\u00f6r\u00fcr genistir banaSohbetim \u00fclfetim bana kafidir Istemem d\u00fcnyanin saltanatiniS\u00fcsl\u00fc giyimini Arap atiniBilirsem T\u00fcrkl\u00fcg\u00fcm var kiymetiniVatanim milletim bana kafidir Isterdim hayatta d\u00fcsmanla savasMilletime kurban olaydi bu basNasip degil imis sehitlik kardasImanim niyetim bana kafidir D\u00fcnya genis olsun ister dar olsunYeter ki kalbimde iman var olsunHer [&hellip;]\" \/>\n<meta property=\"og:url\" content=\"https:\/\/narteks.net\/index.php\/2011\/02\/24\/bir-kucuk-dunyam-var-icimde-benim\/\" \/>\n<meta property=\"og:site_name\" content=\"narteks.net\" \/>\n<meta property=\"article:published_time\" content=\"2011-02-24T13:21:47+00:00\" \/>\n<meta property=\"og:image\" content=\"https:\/\/narteks.net\/wp-content\/uploads\/narteks.png\" \/>\n\t<meta property=\"og:image:width\" content=\"300\" \/>\n\t<meta property=\"og:image:height\" content=\"90\" \/>\n\t<meta property=\"og:image:type\" content=\"image\/png\" \/>\n<meta name=\"author\" content=\"Tar\u0131k\" \/>\n<meta name=\"twitter:card\" content=\"summary_large_image\" \/>\n<meta name=\"twitter:creator\" content=\"@narteks\" \/>\n<meta name=\"twitter:site\" content=\"@narteks\" \/>\n<meta name=\"twitter:label1\" content=\"Yazan:\" \/>\n\t<meta name=\"twitter:data1\" content=\"Tar\u0131k\" \/>\n<script type=\"application\/ld+json\" class=\"yoast-schema-graph\">{\"@context\":\"https:\/\/schema.org\",\"@graph\":[{\"@type\":\"Article\",\"@id\":\"https:\/\/narteks.net\/index.php\/2011\/02\/24\/bir-kucuk-dunyam-var-icimde-benim\/#article\",\"isPartOf\":{\"@id\":\"https:\/\/narteks.net\/index.php\/2011\/02\/24\/bir-kucuk-dunyam-var-icimde-benim\/\"},\"author\":{\"name\":\"Tar\u0131k\",\"@id\":\"https:\/\/narteks.net\/#\/schema\/person\/61f37d9834294b72d31d274e7ed79bca\"},\"headline\":\"B\u0130R K\u00dc\u00c7\u00dcK D\u00dcNYAM VAR \u0130\u00c7\u0130MDE BEN\u0130M\",\"datePublished\":\"2011-02-24T13:21:47+00:00\",\"mainEntityOfPage\":{\"@id\":\"https:\/\/narteks.net\/index.php\/2011\/02\/24\/bir-kucuk-dunyam-var-icimde-benim\/\"},\"wordCount\":106,\"commentCount\":0,\"publisher\":{\"@id\":\"https:\/\/narteks.net\/#organization\"},\"articleSection\":[\"A\u015f\u0131k Veysel \u015eATIRO\u011eLU\"],\"inLanguage\":\"tr\",\"potentialAction\":[{\"@type\":\"CommentAction\",\"name\":\"Comment\",\"target\":[\"https:\/\/narteks.net\/index.php\/2011\/02\/24\/bir-kucuk-dunyam-var-icimde-benim\/#respond\"]}]},{\"@type\":\"WebPage\",\"@id\":\"https:\/\/narteks.net\/index.php\/2011\/02\/24\/bir-kucuk-dunyam-var-icimde-benim\/\",\"url\":\"https:\/\/narteks.net\/index.php\/2011\/02\/24\/bir-kucuk-dunyam-var-icimde-benim\/\",\"name\":\"B\u0130R K\u00dc\u00c7\u00dcK D\u00dcNYAM VAR \u0130\u00c7\u0130MDE BEN\u0130M - narteks.net\",\"isPartOf\":{\"@id\":\"https:\/\/narteks.net\/#website\"},\"datePublished\":\"2011-02-24T13:21:47+00:00\",\"breadcrumb\":{\"@id\":\"https:\/\/narteks.net\/index.php\/2011\/02\/24\/bir-kucuk-dunyam-var-icimde-benim\/#breadcrumb\"},\"inLanguage\":\"tr\",\"potentialAction\":[{\"@type\":\"ReadAction\",\"target\":[\"https:\/\/narteks.net\/index.php\/2011\/02\/24\/bir-kucuk-dunyam-var-icimde-benim\/\"]}]},{\"@type\":\"BreadcrumbList\",\"@id\":\"https:\/\/narteks.net\/index.php\/2011\/02\/24\/bir-kucuk-dunyam-var-icimde-benim\/#breadcrumb\",\"itemListElement\":[{\"@type\":\"ListItem\",\"position\":1,\"name\":\"Anasayfa\",\"item\":\"https:\/\/narteks.net\/\"},{\"@type\":\"ListItem\",\"position\":2,\"name\":\"B\u0130R K\u00dc\u00c7\u00dcK D\u00dcNYAM VAR \u0130\u00c7\u0130MDE BEN\u0130M\"}]},{\"@type\":\"WebSite\",\"@id\":\"https:\/\/narteks.net\/#website\",\"url\":\"https:\/\/narteks.net\/\",\"name\":\"narteks.net\",\"description\":\"K\u00fclt\u00fcr Sanat Edebiyat Felsefe\",\"publisher\":{\"@id\":\"https:\/\/narteks.net\/#organization\"},\"alternateName\":\"K\u00fclt\u00fcr Sanat Edebiyat Felsefe\",\"potentialAction\":[{\"@type\":\"SearchAction\",\"target\":{\"@type\":\"EntryPoint\",\"urlTemplate\":\"https:\/\/narteks.net\/?s={search_term_string}\"},\"query-input\":{\"@type\":\"PropertyValueSpecification\",\"valueRequired\":true,\"valueName\":\"search_term_string\"}}],\"inLanguage\":\"tr\"},{\"@type\":\"Organization\",\"@id\":\"https:\/\/narteks.net\/#organization\",\"name\":\"narteks.net\",\"url\":\"https:\/\/narteks.net\/\",\"logo\":{\"@type\":\"ImageObject\",\"inLanguage\":\"tr\",\"@id\":\"https:\/\/narteks.net\/#\/schema\/logo\/image\/\",\"url\":\"https:\/\/narteks.net\/wp-content\/uploads\/narteks.png\",\"contentUrl\":\"https:\/\/narteks.net\/wp-content\/uploads\/narteks.png\",\"width\":300,\"height\":90,\"caption\":\"narteks.net\"},\"image\":{\"@id\":\"https:\/\/narteks.net\/#\/schema\/logo\/image\/\"},\"sameAs\":[\"https:\/\/x.com\/narteks\",\"https:\/\/instagram.com\/narteksnet\"]},{\"@type\":\"Person\",\"@id\":\"https:\/\/narteks.net\/#\/schema\/person\/61f37d9834294b72d31d274e7ed79bca\",\"name\":\"Tar\u0131k\",\"image\":{\"@type\":\"ImageObject\",\"inLanguage\":\"tr\",\"@id\":\"https:\/\/narteks.net\/#\/schema\/person\/image\/\",\"url\":\"https:\/\/secure.gravatar.com\/avatar\/50865afb55632c4ae467e0af0930f6510aa2297d8014be502a55b14f3b7550cf?s=96&d=mm&r=g\",\"contentUrl\":\"https:\/\/secure.gravatar.com\/avatar\/50865afb55632c4ae467e0af0930f6510aa2297d8014be502a55b14f3b7550cf?s=96&d=mm&r=g\",\"caption\":\"Tar\u0131k\"},\"sameAs\":[\"http:\/\/narteks.net\"],\"url\":\"https:\/\/narteks.net\/index.php\/author\/narbak\/\"}]}<\/script>\n<!-- \/ Yoast SEO Premium plugin. -->","yoast_head_json":{"title":"B\u0130R K\u00dc\u00c7\u00dcK D\u00dcNYAM VAR \u0130\u00c7\u0130MDE BEN\u0130M - narteks.net","robots":{"index":"index","follow":"follow","max-snippet":"max-snippet:-1","max-image-preview":"max-image-preview:large","max-video-preview":"max-video-preview:-1"},"canonical":"https:\/\/narteks.net\/index.php\/2011\/02\/24\/bir-kucuk-dunyam-var-icimde-benim\/","og_locale":"tr_TR","og_type":"article","og_title":"B\u0130R K\u00dc\u00c7\u00dcK D\u00dcNYAM VAR \u0130\u00c7\u0130MDE BEN\u0130M","og_description":"\u00a0 Bir k\u00fc\u00e7\u00fck d\u00fcnyam var i\u00e7imde benimMihnetim ziynetim bana kafidirG\u00f6renler dar g\u00f6r\u00fcr genistir banaSohbetim \u00fclfetim bana kafidir Istemem d\u00fcnyanin saltanatiniS\u00fcsl\u00fc giyimini Arap atiniBilirsem T\u00fcrkl\u00fcg\u00fcm var kiymetiniVatanim milletim bana kafidir Isterdim hayatta d\u00fcsmanla savasMilletime kurban olaydi bu basNasip degil imis sehitlik kardasImanim niyetim bana kafidir D\u00fcnya genis olsun ister dar olsunYeter ki kalbimde iman var olsunHer [&hellip;]","og_url":"https:\/\/narteks.net\/index.php\/2011\/02\/24\/bir-kucuk-dunyam-var-icimde-benim\/","og_site_name":"narteks.net","article_published_time":"2011-02-24T13:21:47+00:00","og_image":[{"width":300,"height":90,"url":"https:\/\/narteks.net\/wp-content\/uploads\/narteks.png","type":"image\/png"}],"author":"Tar\u0131k","twitter_card":"summary_large_image","twitter_creator":"@narteks","twitter_site":"@narteks","twitter_misc":{"Yazan:":"Tar\u0131k"},"schema":{"@context":"https:\/\/schema.org","@graph":[{"@type":"Article","@id":"https:\/\/narteks.net\/index.php\/2011\/02\/24\/bir-kucuk-dunyam-var-icimde-benim\/#article","isPartOf":{"@id":"https:\/\/narteks.net\/index.php\/2011\/02\/24\/bir-kucuk-dunyam-var-icimde-benim\/"},"author":{"name":"Tar\u0131k","@id":"https:\/\/narteks.net\/#\/schema\/person\/61f37d9834294b72d31d274e7ed79bca"},"headline":"B\u0130R K\u00dc\u00c7\u00dcK D\u00dcNYAM VAR \u0130\u00c7\u0130MDE BEN\u0130M","datePublished":"2011-02-24T13:21:47+00:00","mainEntityOfPage":{"@id":"https:\/\/narteks.net\/index.php\/2011\/02\/24\/bir-kucuk-dunyam-var-icimde-benim\/"},"wordCount":106,"commentCount":0,"publisher":{"@id":"https:\/\/narteks.net\/#organization"},"articleSection":["A\u015f\u0131k Veysel \u015eATIRO\u011eLU"],"inLanguage":"tr","potentialAction":[{"@type":"CommentAction","name":"Comment","target":["https:\/\/narteks.net\/index.php\/2011\/02\/24\/bir-kucuk-dunyam-var-icimde-benim\/#respond"]}]},{"@type":"WebPage","@id":"https:\/\/narteks.net\/index.php\/2011\/02\/24\/bir-kucuk-dunyam-var-icimde-benim\/","url":"https:\/\/narteks.net\/index.php\/2011\/02\/24\/bir-kucuk-dunyam-var-icimde-benim\/","name":"B\u0130R K\u00dc\u00c7\u00dcK D\u00dcNYAM VAR \u0130\u00c7\u0130MDE BEN\u0130M - narteks.net","isPartOf":{"@id":"https:\/\/narteks.net\/#website"},"datePublished":"2011-02-24T13:21:47+00:00","breadcrumb":{"@id":"https:\/\/narteks.net\/index.php\/2011\/02\/24\/bir-kucuk-dunyam-var-icimde-benim\/#breadcrumb"},"inLanguage":"tr","potentialAction":[{"@type":"ReadAction","target":["https:\/\/narteks.net\/index.php\/2011\/02\/24\/bir-kucuk-dunyam-var-icimde-benim\/"]}]},{"@type":"BreadcrumbList","@id":"https:\/\/narteks.net\/index.php\/2011\/02\/24\/bir-kucuk-dunyam-var-icimde-benim\/#breadcrumb","itemListElement":[{"@type":"ListItem","position":1,"name":"Anasayfa","item":"https:\/\/narteks.net\/"},{"@type":"ListItem","position":2,"name":"B\u0130R K\u00dc\u00c7\u00dcK D\u00dcNYAM VAR \u0130\u00c7\u0130MDE BEN\u0130M"}]},{"@type":"WebSite","@id":"https:\/\/narteks.net\/#website","url":"https:\/\/narteks.net\/","name":"narteks.net","description":"K\u00fclt\u00fcr Sanat Edebiyat Felsefe","publisher":{"@id":"https:\/\/narteks.net\/#organization"},"alternateName":"K\u00fclt\u00fcr Sanat Edebiyat Felsefe","potentialAction":[{"@type":"SearchAction","target":{"@type":"EntryPoint","urlTemplate":"https:\/\/narteks.net\/?s={search_term_string}"},"query-input":{"@type":"PropertyValueSpecification","valueRequired":true,"valueName":"search_term_string"}}],"inLanguage":"tr"},{"@type":"Organization","@id":"https:\/\/narteks.net\/#organization","name":"narteks.net","url":"https:\/\/narteks.net\/","logo":{"@type":"ImageObject","inLanguage":"tr","@id":"https:\/\/narteks.net\/#\/schema\/logo\/image\/","url":"https:\/\/narteks.net\/wp-content\/uploads\/narteks.png","contentUrl":"https:\/\/narteks.net\/wp-content\/uploads\/narteks.png","width":300,"height":90,"caption":"narteks.net"},"image":{"@id":"https:\/\/narteks.net\/#\/schema\/logo\/image\/"},"sameAs":["https:\/\/x.com\/narteks","https:\/\/instagram.com\/narteksnet"]},{"@type":"Person","@id":"https:\/\/narteks.net\/#\/schema\/person\/61f37d9834294b72d31d274e7ed79bca","name":"Tar\u0131k","image":{"@type":"ImageObject","inLanguage":"tr","@id":"https:\/\/narteks.net\/#\/schema\/person\/image\/","url":"https:\/\/secure.gravatar.com\/avatar\/50865afb55632c4ae467e0af0930f6510aa2297d8014be502a55b14f3b7550cf?s=96&d=mm&r=g","contentUrl":"https:\/\/secure.gravatar.com\/avatar\/50865afb55632c4ae467e0af0930f6510aa2297d8014be502a55b14f3b7550cf?s=96&d=mm&r=g","caption":"Tar\u0131k"},"sameAs":["http:\/\/narteks.net"],"url":"https:\/\/narteks.net\/index.php\/author\/narbak\/"}]}},"_links":{"self":[{"href":"https:\/\/narteks.net\/index.php\/wp-json\/wp\/v2\/posts\/5103","targetHints":{"allow":["GET"]}}],"collection":[{"href":"https:\/\/narteks.net\/index.php\/wp-json\/wp\/v2\/posts"}],"about":[{"href":"https:\/\/narteks.net\/index.php\/wp-json\/wp\/v2\/types\/post"}],"author":[{"embeddable":true,"href":"https:\/\/narteks.net\/index.php\/wp-json\/wp\/v2\/users\/1"}],"replies":[{"embeddable":true,"href":"https:\/\/narteks.net\/index.php\/wp-json\/wp\/v2\/comments?post=5103"}],"version-history":[{"count":0,"href":"https:\/\/narteks.net\/index.php\/wp-json\/wp\/v2\/posts\/5103\/revisions"}],"wp:attachment":[{"href":"https:\/\/narteks.net\/index.php\/wp-json\/wp\/v2\/media?parent=5103"}],"wp:term":[{"taxonomy":"category","embeddable":true,"href":"https:\/\/narteks.net\/index.php\/wp-json\/wp\/v2\/categories?post=5103"},{"taxonomy":"post_tag","embeddable":true,"href":"https:\/\/narteks.net\/index.php\/wp-json\/wp\/v2\/tags?post=5103"}],"curies":[{"name":"wp","href":"https:\/\/api.w.org\/{rel}","templated":true}]}}