{"id":5105,"date":"2011-02-24T16:23:19","date_gmt":"2011-02-24T13:23:19","guid":{"rendered":"http:\/\/localhost\/wordpress\/2011\/02\/24\/bir-derd-ehli-bulsam-derdim-soylesem\/"},"modified":"2011-02-24T16:23:19","modified_gmt":"2011-02-24T13:23:19","slug":"bir-derd-ehli-bulsam-derdim-soylesem","status":"publish","type":"post","link":"https:\/\/narteks.net\/index.php\/2011\/02\/24\/bir-derd-ehli-bulsam-derdim-soylesem\/","title":{"rendered":"B\u0130R DERD EHL\u0130 BULSAM DERD\u0130M S\u00d6YLESEM"},"content":{"rendered":"<p>\u00a0<\/p>\n<p>Bir derd ehli bulsam derdim s\u00f6ylesem<br \/>Iyi olmaz derdlerim halim n\\&#8217;olacak<br \/>Hekimler derdime derman bulamaz<br \/>Bir degil bes degil derd kucak kucak<\/p>\n<p>El vurma yarama yaklasma kardas<br \/>Derdimi s\u00f6ylesem t\u00fckenmez bas bas<br \/>I\u00e7imde yaniyor t\u00fct\u00fcns\u00fcz ates<br \/>Ceset soba gibi kalbim bir ocak<\/p>\n<p>Asiklar alemde g\u00fclmez dediler<br \/>Akar g\u00f6z yaslarim silmez dediler<br \/>El elin derdini bilmez dediler<br \/>Kimler gelip hatirimi soracak.<\/p>\n<p>Katlan bu cefaya sabreyle g\u00f6n\u00fcl<br \/>Bu d\u00fcnyanin isi hep b\u00f6yle g\u00f6n\u00fcl<br \/>Basindan ge\u00e7eni sen s\u00f6yle g\u00f6n\u00fcl<br \/>Neler geldi ge\u00e7 oldu olacak<\/p>\n<p>Veysel\\&#8217;in derdine bulunmaz \u00e7are<br \/>Etseler v\u00fccudun hem pare pare<br \/>Bir arzuhal sundum hakiki yare<br \/>O yar gelip yaralarim saracak<\/p>\n","protected":false},"excerpt":{"rendered":"<p>\u00a0 Bir derd ehli bulsam derdim s\u00f6ylesemIyi olmaz derdlerim halim n\\&#8217;olacakHekimler derdime derman bulamazBir degil bes degil derd kucak kucak El vurma yarama yaklasma kardasDerdimi s\u00f6ylesem t\u00fckenmez bas basI\u00e7imde yaniyor t\u00fct\u00fcns\u00fcz atesCeset soba gibi kalbim bir ocak Asiklar alemde g\u00fclmez dedilerAkar g\u00f6z yaslarim silmez dedilerEl elin derdini bilmez dedilerKimler gelip hatirimi soracak. Katlan bu cefaya [&hellip;]<\/p>\n","protected":false},"author":1,"featured_media":0,"comment_status":"open","ping_status":"open","sticky":false,"template":"","format":"standard","meta":{"footnotes":""},"categories":[161],"tags":[],"class_list":{"0":"post-5105","1":"post","2":"type-post","3":"status-publish","4":"format-standard","6":"category-asik-veysel-satiroglu"},"yoast_head":"<!-- This site is optimized with the Yoast SEO Premium plugin v24.9 (Yoast SEO v24.9) - https:\/\/yoast.com\/wordpress\/plugins\/seo\/ -->\n<title>B\u0130R DERD EHL\u0130 BULSAM DERD\u0130M S\u00d6YLESEM - narteks.net<\/title>\n<meta name=\"robots\" content=\"index, follow, max-snippet:-1, max-image-preview:large, max-video-preview:-1\" \/>\n<link rel=\"canonical\" href=\"https:\/\/narteks.net\/index.php\/2011\/02\/24\/bir-derd-ehli-bulsam-derdim-soylesem\/\" \/>\n<meta property=\"og:locale\" content=\"tr_TR\" \/>\n<meta property=\"og:type\" content=\"article\" \/>\n<meta property=\"og:title\" content=\"B\u0130R DERD EHL\u0130 BULSAM DERD\u0130M S\u00d6YLESEM\" \/>\n<meta property=\"og:description\" content=\"\u00a0 Bir derd ehli bulsam derdim s\u00f6ylesemIyi olmaz derdlerim halim n&#8217;olacakHekimler derdime derman bulamazBir degil bes degil derd kucak kucak El vurma yarama yaklasma kardasDerdimi s\u00f6ylesem t\u00fckenmez bas basI\u00e7imde yaniyor t\u00fct\u00fcns\u00fcz atesCeset soba gibi kalbim bir ocak Asiklar alemde g\u00fclmez dedilerAkar g\u00f6z yaslarim silmez dedilerEl elin derdini bilmez dedilerKimler gelip hatirimi soracak. Katlan bu cefaya [&hellip;]\" \/>\n<meta property=\"og:url\" content=\"https:\/\/narteks.net\/index.php\/2011\/02\/24\/bir-derd-ehli-bulsam-derdim-soylesem\/\" \/>\n<meta property=\"og:site_name\" content=\"narteks.net\" \/>\n<meta property=\"article:published_time\" content=\"2011-02-24T13:23:19+00:00\" \/>\n<meta property=\"og:image\" content=\"https:\/\/narteks.net\/wp-content\/uploads\/narteks.png\" \/>\n\t<meta property=\"og:image:width\" content=\"300\" \/>\n\t<meta property=\"og:image:height\" content=\"90\" \/>\n\t<meta property=\"og:image:type\" content=\"image\/png\" \/>\n<meta name=\"author\" content=\"Tar\u0131k\" \/>\n<meta name=\"twitter:card\" content=\"summary_large_image\" \/>\n<meta name=\"twitter:creator\" content=\"@narteks\" \/>\n<meta name=\"twitter:site\" content=\"@narteks\" \/>\n<meta name=\"twitter:label1\" content=\"Yazan:\" \/>\n\t<meta name=\"twitter:data1\" content=\"Tar\u0131k\" \/>\n\t<meta name=\"twitter:label2\" content=\"Tahmini okuma s\u00fcresi\" \/>\n\t<meta name=\"twitter:data2\" content=\"1 dakika\" \/>\n<script type=\"application\/ld+json\" class=\"yoast-schema-graph\">{\"@context\":\"https:\/\/schema.org\",\"@graph\":[{\"@type\":\"Article\",\"@id\":\"https:\/\/narteks.net\/index.php\/2011\/02\/24\/bir-derd-ehli-bulsam-derdim-soylesem\/#article\",\"isPartOf\":{\"@id\":\"https:\/\/narteks.net\/index.php\/2011\/02\/24\/bir-derd-ehli-bulsam-derdim-soylesem\/\"},\"author\":{\"name\":\"Tar\u0131k\",\"@id\":\"https:\/\/narteks.net\/#\/schema\/person\/61f37d9834294b72d31d274e7ed79bca\"},\"headline\":\"B\u0130R DERD EHL\u0130 BULSAM DERD\u0130M S\u00d6YLESEM\",\"datePublished\":\"2011-02-24T13:23:19+00:00\",\"mainEntityOfPage\":{\"@id\":\"https:\/\/narteks.net\/index.php\/2011\/02\/24\/bir-derd-ehli-bulsam-derdim-soylesem\/\"},\"wordCount\":116,\"commentCount\":0,\"publisher\":{\"@id\":\"https:\/\/narteks.net\/#organization\"},\"articleSection\":[\"A\u015f\u0131k Veysel \u015eATIRO\u011eLU\"],\"inLanguage\":\"tr\",\"potentialAction\":[{\"@type\":\"CommentAction\",\"name\":\"Comment\",\"target\":[\"https:\/\/narteks.net\/index.php\/2011\/02\/24\/bir-derd-ehli-bulsam-derdim-soylesem\/#respond\"]}]},{\"@type\":\"WebPage\",\"@id\":\"https:\/\/narteks.net\/index.php\/2011\/02\/24\/bir-derd-ehli-bulsam-derdim-soylesem\/\",\"url\":\"https:\/\/narteks.net\/index.php\/2011\/02\/24\/bir-derd-ehli-bulsam-derdim-soylesem\/\",\"name\":\"B\u0130R DERD EHL\u0130 BULSAM DERD\u0130M S\u00d6YLESEM - narteks.net\",\"isPartOf\":{\"@id\":\"https:\/\/narteks.net\/#website\"},\"datePublished\":\"2011-02-24T13:23:19+00:00\",\"breadcrumb\":{\"@id\":\"https:\/\/narteks.net\/index.php\/2011\/02\/24\/bir-derd-ehli-bulsam-derdim-soylesem\/#breadcrumb\"},\"inLanguage\":\"tr\",\"potentialAction\":[{\"@type\":\"ReadAction\",\"target\":[\"https:\/\/narteks.net\/index.php\/2011\/02\/24\/bir-derd-ehli-bulsam-derdim-soylesem\/\"]}]},{\"@type\":\"BreadcrumbList\",\"@id\":\"https:\/\/narteks.net\/index.php\/2011\/02\/24\/bir-derd-ehli-bulsam-derdim-soylesem\/#breadcrumb\",\"itemListElement\":[{\"@type\":\"ListItem\",\"position\":1,\"name\":\"Anasayfa\",\"item\":\"https:\/\/narteks.net\/\"},{\"@type\":\"ListItem\",\"position\":2,\"name\":\"B\u0130R DERD EHL\u0130 BULSAM DERD\u0130M S\u00d6YLESEM\"}]},{\"@type\":\"WebSite\",\"@id\":\"https:\/\/narteks.net\/#website\",\"url\":\"https:\/\/narteks.net\/\",\"name\":\"narteks.net\",\"description\":\"K\u00fclt\u00fcr Sanat Edebiyat Felsefe\",\"publisher\":{\"@id\":\"https:\/\/narteks.net\/#organization\"},\"alternateName\":\"K\u00fclt\u00fcr Sanat Edebiyat Felsefe\",\"potentialAction\":[{\"@type\":\"SearchAction\",\"target\":{\"@type\":\"EntryPoint\",\"urlTemplate\":\"https:\/\/narteks.net\/?s={search_term_string}\"},\"query-input\":{\"@type\":\"PropertyValueSpecification\",\"valueRequired\":true,\"valueName\":\"search_term_string\"}}],\"inLanguage\":\"tr\"},{\"@type\":\"Organization\",\"@id\":\"https:\/\/narteks.net\/#organization\",\"name\":\"narteks.net\",\"url\":\"https:\/\/narteks.net\/\",\"logo\":{\"@type\":\"ImageObject\",\"inLanguage\":\"tr\",\"@id\":\"https:\/\/narteks.net\/#\/schema\/logo\/image\/\",\"url\":\"https:\/\/narteks.net\/wp-content\/uploads\/narteks.png\",\"contentUrl\":\"https:\/\/narteks.net\/wp-content\/uploads\/narteks.png\",\"width\":300,\"height\":90,\"caption\":\"narteks.net\"},\"image\":{\"@id\":\"https:\/\/narteks.net\/#\/schema\/logo\/image\/\"},\"sameAs\":[\"https:\/\/x.com\/narteks\",\"https:\/\/instagram.com\/narteksnet\"]},{\"@type\":\"Person\",\"@id\":\"https:\/\/narteks.net\/#\/schema\/person\/61f37d9834294b72d31d274e7ed79bca\",\"name\":\"Tar\u0131k\",\"image\":{\"@type\":\"ImageObject\",\"inLanguage\":\"tr\",\"@id\":\"https:\/\/narteks.net\/#\/schema\/person\/image\/\",\"url\":\"https:\/\/secure.gravatar.com\/avatar\/50865afb55632c4ae467e0af0930f6510aa2297d8014be502a55b14f3b7550cf?s=96&d=mm&r=g\",\"contentUrl\":\"https:\/\/secure.gravatar.com\/avatar\/50865afb55632c4ae467e0af0930f6510aa2297d8014be502a55b14f3b7550cf?s=96&d=mm&r=g\",\"caption\":\"Tar\u0131k\"},\"sameAs\":[\"http:\/\/narteks.net\"],\"url\":\"https:\/\/narteks.net\/index.php\/author\/narbak\/\"}]}<\/script>\n<!-- \/ Yoast SEO Premium plugin. -->","yoast_head_json":{"title":"B\u0130R DERD EHL\u0130 BULSAM DERD\u0130M S\u00d6YLESEM - narteks.net","robots":{"index":"index","follow":"follow","max-snippet":"max-snippet:-1","max-image-preview":"max-image-preview:large","max-video-preview":"max-video-preview:-1"},"canonical":"https:\/\/narteks.net\/index.php\/2011\/02\/24\/bir-derd-ehli-bulsam-derdim-soylesem\/","og_locale":"tr_TR","og_type":"article","og_title":"B\u0130R DERD EHL\u0130 BULSAM DERD\u0130M S\u00d6YLESEM","og_description":"\u00a0 Bir derd ehli bulsam derdim s\u00f6ylesemIyi olmaz derdlerim halim n&#8217;olacakHekimler derdime derman bulamazBir degil bes degil derd kucak kucak El vurma yarama yaklasma kardasDerdimi s\u00f6ylesem t\u00fckenmez bas basI\u00e7imde yaniyor t\u00fct\u00fcns\u00fcz atesCeset soba gibi kalbim bir ocak Asiklar alemde g\u00fclmez dedilerAkar g\u00f6z yaslarim silmez dedilerEl elin derdini bilmez dedilerKimler gelip hatirimi soracak. Katlan bu cefaya [&hellip;]","og_url":"https:\/\/narteks.net\/index.php\/2011\/02\/24\/bir-derd-ehli-bulsam-derdim-soylesem\/","og_site_name":"narteks.net","article_published_time":"2011-02-24T13:23:19+00:00","og_image":[{"width":300,"height":90,"url":"https:\/\/narteks.net\/wp-content\/uploads\/narteks.png","type":"image\/png"}],"author":"Tar\u0131k","twitter_card":"summary_large_image","twitter_creator":"@narteks","twitter_site":"@narteks","twitter_misc":{"Yazan:":"Tar\u0131k","Tahmini okuma s\u00fcresi":"1 dakika"},"schema":{"@context":"https:\/\/schema.org","@graph":[{"@type":"Article","@id":"https:\/\/narteks.net\/index.php\/2011\/02\/24\/bir-derd-ehli-bulsam-derdim-soylesem\/#article","isPartOf":{"@id":"https:\/\/narteks.net\/index.php\/2011\/02\/24\/bir-derd-ehli-bulsam-derdim-soylesem\/"},"author":{"name":"Tar\u0131k","@id":"https:\/\/narteks.net\/#\/schema\/person\/61f37d9834294b72d31d274e7ed79bca"},"headline":"B\u0130R DERD EHL\u0130 BULSAM DERD\u0130M S\u00d6YLESEM","datePublished":"2011-02-24T13:23:19+00:00","mainEntityOfPage":{"@id":"https:\/\/narteks.net\/index.php\/2011\/02\/24\/bir-derd-ehli-bulsam-derdim-soylesem\/"},"wordCount":116,"commentCount":0,"publisher":{"@id":"https:\/\/narteks.net\/#organization"},"articleSection":["A\u015f\u0131k Veysel \u015eATIRO\u011eLU"],"inLanguage":"tr","potentialAction":[{"@type":"CommentAction","name":"Comment","target":["https:\/\/narteks.net\/index.php\/2011\/02\/24\/bir-derd-ehli-bulsam-derdim-soylesem\/#respond"]}]},{"@type":"WebPage","@id":"https:\/\/narteks.net\/index.php\/2011\/02\/24\/bir-derd-ehli-bulsam-derdim-soylesem\/","url":"https:\/\/narteks.net\/index.php\/2011\/02\/24\/bir-derd-ehli-bulsam-derdim-soylesem\/","name":"B\u0130R DERD EHL\u0130 BULSAM DERD\u0130M S\u00d6YLESEM - narteks.net","isPartOf":{"@id":"https:\/\/narteks.net\/#website"},"datePublished":"2011-02-24T13:23:19+00:00","breadcrumb":{"@id":"https:\/\/narteks.net\/index.php\/2011\/02\/24\/bir-derd-ehli-bulsam-derdim-soylesem\/#breadcrumb"},"inLanguage":"tr","potentialAction":[{"@type":"ReadAction","target":["https:\/\/narteks.net\/index.php\/2011\/02\/24\/bir-derd-ehli-bulsam-derdim-soylesem\/"]}]},{"@type":"BreadcrumbList","@id":"https:\/\/narteks.net\/index.php\/2011\/02\/24\/bir-derd-ehli-bulsam-derdim-soylesem\/#breadcrumb","itemListElement":[{"@type":"ListItem","position":1,"name":"Anasayfa","item":"https:\/\/narteks.net\/"},{"@type":"ListItem","position":2,"name":"B\u0130R DERD EHL\u0130 BULSAM DERD\u0130M S\u00d6YLESEM"}]},{"@type":"WebSite","@id":"https:\/\/narteks.net\/#website","url":"https:\/\/narteks.net\/","name":"narteks.net","description":"K\u00fclt\u00fcr Sanat Edebiyat Felsefe","publisher":{"@id":"https:\/\/narteks.net\/#organization"},"alternateName":"K\u00fclt\u00fcr Sanat Edebiyat Felsefe","potentialAction":[{"@type":"SearchAction","target":{"@type":"EntryPoint","urlTemplate":"https:\/\/narteks.net\/?s={search_term_string}"},"query-input":{"@type":"PropertyValueSpecification","valueRequired":true,"valueName":"search_term_string"}}],"inLanguage":"tr"},{"@type":"Organization","@id":"https:\/\/narteks.net\/#organization","name":"narteks.net","url":"https:\/\/narteks.net\/","logo":{"@type":"ImageObject","inLanguage":"tr","@id":"https:\/\/narteks.net\/#\/schema\/logo\/image\/","url":"https:\/\/narteks.net\/wp-content\/uploads\/narteks.png","contentUrl":"https:\/\/narteks.net\/wp-content\/uploads\/narteks.png","width":300,"height":90,"caption":"narteks.net"},"image":{"@id":"https:\/\/narteks.net\/#\/schema\/logo\/image\/"},"sameAs":["https:\/\/x.com\/narteks","https:\/\/instagram.com\/narteksnet"]},{"@type":"Person","@id":"https:\/\/narteks.net\/#\/schema\/person\/61f37d9834294b72d31d274e7ed79bca","name":"Tar\u0131k","image":{"@type":"ImageObject","inLanguage":"tr","@id":"https:\/\/narteks.net\/#\/schema\/person\/image\/","url":"https:\/\/secure.gravatar.com\/avatar\/50865afb55632c4ae467e0af0930f6510aa2297d8014be502a55b14f3b7550cf?s=96&d=mm&r=g","contentUrl":"https:\/\/secure.gravatar.com\/avatar\/50865afb55632c4ae467e0af0930f6510aa2297d8014be502a55b14f3b7550cf?s=96&d=mm&r=g","caption":"Tar\u0131k"},"sameAs":["http:\/\/narteks.net"],"url":"https:\/\/narteks.net\/index.php\/author\/narbak\/"}]}},"_links":{"self":[{"href":"https:\/\/narteks.net\/index.php\/wp-json\/wp\/v2\/posts\/5105","targetHints":{"allow":["GET"]}}],"collection":[{"href":"https:\/\/narteks.net\/index.php\/wp-json\/wp\/v2\/posts"}],"about":[{"href":"https:\/\/narteks.net\/index.php\/wp-json\/wp\/v2\/types\/post"}],"author":[{"embeddable":true,"href":"https:\/\/narteks.net\/index.php\/wp-json\/wp\/v2\/users\/1"}],"replies":[{"embeddable":true,"href":"https:\/\/narteks.net\/index.php\/wp-json\/wp\/v2\/comments?post=5105"}],"version-history":[{"count":0,"href":"https:\/\/narteks.net\/index.php\/wp-json\/wp\/v2\/posts\/5105\/revisions"}],"wp:attachment":[{"href":"https:\/\/narteks.net\/index.php\/wp-json\/wp\/v2\/media?parent=5105"}],"wp:term":[{"taxonomy":"category","embeddable":true,"href":"https:\/\/narteks.net\/index.php\/wp-json\/wp\/v2\/categories?post=5105"},{"taxonomy":"post_tag","embeddable":true,"href":"https:\/\/narteks.net\/index.php\/wp-json\/wp\/v2\/tags?post=5105"}],"curies":[{"name":"wp","href":"https:\/\/api.w.org\/{rel}","templated":true}]}}