{"id":5106,"date":"2011-02-24T16:24:01","date_gmt":"2011-02-24T13:24:01","guid":{"rendered":"http:\/\/localhost\/wordpress\/2011\/02\/24\/bu-alemi-goren-sensin\/"},"modified":"2011-02-24T16:24:01","modified_gmt":"2011-02-24T13:24:01","slug":"bu-alemi-goren-sensin","status":"publish","type":"post","link":"https:\/\/narteks.net\/index.php\/2011\/02\/24\/bu-alemi-goren-sensin\/","title":{"rendered":"BU ALEM\u0130 G\u00d6REN SENS\u0130N"},"content":{"rendered":"<p>\u00a0<\/p>\n<p>Bu alemi g\u00f6ren sensin<br \/>Yok g\u00f6z\u00fcnde perde senin<br \/>Haksiza yol veren sensin<br \/>Yok mu su\u00e7un burda senin<\/p>\n<p>Kainati sen yarattin<br \/>Herseyi yoktan var ettin<br \/>Beni \u00e7iplak disar&#8217;attin<br \/>C\u00f6mertligin nerde senin<\/p>\n<p>Evli misin ergen misin<br \/>Esin yoktur bir sen misin<br \/>\u00c7arki sema nur sen misin<br \/>Bu balkiyan nur da senin<\/p>\n<p>Kilisede despot kesis<br \/>Isa Allah&#8217;in oglu demis<br \/>Meryem Ana neyin imis<br \/>Bu isin var bir de senin.<\/p>\n<p>Kimden korktun da gizlendin<br \/>\u00c7ok aradin, \u00e7ok izlendin.<br \/>G\u00f6ster y\u00fcz\u00fcn\u00fc \u00e7ok nazlandin<br \/>Y\u00fcz\u00fcn mahrem ferde senin<\/p>\n<p>Binbir ismin bir cismin var<br \/>Oglun, kizin ne hismin var<br \/>Her bir irenkte resmin var<br \/>Nerde baksam orda senin<\/p>\n<p>T\u00fcrl\u00fc t\u00fcrl\u00fc dillerin var<br \/>Ne acaip hallerin var<br \/>Ne karanlik yollarin var<br \/>Sirat k\u00f6pr\u00fcn nerde senin<\/p>\n<p>Ademi s\u00fcrd\u00fcn bakmadin<br \/>Cennette de birakmadin<br \/>Seytani ni\u00e7in yakmadin<br \/>Cehennemin var da senin<\/p>\n<p>Veysel neden aklin ermez<br \/>Uzun kisa dilin durmaz<br \/>Eller tutmaz g\u00f6zler g\u00f6rmez<br \/>Bu acaip sir da senin<\/p>\n","protected":false},"excerpt":{"rendered":"<p>\u00a0 Bu alemi g\u00f6ren sensinYok g\u00f6z\u00fcnde perde seninHaksiza yol veren sensinYok mu su\u00e7un burda senin Kainati sen yarattinHerseyi yoktan var ettinBeni \u00e7iplak disar&#8217;attinC\u00f6mertligin nerde senin Evli misin ergen misinEsin yoktur bir sen misin\u00c7arki sema nur sen misinBu balkiyan nur da senin Kilisede despot kesisIsa Allah&#8217;in oglu demisMeryem Ana neyin imisBu isin var bir de senin. [&hellip;]<\/p>\n","protected":false},"author":1,"featured_media":0,"comment_status":"open","ping_status":"open","sticky":false,"template":"","format":"standard","meta":{"footnotes":""},"categories":[161],"tags":[],"class_list":{"0":"post-5106","1":"post","2":"type-post","3":"status-publish","4":"format-standard","6":"category-asik-veysel-satiroglu"},"yoast_head":"<!-- This site is optimized with the Yoast SEO Premium plugin v24.9 (Yoast SEO v24.9) - https:\/\/yoast.com\/wordpress\/plugins\/seo\/ -->\n<title>BU ALEM\u0130 G\u00d6REN SENS\u0130N - narteks.net<\/title>\n<meta name=\"robots\" content=\"index, follow, max-snippet:-1, max-image-preview:large, max-video-preview:-1\" \/>\n<link rel=\"canonical\" href=\"https:\/\/narteks.net\/index.php\/2011\/02\/24\/bu-alemi-goren-sensin\/\" \/>\n<meta property=\"og:locale\" content=\"tr_TR\" \/>\n<meta property=\"og:type\" content=\"article\" \/>\n<meta property=\"og:title\" content=\"BU ALEM\u0130 G\u00d6REN SENS\u0130N\" \/>\n<meta property=\"og:description\" content=\"\u00a0 Bu alemi g\u00f6ren sensinYok g\u00f6z\u00fcnde perde seninHaksiza yol veren sensinYok mu su\u00e7un burda senin Kainati sen yarattinHerseyi yoktan var ettinBeni \u00e7iplak disar&#8217;attinC\u00f6mertligin nerde senin Evli misin ergen misinEsin yoktur bir sen misin\u00c7arki sema nur sen misinBu balkiyan nur da senin Kilisede despot kesisIsa Allah&#8217;in oglu demisMeryem Ana neyin imisBu isin var bir de senin. [&hellip;]\" \/>\n<meta property=\"og:url\" content=\"https:\/\/narteks.net\/index.php\/2011\/02\/24\/bu-alemi-goren-sensin\/\" \/>\n<meta property=\"og:site_name\" content=\"narteks.net\" \/>\n<meta property=\"article:published_time\" content=\"2011-02-24T13:24:01+00:00\" \/>\n<meta property=\"og:image\" content=\"https:\/\/narteks.net\/wp-content\/uploads\/narteks.png\" \/>\n\t<meta property=\"og:image:width\" content=\"300\" \/>\n\t<meta property=\"og:image:height\" content=\"90\" \/>\n\t<meta property=\"og:image:type\" content=\"image\/png\" \/>\n<meta name=\"author\" content=\"Tar\u0131k\" \/>\n<meta name=\"twitter:card\" content=\"summary_large_image\" \/>\n<meta name=\"twitter:creator\" content=\"@narteks\" \/>\n<meta name=\"twitter:site\" content=\"@narteks\" \/>\n<meta name=\"twitter:label1\" content=\"Yazan:\" \/>\n\t<meta name=\"twitter:data1\" content=\"Tar\u0131k\" \/>\n\t<meta name=\"twitter:label2\" content=\"Tahmini okuma s\u00fcresi\" \/>\n\t<meta name=\"twitter:data2\" content=\"1 dakika\" \/>\n<script type=\"application\/ld+json\" class=\"yoast-schema-graph\">{\"@context\":\"https:\/\/schema.org\",\"@graph\":[{\"@type\":\"Article\",\"@id\":\"https:\/\/narteks.net\/index.php\/2011\/02\/24\/bu-alemi-goren-sensin\/#article\",\"isPartOf\":{\"@id\":\"https:\/\/narteks.net\/index.php\/2011\/02\/24\/bu-alemi-goren-sensin\/\"},\"author\":{\"name\":\"Tar\u0131k\",\"@id\":\"https:\/\/narteks.net\/#\/schema\/person\/61f37d9834294b72d31d274e7ed79bca\"},\"headline\":\"BU ALEM\u0130 G\u00d6REN SENS\u0130N\",\"datePublished\":\"2011-02-24T13:24:01+00:00\",\"mainEntityOfPage\":{\"@id\":\"https:\/\/narteks.net\/index.php\/2011\/02\/24\/bu-alemi-goren-sensin\/\"},\"wordCount\":148,\"commentCount\":0,\"publisher\":{\"@id\":\"https:\/\/narteks.net\/#organization\"},\"articleSection\":[\"A\u015f\u0131k Veysel \u015eATIRO\u011eLU\"],\"inLanguage\":\"tr\",\"potentialAction\":[{\"@type\":\"CommentAction\",\"name\":\"Comment\",\"target\":[\"https:\/\/narteks.net\/index.php\/2011\/02\/24\/bu-alemi-goren-sensin\/#respond\"]}]},{\"@type\":\"WebPage\",\"@id\":\"https:\/\/narteks.net\/index.php\/2011\/02\/24\/bu-alemi-goren-sensin\/\",\"url\":\"https:\/\/narteks.net\/index.php\/2011\/02\/24\/bu-alemi-goren-sensin\/\",\"name\":\"BU ALEM\u0130 G\u00d6REN SENS\u0130N - narteks.net\",\"isPartOf\":{\"@id\":\"https:\/\/narteks.net\/#website\"},\"datePublished\":\"2011-02-24T13:24:01+00:00\",\"breadcrumb\":{\"@id\":\"https:\/\/narteks.net\/index.php\/2011\/02\/24\/bu-alemi-goren-sensin\/#breadcrumb\"},\"inLanguage\":\"tr\",\"potentialAction\":[{\"@type\":\"ReadAction\",\"target\":[\"https:\/\/narteks.net\/index.php\/2011\/02\/24\/bu-alemi-goren-sensin\/\"]}]},{\"@type\":\"BreadcrumbList\",\"@id\":\"https:\/\/narteks.net\/index.php\/2011\/02\/24\/bu-alemi-goren-sensin\/#breadcrumb\",\"itemListElement\":[{\"@type\":\"ListItem\",\"position\":1,\"name\":\"Anasayfa\",\"item\":\"https:\/\/narteks.net\/\"},{\"@type\":\"ListItem\",\"position\":2,\"name\":\"BU ALEM\u0130 G\u00d6REN SENS\u0130N\"}]},{\"@type\":\"WebSite\",\"@id\":\"https:\/\/narteks.net\/#website\",\"url\":\"https:\/\/narteks.net\/\",\"name\":\"narteks.net\",\"description\":\"K\u00fclt\u00fcr Sanat Edebiyat Felsefe\",\"publisher\":{\"@id\":\"https:\/\/narteks.net\/#organization\"},\"alternateName\":\"K\u00fclt\u00fcr Sanat Edebiyat Felsefe\",\"potentialAction\":[{\"@type\":\"SearchAction\",\"target\":{\"@type\":\"EntryPoint\",\"urlTemplate\":\"https:\/\/narteks.net\/?s={search_term_string}\"},\"query-input\":{\"@type\":\"PropertyValueSpecification\",\"valueRequired\":true,\"valueName\":\"search_term_string\"}}],\"inLanguage\":\"tr\"},{\"@type\":\"Organization\",\"@id\":\"https:\/\/narteks.net\/#organization\",\"name\":\"narteks.net\",\"url\":\"https:\/\/narteks.net\/\",\"logo\":{\"@type\":\"ImageObject\",\"inLanguage\":\"tr\",\"@id\":\"https:\/\/narteks.net\/#\/schema\/logo\/image\/\",\"url\":\"https:\/\/narteks.net\/wp-content\/uploads\/narteks.png\",\"contentUrl\":\"https:\/\/narteks.net\/wp-content\/uploads\/narteks.png\",\"width\":300,\"height\":90,\"caption\":\"narteks.net\"},\"image\":{\"@id\":\"https:\/\/narteks.net\/#\/schema\/logo\/image\/\"},\"sameAs\":[\"https:\/\/x.com\/narteks\",\"https:\/\/instagram.com\/narteksnet\"]},{\"@type\":\"Person\",\"@id\":\"https:\/\/narteks.net\/#\/schema\/person\/61f37d9834294b72d31d274e7ed79bca\",\"name\":\"Tar\u0131k\",\"image\":{\"@type\":\"ImageObject\",\"inLanguage\":\"tr\",\"@id\":\"https:\/\/narteks.net\/#\/schema\/person\/image\/\",\"url\":\"https:\/\/secure.gravatar.com\/avatar\/50865afb55632c4ae467e0af0930f6510aa2297d8014be502a55b14f3b7550cf?s=96&d=mm&r=g\",\"contentUrl\":\"https:\/\/secure.gravatar.com\/avatar\/50865afb55632c4ae467e0af0930f6510aa2297d8014be502a55b14f3b7550cf?s=96&d=mm&r=g\",\"caption\":\"Tar\u0131k\"},\"sameAs\":[\"http:\/\/narteks.net\"],\"url\":\"https:\/\/narteks.net\/index.php\/author\/narbak\/\"}]}<\/script>\n<!-- \/ Yoast SEO Premium plugin. -->","yoast_head_json":{"title":"BU ALEM\u0130 G\u00d6REN SENS\u0130N - narteks.net","robots":{"index":"index","follow":"follow","max-snippet":"max-snippet:-1","max-image-preview":"max-image-preview:large","max-video-preview":"max-video-preview:-1"},"canonical":"https:\/\/narteks.net\/index.php\/2011\/02\/24\/bu-alemi-goren-sensin\/","og_locale":"tr_TR","og_type":"article","og_title":"BU ALEM\u0130 G\u00d6REN SENS\u0130N","og_description":"\u00a0 Bu alemi g\u00f6ren sensinYok g\u00f6z\u00fcnde perde seninHaksiza yol veren sensinYok mu su\u00e7un burda senin Kainati sen yarattinHerseyi yoktan var ettinBeni \u00e7iplak disar&#8217;attinC\u00f6mertligin nerde senin Evli misin ergen misinEsin yoktur bir sen misin\u00c7arki sema nur sen misinBu balkiyan nur da senin Kilisede despot kesisIsa Allah&#8217;in oglu demisMeryem Ana neyin imisBu isin var bir de senin. [&hellip;]","og_url":"https:\/\/narteks.net\/index.php\/2011\/02\/24\/bu-alemi-goren-sensin\/","og_site_name":"narteks.net","article_published_time":"2011-02-24T13:24:01+00:00","og_image":[{"width":300,"height":90,"url":"https:\/\/narteks.net\/wp-content\/uploads\/narteks.png","type":"image\/png"}],"author":"Tar\u0131k","twitter_card":"summary_large_image","twitter_creator":"@narteks","twitter_site":"@narteks","twitter_misc":{"Yazan:":"Tar\u0131k","Tahmini okuma s\u00fcresi":"1 dakika"},"schema":{"@context":"https:\/\/schema.org","@graph":[{"@type":"Article","@id":"https:\/\/narteks.net\/index.php\/2011\/02\/24\/bu-alemi-goren-sensin\/#article","isPartOf":{"@id":"https:\/\/narteks.net\/index.php\/2011\/02\/24\/bu-alemi-goren-sensin\/"},"author":{"name":"Tar\u0131k","@id":"https:\/\/narteks.net\/#\/schema\/person\/61f37d9834294b72d31d274e7ed79bca"},"headline":"BU ALEM\u0130 G\u00d6REN SENS\u0130N","datePublished":"2011-02-24T13:24:01+00:00","mainEntityOfPage":{"@id":"https:\/\/narteks.net\/index.php\/2011\/02\/24\/bu-alemi-goren-sensin\/"},"wordCount":148,"commentCount":0,"publisher":{"@id":"https:\/\/narteks.net\/#organization"},"articleSection":["A\u015f\u0131k Veysel \u015eATIRO\u011eLU"],"inLanguage":"tr","potentialAction":[{"@type":"CommentAction","name":"Comment","target":["https:\/\/narteks.net\/index.php\/2011\/02\/24\/bu-alemi-goren-sensin\/#respond"]}]},{"@type":"WebPage","@id":"https:\/\/narteks.net\/index.php\/2011\/02\/24\/bu-alemi-goren-sensin\/","url":"https:\/\/narteks.net\/index.php\/2011\/02\/24\/bu-alemi-goren-sensin\/","name":"BU ALEM\u0130 G\u00d6REN SENS\u0130N - narteks.net","isPartOf":{"@id":"https:\/\/narteks.net\/#website"},"datePublished":"2011-02-24T13:24:01+00:00","breadcrumb":{"@id":"https:\/\/narteks.net\/index.php\/2011\/02\/24\/bu-alemi-goren-sensin\/#breadcrumb"},"inLanguage":"tr","potentialAction":[{"@type":"ReadAction","target":["https:\/\/narteks.net\/index.php\/2011\/02\/24\/bu-alemi-goren-sensin\/"]}]},{"@type":"BreadcrumbList","@id":"https:\/\/narteks.net\/index.php\/2011\/02\/24\/bu-alemi-goren-sensin\/#breadcrumb","itemListElement":[{"@type":"ListItem","position":1,"name":"Anasayfa","item":"https:\/\/narteks.net\/"},{"@type":"ListItem","position":2,"name":"BU ALEM\u0130 G\u00d6REN SENS\u0130N"}]},{"@type":"WebSite","@id":"https:\/\/narteks.net\/#website","url":"https:\/\/narteks.net\/","name":"narteks.net","description":"K\u00fclt\u00fcr Sanat Edebiyat Felsefe","publisher":{"@id":"https:\/\/narteks.net\/#organization"},"alternateName":"K\u00fclt\u00fcr Sanat Edebiyat Felsefe","potentialAction":[{"@type":"SearchAction","target":{"@type":"EntryPoint","urlTemplate":"https:\/\/narteks.net\/?s={search_term_string}"},"query-input":{"@type":"PropertyValueSpecification","valueRequired":true,"valueName":"search_term_string"}}],"inLanguage":"tr"},{"@type":"Organization","@id":"https:\/\/narteks.net\/#organization","name":"narteks.net","url":"https:\/\/narteks.net\/","logo":{"@type":"ImageObject","inLanguage":"tr","@id":"https:\/\/narteks.net\/#\/schema\/logo\/image\/","url":"https:\/\/narteks.net\/wp-content\/uploads\/narteks.png","contentUrl":"https:\/\/narteks.net\/wp-content\/uploads\/narteks.png","width":300,"height":90,"caption":"narteks.net"},"image":{"@id":"https:\/\/narteks.net\/#\/schema\/logo\/image\/"},"sameAs":["https:\/\/x.com\/narteks","https:\/\/instagram.com\/narteksnet"]},{"@type":"Person","@id":"https:\/\/narteks.net\/#\/schema\/person\/61f37d9834294b72d31d274e7ed79bca","name":"Tar\u0131k","image":{"@type":"ImageObject","inLanguage":"tr","@id":"https:\/\/narteks.net\/#\/schema\/person\/image\/","url":"https:\/\/secure.gravatar.com\/avatar\/50865afb55632c4ae467e0af0930f6510aa2297d8014be502a55b14f3b7550cf?s=96&d=mm&r=g","contentUrl":"https:\/\/secure.gravatar.com\/avatar\/50865afb55632c4ae467e0af0930f6510aa2297d8014be502a55b14f3b7550cf?s=96&d=mm&r=g","caption":"Tar\u0131k"},"sameAs":["http:\/\/narteks.net"],"url":"https:\/\/narteks.net\/index.php\/author\/narbak\/"}]}},"_links":{"self":[{"href":"https:\/\/narteks.net\/index.php\/wp-json\/wp\/v2\/posts\/5106","targetHints":{"allow":["GET"]}}],"collection":[{"href":"https:\/\/narteks.net\/index.php\/wp-json\/wp\/v2\/posts"}],"about":[{"href":"https:\/\/narteks.net\/index.php\/wp-json\/wp\/v2\/types\/post"}],"author":[{"embeddable":true,"href":"https:\/\/narteks.net\/index.php\/wp-json\/wp\/v2\/users\/1"}],"replies":[{"embeddable":true,"href":"https:\/\/narteks.net\/index.php\/wp-json\/wp\/v2\/comments?post=5106"}],"version-history":[{"count":0,"href":"https:\/\/narteks.net\/index.php\/wp-json\/wp\/v2\/posts\/5106\/revisions"}],"wp:attachment":[{"href":"https:\/\/narteks.net\/index.php\/wp-json\/wp\/v2\/media?parent=5106"}],"wp:term":[{"taxonomy":"category","embeddable":true,"href":"https:\/\/narteks.net\/index.php\/wp-json\/wp\/v2\/categories?post=5106"},{"taxonomy":"post_tag","embeddable":true,"href":"https:\/\/narteks.net\/index.php\/wp-json\/wp\/v2\/tags?post=5106"}],"curies":[{"name":"wp","href":"https:\/\/api.w.org\/{rel}","templated":true}]}}