{"id":5112,"date":"2011-02-24T16:28:31","date_gmt":"2011-02-24T13:28:31","guid":{"rendered":"http:\/\/localhost\/wordpress\/2011\/02\/24\/deli-gonul-degme-caydan-bulanmaz\/"},"modified":"2011-02-24T16:28:31","modified_gmt":"2011-02-24T13:28:31","slug":"deli-gonul-degme-caydan-bulanmaz","status":"publish","type":"post","link":"https:\/\/narteks.net\/index.php\/2011\/02\/24\/deli-gonul-degme-caydan-bulanmaz\/","title":{"rendered":"DEL\u0130 G\u00d6N\u00dcL DE\u011eME \u00c7AYDAN BULANMAZ"},"content":{"rendered":"<p>\u00a0<\/p>\n<p>Deli g\u00f6n\u00fcl degme \u00e7aydan bulanmaz<br \/>Cosarsa dalgasi kendinden olur<br \/>Derdsiz asik diyar diyar dolanmaz<br \/>Gezdirir kavgasi kendinden olur<\/p>\n<p>G\u00f6n\u00fcle delidir demistik bastan<br \/>\u00dcsenmez borandan islanmaz yastan<br \/>Bogulmaz denizden yenmez atesten<br \/>Atesi kor k\u00f6z\u00fc kendinden olur<\/p>\n<p>G\u00f6n\u00fcl bir deryadir dalgasi dinmez<br \/>Her g\u00fczele meyil verip dost denmez<br \/>Tasima su ile degirmen d\u00f6nmez<br \/>D\u00f6k\u00fcl\u00fcr \u00e7arka su kendinden olur<\/p>\n<p>Y\u00fcce daglar ova gibi d\u00fczlenmez<br \/>Veysel muhannetten kerem g\u00f6zlenmez<br \/>Tilki g\u00f6lgesine arslan gizlenmez<br \/>Yigidin g\u00f6lgesi kendinden olur<\/p>\n","protected":false},"excerpt":{"rendered":"<p>\u00a0 Deli g\u00f6n\u00fcl degme \u00e7aydan bulanmazCosarsa dalgasi kendinden olurDerdsiz asik diyar diyar dolanmazGezdirir kavgasi kendinden olur G\u00f6n\u00fcle delidir demistik bastan\u00dcsenmez borandan islanmaz yastanBogulmaz denizden yenmez atestenAtesi kor k\u00f6z\u00fc kendinden olur G\u00f6n\u00fcl bir deryadir dalgasi dinmezHer g\u00fczele meyil verip dost denmezTasima su ile degirmen d\u00f6nmezD\u00f6k\u00fcl\u00fcr \u00e7arka su kendinden olur Y\u00fcce daglar ova gibi d\u00fczlenmezVeysel muhannetten kerem [&hellip;]<\/p>\n","protected":false},"author":1,"featured_media":0,"comment_status":"open","ping_status":"open","sticky":false,"template":"","format":"standard","meta":{"footnotes":""},"categories":[161],"tags":[],"class_list":{"0":"post-5112","1":"post","2":"type-post","3":"status-publish","4":"format-standard","6":"category-asik-veysel-satiroglu"},"yoast_head":"<!-- This site is optimized with the Yoast SEO Premium plugin v24.9 (Yoast SEO v24.9) - https:\/\/yoast.com\/wordpress\/plugins\/seo\/ -->\n<title>DEL\u0130 G\u00d6N\u00dcL DE\u011eME \u00c7AYDAN BULANMAZ - narteks.net<\/title>\n<meta name=\"robots\" content=\"index, follow, max-snippet:-1, max-image-preview:large, max-video-preview:-1\" \/>\n<link rel=\"canonical\" href=\"https:\/\/narteks.net\/index.php\/2011\/02\/24\/deli-gonul-degme-caydan-bulanmaz\/\" \/>\n<meta property=\"og:locale\" content=\"tr_TR\" \/>\n<meta property=\"og:type\" content=\"article\" \/>\n<meta property=\"og:title\" content=\"DEL\u0130 G\u00d6N\u00dcL DE\u011eME \u00c7AYDAN BULANMAZ\" \/>\n<meta property=\"og:description\" content=\"\u00a0 Deli g\u00f6n\u00fcl degme \u00e7aydan bulanmazCosarsa dalgasi kendinden olurDerdsiz asik diyar diyar dolanmazGezdirir kavgasi kendinden olur G\u00f6n\u00fcle delidir demistik bastan\u00dcsenmez borandan islanmaz yastanBogulmaz denizden yenmez atestenAtesi kor k\u00f6z\u00fc kendinden olur G\u00f6n\u00fcl bir deryadir dalgasi dinmezHer g\u00fczele meyil verip dost denmezTasima su ile degirmen d\u00f6nmezD\u00f6k\u00fcl\u00fcr \u00e7arka su kendinden olur Y\u00fcce daglar ova gibi d\u00fczlenmezVeysel muhannetten kerem [&hellip;]\" \/>\n<meta property=\"og:url\" content=\"https:\/\/narteks.net\/index.php\/2011\/02\/24\/deli-gonul-degme-caydan-bulanmaz\/\" \/>\n<meta property=\"og:site_name\" content=\"narteks.net\" \/>\n<meta property=\"article:published_time\" content=\"2011-02-24T13:28:31+00:00\" \/>\n<meta property=\"og:image\" content=\"https:\/\/narteks.net\/wp-content\/uploads\/narteks.png\" \/>\n\t<meta property=\"og:image:width\" content=\"300\" \/>\n\t<meta property=\"og:image:height\" content=\"90\" \/>\n\t<meta property=\"og:image:type\" content=\"image\/png\" \/>\n<meta name=\"author\" content=\"Tar\u0131k\" \/>\n<meta name=\"twitter:card\" content=\"summary_large_image\" \/>\n<meta name=\"twitter:creator\" content=\"@narteks\" \/>\n<meta name=\"twitter:site\" content=\"@narteks\" \/>\n<meta name=\"twitter:label1\" content=\"Yazan:\" \/>\n\t<meta name=\"twitter:data1\" content=\"Tar\u0131k\" \/>\n<script type=\"application\/ld+json\" class=\"yoast-schema-graph\">{\"@context\":\"https:\/\/schema.org\",\"@graph\":[{\"@type\":\"Article\",\"@id\":\"https:\/\/narteks.net\/index.php\/2011\/02\/24\/deli-gonul-degme-caydan-bulanmaz\/#article\",\"isPartOf\":{\"@id\":\"https:\/\/narteks.net\/index.php\/2011\/02\/24\/deli-gonul-degme-caydan-bulanmaz\/\"},\"author\":{\"name\":\"Tar\u0131k\",\"@id\":\"https:\/\/narteks.net\/#\/schema\/person\/61f37d9834294b72d31d274e7ed79bca\"},\"headline\":\"DEL\u0130 G\u00d6N\u00dcL DE\u011eME \u00c7AYDAN BULANMAZ\",\"datePublished\":\"2011-02-24T13:28:31+00:00\",\"mainEntityOfPage\":{\"@id\":\"https:\/\/narteks.net\/index.php\/2011\/02\/24\/deli-gonul-degme-caydan-bulanmaz\/\"},\"wordCount\":87,\"commentCount\":0,\"publisher\":{\"@id\":\"https:\/\/narteks.net\/#organization\"},\"articleSection\":[\"A\u015f\u0131k Veysel \u015eATIRO\u011eLU\"],\"inLanguage\":\"tr\",\"potentialAction\":[{\"@type\":\"CommentAction\",\"name\":\"Comment\",\"target\":[\"https:\/\/narteks.net\/index.php\/2011\/02\/24\/deli-gonul-degme-caydan-bulanmaz\/#respond\"]}]},{\"@type\":\"WebPage\",\"@id\":\"https:\/\/narteks.net\/index.php\/2011\/02\/24\/deli-gonul-degme-caydan-bulanmaz\/\",\"url\":\"https:\/\/narteks.net\/index.php\/2011\/02\/24\/deli-gonul-degme-caydan-bulanmaz\/\",\"name\":\"DEL\u0130 G\u00d6N\u00dcL DE\u011eME \u00c7AYDAN BULANMAZ - narteks.net\",\"isPartOf\":{\"@id\":\"https:\/\/narteks.net\/#website\"},\"datePublished\":\"2011-02-24T13:28:31+00:00\",\"breadcrumb\":{\"@id\":\"https:\/\/narteks.net\/index.php\/2011\/02\/24\/deli-gonul-degme-caydan-bulanmaz\/#breadcrumb\"},\"inLanguage\":\"tr\",\"potentialAction\":[{\"@type\":\"ReadAction\",\"target\":[\"https:\/\/narteks.net\/index.php\/2011\/02\/24\/deli-gonul-degme-caydan-bulanmaz\/\"]}]},{\"@type\":\"BreadcrumbList\",\"@id\":\"https:\/\/narteks.net\/index.php\/2011\/02\/24\/deli-gonul-degme-caydan-bulanmaz\/#breadcrumb\",\"itemListElement\":[{\"@type\":\"ListItem\",\"position\":1,\"name\":\"Anasayfa\",\"item\":\"https:\/\/narteks.net\/\"},{\"@type\":\"ListItem\",\"position\":2,\"name\":\"DEL\u0130 G\u00d6N\u00dcL DE\u011eME \u00c7AYDAN BULANMAZ\"}]},{\"@type\":\"WebSite\",\"@id\":\"https:\/\/narteks.net\/#website\",\"url\":\"https:\/\/narteks.net\/\",\"name\":\"narteks.net\",\"description\":\"K\u00fclt\u00fcr Sanat Edebiyat Felsefe\",\"publisher\":{\"@id\":\"https:\/\/narteks.net\/#organization\"},\"alternateName\":\"K\u00fclt\u00fcr Sanat Edebiyat Felsefe\",\"potentialAction\":[{\"@type\":\"SearchAction\",\"target\":{\"@type\":\"EntryPoint\",\"urlTemplate\":\"https:\/\/narteks.net\/?s={search_term_string}\"},\"query-input\":{\"@type\":\"PropertyValueSpecification\",\"valueRequired\":true,\"valueName\":\"search_term_string\"}}],\"inLanguage\":\"tr\"},{\"@type\":\"Organization\",\"@id\":\"https:\/\/narteks.net\/#organization\",\"name\":\"narteks.net\",\"url\":\"https:\/\/narteks.net\/\",\"logo\":{\"@type\":\"ImageObject\",\"inLanguage\":\"tr\",\"@id\":\"https:\/\/narteks.net\/#\/schema\/logo\/image\/\",\"url\":\"https:\/\/narteks.net\/wp-content\/uploads\/narteks.png\",\"contentUrl\":\"https:\/\/narteks.net\/wp-content\/uploads\/narteks.png\",\"width\":300,\"height\":90,\"caption\":\"narteks.net\"},\"image\":{\"@id\":\"https:\/\/narteks.net\/#\/schema\/logo\/image\/\"},\"sameAs\":[\"https:\/\/x.com\/narteks\",\"https:\/\/instagram.com\/narteksnet\"]},{\"@type\":\"Person\",\"@id\":\"https:\/\/narteks.net\/#\/schema\/person\/61f37d9834294b72d31d274e7ed79bca\",\"name\":\"Tar\u0131k\",\"image\":{\"@type\":\"ImageObject\",\"inLanguage\":\"tr\",\"@id\":\"https:\/\/narteks.net\/#\/schema\/person\/image\/\",\"url\":\"https:\/\/secure.gravatar.com\/avatar\/50865afb55632c4ae467e0af0930f6510aa2297d8014be502a55b14f3b7550cf?s=96&d=mm&r=g\",\"contentUrl\":\"https:\/\/secure.gravatar.com\/avatar\/50865afb55632c4ae467e0af0930f6510aa2297d8014be502a55b14f3b7550cf?s=96&d=mm&r=g\",\"caption\":\"Tar\u0131k\"},\"sameAs\":[\"http:\/\/narteks.net\"],\"url\":\"https:\/\/narteks.net\/index.php\/author\/narbak\/\"}]}<\/script>\n<!-- \/ Yoast SEO Premium plugin. -->","yoast_head_json":{"title":"DEL\u0130 G\u00d6N\u00dcL DE\u011eME \u00c7AYDAN BULANMAZ - narteks.net","robots":{"index":"index","follow":"follow","max-snippet":"max-snippet:-1","max-image-preview":"max-image-preview:large","max-video-preview":"max-video-preview:-1"},"canonical":"https:\/\/narteks.net\/index.php\/2011\/02\/24\/deli-gonul-degme-caydan-bulanmaz\/","og_locale":"tr_TR","og_type":"article","og_title":"DEL\u0130 G\u00d6N\u00dcL DE\u011eME \u00c7AYDAN BULANMAZ","og_description":"\u00a0 Deli g\u00f6n\u00fcl degme \u00e7aydan bulanmazCosarsa dalgasi kendinden olurDerdsiz asik diyar diyar dolanmazGezdirir kavgasi kendinden olur G\u00f6n\u00fcle delidir demistik bastan\u00dcsenmez borandan islanmaz yastanBogulmaz denizden yenmez atestenAtesi kor k\u00f6z\u00fc kendinden olur G\u00f6n\u00fcl bir deryadir dalgasi dinmezHer g\u00fczele meyil verip dost denmezTasima su ile degirmen d\u00f6nmezD\u00f6k\u00fcl\u00fcr \u00e7arka su kendinden olur Y\u00fcce daglar ova gibi d\u00fczlenmezVeysel muhannetten kerem [&hellip;]","og_url":"https:\/\/narteks.net\/index.php\/2011\/02\/24\/deli-gonul-degme-caydan-bulanmaz\/","og_site_name":"narteks.net","article_published_time":"2011-02-24T13:28:31+00:00","og_image":[{"width":300,"height":90,"url":"https:\/\/narteks.net\/wp-content\/uploads\/narteks.png","type":"image\/png"}],"author":"Tar\u0131k","twitter_card":"summary_large_image","twitter_creator":"@narteks","twitter_site":"@narteks","twitter_misc":{"Yazan:":"Tar\u0131k"},"schema":{"@context":"https:\/\/schema.org","@graph":[{"@type":"Article","@id":"https:\/\/narteks.net\/index.php\/2011\/02\/24\/deli-gonul-degme-caydan-bulanmaz\/#article","isPartOf":{"@id":"https:\/\/narteks.net\/index.php\/2011\/02\/24\/deli-gonul-degme-caydan-bulanmaz\/"},"author":{"name":"Tar\u0131k","@id":"https:\/\/narteks.net\/#\/schema\/person\/61f37d9834294b72d31d274e7ed79bca"},"headline":"DEL\u0130 G\u00d6N\u00dcL DE\u011eME \u00c7AYDAN BULANMAZ","datePublished":"2011-02-24T13:28:31+00:00","mainEntityOfPage":{"@id":"https:\/\/narteks.net\/index.php\/2011\/02\/24\/deli-gonul-degme-caydan-bulanmaz\/"},"wordCount":87,"commentCount":0,"publisher":{"@id":"https:\/\/narteks.net\/#organization"},"articleSection":["A\u015f\u0131k Veysel \u015eATIRO\u011eLU"],"inLanguage":"tr","potentialAction":[{"@type":"CommentAction","name":"Comment","target":["https:\/\/narteks.net\/index.php\/2011\/02\/24\/deli-gonul-degme-caydan-bulanmaz\/#respond"]}]},{"@type":"WebPage","@id":"https:\/\/narteks.net\/index.php\/2011\/02\/24\/deli-gonul-degme-caydan-bulanmaz\/","url":"https:\/\/narteks.net\/index.php\/2011\/02\/24\/deli-gonul-degme-caydan-bulanmaz\/","name":"DEL\u0130 G\u00d6N\u00dcL DE\u011eME \u00c7AYDAN BULANMAZ - narteks.net","isPartOf":{"@id":"https:\/\/narteks.net\/#website"},"datePublished":"2011-02-24T13:28:31+00:00","breadcrumb":{"@id":"https:\/\/narteks.net\/index.php\/2011\/02\/24\/deli-gonul-degme-caydan-bulanmaz\/#breadcrumb"},"inLanguage":"tr","potentialAction":[{"@type":"ReadAction","target":["https:\/\/narteks.net\/index.php\/2011\/02\/24\/deli-gonul-degme-caydan-bulanmaz\/"]}]},{"@type":"BreadcrumbList","@id":"https:\/\/narteks.net\/index.php\/2011\/02\/24\/deli-gonul-degme-caydan-bulanmaz\/#breadcrumb","itemListElement":[{"@type":"ListItem","position":1,"name":"Anasayfa","item":"https:\/\/narteks.net\/"},{"@type":"ListItem","position":2,"name":"DEL\u0130 G\u00d6N\u00dcL DE\u011eME \u00c7AYDAN BULANMAZ"}]},{"@type":"WebSite","@id":"https:\/\/narteks.net\/#website","url":"https:\/\/narteks.net\/","name":"narteks.net","description":"K\u00fclt\u00fcr Sanat Edebiyat Felsefe","publisher":{"@id":"https:\/\/narteks.net\/#organization"},"alternateName":"K\u00fclt\u00fcr Sanat Edebiyat Felsefe","potentialAction":[{"@type":"SearchAction","target":{"@type":"EntryPoint","urlTemplate":"https:\/\/narteks.net\/?s={search_term_string}"},"query-input":{"@type":"PropertyValueSpecification","valueRequired":true,"valueName":"search_term_string"}}],"inLanguage":"tr"},{"@type":"Organization","@id":"https:\/\/narteks.net\/#organization","name":"narteks.net","url":"https:\/\/narteks.net\/","logo":{"@type":"ImageObject","inLanguage":"tr","@id":"https:\/\/narteks.net\/#\/schema\/logo\/image\/","url":"https:\/\/narteks.net\/wp-content\/uploads\/narteks.png","contentUrl":"https:\/\/narteks.net\/wp-content\/uploads\/narteks.png","width":300,"height":90,"caption":"narteks.net"},"image":{"@id":"https:\/\/narteks.net\/#\/schema\/logo\/image\/"},"sameAs":["https:\/\/x.com\/narteks","https:\/\/instagram.com\/narteksnet"]},{"@type":"Person","@id":"https:\/\/narteks.net\/#\/schema\/person\/61f37d9834294b72d31d274e7ed79bca","name":"Tar\u0131k","image":{"@type":"ImageObject","inLanguage":"tr","@id":"https:\/\/narteks.net\/#\/schema\/person\/image\/","url":"https:\/\/secure.gravatar.com\/avatar\/50865afb55632c4ae467e0af0930f6510aa2297d8014be502a55b14f3b7550cf?s=96&d=mm&r=g","contentUrl":"https:\/\/secure.gravatar.com\/avatar\/50865afb55632c4ae467e0af0930f6510aa2297d8014be502a55b14f3b7550cf?s=96&d=mm&r=g","caption":"Tar\u0131k"},"sameAs":["http:\/\/narteks.net"],"url":"https:\/\/narteks.net\/index.php\/author\/narbak\/"}]}},"_links":{"self":[{"href":"https:\/\/narteks.net\/index.php\/wp-json\/wp\/v2\/posts\/5112","targetHints":{"allow":["GET"]}}],"collection":[{"href":"https:\/\/narteks.net\/index.php\/wp-json\/wp\/v2\/posts"}],"about":[{"href":"https:\/\/narteks.net\/index.php\/wp-json\/wp\/v2\/types\/post"}],"author":[{"embeddable":true,"href":"https:\/\/narteks.net\/index.php\/wp-json\/wp\/v2\/users\/1"}],"replies":[{"embeddable":true,"href":"https:\/\/narteks.net\/index.php\/wp-json\/wp\/v2\/comments?post=5112"}],"version-history":[{"count":0,"href":"https:\/\/narteks.net\/index.php\/wp-json\/wp\/v2\/posts\/5112\/revisions"}],"wp:attachment":[{"href":"https:\/\/narteks.net\/index.php\/wp-json\/wp\/v2\/media?parent=5112"}],"wp:term":[{"taxonomy":"category","embeddable":true,"href":"https:\/\/narteks.net\/index.php\/wp-json\/wp\/v2\/categories?post=5112"},{"taxonomy":"post_tag","embeddable":true,"href":"https:\/\/narteks.net\/index.php\/wp-json\/wp\/v2\/tags?post=5112"}],"curies":[{"name":"wp","href":"https:\/\/api.w.org\/{rel}","templated":true}]}}