{"id":5115,"date":"2011-02-24T16:30:07","date_gmt":"2011-02-24T13:30:07","guid":{"rendered":"http:\/\/localhost\/wordpress\/2011\/02\/24\/dunya-genis-idi-simdi-daraldi\/"},"modified":"2011-02-24T16:30:07","modified_gmt":"2011-02-24T13:30:07","slug":"dunya-genis-idi-simdi-daraldi","status":"publish","type":"post","link":"https:\/\/narteks.net\/index.php\/2011\/02\/24\/dunya-genis-idi-simdi-daraldi\/","title":{"rendered":"D\u00dcNYA GEN\u0130\u015e \u0130D\u0130 \u015e\u0130MD\u0130 DARALDI"},"content":{"rendered":"<p>\u00a0<\/p>\n<p>D\u00fcnya genis idi simdi daraldi<br \/>\u00c7ikip gidecegin yer belli degil<br \/>Yetmis alti yildir alir satarim<br \/>Bakmadim deftere kar belli degil<\/p>\n<p>Seyrettim alemi d\u00fcnya dar dedim<br \/>Ay d\u00fcnya, arasi sanki bir adim<br \/>Denizi karayi \u00f6l\u00e7t\u00fcm aradim<br \/>Adalar i\u00e7inde var belli degil<\/p>\n<p>Avrupa Asya ayri bir kita<br \/>Bir yillik yol idi deveye ata<br \/>U\u00e7aklar sigdirdi bes on saata<br \/>Daha neler \u00e7ikar dur belli degil<\/p>\n<p>Hirsizlar \u00e7alardi at ile para<br \/>Simdi \u00e7aliyorlar u\u00e7ak-tayyare<br \/>Bekar kalsam d\u00fcn\u00fcr olsam dullara<br \/>Istenecek baslik ver belli degil<\/p>\n<p>Evlattan usaktan fayda bekleme<br \/>Binde bir bulunur o da tekleme<br \/>Cahil insan g\u00fcl ise de koklama<br \/>Ayvasi turuncu nar belli degil<\/p>\n<p>Ne ogluna g\u00fcven ne de kizina<br \/>Dogru s\u00f6ylen kulak vermez s\u00f6z\u00fcne<br \/>Yalvar yakar getiremen izine<br \/>I\u00e7imde bir ates kor belli degil<\/p>\n<p>Bu kahpe d\u00fcnyanin sonu vefasiz<br \/>Bes g\u00fcnl\u00fck \u00f6mr\u00fcn\u00fc ge\u00e7ir kavgasiz<br \/>Diyorlar Veysel\\&#8217;e sersem kafasiz<br \/>Basimda duman var kar belli degil<\/p>\n","protected":false},"excerpt":{"rendered":"<p>\u00a0 D\u00fcnya genis idi simdi daraldi\u00c7ikip gidecegin yer belli degilYetmis alti yildir alir satarimBakmadim deftere kar belli degil Seyrettim alemi d\u00fcnya dar dedimAy d\u00fcnya, arasi sanki bir adimDenizi karayi \u00f6l\u00e7t\u00fcm aradimAdalar i\u00e7inde var belli degil Avrupa Asya ayri bir kitaBir yillik yol idi deveye ataU\u00e7aklar sigdirdi bes on saataDaha neler \u00e7ikar dur belli degil Hirsizlar [&hellip;]<\/p>\n","protected":false},"author":1,"featured_media":0,"comment_status":"open","ping_status":"open","sticky":false,"template":"","format":"standard","meta":{"footnotes":""},"categories":[161],"tags":[],"class_list":{"0":"post-5115","1":"post","2":"type-post","3":"status-publish","4":"format-standard","6":"category-asik-veysel-satiroglu"},"yoast_head":"<!-- This site is optimized with the Yoast SEO Premium plugin v24.9 (Yoast SEO v24.9) - https:\/\/yoast.com\/wordpress\/plugins\/seo\/ -->\n<title>D\u00dcNYA GEN\u0130\u015e \u0130D\u0130 \u015e\u0130MD\u0130 DARALDI - narteks.net<\/title>\n<meta name=\"robots\" content=\"index, follow, max-snippet:-1, max-image-preview:large, max-video-preview:-1\" \/>\n<link rel=\"canonical\" href=\"https:\/\/narteks.net\/index.php\/2011\/02\/24\/dunya-genis-idi-simdi-daraldi\/\" \/>\n<meta property=\"og:locale\" content=\"tr_TR\" \/>\n<meta property=\"og:type\" content=\"article\" \/>\n<meta property=\"og:title\" content=\"D\u00dcNYA GEN\u0130\u015e \u0130D\u0130 \u015e\u0130MD\u0130 DARALDI\" \/>\n<meta property=\"og:description\" content=\"\u00a0 D\u00fcnya genis idi simdi daraldi\u00c7ikip gidecegin yer belli degilYetmis alti yildir alir satarimBakmadim deftere kar belli degil Seyrettim alemi d\u00fcnya dar dedimAy d\u00fcnya, arasi sanki bir adimDenizi karayi \u00f6l\u00e7t\u00fcm aradimAdalar i\u00e7inde var belli degil Avrupa Asya ayri bir kitaBir yillik yol idi deveye ataU\u00e7aklar sigdirdi bes on saataDaha neler \u00e7ikar dur belli degil Hirsizlar [&hellip;]\" \/>\n<meta property=\"og:url\" content=\"https:\/\/narteks.net\/index.php\/2011\/02\/24\/dunya-genis-idi-simdi-daraldi\/\" \/>\n<meta property=\"og:site_name\" content=\"narteks.net\" \/>\n<meta property=\"article:published_time\" content=\"2011-02-24T13:30:07+00:00\" \/>\n<meta property=\"og:image\" content=\"https:\/\/narteks.net\/wp-content\/uploads\/narteks.png\" \/>\n\t<meta property=\"og:image:width\" content=\"300\" \/>\n\t<meta property=\"og:image:height\" content=\"90\" \/>\n\t<meta property=\"og:image:type\" content=\"image\/png\" \/>\n<meta name=\"author\" content=\"Tar\u0131k\" \/>\n<meta name=\"twitter:card\" content=\"summary_large_image\" \/>\n<meta name=\"twitter:creator\" content=\"@narteks\" \/>\n<meta name=\"twitter:site\" content=\"@narteks\" \/>\n<meta name=\"twitter:label1\" content=\"Yazan:\" \/>\n\t<meta name=\"twitter:data1\" content=\"Tar\u0131k\" \/>\n\t<meta name=\"twitter:label2\" content=\"Tahmini okuma s\u00fcresi\" \/>\n\t<meta name=\"twitter:data2\" content=\"1 dakika\" \/>\n<script type=\"application\/ld+json\" class=\"yoast-schema-graph\">{\"@context\":\"https:\/\/schema.org\",\"@graph\":[{\"@type\":\"Article\",\"@id\":\"https:\/\/narteks.net\/index.php\/2011\/02\/24\/dunya-genis-idi-simdi-daraldi\/#article\",\"isPartOf\":{\"@id\":\"https:\/\/narteks.net\/index.php\/2011\/02\/24\/dunya-genis-idi-simdi-daraldi\/\"},\"author\":{\"name\":\"Tar\u0131k\",\"@id\":\"https:\/\/narteks.net\/#\/schema\/person\/61f37d9834294b72d31d274e7ed79bca\"},\"headline\":\"D\u00dcNYA GEN\u0130\u015e \u0130D\u0130 \u015e\u0130MD\u0130 DARALDI\",\"datePublished\":\"2011-02-24T13:30:07+00:00\",\"mainEntityOfPage\":{\"@id\":\"https:\/\/narteks.net\/index.php\/2011\/02\/24\/dunya-genis-idi-simdi-daraldi\/\"},\"wordCount\":150,\"commentCount\":0,\"publisher\":{\"@id\":\"https:\/\/narteks.net\/#organization\"},\"articleSection\":[\"A\u015f\u0131k Veysel \u015eATIRO\u011eLU\"],\"inLanguage\":\"tr\",\"potentialAction\":[{\"@type\":\"CommentAction\",\"name\":\"Comment\",\"target\":[\"https:\/\/narteks.net\/index.php\/2011\/02\/24\/dunya-genis-idi-simdi-daraldi\/#respond\"]}]},{\"@type\":\"WebPage\",\"@id\":\"https:\/\/narteks.net\/index.php\/2011\/02\/24\/dunya-genis-idi-simdi-daraldi\/\",\"url\":\"https:\/\/narteks.net\/index.php\/2011\/02\/24\/dunya-genis-idi-simdi-daraldi\/\",\"name\":\"D\u00dcNYA GEN\u0130\u015e \u0130D\u0130 \u015e\u0130MD\u0130 DARALDI - narteks.net\",\"isPartOf\":{\"@id\":\"https:\/\/narteks.net\/#website\"},\"datePublished\":\"2011-02-24T13:30:07+00:00\",\"breadcrumb\":{\"@id\":\"https:\/\/narteks.net\/index.php\/2011\/02\/24\/dunya-genis-idi-simdi-daraldi\/#breadcrumb\"},\"inLanguage\":\"tr\",\"potentialAction\":[{\"@type\":\"ReadAction\",\"target\":[\"https:\/\/narteks.net\/index.php\/2011\/02\/24\/dunya-genis-idi-simdi-daraldi\/\"]}]},{\"@type\":\"BreadcrumbList\",\"@id\":\"https:\/\/narteks.net\/index.php\/2011\/02\/24\/dunya-genis-idi-simdi-daraldi\/#breadcrumb\",\"itemListElement\":[{\"@type\":\"ListItem\",\"position\":1,\"name\":\"Anasayfa\",\"item\":\"https:\/\/narteks.net\/\"},{\"@type\":\"ListItem\",\"position\":2,\"name\":\"D\u00dcNYA GEN\u0130\u015e \u0130D\u0130 \u015e\u0130MD\u0130 DARALDI\"}]},{\"@type\":\"WebSite\",\"@id\":\"https:\/\/narteks.net\/#website\",\"url\":\"https:\/\/narteks.net\/\",\"name\":\"narteks.net\",\"description\":\"K\u00fclt\u00fcr Sanat Edebiyat Felsefe\",\"publisher\":{\"@id\":\"https:\/\/narteks.net\/#organization\"},\"alternateName\":\"K\u00fclt\u00fcr Sanat Edebiyat Felsefe\",\"potentialAction\":[{\"@type\":\"SearchAction\",\"target\":{\"@type\":\"EntryPoint\",\"urlTemplate\":\"https:\/\/narteks.net\/?s={search_term_string}\"},\"query-input\":{\"@type\":\"PropertyValueSpecification\",\"valueRequired\":true,\"valueName\":\"search_term_string\"}}],\"inLanguage\":\"tr\"},{\"@type\":\"Organization\",\"@id\":\"https:\/\/narteks.net\/#organization\",\"name\":\"narteks.net\",\"url\":\"https:\/\/narteks.net\/\",\"logo\":{\"@type\":\"ImageObject\",\"inLanguage\":\"tr\",\"@id\":\"https:\/\/narteks.net\/#\/schema\/logo\/image\/\",\"url\":\"https:\/\/narteks.net\/wp-content\/uploads\/narteks.png\",\"contentUrl\":\"https:\/\/narteks.net\/wp-content\/uploads\/narteks.png\",\"width\":300,\"height\":90,\"caption\":\"narteks.net\"},\"image\":{\"@id\":\"https:\/\/narteks.net\/#\/schema\/logo\/image\/\"},\"sameAs\":[\"https:\/\/x.com\/narteks\",\"https:\/\/instagram.com\/narteksnet\"]},{\"@type\":\"Person\",\"@id\":\"https:\/\/narteks.net\/#\/schema\/person\/61f37d9834294b72d31d274e7ed79bca\",\"name\":\"Tar\u0131k\",\"image\":{\"@type\":\"ImageObject\",\"inLanguage\":\"tr\",\"@id\":\"https:\/\/narteks.net\/#\/schema\/person\/image\/\",\"url\":\"https:\/\/secure.gravatar.com\/avatar\/50865afb55632c4ae467e0af0930f6510aa2297d8014be502a55b14f3b7550cf?s=96&d=mm&r=g\",\"contentUrl\":\"https:\/\/secure.gravatar.com\/avatar\/50865afb55632c4ae467e0af0930f6510aa2297d8014be502a55b14f3b7550cf?s=96&d=mm&r=g\",\"caption\":\"Tar\u0131k\"},\"sameAs\":[\"http:\/\/narteks.net\"],\"url\":\"https:\/\/narteks.net\/index.php\/author\/narbak\/\"}]}<\/script>\n<!-- \/ Yoast SEO Premium plugin. -->","yoast_head_json":{"title":"D\u00dcNYA GEN\u0130\u015e \u0130D\u0130 \u015e\u0130MD\u0130 DARALDI - narteks.net","robots":{"index":"index","follow":"follow","max-snippet":"max-snippet:-1","max-image-preview":"max-image-preview:large","max-video-preview":"max-video-preview:-1"},"canonical":"https:\/\/narteks.net\/index.php\/2011\/02\/24\/dunya-genis-idi-simdi-daraldi\/","og_locale":"tr_TR","og_type":"article","og_title":"D\u00dcNYA GEN\u0130\u015e \u0130D\u0130 \u015e\u0130MD\u0130 DARALDI","og_description":"\u00a0 D\u00fcnya genis idi simdi daraldi\u00c7ikip gidecegin yer belli degilYetmis alti yildir alir satarimBakmadim deftere kar belli degil Seyrettim alemi d\u00fcnya dar dedimAy d\u00fcnya, arasi sanki bir adimDenizi karayi \u00f6l\u00e7t\u00fcm aradimAdalar i\u00e7inde var belli degil Avrupa Asya ayri bir kitaBir yillik yol idi deveye ataU\u00e7aklar sigdirdi bes on saataDaha neler \u00e7ikar dur belli degil Hirsizlar [&hellip;]","og_url":"https:\/\/narteks.net\/index.php\/2011\/02\/24\/dunya-genis-idi-simdi-daraldi\/","og_site_name":"narteks.net","article_published_time":"2011-02-24T13:30:07+00:00","og_image":[{"width":300,"height":90,"url":"https:\/\/narteks.net\/wp-content\/uploads\/narteks.png","type":"image\/png"}],"author":"Tar\u0131k","twitter_card":"summary_large_image","twitter_creator":"@narteks","twitter_site":"@narteks","twitter_misc":{"Yazan:":"Tar\u0131k","Tahmini okuma s\u00fcresi":"1 dakika"},"schema":{"@context":"https:\/\/schema.org","@graph":[{"@type":"Article","@id":"https:\/\/narteks.net\/index.php\/2011\/02\/24\/dunya-genis-idi-simdi-daraldi\/#article","isPartOf":{"@id":"https:\/\/narteks.net\/index.php\/2011\/02\/24\/dunya-genis-idi-simdi-daraldi\/"},"author":{"name":"Tar\u0131k","@id":"https:\/\/narteks.net\/#\/schema\/person\/61f37d9834294b72d31d274e7ed79bca"},"headline":"D\u00dcNYA GEN\u0130\u015e \u0130D\u0130 \u015e\u0130MD\u0130 DARALDI","datePublished":"2011-02-24T13:30:07+00:00","mainEntityOfPage":{"@id":"https:\/\/narteks.net\/index.php\/2011\/02\/24\/dunya-genis-idi-simdi-daraldi\/"},"wordCount":150,"commentCount":0,"publisher":{"@id":"https:\/\/narteks.net\/#organization"},"articleSection":["A\u015f\u0131k Veysel \u015eATIRO\u011eLU"],"inLanguage":"tr","potentialAction":[{"@type":"CommentAction","name":"Comment","target":["https:\/\/narteks.net\/index.php\/2011\/02\/24\/dunya-genis-idi-simdi-daraldi\/#respond"]}]},{"@type":"WebPage","@id":"https:\/\/narteks.net\/index.php\/2011\/02\/24\/dunya-genis-idi-simdi-daraldi\/","url":"https:\/\/narteks.net\/index.php\/2011\/02\/24\/dunya-genis-idi-simdi-daraldi\/","name":"D\u00dcNYA GEN\u0130\u015e \u0130D\u0130 \u015e\u0130MD\u0130 DARALDI - narteks.net","isPartOf":{"@id":"https:\/\/narteks.net\/#website"},"datePublished":"2011-02-24T13:30:07+00:00","breadcrumb":{"@id":"https:\/\/narteks.net\/index.php\/2011\/02\/24\/dunya-genis-idi-simdi-daraldi\/#breadcrumb"},"inLanguage":"tr","potentialAction":[{"@type":"ReadAction","target":["https:\/\/narteks.net\/index.php\/2011\/02\/24\/dunya-genis-idi-simdi-daraldi\/"]}]},{"@type":"BreadcrumbList","@id":"https:\/\/narteks.net\/index.php\/2011\/02\/24\/dunya-genis-idi-simdi-daraldi\/#breadcrumb","itemListElement":[{"@type":"ListItem","position":1,"name":"Anasayfa","item":"https:\/\/narteks.net\/"},{"@type":"ListItem","position":2,"name":"D\u00dcNYA GEN\u0130\u015e \u0130D\u0130 \u015e\u0130MD\u0130 DARALDI"}]},{"@type":"WebSite","@id":"https:\/\/narteks.net\/#website","url":"https:\/\/narteks.net\/","name":"narteks.net","description":"K\u00fclt\u00fcr Sanat Edebiyat Felsefe","publisher":{"@id":"https:\/\/narteks.net\/#organization"},"alternateName":"K\u00fclt\u00fcr Sanat Edebiyat Felsefe","potentialAction":[{"@type":"SearchAction","target":{"@type":"EntryPoint","urlTemplate":"https:\/\/narteks.net\/?s={search_term_string}"},"query-input":{"@type":"PropertyValueSpecification","valueRequired":true,"valueName":"search_term_string"}}],"inLanguage":"tr"},{"@type":"Organization","@id":"https:\/\/narteks.net\/#organization","name":"narteks.net","url":"https:\/\/narteks.net\/","logo":{"@type":"ImageObject","inLanguage":"tr","@id":"https:\/\/narteks.net\/#\/schema\/logo\/image\/","url":"https:\/\/narteks.net\/wp-content\/uploads\/narteks.png","contentUrl":"https:\/\/narteks.net\/wp-content\/uploads\/narteks.png","width":300,"height":90,"caption":"narteks.net"},"image":{"@id":"https:\/\/narteks.net\/#\/schema\/logo\/image\/"},"sameAs":["https:\/\/x.com\/narteks","https:\/\/instagram.com\/narteksnet"]},{"@type":"Person","@id":"https:\/\/narteks.net\/#\/schema\/person\/61f37d9834294b72d31d274e7ed79bca","name":"Tar\u0131k","image":{"@type":"ImageObject","inLanguage":"tr","@id":"https:\/\/narteks.net\/#\/schema\/person\/image\/","url":"https:\/\/secure.gravatar.com\/avatar\/50865afb55632c4ae467e0af0930f6510aa2297d8014be502a55b14f3b7550cf?s=96&d=mm&r=g","contentUrl":"https:\/\/secure.gravatar.com\/avatar\/50865afb55632c4ae467e0af0930f6510aa2297d8014be502a55b14f3b7550cf?s=96&d=mm&r=g","caption":"Tar\u0131k"},"sameAs":["http:\/\/narteks.net"],"url":"https:\/\/narteks.net\/index.php\/author\/narbak\/"}]}},"_links":{"self":[{"href":"https:\/\/narteks.net\/index.php\/wp-json\/wp\/v2\/posts\/5115","targetHints":{"allow":["GET"]}}],"collection":[{"href":"https:\/\/narteks.net\/index.php\/wp-json\/wp\/v2\/posts"}],"about":[{"href":"https:\/\/narteks.net\/index.php\/wp-json\/wp\/v2\/types\/post"}],"author":[{"embeddable":true,"href":"https:\/\/narteks.net\/index.php\/wp-json\/wp\/v2\/users\/1"}],"replies":[{"embeddable":true,"href":"https:\/\/narteks.net\/index.php\/wp-json\/wp\/v2\/comments?post=5115"}],"version-history":[{"count":0,"href":"https:\/\/narteks.net\/index.php\/wp-json\/wp\/v2\/posts\/5115\/revisions"}],"wp:attachment":[{"href":"https:\/\/narteks.net\/index.php\/wp-json\/wp\/v2\/media?parent=5115"}],"wp:term":[{"taxonomy":"category","embeddable":true,"href":"https:\/\/narteks.net\/index.php\/wp-json\/wp\/v2\/categories?post=5115"},{"taxonomy":"post_tag","embeddable":true,"href":"https:\/\/narteks.net\/index.php\/wp-json\/wp\/v2\/tags?post=5115"}],"curies":[{"name":"wp","href":"https:\/\/api.w.org\/{rel}","templated":true}]}}