{"id":5116,"date":"2011-02-24T16:30:55","date_gmt":"2011-02-24T13:30:55","guid":{"rendered":"http:\/\/localhost\/wordpress\/2011\/02\/24\/dunyada-tukenmez-murad-var-imis\/"},"modified":"2011-02-24T16:30:55","modified_gmt":"2011-02-24T13:30:55","slug":"dunyada-tukenmez-murad-var-imis","status":"publish","type":"post","link":"https:\/\/narteks.net\/index.php\/2011\/02\/24\/dunyada-tukenmez-murad-var-imis\/","title":{"rendered":"D\u00dcNYADA T\u00dcKENMEZ MURAD VAR \u0130M\u0130\u015e"},"content":{"rendered":"<p>\u00a0<\/p>\n<p>D\u00fcnyada t\u00fckenmez murad var imis<br \/>Ne alani g\u00f6rd\u00fcm ne murad g\u00f6rd\u00fcm<br \/>Mesakkatin adin Murad koymuslar<br \/>D\u00fcnyada ne lezzet ne tad g\u00f6rd\u00fcm<\/p>\n<p>\u00d6l\u00fcm var d\u00fcnyada yok imis murad<br \/>G\u00fcnbeg\u00fcn artiyor t\u00fcrl\u00fc mesakkat<br \/>Kalmamis d\u00fcnyada ehli kanaat<br \/>Insanlar i\u00e7inde \u00e7ok fesat g\u00f6rd\u00fcm<\/p>\n<p>Nusverani Adil nerede tahti<br \/>S\u00fcleyman m\u00fchr\u00fcn\u00fc kimse birakti<br \/>Resul\u00fc Ekrem\\&#8217;in kanunu hakti<br \/>Her \u00f6mr\u00fcn sonunda bir feryat g\u00f6rd\u00fcm<\/p>\n<p>Var midir d\u00fcnyaya gelip de kalan<br \/>G\u00fcl\u00fcp bastan basa muradin alan<br \/>Muradi maksudu hepsi yalan<br \/>\u00d6l\u00fcm\u00fc d\u00fcnyada hakikat g\u00f6rd\u00fcm<\/p>\n<p>D\u00f6n\u00fcyor bir dolap \u00e7arki belirsiz<br \/>\u00c7aglayan bir su var arki belirsiz<br \/>Veysel neler satar narki belirsiz<br \/>Ne m\u00fcsteri g\u00f6rd\u00fcm ne hesap g\u00f6rd\u00fcm<\/p>\n","protected":false},"excerpt":{"rendered":"<p>\u00a0 D\u00fcnyada t\u00fckenmez murad var imisNe alani g\u00f6rd\u00fcm ne murad g\u00f6rd\u00fcmMesakkatin adin Murad koymuslarD\u00fcnyada ne lezzet ne tad g\u00f6rd\u00fcm \u00d6l\u00fcm var d\u00fcnyada yok imis muradG\u00fcnbeg\u00fcn artiyor t\u00fcrl\u00fc mesakkatKalmamis d\u00fcnyada ehli kanaatInsanlar i\u00e7inde \u00e7ok fesat g\u00f6rd\u00fcm Nusverani Adil nerede tahtiS\u00fcleyman m\u00fchr\u00fcn\u00fc kimse biraktiResul\u00fc Ekrem\\&#8217;in kanunu haktiHer \u00f6mr\u00fcn sonunda bir feryat g\u00f6rd\u00fcm Var midir d\u00fcnyaya gelip de [&hellip;]<\/p>\n","protected":false},"author":1,"featured_media":0,"comment_status":"open","ping_status":"open","sticky":false,"template":"","format":"standard","meta":{"footnotes":""},"categories":[161],"tags":[],"class_list":{"0":"post-5116","1":"post","2":"type-post","3":"status-publish","4":"format-standard","6":"category-asik-veysel-satiroglu"},"yoast_head":"<!-- This site is optimized with the Yoast SEO Premium plugin v24.9 (Yoast SEO v24.9) - https:\/\/yoast.com\/wordpress\/plugins\/seo\/ -->\n<title>D\u00dcNYADA T\u00dcKENMEZ MURAD VAR \u0130M\u0130\u015e - narteks.net<\/title>\n<meta name=\"robots\" content=\"index, follow, max-snippet:-1, max-image-preview:large, max-video-preview:-1\" \/>\n<link rel=\"canonical\" href=\"https:\/\/narteks.net\/index.php\/2011\/02\/24\/dunyada-tukenmez-murad-var-imis\/\" \/>\n<meta property=\"og:locale\" content=\"tr_TR\" \/>\n<meta property=\"og:type\" content=\"article\" \/>\n<meta property=\"og:title\" content=\"D\u00dcNYADA T\u00dcKENMEZ MURAD VAR \u0130M\u0130\u015e\" \/>\n<meta property=\"og:description\" content=\"\u00a0 D\u00fcnyada t\u00fckenmez murad var imisNe alani g\u00f6rd\u00fcm ne murad g\u00f6rd\u00fcmMesakkatin adin Murad koymuslarD\u00fcnyada ne lezzet ne tad g\u00f6rd\u00fcm \u00d6l\u00fcm var d\u00fcnyada yok imis muradG\u00fcnbeg\u00fcn artiyor t\u00fcrl\u00fc mesakkatKalmamis d\u00fcnyada ehli kanaatInsanlar i\u00e7inde \u00e7ok fesat g\u00f6rd\u00fcm Nusverani Adil nerede tahtiS\u00fcleyman m\u00fchr\u00fcn\u00fc kimse biraktiResul\u00fc Ekrem&#8217;in kanunu haktiHer \u00f6mr\u00fcn sonunda bir feryat g\u00f6rd\u00fcm Var midir d\u00fcnyaya gelip de [&hellip;]\" \/>\n<meta property=\"og:url\" content=\"https:\/\/narteks.net\/index.php\/2011\/02\/24\/dunyada-tukenmez-murad-var-imis\/\" \/>\n<meta property=\"og:site_name\" content=\"narteks.net\" \/>\n<meta property=\"article:published_time\" content=\"2011-02-24T13:30:55+00:00\" \/>\n<meta property=\"og:image\" content=\"https:\/\/narteks.net\/wp-content\/uploads\/narteks.png\" \/>\n\t<meta property=\"og:image:width\" content=\"300\" \/>\n\t<meta property=\"og:image:height\" content=\"90\" \/>\n\t<meta property=\"og:image:type\" content=\"image\/png\" \/>\n<meta name=\"author\" content=\"Tar\u0131k\" \/>\n<meta name=\"twitter:card\" content=\"summary_large_image\" \/>\n<meta name=\"twitter:creator\" content=\"@narteks\" \/>\n<meta name=\"twitter:site\" content=\"@narteks\" \/>\n<meta name=\"twitter:label1\" content=\"Yazan:\" \/>\n\t<meta name=\"twitter:data1\" content=\"Tar\u0131k\" \/>\n\t<meta name=\"twitter:label2\" content=\"Tahmini okuma s\u00fcresi\" \/>\n\t<meta name=\"twitter:data2\" content=\"1 dakika\" \/>\n<script type=\"application\/ld+json\" class=\"yoast-schema-graph\">{\"@context\":\"https:\/\/schema.org\",\"@graph\":[{\"@type\":\"Article\",\"@id\":\"https:\/\/narteks.net\/index.php\/2011\/02\/24\/dunyada-tukenmez-murad-var-imis\/#article\",\"isPartOf\":{\"@id\":\"https:\/\/narteks.net\/index.php\/2011\/02\/24\/dunyada-tukenmez-murad-var-imis\/\"},\"author\":{\"name\":\"Tar\u0131k\",\"@id\":\"https:\/\/narteks.net\/#\/schema\/person\/61f37d9834294b72d31d274e7ed79bca\"},\"headline\":\"D\u00dcNYADA T\u00dcKENMEZ MURAD VAR \u0130M\u0130\u015e\",\"datePublished\":\"2011-02-24T13:30:55+00:00\",\"mainEntityOfPage\":{\"@id\":\"https:\/\/narteks.net\/index.php\/2011\/02\/24\/dunyada-tukenmez-murad-var-imis\/\"},\"wordCount\":132,\"commentCount\":0,\"publisher\":{\"@id\":\"https:\/\/narteks.net\/#organization\"},\"articleSection\":[\"A\u015f\u0131k Veysel \u015eATIRO\u011eLU\"],\"inLanguage\":\"tr\",\"potentialAction\":[{\"@type\":\"CommentAction\",\"name\":\"Comment\",\"target\":[\"https:\/\/narteks.net\/index.php\/2011\/02\/24\/dunyada-tukenmez-murad-var-imis\/#respond\"]}]},{\"@type\":\"WebPage\",\"@id\":\"https:\/\/narteks.net\/index.php\/2011\/02\/24\/dunyada-tukenmez-murad-var-imis\/\",\"url\":\"https:\/\/narteks.net\/index.php\/2011\/02\/24\/dunyada-tukenmez-murad-var-imis\/\",\"name\":\"D\u00dcNYADA T\u00dcKENMEZ MURAD VAR \u0130M\u0130\u015e - narteks.net\",\"isPartOf\":{\"@id\":\"https:\/\/narteks.net\/#website\"},\"datePublished\":\"2011-02-24T13:30:55+00:00\",\"breadcrumb\":{\"@id\":\"https:\/\/narteks.net\/index.php\/2011\/02\/24\/dunyada-tukenmez-murad-var-imis\/#breadcrumb\"},\"inLanguage\":\"tr\",\"potentialAction\":[{\"@type\":\"ReadAction\",\"target\":[\"https:\/\/narteks.net\/index.php\/2011\/02\/24\/dunyada-tukenmez-murad-var-imis\/\"]}]},{\"@type\":\"BreadcrumbList\",\"@id\":\"https:\/\/narteks.net\/index.php\/2011\/02\/24\/dunyada-tukenmez-murad-var-imis\/#breadcrumb\",\"itemListElement\":[{\"@type\":\"ListItem\",\"position\":1,\"name\":\"Anasayfa\",\"item\":\"https:\/\/narteks.net\/\"},{\"@type\":\"ListItem\",\"position\":2,\"name\":\"D\u00dcNYADA T\u00dcKENMEZ MURAD VAR \u0130M\u0130\u015e\"}]},{\"@type\":\"WebSite\",\"@id\":\"https:\/\/narteks.net\/#website\",\"url\":\"https:\/\/narteks.net\/\",\"name\":\"narteks.net\",\"description\":\"K\u00fclt\u00fcr Sanat Edebiyat Felsefe\",\"publisher\":{\"@id\":\"https:\/\/narteks.net\/#organization\"},\"alternateName\":\"K\u00fclt\u00fcr Sanat Edebiyat Felsefe\",\"potentialAction\":[{\"@type\":\"SearchAction\",\"target\":{\"@type\":\"EntryPoint\",\"urlTemplate\":\"https:\/\/narteks.net\/?s={search_term_string}\"},\"query-input\":{\"@type\":\"PropertyValueSpecification\",\"valueRequired\":true,\"valueName\":\"search_term_string\"}}],\"inLanguage\":\"tr\"},{\"@type\":\"Organization\",\"@id\":\"https:\/\/narteks.net\/#organization\",\"name\":\"narteks.net\",\"url\":\"https:\/\/narteks.net\/\",\"logo\":{\"@type\":\"ImageObject\",\"inLanguage\":\"tr\",\"@id\":\"https:\/\/narteks.net\/#\/schema\/logo\/image\/\",\"url\":\"https:\/\/narteks.net\/wp-content\/uploads\/narteks.png\",\"contentUrl\":\"https:\/\/narteks.net\/wp-content\/uploads\/narteks.png\",\"width\":300,\"height\":90,\"caption\":\"narteks.net\"},\"image\":{\"@id\":\"https:\/\/narteks.net\/#\/schema\/logo\/image\/\"},\"sameAs\":[\"https:\/\/x.com\/narteks\",\"https:\/\/instagram.com\/narteksnet\"]},{\"@type\":\"Person\",\"@id\":\"https:\/\/narteks.net\/#\/schema\/person\/61f37d9834294b72d31d274e7ed79bca\",\"name\":\"Tar\u0131k\",\"image\":{\"@type\":\"ImageObject\",\"inLanguage\":\"tr\",\"@id\":\"https:\/\/narteks.net\/#\/schema\/person\/image\/\",\"url\":\"https:\/\/secure.gravatar.com\/avatar\/50865afb55632c4ae467e0af0930f6510aa2297d8014be502a55b14f3b7550cf?s=96&d=mm&r=g\",\"contentUrl\":\"https:\/\/secure.gravatar.com\/avatar\/50865afb55632c4ae467e0af0930f6510aa2297d8014be502a55b14f3b7550cf?s=96&d=mm&r=g\",\"caption\":\"Tar\u0131k\"},\"sameAs\":[\"http:\/\/narteks.net\"],\"url\":\"https:\/\/narteks.net\/index.php\/author\/narbak\/\"}]}<\/script>\n<!-- \/ Yoast SEO Premium plugin. -->","yoast_head_json":{"title":"D\u00dcNYADA T\u00dcKENMEZ MURAD VAR \u0130M\u0130\u015e - narteks.net","robots":{"index":"index","follow":"follow","max-snippet":"max-snippet:-1","max-image-preview":"max-image-preview:large","max-video-preview":"max-video-preview:-1"},"canonical":"https:\/\/narteks.net\/index.php\/2011\/02\/24\/dunyada-tukenmez-murad-var-imis\/","og_locale":"tr_TR","og_type":"article","og_title":"D\u00dcNYADA T\u00dcKENMEZ MURAD VAR \u0130M\u0130\u015e","og_description":"\u00a0 D\u00fcnyada t\u00fckenmez murad var imisNe alani g\u00f6rd\u00fcm ne murad g\u00f6rd\u00fcmMesakkatin adin Murad koymuslarD\u00fcnyada ne lezzet ne tad g\u00f6rd\u00fcm \u00d6l\u00fcm var d\u00fcnyada yok imis muradG\u00fcnbeg\u00fcn artiyor t\u00fcrl\u00fc mesakkatKalmamis d\u00fcnyada ehli kanaatInsanlar i\u00e7inde \u00e7ok fesat g\u00f6rd\u00fcm Nusverani Adil nerede tahtiS\u00fcleyman m\u00fchr\u00fcn\u00fc kimse biraktiResul\u00fc Ekrem&#8217;in kanunu haktiHer \u00f6mr\u00fcn sonunda bir feryat g\u00f6rd\u00fcm Var midir d\u00fcnyaya gelip de [&hellip;]","og_url":"https:\/\/narteks.net\/index.php\/2011\/02\/24\/dunyada-tukenmez-murad-var-imis\/","og_site_name":"narteks.net","article_published_time":"2011-02-24T13:30:55+00:00","og_image":[{"width":300,"height":90,"url":"https:\/\/narteks.net\/wp-content\/uploads\/narteks.png","type":"image\/png"}],"author":"Tar\u0131k","twitter_card":"summary_large_image","twitter_creator":"@narteks","twitter_site":"@narteks","twitter_misc":{"Yazan:":"Tar\u0131k","Tahmini okuma s\u00fcresi":"1 dakika"},"schema":{"@context":"https:\/\/schema.org","@graph":[{"@type":"Article","@id":"https:\/\/narteks.net\/index.php\/2011\/02\/24\/dunyada-tukenmez-murad-var-imis\/#article","isPartOf":{"@id":"https:\/\/narteks.net\/index.php\/2011\/02\/24\/dunyada-tukenmez-murad-var-imis\/"},"author":{"name":"Tar\u0131k","@id":"https:\/\/narteks.net\/#\/schema\/person\/61f37d9834294b72d31d274e7ed79bca"},"headline":"D\u00dcNYADA T\u00dcKENMEZ MURAD VAR \u0130M\u0130\u015e","datePublished":"2011-02-24T13:30:55+00:00","mainEntityOfPage":{"@id":"https:\/\/narteks.net\/index.php\/2011\/02\/24\/dunyada-tukenmez-murad-var-imis\/"},"wordCount":132,"commentCount":0,"publisher":{"@id":"https:\/\/narteks.net\/#organization"},"articleSection":["A\u015f\u0131k Veysel \u015eATIRO\u011eLU"],"inLanguage":"tr","potentialAction":[{"@type":"CommentAction","name":"Comment","target":["https:\/\/narteks.net\/index.php\/2011\/02\/24\/dunyada-tukenmez-murad-var-imis\/#respond"]}]},{"@type":"WebPage","@id":"https:\/\/narteks.net\/index.php\/2011\/02\/24\/dunyada-tukenmez-murad-var-imis\/","url":"https:\/\/narteks.net\/index.php\/2011\/02\/24\/dunyada-tukenmez-murad-var-imis\/","name":"D\u00dcNYADA T\u00dcKENMEZ MURAD VAR \u0130M\u0130\u015e - narteks.net","isPartOf":{"@id":"https:\/\/narteks.net\/#website"},"datePublished":"2011-02-24T13:30:55+00:00","breadcrumb":{"@id":"https:\/\/narteks.net\/index.php\/2011\/02\/24\/dunyada-tukenmez-murad-var-imis\/#breadcrumb"},"inLanguage":"tr","potentialAction":[{"@type":"ReadAction","target":["https:\/\/narteks.net\/index.php\/2011\/02\/24\/dunyada-tukenmez-murad-var-imis\/"]}]},{"@type":"BreadcrumbList","@id":"https:\/\/narteks.net\/index.php\/2011\/02\/24\/dunyada-tukenmez-murad-var-imis\/#breadcrumb","itemListElement":[{"@type":"ListItem","position":1,"name":"Anasayfa","item":"https:\/\/narteks.net\/"},{"@type":"ListItem","position":2,"name":"D\u00dcNYADA T\u00dcKENMEZ MURAD VAR \u0130M\u0130\u015e"}]},{"@type":"WebSite","@id":"https:\/\/narteks.net\/#website","url":"https:\/\/narteks.net\/","name":"narteks.net","description":"K\u00fclt\u00fcr Sanat Edebiyat Felsefe","publisher":{"@id":"https:\/\/narteks.net\/#organization"},"alternateName":"K\u00fclt\u00fcr Sanat Edebiyat Felsefe","potentialAction":[{"@type":"SearchAction","target":{"@type":"EntryPoint","urlTemplate":"https:\/\/narteks.net\/?s={search_term_string}"},"query-input":{"@type":"PropertyValueSpecification","valueRequired":true,"valueName":"search_term_string"}}],"inLanguage":"tr"},{"@type":"Organization","@id":"https:\/\/narteks.net\/#organization","name":"narteks.net","url":"https:\/\/narteks.net\/","logo":{"@type":"ImageObject","inLanguage":"tr","@id":"https:\/\/narteks.net\/#\/schema\/logo\/image\/","url":"https:\/\/narteks.net\/wp-content\/uploads\/narteks.png","contentUrl":"https:\/\/narteks.net\/wp-content\/uploads\/narteks.png","width":300,"height":90,"caption":"narteks.net"},"image":{"@id":"https:\/\/narteks.net\/#\/schema\/logo\/image\/"},"sameAs":["https:\/\/x.com\/narteks","https:\/\/instagram.com\/narteksnet"]},{"@type":"Person","@id":"https:\/\/narteks.net\/#\/schema\/person\/61f37d9834294b72d31d274e7ed79bca","name":"Tar\u0131k","image":{"@type":"ImageObject","inLanguage":"tr","@id":"https:\/\/narteks.net\/#\/schema\/person\/image\/","url":"https:\/\/secure.gravatar.com\/avatar\/50865afb55632c4ae467e0af0930f6510aa2297d8014be502a55b14f3b7550cf?s=96&d=mm&r=g","contentUrl":"https:\/\/secure.gravatar.com\/avatar\/50865afb55632c4ae467e0af0930f6510aa2297d8014be502a55b14f3b7550cf?s=96&d=mm&r=g","caption":"Tar\u0131k"},"sameAs":["http:\/\/narteks.net"],"url":"https:\/\/narteks.net\/index.php\/author\/narbak\/"}]}},"_links":{"self":[{"href":"https:\/\/narteks.net\/index.php\/wp-json\/wp\/v2\/posts\/5116","targetHints":{"allow":["GET"]}}],"collection":[{"href":"https:\/\/narteks.net\/index.php\/wp-json\/wp\/v2\/posts"}],"about":[{"href":"https:\/\/narteks.net\/index.php\/wp-json\/wp\/v2\/types\/post"}],"author":[{"embeddable":true,"href":"https:\/\/narteks.net\/index.php\/wp-json\/wp\/v2\/users\/1"}],"replies":[{"embeddable":true,"href":"https:\/\/narteks.net\/index.php\/wp-json\/wp\/v2\/comments?post=5116"}],"version-history":[{"count":0,"href":"https:\/\/narteks.net\/index.php\/wp-json\/wp\/v2\/posts\/5116\/revisions"}],"wp:attachment":[{"href":"https:\/\/narteks.net\/index.php\/wp-json\/wp\/v2\/media?parent=5116"}],"wp:term":[{"taxonomy":"category","embeddable":true,"href":"https:\/\/narteks.net\/index.php\/wp-json\/wp\/v2\/categories?post=5116"},{"taxonomy":"post_tag","embeddable":true,"href":"https:\/\/narteks.net\/index.php\/wp-json\/wp\/v2\/tags?post=5116"}],"curies":[{"name":"wp","href":"https:\/\/api.w.org\/{rel}","templated":true}]}}