{"id":5131,"date":"2011-02-24T16:42:34","date_gmt":"2011-02-24T13:42:34","guid":{"rendered":"http:\/\/localhost\/wordpress\/2011\/02\/24\/gine-mi-agladin-kirpikler-nemli\/"},"modified":"2011-02-24T16:42:34","modified_gmt":"2011-02-24T13:42:34","slug":"gine-mi-agladin-kirpikler-nemli","status":"publish","type":"post","link":"https:\/\/narteks.net\/index.php\/2011\/02\/24\/gine-mi-agladin-kirpikler-nemli\/","title":{"rendered":"G\u0130NE M\u0130 A\u011eLADIN K\u0130RP\u0130KLER NEML\u0130"},"content":{"rendered":"<p>\u00a0<\/p>\n<p>Gine mi agladin kirpikler nemli<br \/>Dostum ni\u00e7in giyinmissin karalar<br \/>\u00c7ig d\u00fcsm\u00fcs g\u00fcl gibi y\u00fcz\u00fcnden belli<br \/>Senin derdin bu sinemi yaralar<\/p>\n<p>Aziz dostum seni kimler aglatti<br \/>Tecelli derdini derdime katti<br \/>Yalan d\u00fcnya nicelerini aglatti<br \/>Kim bilir ki son mekanin nereler<\/p>\n<p>Bu can bu cesede girelden beri<br \/>Aldik basimiza t\u00fcrl\u00fc kaderi<br \/>\u00c7aresiz \u00e7aresiz ileri geri<br \/>Vakit gelir tamam olur siralar<\/p>\n<p>Cefanin sefanin farki yok bence<br \/>Eger d\u00fcs\u00fcn\u00fcrsek inceden ince<br \/>Her ikisi de son haddine varinca<br \/>D\u00fcmd\u00fcz olur inis yokus dereler<\/p>\n<p>Mihnet-i d\u00fcnyaya tahamm\u00fcl gerek<br \/>Kahi aglayarak kahi g\u00fclerek<br \/>Ge\u00e7ti g\u00fcn\u00fcm g\u00f6zyaslarim silerek<br \/>VEYSEL arar dertlerine \u00e7areler<\/p>\n","protected":false},"excerpt":{"rendered":"<p>\u00a0 Gine mi agladin kirpikler nemliDostum ni\u00e7in giyinmissin karalar\u00c7ig d\u00fcsm\u00fcs g\u00fcl gibi y\u00fcz\u00fcnden belliSenin derdin bu sinemi yaralar Aziz dostum seni kimler aglattiTecelli derdini derdime kattiYalan d\u00fcnya nicelerini aglattiKim bilir ki son mekanin nereler Bu can bu cesede girelden beriAldik basimiza t\u00fcrl\u00fc kaderi\u00c7aresiz \u00e7aresiz ileri geriVakit gelir tamam olur siralar Cefanin sefanin farki yok benceEger [&hellip;]<\/p>\n","protected":false},"author":1,"featured_media":0,"comment_status":"open","ping_status":"open","sticky":false,"template":"","format":"standard","meta":{"footnotes":""},"categories":[161],"tags":[],"class_list":{"0":"post-5131","1":"post","2":"type-post","3":"status-publish","4":"format-standard","6":"category-asik-veysel-satiroglu"},"yoast_head":"<!-- This site is optimized with the Yoast SEO Premium plugin v24.9 (Yoast SEO v24.9) - https:\/\/yoast.com\/wordpress\/plugins\/seo\/ -->\n<title>G\u0130NE M\u0130 A\u011eLADIN K\u0130RP\u0130KLER NEML\u0130 - narteks.net<\/title>\n<meta name=\"robots\" content=\"index, follow, max-snippet:-1, max-image-preview:large, max-video-preview:-1\" \/>\n<link rel=\"canonical\" href=\"https:\/\/narteks.net\/index.php\/2011\/02\/24\/gine-mi-agladin-kirpikler-nemli\/\" \/>\n<meta property=\"og:locale\" content=\"tr_TR\" \/>\n<meta property=\"og:type\" content=\"article\" \/>\n<meta property=\"og:title\" content=\"G\u0130NE M\u0130 A\u011eLADIN K\u0130RP\u0130KLER NEML\u0130\" \/>\n<meta property=\"og:description\" content=\"\u00a0 Gine mi agladin kirpikler nemliDostum ni\u00e7in giyinmissin karalar\u00c7ig d\u00fcsm\u00fcs g\u00fcl gibi y\u00fcz\u00fcnden belliSenin derdin bu sinemi yaralar Aziz dostum seni kimler aglattiTecelli derdini derdime kattiYalan d\u00fcnya nicelerini aglattiKim bilir ki son mekanin nereler Bu can bu cesede girelden beriAldik basimiza t\u00fcrl\u00fc kaderi\u00c7aresiz \u00e7aresiz ileri geriVakit gelir tamam olur siralar Cefanin sefanin farki yok benceEger [&hellip;]\" \/>\n<meta property=\"og:url\" content=\"https:\/\/narteks.net\/index.php\/2011\/02\/24\/gine-mi-agladin-kirpikler-nemli\/\" \/>\n<meta property=\"og:site_name\" content=\"narteks.net\" \/>\n<meta property=\"article:published_time\" content=\"2011-02-24T13:42:34+00:00\" \/>\n<meta property=\"og:image\" content=\"https:\/\/narteks.net\/wp-content\/uploads\/narteks.png\" \/>\n\t<meta property=\"og:image:width\" content=\"300\" \/>\n\t<meta property=\"og:image:height\" content=\"90\" \/>\n\t<meta property=\"og:image:type\" content=\"image\/png\" \/>\n<meta name=\"author\" content=\"Tar\u0131k\" \/>\n<meta name=\"twitter:card\" content=\"summary_large_image\" \/>\n<meta name=\"twitter:creator\" content=\"@narteks\" \/>\n<meta name=\"twitter:site\" content=\"@narteks\" \/>\n<meta name=\"twitter:label1\" content=\"Yazan:\" \/>\n\t<meta name=\"twitter:data1\" content=\"Tar\u0131k\" \/>\n<script type=\"application\/ld+json\" class=\"yoast-schema-graph\">{\"@context\":\"https:\/\/schema.org\",\"@graph\":[{\"@type\":\"Article\",\"@id\":\"https:\/\/narteks.net\/index.php\/2011\/02\/24\/gine-mi-agladin-kirpikler-nemli\/#article\",\"isPartOf\":{\"@id\":\"https:\/\/narteks.net\/index.php\/2011\/02\/24\/gine-mi-agladin-kirpikler-nemli\/\"},\"author\":{\"name\":\"Tar\u0131k\",\"@id\":\"https:\/\/narteks.net\/#\/schema\/person\/61f37d9834294b72d31d274e7ed79bca\"},\"headline\":\"G\u0130NE M\u0130 A\u011eLADIN K\u0130RP\u0130KLER NEML\u0130\",\"datePublished\":\"2011-02-24T13:42:34+00:00\",\"mainEntityOfPage\":{\"@id\":\"https:\/\/narteks.net\/index.php\/2011\/02\/24\/gine-mi-agladin-kirpikler-nemli\/\"},\"wordCount\":110,\"commentCount\":0,\"publisher\":{\"@id\":\"https:\/\/narteks.net\/#organization\"},\"articleSection\":[\"A\u015f\u0131k Veysel \u015eATIRO\u011eLU\"],\"inLanguage\":\"tr\",\"potentialAction\":[{\"@type\":\"CommentAction\",\"name\":\"Comment\",\"target\":[\"https:\/\/narteks.net\/index.php\/2011\/02\/24\/gine-mi-agladin-kirpikler-nemli\/#respond\"]}]},{\"@type\":\"WebPage\",\"@id\":\"https:\/\/narteks.net\/index.php\/2011\/02\/24\/gine-mi-agladin-kirpikler-nemli\/\",\"url\":\"https:\/\/narteks.net\/index.php\/2011\/02\/24\/gine-mi-agladin-kirpikler-nemli\/\",\"name\":\"G\u0130NE M\u0130 A\u011eLADIN K\u0130RP\u0130KLER NEML\u0130 - narteks.net\",\"isPartOf\":{\"@id\":\"https:\/\/narteks.net\/#website\"},\"datePublished\":\"2011-02-24T13:42:34+00:00\",\"breadcrumb\":{\"@id\":\"https:\/\/narteks.net\/index.php\/2011\/02\/24\/gine-mi-agladin-kirpikler-nemli\/#breadcrumb\"},\"inLanguage\":\"tr\",\"potentialAction\":[{\"@type\":\"ReadAction\",\"target\":[\"https:\/\/narteks.net\/index.php\/2011\/02\/24\/gine-mi-agladin-kirpikler-nemli\/\"]}]},{\"@type\":\"BreadcrumbList\",\"@id\":\"https:\/\/narteks.net\/index.php\/2011\/02\/24\/gine-mi-agladin-kirpikler-nemli\/#breadcrumb\",\"itemListElement\":[{\"@type\":\"ListItem\",\"position\":1,\"name\":\"Anasayfa\",\"item\":\"https:\/\/narteks.net\/\"},{\"@type\":\"ListItem\",\"position\":2,\"name\":\"G\u0130NE M\u0130 A\u011eLADIN K\u0130RP\u0130KLER NEML\u0130\"}]},{\"@type\":\"WebSite\",\"@id\":\"https:\/\/narteks.net\/#website\",\"url\":\"https:\/\/narteks.net\/\",\"name\":\"narteks.net\",\"description\":\"K\u00fclt\u00fcr Sanat Edebiyat Felsefe\",\"publisher\":{\"@id\":\"https:\/\/narteks.net\/#organization\"},\"alternateName\":\"K\u00fclt\u00fcr Sanat Edebiyat Felsefe\",\"potentialAction\":[{\"@type\":\"SearchAction\",\"target\":{\"@type\":\"EntryPoint\",\"urlTemplate\":\"https:\/\/narteks.net\/?s={search_term_string}\"},\"query-input\":{\"@type\":\"PropertyValueSpecification\",\"valueRequired\":true,\"valueName\":\"search_term_string\"}}],\"inLanguage\":\"tr\"},{\"@type\":\"Organization\",\"@id\":\"https:\/\/narteks.net\/#organization\",\"name\":\"narteks.net\",\"url\":\"https:\/\/narteks.net\/\",\"logo\":{\"@type\":\"ImageObject\",\"inLanguage\":\"tr\",\"@id\":\"https:\/\/narteks.net\/#\/schema\/logo\/image\/\",\"url\":\"https:\/\/narteks.net\/wp-content\/uploads\/narteks.png\",\"contentUrl\":\"https:\/\/narteks.net\/wp-content\/uploads\/narteks.png\",\"width\":300,\"height\":90,\"caption\":\"narteks.net\"},\"image\":{\"@id\":\"https:\/\/narteks.net\/#\/schema\/logo\/image\/\"},\"sameAs\":[\"https:\/\/x.com\/narteks\",\"https:\/\/instagram.com\/narteksnet\"]},{\"@type\":\"Person\",\"@id\":\"https:\/\/narteks.net\/#\/schema\/person\/61f37d9834294b72d31d274e7ed79bca\",\"name\":\"Tar\u0131k\",\"image\":{\"@type\":\"ImageObject\",\"inLanguage\":\"tr\",\"@id\":\"https:\/\/narteks.net\/#\/schema\/person\/image\/\",\"url\":\"https:\/\/secure.gravatar.com\/avatar\/50865afb55632c4ae467e0af0930f6510aa2297d8014be502a55b14f3b7550cf?s=96&d=mm&r=g\",\"contentUrl\":\"https:\/\/secure.gravatar.com\/avatar\/50865afb55632c4ae467e0af0930f6510aa2297d8014be502a55b14f3b7550cf?s=96&d=mm&r=g\",\"caption\":\"Tar\u0131k\"},\"sameAs\":[\"http:\/\/narteks.net\"],\"url\":\"https:\/\/narteks.net\/index.php\/author\/narbak\/\"}]}<\/script>\n<!-- \/ Yoast SEO Premium plugin. -->","yoast_head_json":{"title":"G\u0130NE M\u0130 A\u011eLADIN K\u0130RP\u0130KLER NEML\u0130 - narteks.net","robots":{"index":"index","follow":"follow","max-snippet":"max-snippet:-1","max-image-preview":"max-image-preview:large","max-video-preview":"max-video-preview:-1"},"canonical":"https:\/\/narteks.net\/index.php\/2011\/02\/24\/gine-mi-agladin-kirpikler-nemli\/","og_locale":"tr_TR","og_type":"article","og_title":"G\u0130NE M\u0130 A\u011eLADIN K\u0130RP\u0130KLER NEML\u0130","og_description":"\u00a0 Gine mi agladin kirpikler nemliDostum ni\u00e7in giyinmissin karalar\u00c7ig d\u00fcsm\u00fcs g\u00fcl gibi y\u00fcz\u00fcnden belliSenin derdin bu sinemi yaralar Aziz dostum seni kimler aglattiTecelli derdini derdime kattiYalan d\u00fcnya nicelerini aglattiKim bilir ki son mekanin nereler Bu can bu cesede girelden beriAldik basimiza t\u00fcrl\u00fc kaderi\u00c7aresiz \u00e7aresiz ileri geriVakit gelir tamam olur siralar Cefanin sefanin farki yok benceEger [&hellip;]","og_url":"https:\/\/narteks.net\/index.php\/2011\/02\/24\/gine-mi-agladin-kirpikler-nemli\/","og_site_name":"narteks.net","article_published_time":"2011-02-24T13:42:34+00:00","og_image":[{"width":300,"height":90,"url":"https:\/\/narteks.net\/wp-content\/uploads\/narteks.png","type":"image\/png"}],"author":"Tar\u0131k","twitter_card":"summary_large_image","twitter_creator":"@narteks","twitter_site":"@narteks","twitter_misc":{"Yazan:":"Tar\u0131k"},"schema":{"@context":"https:\/\/schema.org","@graph":[{"@type":"Article","@id":"https:\/\/narteks.net\/index.php\/2011\/02\/24\/gine-mi-agladin-kirpikler-nemli\/#article","isPartOf":{"@id":"https:\/\/narteks.net\/index.php\/2011\/02\/24\/gine-mi-agladin-kirpikler-nemli\/"},"author":{"name":"Tar\u0131k","@id":"https:\/\/narteks.net\/#\/schema\/person\/61f37d9834294b72d31d274e7ed79bca"},"headline":"G\u0130NE M\u0130 A\u011eLADIN K\u0130RP\u0130KLER NEML\u0130","datePublished":"2011-02-24T13:42:34+00:00","mainEntityOfPage":{"@id":"https:\/\/narteks.net\/index.php\/2011\/02\/24\/gine-mi-agladin-kirpikler-nemli\/"},"wordCount":110,"commentCount":0,"publisher":{"@id":"https:\/\/narteks.net\/#organization"},"articleSection":["A\u015f\u0131k Veysel \u015eATIRO\u011eLU"],"inLanguage":"tr","potentialAction":[{"@type":"CommentAction","name":"Comment","target":["https:\/\/narteks.net\/index.php\/2011\/02\/24\/gine-mi-agladin-kirpikler-nemli\/#respond"]}]},{"@type":"WebPage","@id":"https:\/\/narteks.net\/index.php\/2011\/02\/24\/gine-mi-agladin-kirpikler-nemli\/","url":"https:\/\/narteks.net\/index.php\/2011\/02\/24\/gine-mi-agladin-kirpikler-nemli\/","name":"G\u0130NE M\u0130 A\u011eLADIN K\u0130RP\u0130KLER NEML\u0130 - narteks.net","isPartOf":{"@id":"https:\/\/narteks.net\/#website"},"datePublished":"2011-02-24T13:42:34+00:00","breadcrumb":{"@id":"https:\/\/narteks.net\/index.php\/2011\/02\/24\/gine-mi-agladin-kirpikler-nemli\/#breadcrumb"},"inLanguage":"tr","potentialAction":[{"@type":"ReadAction","target":["https:\/\/narteks.net\/index.php\/2011\/02\/24\/gine-mi-agladin-kirpikler-nemli\/"]}]},{"@type":"BreadcrumbList","@id":"https:\/\/narteks.net\/index.php\/2011\/02\/24\/gine-mi-agladin-kirpikler-nemli\/#breadcrumb","itemListElement":[{"@type":"ListItem","position":1,"name":"Anasayfa","item":"https:\/\/narteks.net\/"},{"@type":"ListItem","position":2,"name":"G\u0130NE M\u0130 A\u011eLADIN K\u0130RP\u0130KLER NEML\u0130"}]},{"@type":"WebSite","@id":"https:\/\/narteks.net\/#website","url":"https:\/\/narteks.net\/","name":"narteks.net","description":"K\u00fclt\u00fcr Sanat Edebiyat Felsefe","publisher":{"@id":"https:\/\/narteks.net\/#organization"},"alternateName":"K\u00fclt\u00fcr Sanat Edebiyat Felsefe","potentialAction":[{"@type":"SearchAction","target":{"@type":"EntryPoint","urlTemplate":"https:\/\/narteks.net\/?s={search_term_string}"},"query-input":{"@type":"PropertyValueSpecification","valueRequired":true,"valueName":"search_term_string"}}],"inLanguage":"tr"},{"@type":"Organization","@id":"https:\/\/narteks.net\/#organization","name":"narteks.net","url":"https:\/\/narteks.net\/","logo":{"@type":"ImageObject","inLanguage":"tr","@id":"https:\/\/narteks.net\/#\/schema\/logo\/image\/","url":"https:\/\/narteks.net\/wp-content\/uploads\/narteks.png","contentUrl":"https:\/\/narteks.net\/wp-content\/uploads\/narteks.png","width":300,"height":90,"caption":"narteks.net"},"image":{"@id":"https:\/\/narteks.net\/#\/schema\/logo\/image\/"},"sameAs":["https:\/\/x.com\/narteks","https:\/\/instagram.com\/narteksnet"]},{"@type":"Person","@id":"https:\/\/narteks.net\/#\/schema\/person\/61f37d9834294b72d31d274e7ed79bca","name":"Tar\u0131k","image":{"@type":"ImageObject","inLanguage":"tr","@id":"https:\/\/narteks.net\/#\/schema\/person\/image\/","url":"https:\/\/secure.gravatar.com\/avatar\/50865afb55632c4ae467e0af0930f6510aa2297d8014be502a55b14f3b7550cf?s=96&d=mm&r=g","contentUrl":"https:\/\/secure.gravatar.com\/avatar\/50865afb55632c4ae467e0af0930f6510aa2297d8014be502a55b14f3b7550cf?s=96&d=mm&r=g","caption":"Tar\u0131k"},"sameAs":["http:\/\/narteks.net"],"url":"https:\/\/narteks.net\/index.php\/author\/narbak\/"}]}},"_links":{"self":[{"href":"https:\/\/narteks.net\/index.php\/wp-json\/wp\/v2\/posts\/5131","targetHints":{"allow":["GET"]}}],"collection":[{"href":"https:\/\/narteks.net\/index.php\/wp-json\/wp\/v2\/posts"}],"about":[{"href":"https:\/\/narteks.net\/index.php\/wp-json\/wp\/v2\/types\/post"}],"author":[{"embeddable":true,"href":"https:\/\/narteks.net\/index.php\/wp-json\/wp\/v2\/users\/1"}],"replies":[{"embeddable":true,"href":"https:\/\/narteks.net\/index.php\/wp-json\/wp\/v2\/comments?post=5131"}],"version-history":[{"count":0,"href":"https:\/\/narteks.net\/index.php\/wp-json\/wp\/v2\/posts\/5131\/revisions"}],"wp:attachment":[{"href":"https:\/\/narteks.net\/index.php\/wp-json\/wp\/v2\/media?parent=5131"}],"wp:term":[{"taxonomy":"category","embeddable":true,"href":"https:\/\/narteks.net\/index.php\/wp-json\/wp\/v2\/categories?post=5131"},{"taxonomy":"post_tag","embeddable":true,"href":"https:\/\/narteks.net\/index.php\/wp-json\/wp\/v2\/tags?post=5131"}],"curies":[{"name":"wp","href":"https:\/\/api.w.org\/{rel}","templated":true}]}}