{"id":5132,"date":"2011-02-24T16:43:22","date_gmt":"2011-02-24T13:43:22","guid":{"rendered":"http:\/\/localhost\/wordpress\/2011\/02\/24\/hepimiz-bu-yurdun-evlatlariyiz\/"},"modified":"2011-02-24T16:43:22","modified_gmt":"2011-02-24T13:43:22","slug":"hepimiz-bu-yurdun-evlatlariyiz","status":"publish","type":"post","link":"https:\/\/narteks.net\/index.php\/2011\/02\/24\/hepimiz-bu-yurdun-evlatlariyiz\/","title":{"rendered":"HEP\u0130M\u0130Z BU YURDUN EVLATLARIYIZ"},"content":{"rendered":"<p>\u00a0<\/p>\n<p>Bu nasil kavgalar \u00e7irkin d\u00f6g\u00fcsler<br \/>Hepimiz bu yurdun evlatlariyiz<br \/>Yolumuza engel olur bu isler<br \/>Hepimiz bu yurdun evlatlariyiz<\/p>\n<p>Birlesiriz bir bayragin altinda<br \/>Biz T\u00fcrklerin ikilik yok aslinda<br \/>Yanar tutusuruz vatan askinda<br \/>Hepimiz bu yurdun evlatlariyiz<\/p>\n<p>Hedef alip d\u00f6v\u00fcst\u00fcg\u00fcn kardesin<br \/>Seni yaraliyor attigin tasin<br \/>Topluma zararli yersiz savasin<br \/>Hepimiz bu yurdun evlatlariyiz<\/p>\n<p>Herkes ilim deryasinda y\u00fcz\u00fcyor<br \/>\u00c7ikmis ayin \u00e7evresinde geziyor<br \/>Yazik bize yollarimiz uzuyor<br \/>Hepimiz bu yurdun evlatlariyiz<\/p>\n<p>Kitaplar yazilmis nasihat dolu<br \/>Birlikte g\u00fc\u00e7lenir gen\u00e7ligin kolu<br \/>Gen\u00e7lige emanet Atat\u00fcrk yolu<br \/>Hepimiz bu yurdun evlatlariyiz<\/p>\n<p>S\u00f6yler Veysel s\u00f6zlerinden vazge\u00e7mez<br \/>Bulanik \u00e7esmeden kimse su i\u00e7mez<br \/>Ganadi olmasa kuslar da u\u00e7maz<br \/>Hepimiz bu yurdun evlatlariyiz<\/p>\n","protected":false},"excerpt":{"rendered":"<p>\u00a0 Bu nasil kavgalar \u00e7irkin d\u00f6g\u00fcslerHepimiz bu yurdun evlatlariyizYolumuza engel olur bu islerHepimiz bu yurdun evlatlariyiz Birlesiriz bir bayragin altindaBiz T\u00fcrklerin ikilik yok aslindaYanar tutusuruz vatan askindaHepimiz bu yurdun evlatlariyiz Hedef alip d\u00f6v\u00fcst\u00fcg\u00fcn kardesinSeni yaraliyor attigin tasinTopluma zararli yersiz savasinHepimiz bu yurdun evlatlariyiz Herkes ilim deryasinda y\u00fcz\u00fcyor\u00c7ikmis ayin \u00e7evresinde geziyorYazik bize yollarimiz uzuyorHepimiz bu yurdun [&hellip;]<\/p>\n","protected":false},"author":1,"featured_media":0,"comment_status":"open","ping_status":"open","sticky":false,"template":"","format":"standard","meta":{"footnotes":""},"categories":[161],"tags":[],"class_list":{"0":"post-5132","1":"post","2":"type-post","3":"status-publish","4":"format-standard","6":"category-asik-veysel-satiroglu"},"yoast_head":"<!-- This site is optimized with the Yoast SEO Premium plugin v24.9 (Yoast SEO v24.9) - https:\/\/yoast.com\/wordpress\/plugins\/seo\/ -->\n<title>HEP\u0130M\u0130Z BU YURDUN EVLATLARIYIZ - narteks.net<\/title>\n<meta name=\"robots\" content=\"index, follow, max-snippet:-1, max-image-preview:large, max-video-preview:-1\" \/>\n<link rel=\"canonical\" href=\"https:\/\/narteks.net\/index.php\/2011\/02\/24\/hepimiz-bu-yurdun-evlatlariyiz\/\" \/>\n<meta property=\"og:locale\" content=\"tr_TR\" \/>\n<meta property=\"og:type\" content=\"article\" \/>\n<meta property=\"og:title\" content=\"HEP\u0130M\u0130Z BU YURDUN EVLATLARIYIZ\" \/>\n<meta property=\"og:description\" content=\"\u00a0 Bu nasil kavgalar \u00e7irkin d\u00f6g\u00fcslerHepimiz bu yurdun evlatlariyizYolumuza engel olur bu islerHepimiz bu yurdun evlatlariyiz Birlesiriz bir bayragin altindaBiz T\u00fcrklerin ikilik yok aslindaYanar tutusuruz vatan askindaHepimiz bu yurdun evlatlariyiz Hedef alip d\u00f6v\u00fcst\u00fcg\u00fcn kardesinSeni yaraliyor attigin tasinTopluma zararli yersiz savasinHepimiz bu yurdun evlatlariyiz Herkes ilim deryasinda y\u00fcz\u00fcyor\u00c7ikmis ayin \u00e7evresinde geziyorYazik bize yollarimiz uzuyorHepimiz bu yurdun [&hellip;]\" \/>\n<meta property=\"og:url\" content=\"https:\/\/narteks.net\/index.php\/2011\/02\/24\/hepimiz-bu-yurdun-evlatlariyiz\/\" \/>\n<meta property=\"og:site_name\" content=\"narteks.net\" \/>\n<meta property=\"article:published_time\" content=\"2011-02-24T13:43:22+00:00\" \/>\n<meta property=\"og:image\" content=\"https:\/\/narteks.net\/wp-content\/uploads\/narteks.png\" \/>\n\t<meta property=\"og:image:width\" content=\"300\" \/>\n\t<meta property=\"og:image:height\" content=\"90\" \/>\n\t<meta property=\"og:image:type\" content=\"image\/png\" \/>\n<meta name=\"author\" content=\"Tar\u0131k\" \/>\n<meta name=\"twitter:card\" content=\"summary_large_image\" \/>\n<meta name=\"twitter:creator\" content=\"@narteks\" \/>\n<meta name=\"twitter:site\" content=\"@narteks\" \/>\n<meta name=\"twitter:label1\" content=\"Yazan:\" \/>\n\t<meta name=\"twitter:data1\" content=\"Tar\u0131k\" \/>\n<script type=\"application\/ld+json\" class=\"yoast-schema-graph\">{\"@context\":\"https:\/\/schema.org\",\"@graph\":[{\"@type\":\"Article\",\"@id\":\"https:\/\/narteks.net\/index.php\/2011\/02\/24\/hepimiz-bu-yurdun-evlatlariyiz\/#article\",\"isPartOf\":{\"@id\":\"https:\/\/narteks.net\/index.php\/2011\/02\/24\/hepimiz-bu-yurdun-evlatlariyiz\/\"},\"author\":{\"name\":\"Tar\u0131k\",\"@id\":\"https:\/\/narteks.net\/#\/schema\/person\/61f37d9834294b72d31d274e7ed79bca\"},\"headline\":\"HEP\u0130M\u0130Z BU YURDUN EVLATLARIYIZ\",\"datePublished\":\"2011-02-24T13:43:22+00:00\",\"mainEntityOfPage\":{\"@id\":\"https:\/\/narteks.net\/index.php\/2011\/02\/24\/hepimiz-bu-yurdun-evlatlariyiz\/\"},\"wordCount\":108,\"commentCount\":0,\"publisher\":{\"@id\":\"https:\/\/narteks.net\/#organization\"},\"articleSection\":[\"A\u015f\u0131k Veysel \u015eATIRO\u011eLU\"],\"inLanguage\":\"tr\",\"potentialAction\":[{\"@type\":\"CommentAction\",\"name\":\"Comment\",\"target\":[\"https:\/\/narteks.net\/index.php\/2011\/02\/24\/hepimiz-bu-yurdun-evlatlariyiz\/#respond\"]}]},{\"@type\":\"WebPage\",\"@id\":\"https:\/\/narteks.net\/index.php\/2011\/02\/24\/hepimiz-bu-yurdun-evlatlariyiz\/\",\"url\":\"https:\/\/narteks.net\/index.php\/2011\/02\/24\/hepimiz-bu-yurdun-evlatlariyiz\/\",\"name\":\"HEP\u0130M\u0130Z BU YURDUN EVLATLARIYIZ - narteks.net\",\"isPartOf\":{\"@id\":\"https:\/\/narteks.net\/#website\"},\"datePublished\":\"2011-02-24T13:43:22+00:00\",\"breadcrumb\":{\"@id\":\"https:\/\/narteks.net\/index.php\/2011\/02\/24\/hepimiz-bu-yurdun-evlatlariyiz\/#breadcrumb\"},\"inLanguage\":\"tr\",\"potentialAction\":[{\"@type\":\"ReadAction\",\"target\":[\"https:\/\/narteks.net\/index.php\/2011\/02\/24\/hepimiz-bu-yurdun-evlatlariyiz\/\"]}]},{\"@type\":\"BreadcrumbList\",\"@id\":\"https:\/\/narteks.net\/index.php\/2011\/02\/24\/hepimiz-bu-yurdun-evlatlariyiz\/#breadcrumb\",\"itemListElement\":[{\"@type\":\"ListItem\",\"position\":1,\"name\":\"Anasayfa\",\"item\":\"https:\/\/narteks.net\/\"},{\"@type\":\"ListItem\",\"position\":2,\"name\":\"HEP\u0130M\u0130Z BU YURDUN EVLATLARIYIZ\"}]},{\"@type\":\"WebSite\",\"@id\":\"https:\/\/narteks.net\/#website\",\"url\":\"https:\/\/narteks.net\/\",\"name\":\"narteks.net\",\"description\":\"K\u00fclt\u00fcr Sanat Edebiyat Felsefe\",\"publisher\":{\"@id\":\"https:\/\/narteks.net\/#organization\"},\"alternateName\":\"K\u00fclt\u00fcr Sanat Edebiyat Felsefe\",\"potentialAction\":[{\"@type\":\"SearchAction\",\"target\":{\"@type\":\"EntryPoint\",\"urlTemplate\":\"https:\/\/narteks.net\/?s={search_term_string}\"},\"query-input\":{\"@type\":\"PropertyValueSpecification\",\"valueRequired\":true,\"valueName\":\"search_term_string\"}}],\"inLanguage\":\"tr\"},{\"@type\":\"Organization\",\"@id\":\"https:\/\/narteks.net\/#organization\",\"name\":\"narteks.net\",\"url\":\"https:\/\/narteks.net\/\",\"logo\":{\"@type\":\"ImageObject\",\"inLanguage\":\"tr\",\"@id\":\"https:\/\/narteks.net\/#\/schema\/logo\/image\/\",\"url\":\"https:\/\/narteks.net\/wp-content\/uploads\/narteks.png\",\"contentUrl\":\"https:\/\/narteks.net\/wp-content\/uploads\/narteks.png\",\"width\":300,\"height\":90,\"caption\":\"narteks.net\"},\"image\":{\"@id\":\"https:\/\/narteks.net\/#\/schema\/logo\/image\/\"},\"sameAs\":[\"https:\/\/x.com\/narteks\",\"https:\/\/instagram.com\/narteksnet\"]},{\"@type\":\"Person\",\"@id\":\"https:\/\/narteks.net\/#\/schema\/person\/61f37d9834294b72d31d274e7ed79bca\",\"name\":\"Tar\u0131k\",\"image\":{\"@type\":\"ImageObject\",\"inLanguage\":\"tr\",\"@id\":\"https:\/\/narteks.net\/#\/schema\/person\/image\/\",\"url\":\"https:\/\/secure.gravatar.com\/avatar\/50865afb55632c4ae467e0af0930f6510aa2297d8014be502a55b14f3b7550cf?s=96&d=mm&r=g\",\"contentUrl\":\"https:\/\/secure.gravatar.com\/avatar\/50865afb55632c4ae467e0af0930f6510aa2297d8014be502a55b14f3b7550cf?s=96&d=mm&r=g\",\"caption\":\"Tar\u0131k\"},\"sameAs\":[\"http:\/\/narteks.net\"],\"url\":\"https:\/\/narteks.net\/index.php\/author\/narbak\/\"}]}<\/script>\n<!-- \/ Yoast SEO Premium plugin. -->","yoast_head_json":{"title":"HEP\u0130M\u0130Z BU YURDUN EVLATLARIYIZ - narteks.net","robots":{"index":"index","follow":"follow","max-snippet":"max-snippet:-1","max-image-preview":"max-image-preview:large","max-video-preview":"max-video-preview:-1"},"canonical":"https:\/\/narteks.net\/index.php\/2011\/02\/24\/hepimiz-bu-yurdun-evlatlariyiz\/","og_locale":"tr_TR","og_type":"article","og_title":"HEP\u0130M\u0130Z BU YURDUN EVLATLARIYIZ","og_description":"\u00a0 Bu nasil kavgalar \u00e7irkin d\u00f6g\u00fcslerHepimiz bu yurdun evlatlariyizYolumuza engel olur bu islerHepimiz bu yurdun evlatlariyiz Birlesiriz bir bayragin altindaBiz T\u00fcrklerin ikilik yok aslindaYanar tutusuruz vatan askindaHepimiz bu yurdun evlatlariyiz Hedef alip d\u00f6v\u00fcst\u00fcg\u00fcn kardesinSeni yaraliyor attigin tasinTopluma zararli yersiz savasinHepimiz bu yurdun evlatlariyiz Herkes ilim deryasinda y\u00fcz\u00fcyor\u00c7ikmis ayin \u00e7evresinde geziyorYazik bize yollarimiz uzuyorHepimiz bu yurdun [&hellip;]","og_url":"https:\/\/narteks.net\/index.php\/2011\/02\/24\/hepimiz-bu-yurdun-evlatlariyiz\/","og_site_name":"narteks.net","article_published_time":"2011-02-24T13:43:22+00:00","og_image":[{"width":300,"height":90,"url":"https:\/\/narteks.net\/wp-content\/uploads\/narteks.png","type":"image\/png"}],"author":"Tar\u0131k","twitter_card":"summary_large_image","twitter_creator":"@narteks","twitter_site":"@narteks","twitter_misc":{"Yazan:":"Tar\u0131k"},"schema":{"@context":"https:\/\/schema.org","@graph":[{"@type":"Article","@id":"https:\/\/narteks.net\/index.php\/2011\/02\/24\/hepimiz-bu-yurdun-evlatlariyiz\/#article","isPartOf":{"@id":"https:\/\/narteks.net\/index.php\/2011\/02\/24\/hepimiz-bu-yurdun-evlatlariyiz\/"},"author":{"name":"Tar\u0131k","@id":"https:\/\/narteks.net\/#\/schema\/person\/61f37d9834294b72d31d274e7ed79bca"},"headline":"HEP\u0130M\u0130Z BU YURDUN EVLATLARIYIZ","datePublished":"2011-02-24T13:43:22+00:00","mainEntityOfPage":{"@id":"https:\/\/narteks.net\/index.php\/2011\/02\/24\/hepimiz-bu-yurdun-evlatlariyiz\/"},"wordCount":108,"commentCount":0,"publisher":{"@id":"https:\/\/narteks.net\/#organization"},"articleSection":["A\u015f\u0131k Veysel \u015eATIRO\u011eLU"],"inLanguage":"tr","potentialAction":[{"@type":"CommentAction","name":"Comment","target":["https:\/\/narteks.net\/index.php\/2011\/02\/24\/hepimiz-bu-yurdun-evlatlariyiz\/#respond"]}]},{"@type":"WebPage","@id":"https:\/\/narteks.net\/index.php\/2011\/02\/24\/hepimiz-bu-yurdun-evlatlariyiz\/","url":"https:\/\/narteks.net\/index.php\/2011\/02\/24\/hepimiz-bu-yurdun-evlatlariyiz\/","name":"HEP\u0130M\u0130Z BU YURDUN EVLATLARIYIZ - narteks.net","isPartOf":{"@id":"https:\/\/narteks.net\/#website"},"datePublished":"2011-02-24T13:43:22+00:00","breadcrumb":{"@id":"https:\/\/narteks.net\/index.php\/2011\/02\/24\/hepimiz-bu-yurdun-evlatlariyiz\/#breadcrumb"},"inLanguage":"tr","potentialAction":[{"@type":"ReadAction","target":["https:\/\/narteks.net\/index.php\/2011\/02\/24\/hepimiz-bu-yurdun-evlatlariyiz\/"]}]},{"@type":"BreadcrumbList","@id":"https:\/\/narteks.net\/index.php\/2011\/02\/24\/hepimiz-bu-yurdun-evlatlariyiz\/#breadcrumb","itemListElement":[{"@type":"ListItem","position":1,"name":"Anasayfa","item":"https:\/\/narteks.net\/"},{"@type":"ListItem","position":2,"name":"HEP\u0130M\u0130Z BU YURDUN EVLATLARIYIZ"}]},{"@type":"WebSite","@id":"https:\/\/narteks.net\/#website","url":"https:\/\/narteks.net\/","name":"narteks.net","description":"K\u00fclt\u00fcr Sanat Edebiyat Felsefe","publisher":{"@id":"https:\/\/narteks.net\/#organization"},"alternateName":"K\u00fclt\u00fcr Sanat Edebiyat Felsefe","potentialAction":[{"@type":"SearchAction","target":{"@type":"EntryPoint","urlTemplate":"https:\/\/narteks.net\/?s={search_term_string}"},"query-input":{"@type":"PropertyValueSpecification","valueRequired":true,"valueName":"search_term_string"}}],"inLanguage":"tr"},{"@type":"Organization","@id":"https:\/\/narteks.net\/#organization","name":"narteks.net","url":"https:\/\/narteks.net\/","logo":{"@type":"ImageObject","inLanguage":"tr","@id":"https:\/\/narteks.net\/#\/schema\/logo\/image\/","url":"https:\/\/narteks.net\/wp-content\/uploads\/narteks.png","contentUrl":"https:\/\/narteks.net\/wp-content\/uploads\/narteks.png","width":300,"height":90,"caption":"narteks.net"},"image":{"@id":"https:\/\/narteks.net\/#\/schema\/logo\/image\/"},"sameAs":["https:\/\/x.com\/narteks","https:\/\/instagram.com\/narteksnet"]},{"@type":"Person","@id":"https:\/\/narteks.net\/#\/schema\/person\/61f37d9834294b72d31d274e7ed79bca","name":"Tar\u0131k","image":{"@type":"ImageObject","inLanguage":"tr","@id":"https:\/\/narteks.net\/#\/schema\/person\/image\/","url":"https:\/\/secure.gravatar.com\/avatar\/50865afb55632c4ae467e0af0930f6510aa2297d8014be502a55b14f3b7550cf?s=96&d=mm&r=g","contentUrl":"https:\/\/secure.gravatar.com\/avatar\/50865afb55632c4ae467e0af0930f6510aa2297d8014be502a55b14f3b7550cf?s=96&d=mm&r=g","caption":"Tar\u0131k"},"sameAs":["http:\/\/narteks.net"],"url":"https:\/\/narteks.net\/index.php\/author\/narbak\/"}]}},"_links":{"self":[{"href":"https:\/\/narteks.net\/index.php\/wp-json\/wp\/v2\/posts\/5132","targetHints":{"allow":["GET"]}}],"collection":[{"href":"https:\/\/narteks.net\/index.php\/wp-json\/wp\/v2\/posts"}],"about":[{"href":"https:\/\/narteks.net\/index.php\/wp-json\/wp\/v2\/types\/post"}],"author":[{"embeddable":true,"href":"https:\/\/narteks.net\/index.php\/wp-json\/wp\/v2\/users\/1"}],"replies":[{"embeddable":true,"href":"https:\/\/narteks.net\/index.php\/wp-json\/wp\/v2\/comments?post=5132"}],"version-history":[{"count":0,"href":"https:\/\/narteks.net\/index.php\/wp-json\/wp\/v2\/posts\/5132\/revisions"}],"wp:attachment":[{"href":"https:\/\/narteks.net\/index.php\/wp-json\/wp\/v2\/media?parent=5132"}],"wp:term":[{"taxonomy":"category","embeddable":true,"href":"https:\/\/narteks.net\/index.php\/wp-json\/wp\/v2\/categories?post=5132"},{"taxonomy":"post_tag","embeddable":true,"href":"https:\/\/narteks.net\/index.php\/wp-json\/wp\/v2\/tags?post=5132"}],"curies":[{"name":"wp","href":"https:\/\/api.w.org\/{rel}","templated":true}]}}