{"id":5136,"date":"2011-02-24T16:45:54","date_gmt":"2011-02-24T13:45:54","guid":{"rendered":"http:\/\/localhost\/wordpress\/2011\/02\/24\/salinip-giderken-boyunu-gordum\/"},"modified":"2011-02-24T16:45:54","modified_gmt":"2011-02-24T13:45:54","slug":"salinip-giderken-boyunu-gordum","status":"publish","type":"post","link":"https:\/\/narteks.net\/index.php\/2011\/02\/24\/salinip-giderken-boyunu-gordum\/","title":{"rendered":"SALINIP G\u0130DERKEN BOYUNU G\u00d6RD\u00dcM"},"content":{"rendered":"<p>\u00a0<\/p>\n<p>Salinip giderken boyunu g\u00f6rd\u00fcm<br \/>Selvi miydi fidan miydi boy muydu<br \/>Egmis kaslarini yayini g\u00f6rd\u00fcm<br \/>Kili\u00e7 miydi gamze miydi yay miydi<\/p>\n<p>G\u00fczel keklik gibi geziyor tasta<br \/>G\u00f6ren asiklari yakar ateste<br \/>Avazi b\u00fclb\u00fclde sedasi kusta<br \/>Keklik miydi turna miydi toy muydu<\/p>\n<p>Taramis z\u00fclf\u00fcn\u00fc d\u00f6km\u00fcs gerdana<br \/>Yel estik\u00e7e dalgalanir her yana<br \/>Dedim dilber \u00e7evir y\u00fcz\u00fcn bak bana<br \/>G\u00f6zleri yildiz al yanaklar ay miydi<\/p>\n<p>Arasan d\u00fcnyayi bulunmaz esi<br \/>Siyah bulut perdelemis g\u00fcnesi<br \/>Ah \u00e7ekti g\u00f6z\u00fcnden sel etti yasi<br \/>Deniz miydi derya miydi \u00e7ay miydi<\/p>\n<p>VEYSEL satir beyan eder derdini<br \/>Terkedemem ezberini virdini<br \/>Dilim tutup soramadim yurdunu<br \/>Yayla miydi kasaba mi k\u00f6y m\u00fcyd\u00fc<\/p>\n","protected":false},"excerpt":{"rendered":"<p>\u00a0 Salinip giderken boyunu g\u00f6rd\u00fcmSelvi miydi fidan miydi boy muyduEgmis kaslarini yayini g\u00f6rd\u00fcmKili\u00e7 miydi gamze miydi yay miydi G\u00fczel keklik gibi geziyor tastaG\u00f6ren asiklari yakar atesteAvazi b\u00fclb\u00fclde sedasi kustaKeklik miydi turna miydi toy muydu Taramis z\u00fclf\u00fcn\u00fc d\u00f6km\u00fcs gerdanaYel estik\u00e7e dalgalanir her yanaDedim dilber \u00e7evir y\u00fcz\u00fcn bak banaG\u00f6zleri yildiz al yanaklar ay miydi Arasan d\u00fcnyayi bulunmaz [&hellip;]<\/p>\n","protected":false},"author":1,"featured_media":0,"comment_status":"open","ping_status":"open","sticky":false,"template":"","format":"standard","meta":{"footnotes":""},"categories":[161],"tags":[],"class_list":{"0":"post-5136","1":"post","2":"type-post","3":"status-publish","4":"format-standard","6":"category-asik-veysel-satiroglu"},"yoast_head":"<!-- This site is optimized with the Yoast SEO Premium plugin v24.9 (Yoast SEO v24.9) - https:\/\/yoast.com\/wordpress\/plugins\/seo\/ -->\n<title>SALINIP G\u0130DERKEN BOYUNU G\u00d6RD\u00dcM - narteks.net<\/title>\n<meta name=\"robots\" content=\"index, follow, max-snippet:-1, max-image-preview:large, max-video-preview:-1\" \/>\n<link rel=\"canonical\" href=\"https:\/\/narteks.net\/index.php\/2011\/02\/24\/salinip-giderken-boyunu-gordum\/\" \/>\n<meta property=\"og:locale\" content=\"tr_TR\" \/>\n<meta property=\"og:type\" content=\"article\" \/>\n<meta property=\"og:title\" content=\"SALINIP G\u0130DERKEN BOYUNU G\u00d6RD\u00dcM\" \/>\n<meta property=\"og:description\" content=\"\u00a0 Salinip giderken boyunu g\u00f6rd\u00fcmSelvi miydi fidan miydi boy muyduEgmis kaslarini yayini g\u00f6rd\u00fcmKili\u00e7 miydi gamze miydi yay miydi G\u00fczel keklik gibi geziyor tastaG\u00f6ren asiklari yakar atesteAvazi b\u00fclb\u00fclde sedasi kustaKeklik miydi turna miydi toy muydu Taramis z\u00fclf\u00fcn\u00fc d\u00f6km\u00fcs gerdanaYel estik\u00e7e dalgalanir her yanaDedim dilber \u00e7evir y\u00fcz\u00fcn bak banaG\u00f6zleri yildiz al yanaklar ay miydi Arasan d\u00fcnyayi bulunmaz [&hellip;]\" \/>\n<meta property=\"og:url\" content=\"https:\/\/narteks.net\/index.php\/2011\/02\/24\/salinip-giderken-boyunu-gordum\/\" \/>\n<meta property=\"og:site_name\" content=\"narteks.net\" \/>\n<meta property=\"article:published_time\" content=\"2011-02-24T13:45:54+00:00\" \/>\n<meta property=\"og:image\" content=\"https:\/\/narteks.net\/wp-content\/uploads\/narteks.png\" \/>\n\t<meta property=\"og:image:width\" content=\"300\" \/>\n\t<meta property=\"og:image:height\" content=\"90\" \/>\n\t<meta property=\"og:image:type\" content=\"image\/png\" \/>\n<meta name=\"author\" content=\"Tar\u0131k\" \/>\n<meta name=\"twitter:card\" content=\"summary_large_image\" \/>\n<meta name=\"twitter:creator\" content=\"@narteks\" \/>\n<meta name=\"twitter:site\" content=\"@narteks\" \/>\n<meta name=\"twitter:label1\" content=\"Yazan:\" \/>\n\t<meta name=\"twitter:data1\" content=\"Tar\u0131k\" \/>\n\t<meta name=\"twitter:label2\" content=\"Tahmini okuma s\u00fcresi\" \/>\n\t<meta name=\"twitter:data2\" content=\"1 dakika\" \/>\n<script type=\"application\/ld+json\" class=\"yoast-schema-graph\">{\"@context\":\"https:\/\/schema.org\",\"@graph\":[{\"@type\":\"Article\",\"@id\":\"https:\/\/narteks.net\/index.php\/2011\/02\/24\/salinip-giderken-boyunu-gordum\/#article\",\"isPartOf\":{\"@id\":\"https:\/\/narteks.net\/index.php\/2011\/02\/24\/salinip-giderken-boyunu-gordum\/\"},\"author\":{\"name\":\"Tar\u0131k\",\"@id\":\"https:\/\/narteks.net\/#\/schema\/person\/61f37d9834294b72d31d274e7ed79bca\"},\"headline\":\"SALINIP G\u0130DERKEN BOYUNU G\u00d6RD\u00dcM\",\"datePublished\":\"2011-02-24T13:45:54+00:00\",\"mainEntityOfPage\":{\"@id\":\"https:\/\/narteks.net\/index.php\/2011\/02\/24\/salinip-giderken-boyunu-gordum\/\"},\"wordCount\":112,\"commentCount\":0,\"publisher\":{\"@id\":\"https:\/\/narteks.net\/#organization\"},\"articleSection\":[\"A\u015f\u0131k Veysel \u015eATIRO\u011eLU\"],\"inLanguage\":\"tr\",\"potentialAction\":[{\"@type\":\"CommentAction\",\"name\":\"Comment\",\"target\":[\"https:\/\/narteks.net\/index.php\/2011\/02\/24\/salinip-giderken-boyunu-gordum\/#respond\"]}]},{\"@type\":\"WebPage\",\"@id\":\"https:\/\/narteks.net\/index.php\/2011\/02\/24\/salinip-giderken-boyunu-gordum\/\",\"url\":\"https:\/\/narteks.net\/index.php\/2011\/02\/24\/salinip-giderken-boyunu-gordum\/\",\"name\":\"SALINIP G\u0130DERKEN BOYUNU G\u00d6RD\u00dcM - narteks.net\",\"isPartOf\":{\"@id\":\"https:\/\/narteks.net\/#website\"},\"datePublished\":\"2011-02-24T13:45:54+00:00\",\"breadcrumb\":{\"@id\":\"https:\/\/narteks.net\/index.php\/2011\/02\/24\/salinip-giderken-boyunu-gordum\/#breadcrumb\"},\"inLanguage\":\"tr\",\"potentialAction\":[{\"@type\":\"ReadAction\",\"target\":[\"https:\/\/narteks.net\/index.php\/2011\/02\/24\/salinip-giderken-boyunu-gordum\/\"]}]},{\"@type\":\"BreadcrumbList\",\"@id\":\"https:\/\/narteks.net\/index.php\/2011\/02\/24\/salinip-giderken-boyunu-gordum\/#breadcrumb\",\"itemListElement\":[{\"@type\":\"ListItem\",\"position\":1,\"name\":\"Anasayfa\",\"item\":\"https:\/\/narteks.net\/\"},{\"@type\":\"ListItem\",\"position\":2,\"name\":\"SALINIP G\u0130DERKEN BOYUNU G\u00d6RD\u00dcM\"}]},{\"@type\":\"WebSite\",\"@id\":\"https:\/\/narteks.net\/#website\",\"url\":\"https:\/\/narteks.net\/\",\"name\":\"narteks.net\",\"description\":\"K\u00fclt\u00fcr Sanat Edebiyat Felsefe\",\"publisher\":{\"@id\":\"https:\/\/narteks.net\/#organization\"},\"alternateName\":\"K\u00fclt\u00fcr Sanat Edebiyat Felsefe\",\"potentialAction\":[{\"@type\":\"SearchAction\",\"target\":{\"@type\":\"EntryPoint\",\"urlTemplate\":\"https:\/\/narteks.net\/?s={search_term_string}\"},\"query-input\":{\"@type\":\"PropertyValueSpecification\",\"valueRequired\":true,\"valueName\":\"search_term_string\"}}],\"inLanguage\":\"tr\"},{\"@type\":\"Organization\",\"@id\":\"https:\/\/narteks.net\/#organization\",\"name\":\"narteks.net\",\"url\":\"https:\/\/narteks.net\/\",\"logo\":{\"@type\":\"ImageObject\",\"inLanguage\":\"tr\",\"@id\":\"https:\/\/narteks.net\/#\/schema\/logo\/image\/\",\"url\":\"https:\/\/narteks.net\/wp-content\/uploads\/narteks.png\",\"contentUrl\":\"https:\/\/narteks.net\/wp-content\/uploads\/narteks.png\",\"width\":300,\"height\":90,\"caption\":\"narteks.net\"},\"image\":{\"@id\":\"https:\/\/narteks.net\/#\/schema\/logo\/image\/\"},\"sameAs\":[\"https:\/\/x.com\/narteks\",\"https:\/\/instagram.com\/narteksnet\"]},{\"@type\":\"Person\",\"@id\":\"https:\/\/narteks.net\/#\/schema\/person\/61f37d9834294b72d31d274e7ed79bca\",\"name\":\"Tar\u0131k\",\"image\":{\"@type\":\"ImageObject\",\"inLanguage\":\"tr\",\"@id\":\"https:\/\/narteks.net\/#\/schema\/person\/image\/\",\"url\":\"https:\/\/secure.gravatar.com\/avatar\/50865afb55632c4ae467e0af0930f6510aa2297d8014be502a55b14f3b7550cf?s=96&d=mm&r=g\",\"contentUrl\":\"https:\/\/secure.gravatar.com\/avatar\/50865afb55632c4ae467e0af0930f6510aa2297d8014be502a55b14f3b7550cf?s=96&d=mm&r=g\",\"caption\":\"Tar\u0131k\"},\"sameAs\":[\"http:\/\/narteks.net\"],\"url\":\"https:\/\/narteks.net\/index.php\/author\/narbak\/\"}]}<\/script>\n<!-- \/ Yoast SEO Premium plugin. -->","yoast_head_json":{"title":"SALINIP G\u0130DERKEN BOYUNU G\u00d6RD\u00dcM - narteks.net","robots":{"index":"index","follow":"follow","max-snippet":"max-snippet:-1","max-image-preview":"max-image-preview:large","max-video-preview":"max-video-preview:-1"},"canonical":"https:\/\/narteks.net\/index.php\/2011\/02\/24\/salinip-giderken-boyunu-gordum\/","og_locale":"tr_TR","og_type":"article","og_title":"SALINIP G\u0130DERKEN BOYUNU G\u00d6RD\u00dcM","og_description":"\u00a0 Salinip giderken boyunu g\u00f6rd\u00fcmSelvi miydi fidan miydi boy muyduEgmis kaslarini yayini g\u00f6rd\u00fcmKili\u00e7 miydi gamze miydi yay miydi G\u00fczel keklik gibi geziyor tastaG\u00f6ren asiklari yakar atesteAvazi b\u00fclb\u00fclde sedasi kustaKeklik miydi turna miydi toy muydu Taramis z\u00fclf\u00fcn\u00fc d\u00f6km\u00fcs gerdanaYel estik\u00e7e dalgalanir her yanaDedim dilber \u00e7evir y\u00fcz\u00fcn bak banaG\u00f6zleri yildiz al yanaklar ay miydi Arasan d\u00fcnyayi bulunmaz [&hellip;]","og_url":"https:\/\/narteks.net\/index.php\/2011\/02\/24\/salinip-giderken-boyunu-gordum\/","og_site_name":"narteks.net","article_published_time":"2011-02-24T13:45:54+00:00","og_image":[{"width":300,"height":90,"url":"https:\/\/narteks.net\/wp-content\/uploads\/narteks.png","type":"image\/png"}],"author":"Tar\u0131k","twitter_card":"summary_large_image","twitter_creator":"@narteks","twitter_site":"@narteks","twitter_misc":{"Yazan:":"Tar\u0131k","Tahmini okuma s\u00fcresi":"1 dakika"},"schema":{"@context":"https:\/\/schema.org","@graph":[{"@type":"Article","@id":"https:\/\/narteks.net\/index.php\/2011\/02\/24\/salinip-giderken-boyunu-gordum\/#article","isPartOf":{"@id":"https:\/\/narteks.net\/index.php\/2011\/02\/24\/salinip-giderken-boyunu-gordum\/"},"author":{"name":"Tar\u0131k","@id":"https:\/\/narteks.net\/#\/schema\/person\/61f37d9834294b72d31d274e7ed79bca"},"headline":"SALINIP G\u0130DERKEN BOYUNU G\u00d6RD\u00dcM","datePublished":"2011-02-24T13:45:54+00:00","mainEntityOfPage":{"@id":"https:\/\/narteks.net\/index.php\/2011\/02\/24\/salinip-giderken-boyunu-gordum\/"},"wordCount":112,"commentCount":0,"publisher":{"@id":"https:\/\/narteks.net\/#organization"},"articleSection":["A\u015f\u0131k Veysel \u015eATIRO\u011eLU"],"inLanguage":"tr","potentialAction":[{"@type":"CommentAction","name":"Comment","target":["https:\/\/narteks.net\/index.php\/2011\/02\/24\/salinip-giderken-boyunu-gordum\/#respond"]}]},{"@type":"WebPage","@id":"https:\/\/narteks.net\/index.php\/2011\/02\/24\/salinip-giderken-boyunu-gordum\/","url":"https:\/\/narteks.net\/index.php\/2011\/02\/24\/salinip-giderken-boyunu-gordum\/","name":"SALINIP G\u0130DERKEN BOYUNU G\u00d6RD\u00dcM - narteks.net","isPartOf":{"@id":"https:\/\/narteks.net\/#website"},"datePublished":"2011-02-24T13:45:54+00:00","breadcrumb":{"@id":"https:\/\/narteks.net\/index.php\/2011\/02\/24\/salinip-giderken-boyunu-gordum\/#breadcrumb"},"inLanguage":"tr","potentialAction":[{"@type":"ReadAction","target":["https:\/\/narteks.net\/index.php\/2011\/02\/24\/salinip-giderken-boyunu-gordum\/"]}]},{"@type":"BreadcrumbList","@id":"https:\/\/narteks.net\/index.php\/2011\/02\/24\/salinip-giderken-boyunu-gordum\/#breadcrumb","itemListElement":[{"@type":"ListItem","position":1,"name":"Anasayfa","item":"https:\/\/narteks.net\/"},{"@type":"ListItem","position":2,"name":"SALINIP G\u0130DERKEN BOYUNU G\u00d6RD\u00dcM"}]},{"@type":"WebSite","@id":"https:\/\/narteks.net\/#website","url":"https:\/\/narteks.net\/","name":"narteks.net","description":"K\u00fclt\u00fcr Sanat Edebiyat Felsefe","publisher":{"@id":"https:\/\/narteks.net\/#organization"},"alternateName":"K\u00fclt\u00fcr Sanat Edebiyat Felsefe","potentialAction":[{"@type":"SearchAction","target":{"@type":"EntryPoint","urlTemplate":"https:\/\/narteks.net\/?s={search_term_string}"},"query-input":{"@type":"PropertyValueSpecification","valueRequired":true,"valueName":"search_term_string"}}],"inLanguage":"tr"},{"@type":"Organization","@id":"https:\/\/narteks.net\/#organization","name":"narteks.net","url":"https:\/\/narteks.net\/","logo":{"@type":"ImageObject","inLanguage":"tr","@id":"https:\/\/narteks.net\/#\/schema\/logo\/image\/","url":"https:\/\/narteks.net\/wp-content\/uploads\/narteks.png","contentUrl":"https:\/\/narteks.net\/wp-content\/uploads\/narteks.png","width":300,"height":90,"caption":"narteks.net"},"image":{"@id":"https:\/\/narteks.net\/#\/schema\/logo\/image\/"},"sameAs":["https:\/\/x.com\/narteks","https:\/\/instagram.com\/narteksnet"]},{"@type":"Person","@id":"https:\/\/narteks.net\/#\/schema\/person\/61f37d9834294b72d31d274e7ed79bca","name":"Tar\u0131k","image":{"@type":"ImageObject","inLanguage":"tr","@id":"https:\/\/narteks.net\/#\/schema\/person\/image\/","url":"https:\/\/secure.gravatar.com\/avatar\/50865afb55632c4ae467e0af0930f6510aa2297d8014be502a55b14f3b7550cf?s=96&d=mm&r=g","contentUrl":"https:\/\/secure.gravatar.com\/avatar\/50865afb55632c4ae467e0af0930f6510aa2297d8014be502a55b14f3b7550cf?s=96&d=mm&r=g","caption":"Tar\u0131k"},"sameAs":["http:\/\/narteks.net"],"url":"https:\/\/narteks.net\/index.php\/author\/narbak\/"}]}},"_links":{"self":[{"href":"https:\/\/narteks.net\/index.php\/wp-json\/wp\/v2\/posts\/5136","targetHints":{"allow":["GET"]}}],"collection":[{"href":"https:\/\/narteks.net\/index.php\/wp-json\/wp\/v2\/posts"}],"about":[{"href":"https:\/\/narteks.net\/index.php\/wp-json\/wp\/v2\/types\/post"}],"author":[{"embeddable":true,"href":"https:\/\/narteks.net\/index.php\/wp-json\/wp\/v2\/users\/1"}],"replies":[{"embeddable":true,"href":"https:\/\/narteks.net\/index.php\/wp-json\/wp\/v2\/comments?post=5136"}],"version-history":[{"count":0,"href":"https:\/\/narteks.net\/index.php\/wp-json\/wp\/v2\/posts\/5136\/revisions"}],"wp:attachment":[{"href":"https:\/\/narteks.net\/index.php\/wp-json\/wp\/v2\/media?parent=5136"}],"wp:term":[{"taxonomy":"category","embeddable":true,"href":"https:\/\/narteks.net\/index.php\/wp-json\/wp\/v2\/categories?post=5136"},{"taxonomy":"post_tag","embeddable":true,"href":"https:\/\/narteks.net\/index.php\/wp-json\/wp\/v2\/tags?post=5136"}],"curies":[{"name":"wp","href":"https:\/\/api.w.org\/{rel}","templated":true}]}}