{"id":5148,"date":"2011-02-24T16:53:04","date_gmt":"2011-02-24T13:53:04","guid":{"rendered":"http:\/\/localhost\/wordpress\/2011\/02\/24\/vatan-sevgisini-icten-duyanlar\/"},"modified":"2011-02-24T16:53:04","modified_gmt":"2011-02-24T13:53:04","slug":"vatan-sevgisini-icten-duyanlar","status":"publish","type":"post","link":"https:\/\/narteks.net\/index.php\/2011\/02\/24\/vatan-sevgisini-icten-duyanlar\/","title":{"rendered":"VATAN SEVG\u0130S\u0130N\u0130 \u0130\u00c7TEN DUYANLAR"},"content":{"rendered":"<p>\u00a0<\/p>\n<p>Vatan sevgisini i\u00e7ten duyanlar<br \/>Sitki ile \u00e7alisir benimseyerek<br \/>Milletine, Ulusuna uyanlar<br \/>Demez neme lazim, neyime gerek<\/p>\n<p>Her ferdin hakki var, bizimdir Vatan<br \/>Babamiz, dedemiz d\u00f6kt\u00fcler al kan<br \/>Hudut boylarinda can verip yatan<br \/>Saygiyle anariz, sehit diyerek<\/p>\n<p>Vatan aski ile \u00e7alisan kafa<br \/>Muhakkak erisir \u00f6ndeki safa<br \/>Tesir n\u00fcfuz olur her bir tarafa<br \/>Herkes onu b\u00fcy\u00fck tanir severek<\/p>\n<p>Olmak istiyorsan d\u00fcnyada mesut<br \/>Hakka halka yarayacak bir is tut<br \/>\u00c7alistir oglunu, kizini okut<br \/>Insan olmak i\u00e7in okumak gerek<\/p>\n<p>Vatan bizim, \u00fclke bizim, el bizim<br \/>Emin ol ki her \u00e7alisan kol bizim<br \/>Ayyildizli bayrak bizim, mal bizim<br \/>S\u00f6yle Veysel \u00f6g\u00fcnerek, \u00f6verek.<\/p>\n","protected":false},"excerpt":{"rendered":"<p>\u00a0 Vatan sevgisini i\u00e7ten duyanlarSitki ile \u00e7alisir benimseyerekMilletine, Ulusuna uyanlarDemez neme lazim, neyime gerek Her ferdin hakki var, bizimdir VatanBabamiz, dedemiz d\u00f6kt\u00fcler al kanHudut boylarinda can verip yatanSaygiyle anariz, sehit diyerek Vatan aski ile \u00e7alisan kafaMuhakkak erisir \u00f6ndeki safaTesir n\u00fcfuz olur her bir tarafaHerkes onu b\u00fcy\u00fck tanir severek Olmak istiyorsan d\u00fcnyada mesutHakka halka yarayacak bir [&hellip;]<\/p>\n","protected":false},"author":1,"featured_media":0,"comment_status":"open","ping_status":"open","sticky":false,"template":"","format":"standard","meta":{"footnotes":""},"categories":[161],"tags":[],"class_list":{"0":"post-5148","1":"post","2":"type-post","3":"status-publish","4":"format-standard","6":"category-asik-veysel-satiroglu"},"yoast_head":"<!-- This site is optimized with the Yoast SEO Premium plugin v24.9 (Yoast SEO v24.9) - https:\/\/yoast.com\/wordpress\/plugins\/seo\/ -->\n<title>VATAN SEVG\u0130S\u0130N\u0130 \u0130\u00c7TEN DUYANLAR - narteks.net<\/title>\n<meta name=\"robots\" content=\"index, follow, max-snippet:-1, max-image-preview:large, max-video-preview:-1\" \/>\n<link rel=\"canonical\" href=\"https:\/\/narteks.net\/index.php\/2011\/02\/24\/vatan-sevgisini-icten-duyanlar\/\" \/>\n<meta property=\"og:locale\" content=\"tr_TR\" \/>\n<meta property=\"og:type\" content=\"article\" \/>\n<meta property=\"og:title\" content=\"VATAN SEVG\u0130S\u0130N\u0130 \u0130\u00c7TEN DUYANLAR\" \/>\n<meta property=\"og:description\" content=\"\u00a0 Vatan sevgisini i\u00e7ten duyanlarSitki ile \u00e7alisir benimseyerekMilletine, Ulusuna uyanlarDemez neme lazim, neyime gerek Her ferdin hakki var, bizimdir VatanBabamiz, dedemiz d\u00f6kt\u00fcler al kanHudut boylarinda can verip yatanSaygiyle anariz, sehit diyerek Vatan aski ile \u00e7alisan kafaMuhakkak erisir \u00f6ndeki safaTesir n\u00fcfuz olur her bir tarafaHerkes onu b\u00fcy\u00fck tanir severek Olmak istiyorsan d\u00fcnyada mesutHakka halka yarayacak bir [&hellip;]\" \/>\n<meta property=\"og:url\" content=\"https:\/\/narteks.net\/index.php\/2011\/02\/24\/vatan-sevgisini-icten-duyanlar\/\" \/>\n<meta property=\"og:site_name\" content=\"narteks.net\" \/>\n<meta property=\"article:published_time\" content=\"2011-02-24T13:53:04+00:00\" \/>\n<meta property=\"og:image\" content=\"https:\/\/narteks.net\/wp-content\/uploads\/narteks.png\" \/>\n\t<meta property=\"og:image:width\" content=\"300\" \/>\n\t<meta property=\"og:image:height\" content=\"90\" \/>\n\t<meta property=\"og:image:type\" content=\"image\/png\" \/>\n<meta name=\"author\" content=\"Tar\u0131k\" \/>\n<meta name=\"twitter:card\" content=\"summary_large_image\" \/>\n<meta name=\"twitter:creator\" content=\"@narteks\" \/>\n<meta name=\"twitter:site\" content=\"@narteks\" \/>\n<meta name=\"twitter:label1\" content=\"Yazan:\" \/>\n\t<meta name=\"twitter:data1\" content=\"Tar\u0131k\" \/>\n<script type=\"application\/ld+json\" class=\"yoast-schema-graph\">{\"@context\":\"https:\/\/schema.org\",\"@graph\":[{\"@type\":\"Article\",\"@id\":\"https:\/\/narteks.net\/index.php\/2011\/02\/24\/vatan-sevgisini-icten-duyanlar\/#article\",\"isPartOf\":{\"@id\":\"https:\/\/narteks.net\/index.php\/2011\/02\/24\/vatan-sevgisini-icten-duyanlar\/\"},\"author\":{\"name\":\"Tar\u0131k\",\"@id\":\"https:\/\/narteks.net\/#\/schema\/person\/61f37d9834294b72d31d274e7ed79bca\"},\"headline\":\"VATAN SEVG\u0130S\u0130N\u0130 \u0130\u00c7TEN DUYANLAR\",\"datePublished\":\"2011-02-24T13:53:04+00:00\",\"mainEntityOfPage\":{\"@id\":\"https:\/\/narteks.net\/index.php\/2011\/02\/24\/vatan-sevgisini-icten-duyanlar\/\"},\"wordCount\":99,\"commentCount\":0,\"publisher\":{\"@id\":\"https:\/\/narteks.net\/#organization\"},\"articleSection\":[\"A\u015f\u0131k Veysel \u015eATIRO\u011eLU\"],\"inLanguage\":\"tr\",\"potentialAction\":[{\"@type\":\"CommentAction\",\"name\":\"Comment\",\"target\":[\"https:\/\/narteks.net\/index.php\/2011\/02\/24\/vatan-sevgisini-icten-duyanlar\/#respond\"]}]},{\"@type\":\"WebPage\",\"@id\":\"https:\/\/narteks.net\/index.php\/2011\/02\/24\/vatan-sevgisini-icten-duyanlar\/\",\"url\":\"https:\/\/narteks.net\/index.php\/2011\/02\/24\/vatan-sevgisini-icten-duyanlar\/\",\"name\":\"VATAN SEVG\u0130S\u0130N\u0130 \u0130\u00c7TEN DUYANLAR - narteks.net\",\"isPartOf\":{\"@id\":\"https:\/\/narteks.net\/#website\"},\"datePublished\":\"2011-02-24T13:53:04+00:00\",\"breadcrumb\":{\"@id\":\"https:\/\/narteks.net\/index.php\/2011\/02\/24\/vatan-sevgisini-icten-duyanlar\/#breadcrumb\"},\"inLanguage\":\"tr\",\"potentialAction\":[{\"@type\":\"ReadAction\",\"target\":[\"https:\/\/narteks.net\/index.php\/2011\/02\/24\/vatan-sevgisini-icten-duyanlar\/\"]}]},{\"@type\":\"BreadcrumbList\",\"@id\":\"https:\/\/narteks.net\/index.php\/2011\/02\/24\/vatan-sevgisini-icten-duyanlar\/#breadcrumb\",\"itemListElement\":[{\"@type\":\"ListItem\",\"position\":1,\"name\":\"Anasayfa\",\"item\":\"https:\/\/narteks.net\/\"},{\"@type\":\"ListItem\",\"position\":2,\"name\":\"VATAN SEVG\u0130S\u0130N\u0130 \u0130\u00c7TEN DUYANLAR\"}]},{\"@type\":\"WebSite\",\"@id\":\"https:\/\/narteks.net\/#website\",\"url\":\"https:\/\/narteks.net\/\",\"name\":\"narteks.net\",\"description\":\"K\u00fclt\u00fcr Sanat Edebiyat Felsefe\",\"publisher\":{\"@id\":\"https:\/\/narteks.net\/#organization\"},\"alternateName\":\"K\u00fclt\u00fcr Sanat Edebiyat Felsefe\",\"potentialAction\":[{\"@type\":\"SearchAction\",\"target\":{\"@type\":\"EntryPoint\",\"urlTemplate\":\"https:\/\/narteks.net\/?s={search_term_string}\"},\"query-input\":{\"@type\":\"PropertyValueSpecification\",\"valueRequired\":true,\"valueName\":\"search_term_string\"}}],\"inLanguage\":\"tr\"},{\"@type\":\"Organization\",\"@id\":\"https:\/\/narteks.net\/#organization\",\"name\":\"narteks.net\",\"url\":\"https:\/\/narteks.net\/\",\"logo\":{\"@type\":\"ImageObject\",\"inLanguage\":\"tr\",\"@id\":\"https:\/\/narteks.net\/#\/schema\/logo\/image\/\",\"url\":\"https:\/\/narteks.net\/wp-content\/uploads\/narteks.png\",\"contentUrl\":\"https:\/\/narteks.net\/wp-content\/uploads\/narteks.png\",\"width\":300,\"height\":90,\"caption\":\"narteks.net\"},\"image\":{\"@id\":\"https:\/\/narteks.net\/#\/schema\/logo\/image\/\"},\"sameAs\":[\"https:\/\/x.com\/narteks\",\"https:\/\/instagram.com\/narteksnet\"]},{\"@type\":\"Person\",\"@id\":\"https:\/\/narteks.net\/#\/schema\/person\/61f37d9834294b72d31d274e7ed79bca\",\"name\":\"Tar\u0131k\",\"image\":{\"@type\":\"ImageObject\",\"inLanguage\":\"tr\",\"@id\":\"https:\/\/narteks.net\/#\/schema\/person\/image\/\",\"url\":\"https:\/\/secure.gravatar.com\/avatar\/50865afb55632c4ae467e0af0930f6510aa2297d8014be502a55b14f3b7550cf?s=96&d=mm&r=g\",\"contentUrl\":\"https:\/\/secure.gravatar.com\/avatar\/50865afb55632c4ae467e0af0930f6510aa2297d8014be502a55b14f3b7550cf?s=96&d=mm&r=g\",\"caption\":\"Tar\u0131k\"},\"sameAs\":[\"http:\/\/narteks.net\"],\"url\":\"https:\/\/narteks.net\/index.php\/author\/narbak\/\"}]}<\/script>\n<!-- \/ Yoast SEO Premium plugin. -->","yoast_head_json":{"title":"VATAN SEVG\u0130S\u0130N\u0130 \u0130\u00c7TEN DUYANLAR - narteks.net","robots":{"index":"index","follow":"follow","max-snippet":"max-snippet:-1","max-image-preview":"max-image-preview:large","max-video-preview":"max-video-preview:-1"},"canonical":"https:\/\/narteks.net\/index.php\/2011\/02\/24\/vatan-sevgisini-icten-duyanlar\/","og_locale":"tr_TR","og_type":"article","og_title":"VATAN SEVG\u0130S\u0130N\u0130 \u0130\u00c7TEN DUYANLAR","og_description":"\u00a0 Vatan sevgisini i\u00e7ten duyanlarSitki ile \u00e7alisir benimseyerekMilletine, Ulusuna uyanlarDemez neme lazim, neyime gerek Her ferdin hakki var, bizimdir VatanBabamiz, dedemiz d\u00f6kt\u00fcler al kanHudut boylarinda can verip yatanSaygiyle anariz, sehit diyerek Vatan aski ile \u00e7alisan kafaMuhakkak erisir \u00f6ndeki safaTesir n\u00fcfuz olur her bir tarafaHerkes onu b\u00fcy\u00fck tanir severek Olmak istiyorsan d\u00fcnyada mesutHakka halka yarayacak bir [&hellip;]","og_url":"https:\/\/narteks.net\/index.php\/2011\/02\/24\/vatan-sevgisini-icten-duyanlar\/","og_site_name":"narteks.net","article_published_time":"2011-02-24T13:53:04+00:00","og_image":[{"width":300,"height":90,"url":"https:\/\/narteks.net\/wp-content\/uploads\/narteks.png","type":"image\/png"}],"author":"Tar\u0131k","twitter_card":"summary_large_image","twitter_creator":"@narteks","twitter_site":"@narteks","twitter_misc":{"Yazan:":"Tar\u0131k"},"schema":{"@context":"https:\/\/schema.org","@graph":[{"@type":"Article","@id":"https:\/\/narteks.net\/index.php\/2011\/02\/24\/vatan-sevgisini-icten-duyanlar\/#article","isPartOf":{"@id":"https:\/\/narteks.net\/index.php\/2011\/02\/24\/vatan-sevgisini-icten-duyanlar\/"},"author":{"name":"Tar\u0131k","@id":"https:\/\/narteks.net\/#\/schema\/person\/61f37d9834294b72d31d274e7ed79bca"},"headline":"VATAN SEVG\u0130S\u0130N\u0130 \u0130\u00c7TEN DUYANLAR","datePublished":"2011-02-24T13:53:04+00:00","mainEntityOfPage":{"@id":"https:\/\/narteks.net\/index.php\/2011\/02\/24\/vatan-sevgisini-icten-duyanlar\/"},"wordCount":99,"commentCount":0,"publisher":{"@id":"https:\/\/narteks.net\/#organization"},"articleSection":["A\u015f\u0131k Veysel \u015eATIRO\u011eLU"],"inLanguage":"tr","potentialAction":[{"@type":"CommentAction","name":"Comment","target":["https:\/\/narteks.net\/index.php\/2011\/02\/24\/vatan-sevgisini-icten-duyanlar\/#respond"]}]},{"@type":"WebPage","@id":"https:\/\/narteks.net\/index.php\/2011\/02\/24\/vatan-sevgisini-icten-duyanlar\/","url":"https:\/\/narteks.net\/index.php\/2011\/02\/24\/vatan-sevgisini-icten-duyanlar\/","name":"VATAN SEVG\u0130S\u0130N\u0130 \u0130\u00c7TEN DUYANLAR - narteks.net","isPartOf":{"@id":"https:\/\/narteks.net\/#website"},"datePublished":"2011-02-24T13:53:04+00:00","breadcrumb":{"@id":"https:\/\/narteks.net\/index.php\/2011\/02\/24\/vatan-sevgisini-icten-duyanlar\/#breadcrumb"},"inLanguage":"tr","potentialAction":[{"@type":"ReadAction","target":["https:\/\/narteks.net\/index.php\/2011\/02\/24\/vatan-sevgisini-icten-duyanlar\/"]}]},{"@type":"BreadcrumbList","@id":"https:\/\/narteks.net\/index.php\/2011\/02\/24\/vatan-sevgisini-icten-duyanlar\/#breadcrumb","itemListElement":[{"@type":"ListItem","position":1,"name":"Anasayfa","item":"https:\/\/narteks.net\/"},{"@type":"ListItem","position":2,"name":"VATAN SEVG\u0130S\u0130N\u0130 \u0130\u00c7TEN DUYANLAR"}]},{"@type":"WebSite","@id":"https:\/\/narteks.net\/#website","url":"https:\/\/narteks.net\/","name":"narteks.net","description":"K\u00fclt\u00fcr Sanat Edebiyat Felsefe","publisher":{"@id":"https:\/\/narteks.net\/#organization"},"alternateName":"K\u00fclt\u00fcr Sanat Edebiyat Felsefe","potentialAction":[{"@type":"SearchAction","target":{"@type":"EntryPoint","urlTemplate":"https:\/\/narteks.net\/?s={search_term_string}"},"query-input":{"@type":"PropertyValueSpecification","valueRequired":true,"valueName":"search_term_string"}}],"inLanguage":"tr"},{"@type":"Organization","@id":"https:\/\/narteks.net\/#organization","name":"narteks.net","url":"https:\/\/narteks.net\/","logo":{"@type":"ImageObject","inLanguage":"tr","@id":"https:\/\/narteks.net\/#\/schema\/logo\/image\/","url":"https:\/\/narteks.net\/wp-content\/uploads\/narteks.png","contentUrl":"https:\/\/narteks.net\/wp-content\/uploads\/narteks.png","width":300,"height":90,"caption":"narteks.net"},"image":{"@id":"https:\/\/narteks.net\/#\/schema\/logo\/image\/"},"sameAs":["https:\/\/x.com\/narteks","https:\/\/instagram.com\/narteksnet"]},{"@type":"Person","@id":"https:\/\/narteks.net\/#\/schema\/person\/61f37d9834294b72d31d274e7ed79bca","name":"Tar\u0131k","image":{"@type":"ImageObject","inLanguage":"tr","@id":"https:\/\/narteks.net\/#\/schema\/person\/image\/","url":"https:\/\/secure.gravatar.com\/avatar\/50865afb55632c4ae467e0af0930f6510aa2297d8014be502a55b14f3b7550cf?s=96&d=mm&r=g","contentUrl":"https:\/\/secure.gravatar.com\/avatar\/50865afb55632c4ae467e0af0930f6510aa2297d8014be502a55b14f3b7550cf?s=96&d=mm&r=g","caption":"Tar\u0131k"},"sameAs":["http:\/\/narteks.net"],"url":"https:\/\/narteks.net\/index.php\/author\/narbak\/"}]}},"_links":{"self":[{"href":"https:\/\/narteks.net\/index.php\/wp-json\/wp\/v2\/posts\/5148","targetHints":{"allow":["GET"]}}],"collection":[{"href":"https:\/\/narteks.net\/index.php\/wp-json\/wp\/v2\/posts"}],"about":[{"href":"https:\/\/narteks.net\/index.php\/wp-json\/wp\/v2\/types\/post"}],"author":[{"embeddable":true,"href":"https:\/\/narteks.net\/index.php\/wp-json\/wp\/v2\/users\/1"}],"replies":[{"embeddable":true,"href":"https:\/\/narteks.net\/index.php\/wp-json\/wp\/v2\/comments?post=5148"}],"version-history":[{"count":0,"href":"https:\/\/narteks.net\/index.php\/wp-json\/wp\/v2\/posts\/5148\/revisions"}],"wp:attachment":[{"href":"https:\/\/narteks.net\/index.php\/wp-json\/wp\/v2\/media?parent=5148"}],"wp:term":[{"taxonomy":"category","embeddable":true,"href":"https:\/\/narteks.net\/index.php\/wp-json\/wp\/v2\/categories?post=5148"},{"taxonomy":"post_tag","embeddable":true,"href":"https:\/\/narteks.net\/index.php\/wp-json\/wp\/v2\/tags?post=5148"}],"curies":[{"name":"wp","href":"https:\/\/api.w.org\/{rel}","templated":true}]}}