{"id":5179,"date":"2011-02-26T18:53:43","date_gmt":"2011-02-26T15:53:43","guid":{"rendered":"http:\/\/localhost\/wordpress\/2011\/02\/26\/besiktas-tramvayi\/"},"modified":"2011-02-26T18:53:43","modified_gmt":"2011-02-26T15:53:43","slug":"besiktas-tramvayi","status":"publish","type":"post","link":"https:\/\/narteks.net\/index.php\/2011\/02\/26\/besiktas-tramvayi\/","title":{"rendered":"BE\u015e\u0130KTA\u015e TRAMVAYI"},"content":{"rendered":"<p>\u00a0<\/p>\n<p>Bah\u00e7emdeki dut a\u011fac\u0131<br \/>vurdu ince dallar\u0131yla penceremin cam\u0131na,<br \/>bir Be\u015fikta\u015f tramvay\u0131 geldi ald\u0131 beni,<br \/>bir Be\u015fikta\u015f tramvay\u0131 g\u00f6t\u00fcrd\u00fc sana.<\/p>\n<p>\u00c7emberlita\u015f, \u015eehzadeba\u015f\u0131, Sara\u00e7hane.<br \/>Alm\u0131\u015f\u0131m parmaklar\u0131n\u0131 ellerime,<br \/>Be\u015fikta\u015f tramvay\u0131nda giderim yane yane.<br \/>Terzi Adem, berber Ali,<br \/>dikimaneden Emine teyze<br \/>ve Makbule.<br \/>\u00dc\u00e7 sar\u0131\u015f\u0131n birader,<br \/>Kapal\u0131\u00e7ar\u015f\u0131 terlik\u00e7ileri.<br \/>Bir k\u00fc\u00e7\u00fcc\u00fck simit\u00e7i \u00e7ocuk,<br \/>levent bir hizmet eri.<\/p>\n<p>Hep iyi insanlar bunlar.<br \/>Dert y\u00fcz\u00fc g\u00f6rmesinler.<br \/>Eksik olmas\u0131nlar.<br \/>Vatman a\u011fabeyimiz de eksik olmas\u0131n.<br \/>Her ak\u015fam b\u00f6yle g\u00f6t\u00fcrs\u00fcnler seni evine,<br \/>bir elinde g\u00f6nl\u00fcm benim,<br \/>bir elimde sefertas\u0131n.<\/p>\n<p>A. KAD\u0130R<\/p>\n","protected":false},"excerpt":{"rendered":"<p>\u00a0 Bah\u00e7emdeki dut a\u011fac\u0131vurdu ince dallar\u0131yla penceremin cam\u0131na,bir Be\u015fikta\u015f tramvay\u0131 geldi ald\u0131 beni,bir Be\u015fikta\u015f tramvay\u0131 g\u00f6t\u00fcrd\u00fc sana. \u00c7emberlita\u015f, \u015eehzadeba\u015f\u0131, Sara\u00e7hane.Alm\u0131\u015f\u0131m parmaklar\u0131n\u0131 ellerime,Be\u015fikta\u015f tramvay\u0131nda giderim yane yane.Terzi Adem, berber Ali,dikimaneden Emine teyzeve Makbule.\u00dc\u00e7 sar\u0131\u015f\u0131n birader,Kapal\u0131\u00e7ar\u015f\u0131 terlik\u00e7ileri.Bir k\u00fc\u00e7\u00fcc\u00fck simit\u00e7i \u00e7ocuk,levent bir hizmet eri. Hep iyi insanlar bunlar.Dert y\u00fcz\u00fc g\u00f6rmesinler.Eksik olmas\u0131nlar.Vatman a\u011fabeyimiz de eksik olmas\u0131n.Her ak\u015fam b\u00f6yle g\u00f6t\u00fcrs\u00fcnler [&hellip;]<\/p>\n","protected":false},"author":1,"featured_media":0,"comment_status":"open","ping_status":"open","sticky":false,"template":"","format":"standard","meta":{"footnotes":""},"categories":[163],"tags":[],"class_list":{"0":"post-5179","1":"post","2":"type-post","3":"status-publish","4":"format-standard","6":"category-a-kadir"},"yoast_head":"<!-- This site is optimized with the Yoast SEO Premium plugin v24.9 (Yoast SEO v24.9) - https:\/\/yoast.com\/wordpress\/plugins\/seo\/ -->\n<title>BE\u015e\u0130KTA\u015e TRAMVAYI - narteks.net<\/title>\n<meta name=\"robots\" content=\"index, follow, max-snippet:-1, max-image-preview:large, max-video-preview:-1\" \/>\n<link rel=\"canonical\" href=\"https:\/\/narteks.net\/index.php\/2011\/02\/26\/besiktas-tramvayi\/\" \/>\n<meta property=\"og:locale\" content=\"tr_TR\" \/>\n<meta property=\"og:type\" content=\"article\" \/>\n<meta property=\"og:title\" content=\"BE\u015e\u0130KTA\u015e TRAMVAYI\" \/>\n<meta property=\"og:description\" content=\"\u00a0 Bah\u00e7emdeki dut a\u011fac\u0131vurdu ince dallar\u0131yla penceremin cam\u0131na,bir Be\u015fikta\u015f tramvay\u0131 geldi ald\u0131 beni,bir Be\u015fikta\u015f tramvay\u0131 g\u00f6t\u00fcrd\u00fc sana. \u00c7emberlita\u015f, \u015eehzadeba\u015f\u0131, Sara\u00e7hane.Alm\u0131\u015f\u0131m parmaklar\u0131n\u0131 ellerime,Be\u015fikta\u015f tramvay\u0131nda giderim yane yane.Terzi Adem, berber Ali,dikimaneden Emine teyzeve Makbule.\u00dc\u00e7 sar\u0131\u015f\u0131n birader,Kapal\u0131\u00e7ar\u015f\u0131 terlik\u00e7ileri.Bir k\u00fc\u00e7\u00fcc\u00fck simit\u00e7i \u00e7ocuk,levent bir hizmet eri. Hep iyi insanlar bunlar.Dert y\u00fcz\u00fc g\u00f6rmesinler.Eksik olmas\u0131nlar.Vatman a\u011fabeyimiz de eksik olmas\u0131n.Her ak\u015fam b\u00f6yle g\u00f6t\u00fcrs\u00fcnler [&hellip;]\" \/>\n<meta property=\"og:url\" content=\"https:\/\/narteks.net\/index.php\/2011\/02\/26\/besiktas-tramvayi\/\" \/>\n<meta property=\"og:site_name\" content=\"narteks.net\" \/>\n<meta property=\"article:published_time\" content=\"2011-02-26T15:53:43+00:00\" \/>\n<meta property=\"og:image\" content=\"https:\/\/narteks.net\/wp-content\/uploads\/narteks.png\" \/>\n\t<meta property=\"og:image:width\" content=\"300\" \/>\n\t<meta property=\"og:image:height\" content=\"90\" \/>\n\t<meta property=\"og:image:type\" content=\"image\/png\" \/>\n<meta name=\"author\" content=\"Tar\u0131k\" \/>\n<meta name=\"twitter:card\" content=\"summary_large_image\" \/>\n<meta name=\"twitter:creator\" content=\"@narteks\" \/>\n<meta name=\"twitter:site\" content=\"@narteks\" \/>\n<meta name=\"twitter:label1\" content=\"Yazan:\" \/>\n\t<meta name=\"twitter:data1\" content=\"Tar\u0131k\" \/>\n\t<meta name=\"twitter:label2\" content=\"Tahmini okuma s\u00fcresi\" \/>\n\t<meta name=\"twitter:data2\" content=\"1 dakika\" \/>\n<script type=\"application\/ld+json\" class=\"yoast-schema-graph\">{\"@context\":\"https:\/\/schema.org\",\"@graph\":[{\"@type\":\"Article\",\"@id\":\"https:\/\/narteks.net\/index.php\/2011\/02\/26\/besiktas-tramvayi\/#article\",\"isPartOf\":{\"@id\":\"https:\/\/narteks.net\/index.php\/2011\/02\/26\/besiktas-tramvayi\/\"},\"author\":{\"name\":\"Tar\u0131k\",\"@id\":\"https:\/\/narteks.net\/#\/schema\/person\/61f37d9834294b72d31d274e7ed79bca\"},\"headline\":\"BE\u015e\u0130KTA\u015e TRAMVAYI\",\"datePublished\":\"2011-02-26T15:53:43+00:00\",\"mainEntityOfPage\":{\"@id\":\"https:\/\/narteks.net\/index.php\/2011\/02\/26\/besiktas-tramvayi\/\"},\"wordCount\":115,\"commentCount\":0,\"publisher\":{\"@id\":\"https:\/\/narteks.net\/#organization\"},\"articleSection\":[\"A.KAD\u0130R\"],\"inLanguage\":\"tr\",\"potentialAction\":[{\"@type\":\"CommentAction\",\"name\":\"Comment\",\"target\":[\"https:\/\/narteks.net\/index.php\/2011\/02\/26\/besiktas-tramvayi\/#respond\"]}]},{\"@type\":\"WebPage\",\"@id\":\"https:\/\/narteks.net\/index.php\/2011\/02\/26\/besiktas-tramvayi\/\",\"url\":\"https:\/\/narteks.net\/index.php\/2011\/02\/26\/besiktas-tramvayi\/\",\"name\":\"BE\u015e\u0130KTA\u015e TRAMVAYI - narteks.net\",\"isPartOf\":{\"@id\":\"https:\/\/narteks.net\/#website\"},\"datePublished\":\"2011-02-26T15:53:43+00:00\",\"breadcrumb\":{\"@id\":\"https:\/\/narteks.net\/index.php\/2011\/02\/26\/besiktas-tramvayi\/#breadcrumb\"},\"inLanguage\":\"tr\",\"potentialAction\":[{\"@type\":\"ReadAction\",\"target\":[\"https:\/\/narteks.net\/index.php\/2011\/02\/26\/besiktas-tramvayi\/\"]}]},{\"@type\":\"BreadcrumbList\",\"@id\":\"https:\/\/narteks.net\/index.php\/2011\/02\/26\/besiktas-tramvayi\/#breadcrumb\",\"itemListElement\":[{\"@type\":\"ListItem\",\"position\":1,\"name\":\"Anasayfa\",\"item\":\"https:\/\/narteks.net\/\"},{\"@type\":\"ListItem\",\"position\":2,\"name\":\"BE\u015e\u0130KTA\u015e TRAMVAYI\"}]},{\"@type\":\"WebSite\",\"@id\":\"https:\/\/narteks.net\/#website\",\"url\":\"https:\/\/narteks.net\/\",\"name\":\"narteks.net\",\"description\":\"K\u00fclt\u00fcr Sanat Edebiyat Felsefe\",\"publisher\":{\"@id\":\"https:\/\/narteks.net\/#organization\"},\"alternateName\":\"K\u00fclt\u00fcr Sanat Edebiyat Felsefe\",\"potentialAction\":[{\"@type\":\"SearchAction\",\"target\":{\"@type\":\"EntryPoint\",\"urlTemplate\":\"https:\/\/narteks.net\/?s={search_term_string}\"},\"query-input\":{\"@type\":\"PropertyValueSpecification\",\"valueRequired\":true,\"valueName\":\"search_term_string\"}}],\"inLanguage\":\"tr\"},{\"@type\":\"Organization\",\"@id\":\"https:\/\/narteks.net\/#organization\",\"name\":\"narteks.net\",\"url\":\"https:\/\/narteks.net\/\",\"logo\":{\"@type\":\"ImageObject\",\"inLanguage\":\"tr\",\"@id\":\"https:\/\/narteks.net\/#\/schema\/logo\/image\/\",\"url\":\"https:\/\/narteks.net\/wp-content\/uploads\/narteks.png\",\"contentUrl\":\"https:\/\/narteks.net\/wp-content\/uploads\/narteks.png\",\"width\":300,\"height\":90,\"caption\":\"narteks.net\"},\"image\":{\"@id\":\"https:\/\/narteks.net\/#\/schema\/logo\/image\/\"},\"sameAs\":[\"https:\/\/x.com\/narteks\",\"https:\/\/instagram.com\/narteksnet\"]},{\"@type\":\"Person\",\"@id\":\"https:\/\/narteks.net\/#\/schema\/person\/61f37d9834294b72d31d274e7ed79bca\",\"name\":\"Tar\u0131k\",\"image\":{\"@type\":\"ImageObject\",\"inLanguage\":\"tr\",\"@id\":\"https:\/\/narteks.net\/#\/schema\/person\/image\/\",\"url\":\"https:\/\/secure.gravatar.com\/avatar\/50865afb55632c4ae467e0af0930f6510aa2297d8014be502a55b14f3b7550cf?s=96&d=mm&r=g\",\"contentUrl\":\"https:\/\/secure.gravatar.com\/avatar\/50865afb55632c4ae467e0af0930f6510aa2297d8014be502a55b14f3b7550cf?s=96&d=mm&r=g\",\"caption\":\"Tar\u0131k\"},\"sameAs\":[\"http:\/\/narteks.net\"],\"url\":\"https:\/\/narteks.net\/index.php\/author\/narbak\/\"}]}<\/script>\n<!-- \/ Yoast SEO Premium plugin. -->","yoast_head_json":{"title":"BE\u015e\u0130KTA\u015e TRAMVAYI - narteks.net","robots":{"index":"index","follow":"follow","max-snippet":"max-snippet:-1","max-image-preview":"max-image-preview:large","max-video-preview":"max-video-preview:-1"},"canonical":"https:\/\/narteks.net\/index.php\/2011\/02\/26\/besiktas-tramvayi\/","og_locale":"tr_TR","og_type":"article","og_title":"BE\u015e\u0130KTA\u015e TRAMVAYI","og_description":"\u00a0 Bah\u00e7emdeki dut a\u011fac\u0131vurdu ince dallar\u0131yla penceremin cam\u0131na,bir Be\u015fikta\u015f tramvay\u0131 geldi ald\u0131 beni,bir Be\u015fikta\u015f tramvay\u0131 g\u00f6t\u00fcrd\u00fc sana. \u00c7emberlita\u015f, \u015eehzadeba\u015f\u0131, Sara\u00e7hane.Alm\u0131\u015f\u0131m parmaklar\u0131n\u0131 ellerime,Be\u015fikta\u015f tramvay\u0131nda giderim yane yane.Terzi Adem, berber Ali,dikimaneden Emine teyzeve Makbule.\u00dc\u00e7 sar\u0131\u015f\u0131n birader,Kapal\u0131\u00e7ar\u015f\u0131 terlik\u00e7ileri.Bir k\u00fc\u00e7\u00fcc\u00fck simit\u00e7i \u00e7ocuk,levent bir hizmet eri. Hep iyi insanlar bunlar.Dert y\u00fcz\u00fc g\u00f6rmesinler.Eksik olmas\u0131nlar.Vatman a\u011fabeyimiz de eksik olmas\u0131n.Her ak\u015fam b\u00f6yle g\u00f6t\u00fcrs\u00fcnler [&hellip;]","og_url":"https:\/\/narteks.net\/index.php\/2011\/02\/26\/besiktas-tramvayi\/","og_site_name":"narteks.net","article_published_time":"2011-02-26T15:53:43+00:00","og_image":[{"width":300,"height":90,"url":"https:\/\/narteks.net\/wp-content\/uploads\/narteks.png","type":"image\/png"}],"author":"Tar\u0131k","twitter_card":"summary_large_image","twitter_creator":"@narteks","twitter_site":"@narteks","twitter_misc":{"Yazan:":"Tar\u0131k","Tahmini okuma s\u00fcresi":"1 dakika"},"schema":{"@context":"https:\/\/schema.org","@graph":[{"@type":"Article","@id":"https:\/\/narteks.net\/index.php\/2011\/02\/26\/besiktas-tramvayi\/#article","isPartOf":{"@id":"https:\/\/narteks.net\/index.php\/2011\/02\/26\/besiktas-tramvayi\/"},"author":{"name":"Tar\u0131k","@id":"https:\/\/narteks.net\/#\/schema\/person\/61f37d9834294b72d31d274e7ed79bca"},"headline":"BE\u015e\u0130KTA\u015e TRAMVAYI","datePublished":"2011-02-26T15:53:43+00:00","mainEntityOfPage":{"@id":"https:\/\/narteks.net\/index.php\/2011\/02\/26\/besiktas-tramvayi\/"},"wordCount":115,"commentCount":0,"publisher":{"@id":"https:\/\/narteks.net\/#organization"},"articleSection":["A.KAD\u0130R"],"inLanguage":"tr","potentialAction":[{"@type":"CommentAction","name":"Comment","target":["https:\/\/narteks.net\/index.php\/2011\/02\/26\/besiktas-tramvayi\/#respond"]}]},{"@type":"WebPage","@id":"https:\/\/narteks.net\/index.php\/2011\/02\/26\/besiktas-tramvayi\/","url":"https:\/\/narteks.net\/index.php\/2011\/02\/26\/besiktas-tramvayi\/","name":"BE\u015e\u0130KTA\u015e TRAMVAYI - narteks.net","isPartOf":{"@id":"https:\/\/narteks.net\/#website"},"datePublished":"2011-02-26T15:53:43+00:00","breadcrumb":{"@id":"https:\/\/narteks.net\/index.php\/2011\/02\/26\/besiktas-tramvayi\/#breadcrumb"},"inLanguage":"tr","potentialAction":[{"@type":"ReadAction","target":["https:\/\/narteks.net\/index.php\/2011\/02\/26\/besiktas-tramvayi\/"]}]},{"@type":"BreadcrumbList","@id":"https:\/\/narteks.net\/index.php\/2011\/02\/26\/besiktas-tramvayi\/#breadcrumb","itemListElement":[{"@type":"ListItem","position":1,"name":"Anasayfa","item":"https:\/\/narteks.net\/"},{"@type":"ListItem","position":2,"name":"BE\u015e\u0130KTA\u015e TRAMVAYI"}]},{"@type":"WebSite","@id":"https:\/\/narteks.net\/#website","url":"https:\/\/narteks.net\/","name":"narteks.net","description":"K\u00fclt\u00fcr Sanat Edebiyat Felsefe","publisher":{"@id":"https:\/\/narteks.net\/#organization"},"alternateName":"K\u00fclt\u00fcr Sanat Edebiyat Felsefe","potentialAction":[{"@type":"SearchAction","target":{"@type":"EntryPoint","urlTemplate":"https:\/\/narteks.net\/?s={search_term_string}"},"query-input":{"@type":"PropertyValueSpecification","valueRequired":true,"valueName":"search_term_string"}}],"inLanguage":"tr"},{"@type":"Organization","@id":"https:\/\/narteks.net\/#organization","name":"narteks.net","url":"https:\/\/narteks.net\/","logo":{"@type":"ImageObject","inLanguage":"tr","@id":"https:\/\/narteks.net\/#\/schema\/logo\/image\/","url":"https:\/\/narteks.net\/wp-content\/uploads\/narteks.png","contentUrl":"https:\/\/narteks.net\/wp-content\/uploads\/narteks.png","width":300,"height":90,"caption":"narteks.net"},"image":{"@id":"https:\/\/narteks.net\/#\/schema\/logo\/image\/"},"sameAs":["https:\/\/x.com\/narteks","https:\/\/instagram.com\/narteksnet"]},{"@type":"Person","@id":"https:\/\/narteks.net\/#\/schema\/person\/61f37d9834294b72d31d274e7ed79bca","name":"Tar\u0131k","image":{"@type":"ImageObject","inLanguage":"tr","@id":"https:\/\/narteks.net\/#\/schema\/person\/image\/","url":"https:\/\/secure.gravatar.com\/avatar\/50865afb55632c4ae467e0af0930f6510aa2297d8014be502a55b14f3b7550cf?s=96&d=mm&r=g","contentUrl":"https:\/\/secure.gravatar.com\/avatar\/50865afb55632c4ae467e0af0930f6510aa2297d8014be502a55b14f3b7550cf?s=96&d=mm&r=g","caption":"Tar\u0131k"},"sameAs":["http:\/\/narteks.net"],"url":"https:\/\/narteks.net\/index.php\/author\/narbak\/"}]}},"_links":{"self":[{"href":"https:\/\/narteks.net\/index.php\/wp-json\/wp\/v2\/posts\/5179","targetHints":{"allow":["GET"]}}],"collection":[{"href":"https:\/\/narteks.net\/index.php\/wp-json\/wp\/v2\/posts"}],"about":[{"href":"https:\/\/narteks.net\/index.php\/wp-json\/wp\/v2\/types\/post"}],"author":[{"embeddable":true,"href":"https:\/\/narteks.net\/index.php\/wp-json\/wp\/v2\/users\/1"}],"replies":[{"embeddable":true,"href":"https:\/\/narteks.net\/index.php\/wp-json\/wp\/v2\/comments?post=5179"}],"version-history":[{"count":0,"href":"https:\/\/narteks.net\/index.php\/wp-json\/wp\/v2\/posts\/5179\/revisions"}],"wp:attachment":[{"href":"https:\/\/narteks.net\/index.php\/wp-json\/wp\/v2\/media?parent=5179"}],"wp:term":[{"taxonomy":"category","embeddable":true,"href":"https:\/\/narteks.net\/index.php\/wp-json\/wp\/v2\/categories?post=5179"},{"taxonomy":"post_tag","embeddable":true,"href":"https:\/\/narteks.net\/index.php\/wp-json\/wp\/v2\/tags?post=5179"}],"curies":[{"name":"wp","href":"https:\/\/api.w.org\/{rel}","templated":true}]}}