{"id":518,"date":"2009-04-12T13:18:14","date_gmt":"2009-04-12T10:18:14","guid":{"rendered":"http:\/\/localhost\/wordpress\/2009\/04\/12\/isik-mezarligi\/"},"modified":"2009-04-12T13:18:14","modified_gmt":"2009-04-12T10:18:14","slug":"isik-mezarligi","status":"publish","type":"post","link":"https:\/\/narteks.net\/index.php\/2009\/04\/12\/isik-mezarligi\/","title":{"rendered":"I\u015eIK MEZARLI\u011eI"},"content":{"rendered":"<p>\u00a0<\/p>\n<p>birden demir ku\u015flar fazla \u015fehir <br \/> demir a\u011fa\u00e7lar\u0131n tamamlad\u0131\u011f\u0131 <br \/> ye\u015filden sar\u0131ya g\u00f6zleri de\u011fi\u015fir <br \/> gagalar\u0131 k\u0131rm\u0131z\u0131 neon yapra\u011f\u0131 <br \/> asmal\u0131mes\u00e7it&#8217;te dolmu\u015f dura\u011f\u0131 <br \/> yar\u0131 gece a\u00e7\u0131k\u00e7a ge\u00e7ilmi\u015ftir <br \/> me\u00e7hul kaatillerin b\u0131rakt\u0131\u011f\u0131 <br \/> bir silah gibi parl\u0131yor \u015fiir <\/p>\n<p> uykusuzluklar\u0131n ate\u015f ald\u0131\u011f\u0131 <br \/> gece barlar\u0131nda i\u00e7kiler zehir <br \/> k\u0131n\u0131ndan \u00e7\u0131kar \u00f6fke b\u0131\u00e7a\u011f\u0131 <br \/> sabaha kar\u015f\u0131 cinayet i\u015flenir <br \/> \u00f6len kim asl\u0131nda \u00f6ld\u00fcren midir <br \/> besbelli hi\u00e7 anla\u015f\u0131lamayaca\u011f\u0131 <br \/> karakolda intihara heveslenir <br \/> bir acil serviste haz\u0131r yata\u011f\u0131 <\/p>\n<p> korku yaln\u0131zl\u0131\u011f\u0131n geli\u015fmesidir <br \/> gece hi\u00e7 kimsenin kurtulamad\u0131\u011f\u0131 <br \/> ay \u015fim\u015fek mavisi belirmi\u015ftir <br \/> b\u0131\u00e7ak par\u0131lt\u0131s\u0131yla yalar soka\u011f\u0131 <br \/> sarho\u015f bir fahi\u015fenin a\u011flad\u0131\u011f\u0131 <br \/> g\u00f6zlerinde kah\u0131r birikmi\u015ftir <br \/> sevdi\u011fi itlerin fark\u0131na varmad\u0131\u011f\u0131 <br \/> paras\u0131n\u0131 yiyorlar allah bilir <\/p>\n<p> geceleyin beyo\u011flu \u0131\u015f\u0131k mezarl\u0131\u011f\u0131<\/p>\n<p>Attila \u0130LHAN<\/p>\n","protected":false},"excerpt":{"rendered":"<p>\u00a0 birden demir ku\u015flar fazla \u015fehir demir a\u011fa\u00e7lar\u0131n tamamlad\u0131\u011f\u0131 ye\u015filden sar\u0131ya g\u00f6zleri de\u011fi\u015fir gagalar\u0131 k\u0131rm\u0131z\u0131 neon yapra\u011f\u0131 asmal\u0131mes\u00e7it&#8217;te dolmu\u015f dura\u011f\u0131 yar\u0131 gece a\u00e7\u0131k\u00e7a ge\u00e7ilmi\u015ftir me\u00e7hul kaatillerin b\u0131rakt\u0131\u011f\u0131 bir silah gibi parl\u0131yor \u015fiir uykusuzluklar\u0131n ate\u015f ald\u0131\u011f\u0131 gece barlar\u0131nda i\u00e7kiler zehir k\u0131n\u0131ndan \u00e7\u0131kar \u00f6fke b\u0131\u00e7a\u011f\u0131 sabaha kar\u015f\u0131 cinayet i\u015flenir \u00f6len kim asl\u0131nda \u00f6ld\u00fcren midir besbelli hi\u00e7 anla\u015f\u0131lamayaca\u011f\u0131 [&hellip;]<\/p>\n","protected":false},"author":1,"featured_media":0,"comment_status":"open","ping_status":"open","sticky":false,"template":"","format":"standard","meta":{"footnotes":""},"categories":[11],"tags":[],"class_list":{"0":"post-518","1":"post","2":"type-post","3":"status-publish","4":"format-standard","6":"category-attila-ilhan"},"yoast_head":"<!-- This site is optimized with the Yoast SEO Premium plugin v24.9 (Yoast SEO v24.9) - https:\/\/yoast.com\/wordpress\/plugins\/seo\/ -->\n<title>I\u015eIK MEZARLI\u011eI - narteks.net<\/title>\n<meta name=\"robots\" content=\"index, follow, max-snippet:-1, max-image-preview:large, max-video-preview:-1\" \/>\n<link rel=\"canonical\" href=\"https:\/\/narteks.net\/index.php\/2009\/04\/12\/isik-mezarligi\/\" \/>\n<meta property=\"og:locale\" content=\"tr_TR\" \/>\n<meta property=\"og:type\" content=\"article\" \/>\n<meta property=\"og:title\" content=\"I\u015eIK MEZARLI\u011eI\" \/>\n<meta property=\"og:description\" content=\"\u00a0 birden demir ku\u015flar fazla \u015fehir demir a\u011fa\u00e7lar\u0131n tamamlad\u0131\u011f\u0131 ye\u015filden sar\u0131ya g\u00f6zleri de\u011fi\u015fir gagalar\u0131 k\u0131rm\u0131z\u0131 neon yapra\u011f\u0131 asmal\u0131mes\u00e7it&#8217;te dolmu\u015f dura\u011f\u0131 yar\u0131 gece a\u00e7\u0131k\u00e7a ge\u00e7ilmi\u015ftir me\u00e7hul kaatillerin b\u0131rakt\u0131\u011f\u0131 bir silah gibi parl\u0131yor \u015fiir uykusuzluklar\u0131n ate\u015f ald\u0131\u011f\u0131 gece barlar\u0131nda i\u00e7kiler zehir k\u0131n\u0131ndan \u00e7\u0131kar \u00f6fke b\u0131\u00e7a\u011f\u0131 sabaha kar\u015f\u0131 cinayet i\u015flenir \u00f6len kim asl\u0131nda \u00f6ld\u00fcren midir besbelli hi\u00e7 anla\u015f\u0131lamayaca\u011f\u0131 [&hellip;]\" \/>\n<meta property=\"og:url\" content=\"https:\/\/narteks.net\/index.php\/2009\/04\/12\/isik-mezarligi\/\" \/>\n<meta property=\"og:site_name\" content=\"narteks.net\" \/>\n<meta property=\"article:published_time\" content=\"2009-04-12T10:18:14+00:00\" \/>\n<meta property=\"og:image\" content=\"https:\/\/narteks.net\/wp-content\/uploads\/narteks.png\" \/>\n\t<meta property=\"og:image:width\" content=\"300\" \/>\n\t<meta property=\"og:image:height\" content=\"90\" \/>\n\t<meta property=\"og:image:type\" content=\"image\/png\" \/>\n<meta name=\"author\" content=\"Tar\u0131k\" \/>\n<meta name=\"twitter:card\" content=\"summary_large_image\" \/>\n<meta name=\"twitter:creator\" content=\"@narteks\" \/>\n<meta name=\"twitter:site\" content=\"@narteks\" \/>\n<meta name=\"twitter:label1\" content=\"Yazan:\" \/>\n\t<meta name=\"twitter:data1\" content=\"Tar\u0131k\" \/>\n\t<meta name=\"twitter:label2\" content=\"Tahmini okuma s\u00fcresi\" \/>\n\t<meta name=\"twitter:data2\" content=\"1 dakika\" \/>\n<script type=\"application\/ld+json\" class=\"yoast-schema-graph\">{\"@context\":\"https:\/\/schema.org\",\"@graph\":[{\"@type\":\"Article\",\"@id\":\"https:\/\/narteks.net\/index.php\/2009\/04\/12\/isik-mezarligi\/#article\",\"isPartOf\":{\"@id\":\"https:\/\/narteks.net\/index.php\/2009\/04\/12\/isik-mezarligi\/\"},\"author\":{\"name\":\"Tar\u0131k\",\"@id\":\"https:\/\/narteks.net\/#\/schema\/person\/61f37d9834294b72d31d274e7ed79bca\"},\"headline\":\"I\u015eIK MEZARLI\u011eI\",\"datePublished\":\"2009-04-12T10:18:14+00:00\",\"mainEntityOfPage\":{\"@id\":\"https:\/\/narteks.net\/index.php\/2009\/04\/12\/isik-mezarligi\/\"},\"wordCount\":151,\"commentCount\":0,\"publisher\":{\"@id\":\"https:\/\/narteks.net\/#organization\"},\"articleSection\":[\"Attila ILHAN\"],\"inLanguage\":\"tr\",\"potentialAction\":[{\"@type\":\"CommentAction\",\"name\":\"Comment\",\"target\":[\"https:\/\/narteks.net\/index.php\/2009\/04\/12\/isik-mezarligi\/#respond\"]}]},{\"@type\":\"WebPage\",\"@id\":\"https:\/\/narteks.net\/index.php\/2009\/04\/12\/isik-mezarligi\/\",\"url\":\"https:\/\/narteks.net\/index.php\/2009\/04\/12\/isik-mezarligi\/\",\"name\":\"I\u015eIK MEZARLI\u011eI - narteks.net\",\"isPartOf\":{\"@id\":\"https:\/\/narteks.net\/#website\"},\"datePublished\":\"2009-04-12T10:18:14+00:00\",\"breadcrumb\":{\"@id\":\"https:\/\/narteks.net\/index.php\/2009\/04\/12\/isik-mezarligi\/#breadcrumb\"},\"inLanguage\":\"tr\",\"potentialAction\":[{\"@type\":\"ReadAction\",\"target\":[\"https:\/\/narteks.net\/index.php\/2009\/04\/12\/isik-mezarligi\/\"]}]},{\"@type\":\"BreadcrumbList\",\"@id\":\"https:\/\/narteks.net\/index.php\/2009\/04\/12\/isik-mezarligi\/#breadcrumb\",\"itemListElement\":[{\"@type\":\"ListItem\",\"position\":1,\"name\":\"Anasayfa\",\"item\":\"https:\/\/narteks.net\/\"},{\"@type\":\"ListItem\",\"position\":2,\"name\":\"I\u015eIK MEZARLI\u011eI\"}]},{\"@type\":\"WebSite\",\"@id\":\"https:\/\/narteks.net\/#website\",\"url\":\"https:\/\/narteks.net\/\",\"name\":\"narteks.net\",\"description\":\"K\u00fclt\u00fcr Sanat Edebiyat Felsefe\",\"publisher\":{\"@id\":\"https:\/\/narteks.net\/#organization\"},\"alternateName\":\"K\u00fclt\u00fcr Sanat Edebiyat Felsefe\",\"potentialAction\":[{\"@type\":\"SearchAction\",\"target\":{\"@type\":\"EntryPoint\",\"urlTemplate\":\"https:\/\/narteks.net\/?s={search_term_string}\"},\"query-input\":{\"@type\":\"PropertyValueSpecification\",\"valueRequired\":true,\"valueName\":\"search_term_string\"}}],\"inLanguage\":\"tr\"},{\"@type\":\"Organization\",\"@id\":\"https:\/\/narteks.net\/#organization\",\"name\":\"narteks.net\",\"url\":\"https:\/\/narteks.net\/\",\"logo\":{\"@type\":\"ImageObject\",\"inLanguage\":\"tr\",\"@id\":\"https:\/\/narteks.net\/#\/schema\/logo\/image\/\",\"url\":\"https:\/\/narteks.net\/wp-content\/uploads\/narteks.png\",\"contentUrl\":\"https:\/\/narteks.net\/wp-content\/uploads\/narteks.png\",\"width\":300,\"height\":90,\"caption\":\"narteks.net\"},\"image\":{\"@id\":\"https:\/\/narteks.net\/#\/schema\/logo\/image\/\"},\"sameAs\":[\"https:\/\/x.com\/narteks\",\"https:\/\/instagram.com\/narteksnet\"]},{\"@type\":\"Person\",\"@id\":\"https:\/\/narteks.net\/#\/schema\/person\/61f37d9834294b72d31d274e7ed79bca\",\"name\":\"Tar\u0131k\",\"image\":{\"@type\":\"ImageObject\",\"inLanguage\":\"tr\",\"@id\":\"https:\/\/narteks.net\/#\/schema\/person\/image\/\",\"url\":\"https:\/\/secure.gravatar.com\/avatar\/50865afb55632c4ae467e0af0930f6510aa2297d8014be502a55b14f3b7550cf?s=96&d=mm&r=g\",\"contentUrl\":\"https:\/\/secure.gravatar.com\/avatar\/50865afb55632c4ae467e0af0930f6510aa2297d8014be502a55b14f3b7550cf?s=96&d=mm&r=g\",\"caption\":\"Tar\u0131k\"},\"sameAs\":[\"http:\/\/narteks.net\"],\"url\":\"https:\/\/narteks.net\/index.php\/author\/narbak\/\"}]}<\/script>\n<!-- \/ Yoast SEO Premium plugin. -->","yoast_head_json":{"title":"I\u015eIK MEZARLI\u011eI - narteks.net","robots":{"index":"index","follow":"follow","max-snippet":"max-snippet:-1","max-image-preview":"max-image-preview:large","max-video-preview":"max-video-preview:-1"},"canonical":"https:\/\/narteks.net\/index.php\/2009\/04\/12\/isik-mezarligi\/","og_locale":"tr_TR","og_type":"article","og_title":"I\u015eIK MEZARLI\u011eI","og_description":"\u00a0 birden demir ku\u015flar fazla \u015fehir demir a\u011fa\u00e7lar\u0131n tamamlad\u0131\u011f\u0131 ye\u015filden sar\u0131ya g\u00f6zleri de\u011fi\u015fir gagalar\u0131 k\u0131rm\u0131z\u0131 neon yapra\u011f\u0131 asmal\u0131mes\u00e7it&#8217;te dolmu\u015f dura\u011f\u0131 yar\u0131 gece a\u00e7\u0131k\u00e7a ge\u00e7ilmi\u015ftir me\u00e7hul kaatillerin b\u0131rakt\u0131\u011f\u0131 bir silah gibi parl\u0131yor \u015fiir uykusuzluklar\u0131n ate\u015f ald\u0131\u011f\u0131 gece barlar\u0131nda i\u00e7kiler zehir k\u0131n\u0131ndan \u00e7\u0131kar \u00f6fke b\u0131\u00e7a\u011f\u0131 sabaha kar\u015f\u0131 cinayet i\u015flenir \u00f6len kim asl\u0131nda \u00f6ld\u00fcren midir besbelli hi\u00e7 anla\u015f\u0131lamayaca\u011f\u0131 [&hellip;]","og_url":"https:\/\/narteks.net\/index.php\/2009\/04\/12\/isik-mezarligi\/","og_site_name":"narteks.net","article_published_time":"2009-04-12T10:18:14+00:00","og_image":[{"width":300,"height":90,"url":"https:\/\/narteks.net\/wp-content\/uploads\/narteks.png","type":"image\/png"}],"author":"Tar\u0131k","twitter_card":"summary_large_image","twitter_creator":"@narteks","twitter_site":"@narteks","twitter_misc":{"Yazan:":"Tar\u0131k","Tahmini okuma s\u00fcresi":"1 dakika"},"schema":{"@context":"https:\/\/schema.org","@graph":[{"@type":"Article","@id":"https:\/\/narteks.net\/index.php\/2009\/04\/12\/isik-mezarligi\/#article","isPartOf":{"@id":"https:\/\/narteks.net\/index.php\/2009\/04\/12\/isik-mezarligi\/"},"author":{"name":"Tar\u0131k","@id":"https:\/\/narteks.net\/#\/schema\/person\/61f37d9834294b72d31d274e7ed79bca"},"headline":"I\u015eIK MEZARLI\u011eI","datePublished":"2009-04-12T10:18:14+00:00","mainEntityOfPage":{"@id":"https:\/\/narteks.net\/index.php\/2009\/04\/12\/isik-mezarligi\/"},"wordCount":151,"commentCount":0,"publisher":{"@id":"https:\/\/narteks.net\/#organization"},"articleSection":["Attila ILHAN"],"inLanguage":"tr","potentialAction":[{"@type":"CommentAction","name":"Comment","target":["https:\/\/narteks.net\/index.php\/2009\/04\/12\/isik-mezarligi\/#respond"]}]},{"@type":"WebPage","@id":"https:\/\/narteks.net\/index.php\/2009\/04\/12\/isik-mezarligi\/","url":"https:\/\/narteks.net\/index.php\/2009\/04\/12\/isik-mezarligi\/","name":"I\u015eIK MEZARLI\u011eI - narteks.net","isPartOf":{"@id":"https:\/\/narteks.net\/#website"},"datePublished":"2009-04-12T10:18:14+00:00","breadcrumb":{"@id":"https:\/\/narteks.net\/index.php\/2009\/04\/12\/isik-mezarligi\/#breadcrumb"},"inLanguage":"tr","potentialAction":[{"@type":"ReadAction","target":["https:\/\/narteks.net\/index.php\/2009\/04\/12\/isik-mezarligi\/"]}]},{"@type":"BreadcrumbList","@id":"https:\/\/narteks.net\/index.php\/2009\/04\/12\/isik-mezarligi\/#breadcrumb","itemListElement":[{"@type":"ListItem","position":1,"name":"Anasayfa","item":"https:\/\/narteks.net\/"},{"@type":"ListItem","position":2,"name":"I\u015eIK MEZARLI\u011eI"}]},{"@type":"WebSite","@id":"https:\/\/narteks.net\/#website","url":"https:\/\/narteks.net\/","name":"narteks.net","description":"K\u00fclt\u00fcr Sanat Edebiyat Felsefe","publisher":{"@id":"https:\/\/narteks.net\/#organization"},"alternateName":"K\u00fclt\u00fcr Sanat Edebiyat Felsefe","potentialAction":[{"@type":"SearchAction","target":{"@type":"EntryPoint","urlTemplate":"https:\/\/narteks.net\/?s={search_term_string}"},"query-input":{"@type":"PropertyValueSpecification","valueRequired":true,"valueName":"search_term_string"}}],"inLanguage":"tr"},{"@type":"Organization","@id":"https:\/\/narteks.net\/#organization","name":"narteks.net","url":"https:\/\/narteks.net\/","logo":{"@type":"ImageObject","inLanguage":"tr","@id":"https:\/\/narteks.net\/#\/schema\/logo\/image\/","url":"https:\/\/narteks.net\/wp-content\/uploads\/narteks.png","contentUrl":"https:\/\/narteks.net\/wp-content\/uploads\/narteks.png","width":300,"height":90,"caption":"narteks.net"},"image":{"@id":"https:\/\/narteks.net\/#\/schema\/logo\/image\/"},"sameAs":["https:\/\/x.com\/narteks","https:\/\/instagram.com\/narteksnet"]},{"@type":"Person","@id":"https:\/\/narteks.net\/#\/schema\/person\/61f37d9834294b72d31d274e7ed79bca","name":"Tar\u0131k","image":{"@type":"ImageObject","inLanguage":"tr","@id":"https:\/\/narteks.net\/#\/schema\/person\/image\/","url":"https:\/\/secure.gravatar.com\/avatar\/50865afb55632c4ae467e0af0930f6510aa2297d8014be502a55b14f3b7550cf?s=96&d=mm&r=g","contentUrl":"https:\/\/secure.gravatar.com\/avatar\/50865afb55632c4ae467e0af0930f6510aa2297d8014be502a55b14f3b7550cf?s=96&d=mm&r=g","caption":"Tar\u0131k"},"sameAs":["http:\/\/narteks.net"],"url":"https:\/\/narteks.net\/index.php\/author\/narbak\/"}]}},"_links":{"self":[{"href":"https:\/\/narteks.net\/index.php\/wp-json\/wp\/v2\/posts\/518","targetHints":{"allow":["GET"]}}],"collection":[{"href":"https:\/\/narteks.net\/index.php\/wp-json\/wp\/v2\/posts"}],"about":[{"href":"https:\/\/narteks.net\/index.php\/wp-json\/wp\/v2\/types\/post"}],"author":[{"embeddable":true,"href":"https:\/\/narteks.net\/index.php\/wp-json\/wp\/v2\/users\/1"}],"replies":[{"embeddable":true,"href":"https:\/\/narteks.net\/index.php\/wp-json\/wp\/v2\/comments?post=518"}],"version-history":[{"count":0,"href":"https:\/\/narteks.net\/index.php\/wp-json\/wp\/v2\/posts\/518\/revisions"}],"wp:attachment":[{"href":"https:\/\/narteks.net\/index.php\/wp-json\/wp\/v2\/media?parent=518"}],"wp:term":[{"taxonomy":"category","embeddable":true,"href":"https:\/\/narteks.net\/index.php\/wp-json\/wp\/v2\/categories?post=518"},{"taxonomy":"post_tag","embeddable":true,"href":"https:\/\/narteks.net\/index.php\/wp-json\/wp\/v2\/tags?post=518"}],"curies":[{"name":"wp","href":"https:\/\/api.w.org\/{rel}","templated":true}]}}