{"id":5183,"date":"2011-02-26T18:58:17","date_gmt":"2011-02-26T15:58:17","guid":{"rendered":"http:\/\/localhost\/wordpress\/2011\/02\/26\/elimde-kalan\/"},"modified":"2011-02-26T18:58:17","modified_gmt":"2011-02-26T15:58:17","slug":"elimde-kalan","status":"publish","type":"post","link":"https:\/\/narteks.net\/index.php\/2011\/02\/26\/elimde-kalan\/","title":{"rendered":"EL\u0130MDE KALAN"},"content":{"rendered":"<p>\u00a0<\/p>\n<p>-Kar\u0131ma-<\/p>\n<p>Yirmi ya\u015f\u0131nda hapse d\u00fc\u015ft\u00fcm.<br \/>Yirmi be\u015fimde s\u00fcrg\u00fcn oldum.<br \/>Y\u0131llarca gen\u00e7li\u011fimi sa\u00e7t\u0131m<br \/>Anadolu topraklar\u0131na.<br \/>Bir yoku\u015fu y\u0131llarca indim \u00e7\u0131kt\u0131m<br \/>d\u00f6ke d\u00f6ke kan\u0131m\u0131<br \/>bir ekmek paras\u0131na.<br \/>\u0130\u015fte bug\u00fcn altm\u0131\u015f \u00fc\u00e7 ya\u015f\u0131nday\u0131m.<br \/>Bak\u0131yorum g\u00f6ky\u00fcz\u00fcne bug\u00fcn gene<br \/>demir parmakl\u0131klardan.<\/p>\n<p>Bir senin y\u00fcre\u011fin<br \/>ak bir g\u00fcvercin<br \/>elimde kalan.\u00a0 <\/p>\n<p>A. KAD\u0130R<\/p>\n","protected":false},"excerpt":{"rendered":"<p>\u00a0 -Kar\u0131ma- Yirmi ya\u015f\u0131nda hapse d\u00fc\u015ft\u00fcm.Yirmi be\u015fimde s\u00fcrg\u00fcn oldum.Y\u0131llarca gen\u00e7li\u011fimi sa\u00e7t\u0131mAnadolu topraklar\u0131na.Bir yoku\u015fu y\u0131llarca indim \u00e7\u0131kt\u0131md\u00f6ke d\u00f6ke kan\u0131m\u0131bir ekmek paras\u0131na.\u0130\u015fte bug\u00fcn altm\u0131\u015f \u00fc\u00e7 ya\u015f\u0131nday\u0131m.Bak\u0131yorum g\u00f6ky\u00fcz\u00fcne bug\u00fcn genedemir parmakl\u0131klardan. Bir senin y\u00fcre\u011finak bir g\u00fcvercinelimde kalan.\u00a0 A. KAD\u0130R<\/p>\n","protected":false},"author":1,"featured_media":0,"comment_status":"open","ping_status":"open","sticky":false,"template":"","format":"standard","meta":{"footnotes":""},"categories":[163],"tags":[],"class_list":{"0":"post-5183","1":"post","2":"type-post","3":"status-publish","4":"format-standard","6":"category-a-kadir"},"yoast_head":"<!-- This site is optimized with the Yoast SEO Premium plugin v24.9 (Yoast SEO v24.9) - https:\/\/yoast.com\/wordpress\/plugins\/seo\/ -->\n<title>EL\u0130MDE KALAN - narteks.net<\/title>\n<meta name=\"robots\" content=\"index, follow, max-snippet:-1, max-image-preview:large, max-video-preview:-1\" \/>\n<link rel=\"canonical\" href=\"https:\/\/narteks.net\/index.php\/2011\/02\/26\/elimde-kalan\/\" \/>\n<meta property=\"og:locale\" content=\"tr_TR\" \/>\n<meta property=\"og:type\" content=\"article\" \/>\n<meta property=\"og:title\" content=\"EL\u0130MDE KALAN\" \/>\n<meta property=\"og:description\" content=\"\u00a0 -Kar\u0131ma- Yirmi ya\u015f\u0131nda hapse d\u00fc\u015ft\u00fcm.Yirmi be\u015fimde s\u00fcrg\u00fcn oldum.Y\u0131llarca gen\u00e7li\u011fimi sa\u00e7t\u0131mAnadolu topraklar\u0131na.Bir yoku\u015fu y\u0131llarca indim \u00e7\u0131kt\u0131md\u00f6ke d\u00f6ke kan\u0131m\u0131bir ekmek paras\u0131na.\u0130\u015fte bug\u00fcn altm\u0131\u015f \u00fc\u00e7 ya\u015f\u0131nday\u0131m.Bak\u0131yorum g\u00f6ky\u00fcz\u00fcne bug\u00fcn genedemir parmakl\u0131klardan. Bir senin y\u00fcre\u011finak bir g\u00fcvercinelimde kalan.\u00a0 A. KAD\u0130R\" \/>\n<meta property=\"og:url\" content=\"https:\/\/narteks.net\/index.php\/2011\/02\/26\/elimde-kalan\/\" \/>\n<meta property=\"og:site_name\" content=\"narteks.net\" \/>\n<meta property=\"article:published_time\" content=\"2011-02-26T15:58:17+00:00\" \/>\n<meta property=\"og:image\" content=\"https:\/\/narteks.net\/wp-content\/uploads\/narteks.png\" \/>\n\t<meta property=\"og:image:width\" content=\"300\" \/>\n\t<meta property=\"og:image:height\" content=\"90\" \/>\n\t<meta property=\"og:image:type\" content=\"image\/png\" \/>\n<meta name=\"author\" content=\"Tar\u0131k\" \/>\n<meta name=\"twitter:card\" content=\"summary_large_image\" \/>\n<meta name=\"twitter:creator\" content=\"@narteks\" \/>\n<meta name=\"twitter:site\" content=\"@narteks\" \/>\n<meta name=\"twitter:label1\" content=\"Yazan:\" \/>\n\t<meta name=\"twitter:data1\" content=\"Tar\u0131k\" \/>\n<script type=\"application\/ld+json\" class=\"yoast-schema-graph\">{\"@context\":\"https:\/\/schema.org\",\"@graph\":[{\"@type\":\"Article\",\"@id\":\"https:\/\/narteks.net\/index.php\/2011\/02\/26\/elimde-kalan\/#article\",\"isPartOf\":{\"@id\":\"https:\/\/narteks.net\/index.php\/2011\/02\/26\/elimde-kalan\/\"},\"author\":{\"name\":\"Tar\u0131k\",\"@id\":\"https:\/\/narteks.net\/#\/schema\/person\/61f37d9834294b72d31d274e7ed79bca\"},\"headline\":\"EL\u0130MDE KALAN\",\"datePublished\":\"2011-02-26T15:58:17+00:00\",\"mainEntityOfPage\":{\"@id\":\"https:\/\/narteks.net\/index.php\/2011\/02\/26\/elimde-kalan\/\"},\"wordCount\":76,\"commentCount\":0,\"publisher\":{\"@id\":\"https:\/\/narteks.net\/#organization\"},\"articleSection\":[\"A.KAD\u0130R\"],\"inLanguage\":\"tr\",\"potentialAction\":[{\"@type\":\"CommentAction\",\"name\":\"Comment\",\"target\":[\"https:\/\/narteks.net\/index.php\/2011\/02\/26\/elimde-kalan\/#respond\"]}]},{\"@type\":\"WebPage\",\"@id\":\"https:\/\/narteks.net\/index.php\/2011\/02\/26\/elimde-kalan\/\",\"url\":\"https:\/\/narteks.net\/index.php\/2011\/02\/26\/elimde-kalan\/\",\"name\":\"EL\u0130MDE KALAN - narteks.net\",\"isPartOf\":{\"@id\":\"https:\/\/narteks.net\/#website\"},\"datePublished\":\"2011-02-26T15:58:17+00:00\",\"breadcrumb\":{\"@id\":\"https:\/\/narteks.net\/index.php\/2011\/02\/26\/elimde-kalan\/#breadcrumb\"},\"inLanguage\":\"tr\",\"potentialAction\":[{\"@type\":\"ReadAction\",\"target\":[\"https:\/\/narteks.net\/index.php\/2011\/02\/26\/elimde-kalan\/\"]}]},{\"@type\":\"BreadcrumbList\",\"@id\":\"https:\/\/narteks.net\/index.php\/2011\/02\/26\/elimde-kalan\/#breadcrumb\",\"itemListElement\":[{\"@type\":\"ListItem\",\"position\":1,\"name\":\"Anasayfa\",\"item\":\"https:\/\/narteks.net\/\"},{\"@type\":\"ListItem\",\"position\":2,\"name\":\"EL\u0130MDE KALAN\"}]},{\"@type\":\"WebSite\",\"@id\":\"https:\/\/narteks.net\/#website\",\"url\":\"https:\/\/narteks.net\/\",\"name\":\"narteks.net\",\"description\":\"K\u00fclt\u00fcr Sanat Edebiyat Felsefe\",\"publisher\":{\"@id\":\"https:\/\/narteks.net\/#organization\"},\"alternateName\":\"K\u00fclt\u00fcr Sanat Edebiyat Felsefe\",\"potentialAction\":[{\"@type\":\"SearchAction\",\"target\":{\"@type\":\"EntryPoint\",\"urlTemplate\":\"https:\/\/narteks.net\/?s={search_term_string}\"},\"query-input\":{\"@type\":\"PropertyValueSpecification\",\"valueRequired\":true,\"valueName\":\"search_term_string\"}}],\"inLanguage\":\"tr\"},{\"@type\":\"Organization\",\"@id\":\"https:\/\/narteks.net\/#organization\",\"name\":\"narteks.net\",\"url\":\"https:\/\/narteks.net\/\",\"logo\":{\"@type\":\"ImageObject\",\"inLanguage\":\"tr\",\"@id\":\"https:\/\/narteks.net\/#\/schema\/logo\/image\/\",\"url\":\"https:\/\/narteks.net\/wp-content\/uploads\/narteks.png\",\"contentUrl\":\"https:\/\/narteks.net\/wp-content\/uploads\/narteks.png\",\"width\":300,\"height\":90,\"caption\":\"narteks.net\"},\"image\":{\"@id\":\"https:\/\/narteks.net\/#\/schema\/logo\/image\/\"},\"sameAs\":[\"https:\/\/x.com\/narteks\",\"https:\/\/instagram.com\/narteksnet\"]},{\"@type\":\"Person\",\"@id\":\"https:\/\/narteks.net\/#\/schema\/person\/61f37d9834294b72d31d274e7ed79bca\",\"name\":\"Tar\u0131k\",\"image\":{\"@type\":\"ImageObject\",\"inLanguage\":\"tr\",\"@id\":\"https:\/\/narteks.net\/#\/schema\/person\/image\/\",\"url\":\"https:\/\/secure.gravatar.com\/avatar\/50865afb55632c4ae467e0af0930f6510aa2297d8014be502a55b14f3b7550cf?s=96&d=mm&r=g\",\"contentUrl\":\"https:\/\/secure.gravatar.com\/avatar\/50865afb55632c4ae467e0af0930f6510aa2297d8014be502a55b14f3b7550cf?s=96&d=mm&r=g\",\"caption\":\"Tar\u0131k\"},\"sameAs\":[\"http:\/\/narteks.net\"],\"url\":\"https:\/\/narteks.net\/index.php\/author\/narbak\/\"}]}<\/script>\n<!-- \/ Yoast SEO Premium plugin. -->","yoast_head_json":{"title":"EL\u0130MDE KALAN - narteks.net","robots":{"index":"index","follow":"follow","max-snippet":"max-snippet:-1","max-image-preview":"max-image-preview:large","max-video-preview":"max-video-preview:-1"},"canonical":"https:\/\/narteks.net\/index.php\/2011\/02\/26\/elimde-kalan\/","og_locale":"tr_TR","og_type":"article","og_title":"EL\u0130MDE KALAN","og_description":"\u00a0 -Kar\u0131ma- Yirmi ya\u015f\u0131nda hapse d\u00fc\u015ft\u00fcm.Yirmi be\u015fimde s\u00fcrg\u00fcn oldum.Y\u0131llarca gen\u00e7li\u011fimi sa\u00e7t\u0131mAnadolu topraklar\u0131na.Bir yoku\u015fu y\u0131llarca indim \u00e7\u0131kt\u0131md\u00f6ke d\u00f6ke kan\u0131m\u0131bir ekmek paras\u0131na.\u0130\u015fte bug\u00fcn altm\u0131\u015f \u00fc\u00e7 ya\u015f\u0131nday\u0131m.Bak\u0131yorum g\u00f6ky\u00fcz\u00fcne bug\u00fcn genedemir parmakl\u0131klardan. Bir senin y\u00fcre\u011finak bir g\u00fcvercinelimde kalan.\u00a0 A. KAD\u0130R","og_url":"https:\/\/narteks.net\/index.php\/2011\/02\/26\/elimde-kalan\/","og_site_name":"narteks.net","article_published_time":"2011-02-26T15:58:17+00:00","og_image":[{"width":300,"height":90,"url":"https:\/\/narteks.net\/wp-content\/uploads\/narteks.png","type":"image\/png"}],"author":"Tar\u0131k","twitter_card":"summary_large_image","twitter_creator":"@narteks","twitter_site":"@narteks","twitter_misc":{"Yazan:":"Tar\u0131k"},"schema":{"@context":"https:\/\/schema.org","@graph":[{"@type":"Article","@id":"https:\/\/narteks.net\/index.php\/2011\/02\/26\/elimde-kalan\/#article","isPartOf":{"@id":"https:\/\/narteks.net\/index.php\/2011\/02\/26\/elimde-kalan\/"},"author":{"name":"Tar\u0131k","@id":"https:\/\/narteks.net\/#\/schema\/person\/61f37d9834294b72d31d274e7ed79bca"},"headline":"EL\u0130MDE KALAN","datePublished":"2011-02-26T15:58:17+00:00","mainEntityOfPage":{"@id":"https:\/\/narteks.net\/index.php\/2011\/02\/26\/elimde-kalan\/"},"wordCount":76,"commentCount":0,"publisher":{"@id":"https:\/\/narteks.net\/#organization"},"articleSection":["A.KAD\u0130R"],"inLanguage":"tr","potentialAction":[{"@type":"CommentAction","name":"Comment","target":["https:\/\/narteks.net\/index.php\/2011\/02\/26\/elimde-kalan\/#respond"]}]},{"@type":"WebPage","@id":"https:\/\/narteks.net\/index.php\/2011\/02\/26\/elimde-kalan\/","url":"https:\/\/narteks.net\/index.php\/2011\/02\/26\/elimde-kalan\/","name":"EL\u0130MDE KALAN - narteks.net","isPartOf":{"@id":"https:\/\/narteks.net\/#website"},"datePublished":"2011-02-26T15:58:17+00:00","breadcrumb":{"@id":"https:\/\/narteks.net\/index.php\/2011\/02\/26\/elimde-kalan\/#breadcrumb"},"inLanguage":"tr","potentialAction":[{"@type":"ReadAction","target":["https:\/\/narteks.net\/index.php\/2011\/02\/26\/elimde-kalan\/"]}]},{"@type":"BreadcrumbList","@id":"https:\/\/narteks.net\/index.php\/2011\/02\/26\/elimde-kalan\/#breadcrumb","itemListElement":[{"@type":"ListItem","position":1,"name":"Anasayfa","item":"https:\/\/narteks.net\/"},{"@type":"ListItem","position":2,"name":"EL\u0130MDE KALAN"}]},{"@type":"WebSite","@id":"https:\/\/narteks.net\/#website","url":"https:\/\/narteks.net\/","name":"narteks.net","description":"K\u00fclt\u00fcr Sanat Edebiyat Felsefe","publisher":{"@id":"https:\/\/narteks.net\/#organization"},"alternateName":"K\u00fclt\u00fcr Sanat Edebiyat Felsefe","potentialAction":[{"@type":"SearchAction","target":{"@type":"EntryPoint","urlTemplate":"https:\/\/narteks.net\/?s={search_term_string}"},"query-input":{"@type":"PropertyValueSpecification","valueRequired":true,"valueName":"search_term_string"}}],"inLanguage":"tr"},{"@type":"Organization","@id":"https:\/\/narteks.net\/#organization","name":"narteks.net","url":"https:\/\/narteks.net\/","logo":{"@type":"ImageObject","inLanguage":"tr","@id":"https:\/\/narteks.net\/#\/schema\/logo\/image\/","url":"https:\/\/narteks.net\/wp-content\/uploads\/narteks.png","contentUrl":"https:\/\/narteks.net\/wp-content\/uploads\/narteks.png","width":300,"height":90,"caption":"narteks.net"},"image":{"@id":"https:\/\/narteks.net\/#\/schema\/logo\/image\/"},"sameAs":["https:\/\/x.com\/narteks","https:\/\/instagram.com\/narteksnet"]},{"@type":"Person","@id":"https:\/\/narteks.net\/#\/schema\/person\/61f37d9834294b72d31d274e7ed79bca","name":"Tar\u0131k","image":{"@type":"ImageObject","inLanguage":"tr","@id":"https:\/\/narteks.net\/#\/schema\/person\/image\/","url":"https:\/\/secure.gravatar.com\/avatar\/50865afb55632c4ae467e0af0930f6510aa2297d8014be502a55b14f3b7550cf?s=96&d=mm&r=g","contentUrl":"https:\/\/secure.gravatar.com\/avatar\/50865afb55632c4ae467e0af0930f6510aa2297d8014be502a55b14f3b7550cf?s=96&d=mm&r=g","caption":"Tar\u0131k"},"sameAs":["http:\/\/narteks.net"],"url":"https:\/\/narteks.net\/index.php\/author\/narbak\/"}]}},"_links":{"self":[{"href":"https:\/\/narteks.net\/index.php\/wp-json\/wp\/v2\/posts\/5183","targetHints":{"allow":["GET"]}}],"collection":[{"href":"https:\/\/narteks.net\/index.php\/wp-json\/wp\/v2\/posts"}],"about":[{"href":"https:\/\/narteks.net\/index.php\/wp-json\/wp\/v2\/types\/post"}],"author":[{"embeddable":true,"href":"https:\/\/narteks.net\/index.php\/wp-json\/wp\/v2\/users\/1"}],"replies":[{"embeddable":true,"href":"https:\/\/narteks.net\/index.php\/wp-json\/wp\/v2\/comments?post=5183"}],"version-history":[{"count":0,"href":"https:\/\/narteks.net\/index.php\/wp-json\/wp\/v2\/posts\/5183\/revisions"}],"wp:attachment":[{"href":"https:\/\/narteks.net\/index.php\/wp-json\/wp\/v2\/media?parent=5183"}],"wp:term":[{"taxonomy":"category","embeddable":true,"href":"https:\/\/narteks.net\/index.php\/wp-json\/wp\/v2\/categories?post=5183"},{"taxonomy":"post_tag","embeddable":true,"href":"https:\/\/narteks.net\/index.php\/wp-json\/wp\/v2\/tags?post=5183"}],"curies":[{"name":"wp","href":"https:\/\/api.w.org\/{rel}","templated":true}]}}