{"id":5187,"date":"2011-02-26T19:04:41","date_gmt":"2011-02-26T16:04:41","guid":{"rendered":"http:\/\/localhost\/wordpress\/2011\/02\/26\/sen-bensiz-orda\/"},"modified":"2011-02-26T19:04:41","modified_gmt":"2011-02-26T16:04:41","slug":"sen-bensiz-orda","status":"publish","type":"post","link":"https:\/\/narteks.net\/index.php\/2011\/02\/26\/sen-bensiz-orda\/","title":{"rendered":"SEN BENS\u0130Z ORDA"},"content":{"rendered":"<p>\u00a0<\/p>\n<p>Kim anlatacak sana ak\u015famlar\u0131,<br \/>d\u0131\u015far\u0131da nas\u0131l ge\u00e7ti g\u00fcn\u00fcm,<br \/>Ca\u011falo\u011flu pazar\u0131nda nas\u0131l atlat\u0131l\u0131yorum,<br \/>kimlere rastlad\u0131m yolda, neler konu\u015ftum,<br \/>kim anlatacak sana?<br \/>Arada bir kim tutup s\u0131kacak o minik pembe burnunu senin,<br \/>o bembeyaz \u00e7ileli sa\u00e7lar\u0131n\u0131 kim ok\u015fayacak geceleri?<br \/>Kim \u015fakala\u015facak seninle sabah kahvalt\u0131s\u0131nda,<br \/>seni kim a\u011flatacak \u015fiir okurken?<\/p>\n<p>Hele bir s\u00fcre daha<br \/>bensiz baks\u0131n dursun<br \/>ac\u0131 ayd\u0131nl\u0131k y\u00fcz\u00fcn<br \/>orda karanl\u0131klara.\u00a0 <\/p>\n<p>A. KAD\u0130R<\/p>\n","protected":false},"excerpt":{"rendered":"<p>\u00a0 Kim anlatacak sana ak\u015famlar\u0131,d\u0131\u015far\u0131da nas\u0131l ge\u00e7ti g\u00fcn\u00fcm,Ca\u011falo\u011flu pazar\u0131nda nas\u0131l atlat\u0131l\u0131yorum,kimlere rastlad\u0131m yolda, neler konu\u015ftum,kim anlatacak sana?Arada bir kim tutup s\u0131kacak o minik pembe burnunu senin,o bembeyaz \u00e7ileli sa\u00e7lar\u0131n\u0131 kim ok\u015fayacak geceleri?Kim \u015fakala\u015facak seninle sabah kahvalt\u0131s\u0131nda,seni kim a\u011flatacak \u015fiir okurken? Hele bir s\u00fcre dahabensiz baks\u0131n dursunac\u0131 ayd\u0131nl\u0131k y\u00fcz\u00fcnorda karanl\u0131klara.\u00a0 A. KAD\u0130R<\/p>\n","protected":false},"author":1,"featured_media":0,"comment_status":"open","ping_status":"open","sticky":false,"template":"","format":"standard","meta":{"footnotes":""},"categories":[163],"tags":[],"class_list":{"0":"post-5187","1":"post","2":"type-post","3":"status-publish","4":"format-standard","6":"category-a-kadir"},"yoast_head":"<!-- This site is optimized with the Yoast SEO Premium plugin v24.9 (Yoast SEO v24.9) - https:\/\/yoast.com\/wordpress\/plugins\/seo\/ -->\n<title>SEN BENS\u0130Z ORDA - narteks.net<\/title>\n<meta name=\"robots\" content=\"index, follow, max-snippet:-1, max-image-preview:large, max-video-preview:-1\" \/>\n<link rel=\"canonical\" href=\"https:\/\/narteks.net\/index.php\/2011\/02\/26\/sen-bensiz-orda\/\" \/>\n<meta property=\"og:locale\" content=\"tr_TR\" \/>\n<meta property=\"og:type\" content=\"article\" \/>\n<meta property=\"og:title\" content=\"SEN BENS\u0130Z ORDA\" \/>\n<meta property=\"og:description\" content=\"\u00a0 Kim anlatacak sana ak\u015famlar\u0131,d\u0131\u015far\u0131da nas\u0131l ge\u00e7ti g\u00fcn\u00fcm,Ca\u011falo\u011flu pazar\u0131nda nas\u0131l atlat\u0131l\u0131yorum,kimlere rastlad\u0131m yolda, neler konu\u015ftum,kim anlatacak sana?Arada bir kim tutup s\u0131kacak o minik pembe burnunu senin,o bembeyaz \u00e7ileli sa\u00e7lar\u0131n\u0131 kim ok\u015fayacak geceleri?Kim \u015fakala\u015facak seninle sabah kahvalt\u0131s\u0131nda,seni kim a\u011flatacak \u015fiir okurken? Hele bir s\u00fcre dahabensiz baks\u0131n dursunac\u0131 ayd\u0131nl\u0131k y\u00fcz\u00fcnorda karanl\u0131klara.\u00a0 A. KAD\u0130R\" \/>\n<meta property=\"og:url\" content=\"https:\/\/narteks.net\/index.php\/2011\/02\/26\/sen-bensiz-orda\/\" \/>\n<meta property=\"og:site_name\" content=\"narteks.net\" \/>\n<meta property=\"article:published_time\" content=\"2011-02-26T16:04:41+00:00\" \/>\n<meta property=\"og:image\" content=\"https:\/\/narteks.net\/wp-content\/uploads\/narteks.png\" \/>\n\t<meta property=\"og:image:width\" content=\"300\" \/>\n\t<meta property=\"og:image:height\" content=\"90\" \/>\n\t<meta property=\"og:image:type\" content=\"image\/png\" \/>\n<meta name=\"author\" content=\"Tar\u0131k\" \/>\n<meta name=\"twitter:card\" content=\"summary_large_image\" \/>\n<meta name=\"twitter:creator\" content=\"@narteks\" \/>\n<meta name=\"twitter:site\" content=\"@narteks\" \/>\n<meta name=\"twitter:label1\" content=\"Yazan:\" \/>\n\t<meta name=\"twitter:data1\" content=\"Tar\u0131k\" \/>\n<script type=\"application\/ld+json\" class=\"yoast-schema-graph\">{\"@context\":\"https:\/\/schema.org\",\"@graph\":[{\"@type\":\"Article\",\"@id\":\"https:\/\/narteks.net\/index.php\/2011\/02\/26\/sen-bensiz-orda\/#article\",\"isPartOf\":{\"@id\":\"https:\/\/narteks.net\/index.php\/2011\/02\/26\/sen-bensiz-orda\/\"},\"author\":{\"name\":\"Tar\u0131k\",\"@id\":\"https:\/\/narteks.net\/#\/schema\/person\/61f37d9834294b72d31d274e7ed79bca\"},\"headline\":\"SEN BENS\u0130Z ORDA\",\"datePublished\":\"2011-02-26T16:04:41+00:00\",\"mainEntityOfPage\":{\"@id\":\"https:\/\/narteks.net\/index.php\/2011\/02\/26\/sen-bensiz-orda\/\"},\"wordCount\":93,\"commentCount\":0,\"publisher\":{\"@id\":\"https:\/\/narteks.net\/#organization\"},\"articleSection\":[\"A.KAD\u0130R\"],\"inLanguage\":\"tr\",\"potentialAction\":[{\"@type\":\"CommentAction\",\"name\":\"Comment\",\"target\":[\"https:\/\/narteks.net\/index.php\/2011\/02\/26\/sen-bensiz-orda\/#respond\"]}]},{\"@type\":\"WebPage\",\"@id\":\"https:\/\/narteks.net\/index.php\/2011\/02\/26\/sen-bensiz-orda\/\",\"url\":\"https:\/\/narteks.net\/index.php\/2011\/02\/26\/sen-bensiz-orda\/\",\"name\":\"SEN BENS\u0130Z ORDA - narteks.net\",\"isPartOf\":{\"@id\":\"https:\/\/narteks.net\/#website\"},\"datePublished\":\"2011-02-26T16:04:41+00:00\",\"breadcrumb\":{\"@id\":\"https:\/\/narteks.net\/index.php\/2011\/02\/26\/sen-bensiz-orda\/#breadcrumb\"},\"inLanguage\":\"tr\",\"potentialAction\":[{\"@type\":\"ReadAction\",\"target\":[\"https:\/\/narteks.net\/index.php\/2011\/02\/26\/sen-bensiz-orda\/\"]}]},{\"@type\":\"BreadcrumbList\",\"@id\":\"https:\/\/narteks.net\/index.php\/2011\/02\/26\/sen-bensiz-orda\/#breadcrumb\",\"itemListElement\":[{\"@type\":\"ListItem\",\"position\":1,\"name\":\"Anasayfa\",\"item\":\"https:\/\/narteks.net\/\"},{\"@type\":\"ListItem\",\"position\":2,\"name\":\"SEN BENS\u0130Z ORDA\"}]},{\"@type\":\"WebSite\",\"@id\":\"https:\/\/narteks.net\/#website\",\"url\":\"https:\/\/narteks.net\/\",\"name\":\"narteks.net\",\"description\":\"K\u00fclt\u00fcr Sanat Edebiyat Felsefe\",\"publisher\":{\"@id\":\"https:\/\/narteks.net\/#organization\"},\"alternateName\":\"K\u00fclt\u00fcr Sanat Edebiyat Felsefe\",\"potentialAction\":[{\"@type\":\"SearchAction\",\"target\":{\"@type\":\"EntryPoint\",\"urlTemplate\":\"https:\/\/narteks.net\/?s={search_term_string}\"},\"query-input\":{\"@type\":\"PropertyValueSpecification\",\"valueRequired\":true,\"valueName\":\"search_term_string\"}}],\"inLanguage\":\"tr\"},{\"@type\":\"Organization\",\"@id\":\"https:\/\/narteks.net\/#organization\",\"name\":\"narteks.net\",\"url\":\"https:\/\/narteks.net\/\",\"logo\":{\"@type\":\"ImageObject\",\"inLanguage\":\"tr\",\"@id\":\"https:\/\/narteks.net\/#\/schema\/logo\/image\/\",\"url\":\"https:\/\/narteks.net\/wp-content\/uploads\/narteks.png\",\"contentUrl\":\"https:\/\/narteks.net\/wp-content\/uploads\/narteks.png\",\"width\":300,\"height\":90,\"caption\":\"narteks.net\"},\"image\":{\"@id\":\"https:\/\/narteks.net\/#\/schema\/logo\/image\/\"},\"sameAs\":[\"https:\/\/x.com\/narteks\",\"https:\/\/instagram.com\/narteksnet\"]},{\"@type\":\"Person\",\"@id\":\"https:\/\/narteks.net\/#\/schema\/person\/61f37d9834294b72d31d274e7ed79bca\",\"name\":\"Tar\u0131k\",\"image\":{\"@type\":\"ImageObject\",\"inLanguage\":\"tr\",\"@id\":\"https:\/\/narteks.net\/#\/schema\/person\/image\/\",\"url\":\"https:\/\/secure.gravatar.com\/avatar\/50865afb55632c4ae467e0af0930f6510aa2297d8014be502a55b14f3b7550cf?s=96&d=mm&r=g\",\"contentUrl\":\"https:\/\/secure.gravatar.com\/avatar\/50865afb55632c4ae467e0af0930f6510aa2297d8014be502a55b14f3b7550cf?s=96&d=mm&r=g\",\"caption\":\"Tar\u0131k\"},\"sameAs\":[\"http:\/\/narteks.net\"],\"url\":\"https:\/\/narteks.net\/index.php\/author\/narbak\/\"}]}<\/script>\n<!-- \/ Yoast SEO Premium plugin. -->","yoast_head_json":{"title":"SEN BENS\u0130Z ORDA - narteks.net","robots":{"index":"index","follow":"follow","max-snippet":"max-snippet:-1","max-image-preview":"max-image-preview:large","max-video-preview":"max-video-preview:-1"},"canonical":"https:\/\/narteks.net\/index.php\/2011\/02\/26\/sen-bensiz-orda\/","og_locale":"tr_TR","og_type":"article","og_title":"SEN BENS\u0130Z ORDA","og_description":"\u00a0 Kim anlatacak sana ak\u015famlar\u0131,d\u0131\u015far\u0131da nas\u0131l ge\u00e7ti g\u00fcn\u00fcm,Ca\u011falo\u011flu pazar\u0131nda nas\u0131l atlat\u0131l\u0131yorum,kimlere rastlad\u0131m yolda, neler konu\u015ftum,kim anlatacak sana?Arada bir kim tutup s\u0131kacak o minik pembe burnunu senin,o bembeyaz \u00e7ileli sa\u00e7lar\u0131n\u0131 kim ok\u015fayacak geceleri?Kim \u015fakala\u015facak seninle sabah kahvalt\u0131s\u0131nda,seni kim a\u011flatacak \u015fiir okurken? Hele bir s\u00fcre dahabensiz baks\u0131n dursunac\u0131 ayd\u0131nl\u0131k y\u00fcz\u00fcnorda karanl\u0131klara.\u00a0 A. KAD\u0130R","og_url":"https:\/\/narteks.net\/index.php\/2011\/02\/26\/sen-bensiz-orda\/","og_site_name":"narteks.net","article_published_time":"2011-02-26T16:04:41+00:00","og_image":[{"width":300,"height":90,"url":"https:\/\/narteks.net\/wp-content\/uploads\/narteks.png","type":"image\/png"}],"author":"Tar\u0131k","twitter_card":"summary_large_image","twitter_creator":"@narteks","twitter_site":"@narteks","twitter_misc":{"Yazan:":"Tar\u0131k"},"schema":{"@context":"https:\/\/schema.org","@graph":[{"@type":"Article","@id":"https:\/\/narteks.net\/index.php\/2011\/02\/26\/sen-bensiz-orda\/#article","isPartOf":{"@id":"https:\/\/narteks.net\/index.php\/2011\/02\/26\/sen-bensiz-orda\/"},"author":{"name":"Tar\u0131k","@id":"https:\/\/narteks.net\/#\/schema\/person\/61f37d9834294b72d31d274e7ed79bca"},"headline":"SEN BENS\u0130Z ORDA","datePublished":"2011-02-26T16:04:41+00:00","mainEntityOfPage":{"@id":"https:\/\/narteks.net\/index.php\/2011\/02\/26\/sen-bensiz-orda\/"},"wordCount":93,"commentCount":0,"publisher":{"@id":"https:\/\/narteks.net\/#organization"},"articleSection":["A.KAD\u0130R"],"inLanguage":"tr","potentialAction":[{"@type":"CommentAction","name":"Comment","target":["https:\/\/narteks.net\/index.php\/2011\/02\/26\/sen-bensiz-orda\/#respond"]}]},{"@type":"WebPage","@id":"https:\/\/narteks.net\/index.php\/2011\/02\/26\/sen-bensiz-orda\/","url":"https:\/\/narteks.net\/index.php\/2011\/02\/26\/sen-bensiz-orda\/","name":"SEN BENS\u0130Z ORDA - narteks.net","isPartOf":{"@id":"https:\/\/narteks.net\/#website"},"datePublished":"2011-02-26T16:04:41+00:00","breadcrumb":{"@id":"https:\/\/narteks.net\/index.php\/2011\/02\/26\/sen-bensiz-orda\/#breadcrumb"},"inLanguage":"tr","potentialAction":[{"@type":"ReadAction","target":["https:\/\/narteks.net\/index.php\/2011\/02\/26\/sen-bensiz-orda\/"]}]},{"@type":"BreadcrumbList","@id":"https:\/\/narteks.net\/index.php\/2011\/02\/26\/sen-bensiz-orda\/#breadcrumb","itemListElement":[{"@type":"ListItem","position":1,"name":"Anasayfa","item":"https:\/\/narteks.net\/"},{"@type":"ListItem","position":2,"name":"SEN BENS\u0130Z ORDA"}]},{"@type":"WebSite","@id":"https:\/\/narteks.net\/#website","url":"https:\/\/narteks.net\/","name":"narteks.net","description":"K\u00fclt\u00fcr Sanat Edebiyat Felsefe","publisher":{"@id":"https:\/\/narteks.net\/#organization"},"alternateName":"K\u00fclt\u00fcr Sanat Edebiyat Felsefe","potentialAction":[{"@type":"SearchAction","target":{"@type":"EntryPoint","urlTemplate":"https:\/\/narteks.net\/?s={search_term_string}"},"query-input":{"@type":"PropertyValueSpecification","valueRequired":true,"valueName":"search_term_string"}}],"inLanguage":"tr"},{"@type":"Organization","@id":"https:\/\/narteks.net\/#organization","name":"narteks.net","url":"https:\/\/narteks.net\/","logo":{"@type":"ImageObject","inLanguage":"tr","@id":"https:\/\/narteks.net\/#\/schema\/logo\/image\/","url":"https:\/\/narteks.net\/wp-content\/uploads\/narteks.png","contentUrl":"https:\/\/narteks.net\/wp-content\/uploads\/narteks.png","width":300,"height":90,"caption":"narteks.net"},"image":{"@id":"https:\/\/narteks.net\/#\/schema\/logo\/image\/"},"sameAs":["https:\/\/x.com\/narteks","https:\/\/instagram.com\/narteksnet"]},{"@type":"Person","@id":"https:\/\/narteks.net\/#\/schema\/person\/61f37d9834294b72d31d274e7ed79bca","name":"Tar\u0131k","image":{"@type":"ImageObject","inLanguage":"tr","@id":"https:\/\/narteks.net\/#\/schema\/person\/image\/","url":"https:\/\/secure.gravatar.com\/avatar\/50865afb55632c4ae467e0af0930f6510aa2297d8014be502a55b14f3b7550cf?s=96&d=mm&r=g","contentUrl":"https:\/\/secure.gravatar.com\/avatar\/50865afb55632c4ae467e0af0930f6510aa2297d8014be502a55b14f3b7550cf?s=96&d=mm&r=g","caption":"Tar\u0131k"},"sameAs":["http:\/\/narteks.net"],"url":"https:\/\/narteks.net\/index.php\/author\/narbak\/"}]}},"_links":{"self":[{"href":"https:\/\/narteks.net\/index.php\/wp-json\/wp\/v2\/posts\/5187","targetHints":{"allow":["GET"]}}],"collection":[{"href":"https:\/\/narteks.net\/index.php\/wp-json\/wp\/v2\/posts"}],"about":[{"href":"https:\/\/narteks.net\/index.php\/wp-json\/wp\/v2\/types\/post"}],"author":[{"embeddable":true,"href":"https:\/\/narteks.net\/index.php\/wp-json\/wp\/v2\/users\/1"}],"replies":[{"embeddable":true,"href":"https:\/\/narteks.net\/index.php\/wp-json\/wp\/v2\/comments?post=5187"}],"version-history":[{"count":0,"href":"https:\/\/narteks.net\/index.php\/wp-json\/wp\/v2\/posts\/5187\/revisions"}],"wp:attachment":[{"href":"https:\/\/narteks.net\/index.php\/wp-json\/wp\/v2\/media?parent=5187"}],"wp:term":[{"taxonomy":"category","embeddable":true,"href":"https:\/\/narteks.net\/index.php\/wp-json\/wp\/v2\/categories?post=5187"},{"taxonomy":"post_tag","embeddable":true,"href":"https:\/\/narteks.net\/index.php\/wp-json\/wp\/v2\/tags?post=5187"}],"curies":[{"name":"wp","href":"https:\/\/api.w.org\/{rel}","templated":true}]}}