{"id":5196,"date":"2011-02-26T19:23:06","date_gmt":"2011-02-26T16:23:06","guid":{"rendered":"http:\/\/localhost\/wordpress\/2011\/02\/26\/mechul-ogrenci-aniti\/"},"modified":"2011-02-26T19:23:06","modified_gmt":"2011-02-26T16:23:06","slug":"mechul-ogrenci-aniti","status":"publish","type":"post","link":"https:\/\/narteks.net\/index.php\/2011\/02\/26\/mechul-ogrenci-aniti\/","title":{"rendered":"ME\u00c7HUL \u00d6\u011eRENC\u0130 ANITI"},"content":{"rendered":"<p>\u00a0<\/p>\n<p>Buraya bak\u0131n, burada, bu kara mermerin alt\u0131nda<br \/>Bir teneff\u00fcs daha ya\u015fasayd\u0131,<br \/>Tabiattan tahtaya kalkacak bir \u00e7ocuk g\u00f6m\u00fcl\u00fcd\u00fcr<br \/>Devlet dersinde \u00f6ld\u00fcr\u00fclm\u00fc\u015ft\u00fcr.<\/p>\n<p>Devletin ve tabiat\u0131n ortak ve yanl\u0131\u015f sorusu \u015fuydu:<br \/>&#8211; Mavera\u00fcnnehir nereye d\u00f6k\u00fcl\u00fcr?<br \/>En arka s\u0131rada bir parma\u011f\u0131n tek ve do\u011fru kar\u015f\u0131l\u0131\u011f\u0131:<br \/>&#8211; Solgun bir halk \u00e7ocuklar\u0131 ayaklanmas\u0131n\u0131n kalbine!dir.<\/p>\n<p>Bu \u00f6l\u00fcm\u00fc de bast\u0131rmak i\u00e7in boynuna mekik oyal\u0131 mor<br \/>Bir yazma ba\u011flayan eski eskici babas\u0131 yazm\u0131\u015ft\u0131r:<br \/>Yani ki onu oyuncaklar\u0131 oldu\u011funa inand\u0131rm\u0131\u015ft\u0131m<\/p>\n<p>O g\u00fcnden b\u00f6yle asker kaputu giyip gizli bir geyik<br \/>Yavrusunu emziren gece \u00e7ama\u015f\u0131rc\u0131s\u0131 anas\u0131 yazm\u0131\u015ft\u0131r:<br \/>Ah ki o\u011flumun eme\u011fini eline verdiler<\/p>\n<p>Arkada\u015flar\u0131 zakkumlarla \u00f6rm\u00fc\u015flerdir \u015fu \u015fiiri:<br \/>Ald\u0131rma 128! \u0130ntihar\u0131n paras\u0131z yat\u0131l\u0131 k\u00fc\u00e7\u00fck zabit okullar\u0131nda<br \/>Her \u00e7ocu\u011fun kalbinde kendinden b\u00fcy\u00fck bir \u00e7ocuk vard\u0131r<br \/>B\u00fct\u00fcn s\u0131n\u0131f sana \u00e7ocuk bayramlar\u0131nda zarfs\u0131z ku\u015flar g\u00f6nderecek<\/p>\n<p>Ece AYHAN<\/p>\n","protected":false},"excerpt":{"rendered":"<p>\u00a0 Buraya bak\u0131n, burada, bu kara mermerin alt\u0131ndaBir teneff\u00fcs daha ya\u015fasayd\u0131,Tabiattan tahtaya kalkacak bir \u00e7ocuk g\u00f6m\u00fcl\u00fcd\u00fcrDevlet dersinde \u00f6ld\u00fcr\u00fclm\u00fc\u015ft\u00fcr. Devletin ve tabiat\u0131n ortak ve yanl\u0131\u015f sorusu \u015fuydu:&#8211; Mavera\u00fcnnehir nereye d\u00f6k\u00fcl\u00fcr?En arka s\u0131rada bir parma\u011f\u0131n tek ve do\u011fru kar\u015f\u0131l\u0131\u011f\u0131:&#8211; Solgun bir halk \u00e7ocuklar\u0131 ayaklanmas\u0131n\u0131n kalbine!dir. Bu \u00f6l\u00fcm\u00fc de bast\u0131rmak i\u00e7in boynuna mekik oyal\u0131 morBir yazma ba\u011flayan eski [&hellip;]<\/p>\n","protected":false},"author":1,"featured_media":0,"comment_status":"open","ping_status":"open","sticky":false,"template":"","format":"standard","meta":{"footnotes":""},"categories":[164],"tags":[],"class_list":{"0":"post-5196","1":"post","2":"type-post","3":"status-publish","4":"format-standard","6":"category-ece-ayhan"},"yoast_head":"<!-- This site is optimized with the Yoast SEO Premium plugin v24.9 (Yoast SEO v24.9) - https:\/\/yoast.com\/wordpress\/plugins\/seo\/ -->\n<title>ME\u00c7HUL \u00d6\u011eRENC\u0130 ANITI - narteks.net<\/title>\n<meta name=\"robots\" content=\"index, follow, max-snippet:-1, max-image-preview:large, max-video-preview:-1\" \/>\n<link rel=\"canonical\" href=\"https:\/\/narteks.net\/index.php\/2011\/02\/26\/mechul-ogrenci-aniti\/\" \/>\n<meta property=\"og:locale\" content=\"tr_TR\" \/>\n<meta property=\"og:type\" content=\"article\" \/>\n<meta property=\"og:title\" content=\"ME\u00c7HUL \u00d6\u011eRENC\u0130 ANITI\" \/>\n<meta property=\"og:description\" content=\"\u00a0 Buraya bak\u0131n, burada, bu kara mermerin alt\u0131ndaBir teneff\u00fcs daha ya\u015fasayd\u0131,Tabiattan tahtaya kalkacak bir \u00e7ocuk g\u00f6m\u00fcl\u00fcd\u00fcrDevlet dersinde \u00f6ld\u00fcr\u00fclm\u00fc\u015ft\u00fcr. Devletin ve tabiat\u0131n ortak ve yanl\u0131\u015f sorusu \u015fuydu:&#8211; Mavera\u00fcnnehir nereye d\u00f6k\u00fcl\u00fcr?En arka s\u0131rada bir parma\u011f\u0131n tek ve do\u011fru kar\u015f\u0131l\u0131\u011f\u0131:&#8211; Solgun bir halk \u00e7ocuklar\u0131 ayaklanmas\u0131n\u0131n kalbine!dir. Bu \u00f6l\u00fcm\u00fc de bast\u0131rmak i\u00e7in boynuna mekik oyal\u0131 morBir yazma ba\u011flayan eski [&hellip;]\" \/>\n<meta property=\"og:url\" content=\"https:\/\/narteks.net\/index.php\/2011\/02\/26\/mechul-ogrenci-aniti\/\" \/>\n<meta property=\"og:site_name\" content=\"narteks.net\" \/>\n<meta property=\"article:published_time\" content=\"2011-02-26T16:23:06+00:00\" \/>\n<meta property=\"og:image\" content=\"https:\/\/narteks.net\/wp-content\/uploads\/narteks.png\" \/>\n\t<meta property=\"og:image:width\" content=\"300\" \/>\n\t<meta property=\"og:image:height\" content=\"90\" \/>\n\t<meta property=\"og:image:type\" content=\"image\/png\" \/>\n<meta name=\"author\" content=\"Tar\u0131k\" \/>\n<meta name=\"twitter:card\" content=\"summary_large_image\" \/>\n<meta name=\"twitter:creator\" content=\"@narteks\" \/>\n<meta name=\"twitter:site\" content=\"@narteks\" \/>\n<meta name=\"twitter:label1\" content=\"Yazan:\" \/>\n\t<meta name=\"twitter:data1\" content=\"Tar\u0131k\" \/>\n\t<meta name=\"twitter:label2\" content=\"Tahmini okuma s\u00fcresi\" \/>\n\t<meta name=\"twitter:data2\" content=\"1 dakika\" \/>\n<script type=\"application\/ld+json\" class=\"yoast-schema-graph\">{\"@context\":\"https:\/\/schema.org\",\"@graph\":[{\"@type\":\"Article\",\"@id\":\"https:\/\/narteks.net\/index.php\/2011\/02\/26\/mechul-ogrenci-aniti\/#article\",\"isPartOf\":{\"@id\":\"https:\/\/narteks.net\/index.php\/2011\/02\/26\/mechul-ogrenci-aniti\/\"},\"author\":{\"name\":\"Tar\u0131k\",\"@id\":\"https:\/\/narteks.net\/#\/schema\/person\/61f37d9834294b72d31d274e7ed79bca\"},\"headline\":\"ME\u00c7HUL \u00d6\u011eRENC\u0130 ANITI\",\"datePublished\":\"2011-02-26T16:23:06+00:00\",\"mainEntityOfPage\":{\"@id\":\"https:\/\/narteks.net\/index.php\/2011\/02\/26\/mechul-ogrenci-aniti\/\"},\"wordCount\":181,\"commentCount\":0,\"publisher\":{\"@id\":\"https:\/\/narteks.net\/#organization\"},\"articleSection\":[\"Ece AYHAN\"],\"inLanguage\":\"tr\",\"potentialAction\":[{\"@type\":\"CommentAction\",\"name\":\"Comment\",\"target\":[\"https:\/\/narteks.net\/index.php\/2011\/02\/26\/mechul-ogrenci-aniti\/#respond\"]}]},{\"@type\":\"WebPage\",\"@id\":\"https:\/\/narteks.net\/index.php\/2011\/02\/26\/mechul-ogrenci-aniti\/\",\"url\":\"https:\/\/narteks.net\/index.php\/2011\/02\/26\/mechul-ogrenci-aniti\/\",\"name\":\"ME\u00c7HUL \u00d6\u011eRENC\u0130 ANITI - narteks.net\",\"isPartOf\":{\"@id\":\"https:\/\/narteks.net\/#website\"},\"datePublished\":\"2011-02-26T16:23:06+00:00\",\"breadcrumb\":{\"@id\":\"https:\/\/narteks.net\/index.php\/2011\/02\/26\/mechul-ogrenci-aniti\/#breadcrumb\"},\"inLanguage\":\"tr\",\"potentialAction\":[{\"@type\":\"ReadAction\",\"target\":[\"https:\/\/narteks.net\/index.php\/2011\/02\/26\/mechul-ogrenci-aniti\/\"]}]},{\"@type\":\"BreadcrumbList\",\"@id\":\"https:\/\/narteks.net\/index.php\/2011\/02\/26\/mechul-ogrenci-aniti\/#breadcrumb\",\"itemListElement\":[{\"@type\":\"ListItem\",\"position\":1,\"name\":\"Anasayfa\",\"item\":\"https:\/\/narteks.net\/\"},{\"@type\":\"ListItem\",\"position\":2,\"name\":\"ME\u00c7HUL \u00d6\u011eRENC\u0130 ANITI\"}]},{\"@type\":\"WebSite\",\"@id\":\"https:\/\/narteks.net\/#website\",\"url\":\"https:\/\/narteks.net\/\",\"name\":\"narteks.net\",\"description\":\"K\u00fclt\u00fcr Sanat Edebiyat Felsefe\",\"publisher\":{\"@id\":\"https:\/\/narteks.net\/#organization\"},\"alternateName\":\"K\u00fclt\u00fcr Sanat Edebiyat Felsefe\",\"potentialAction\":[{\"@type\":\"SearchAction\",\"target\":{\"@type\":\"EntryPoint\",\"urlTemplate\":\"https:\/\/narteks.net\/?s={search_term_string}\"},\"query-input\":{\"@type\":\"PropertyValueSpecification\",\"valueRequired\":true,\"valueName\":\"search_term_string\"}}],\"inLanguage\":\"tr\"},{\"@type\":\"Organization\",\"@id\":\"https:\/\/narteks.net\/#organization\",\"name\":\"narteks.net\",\"url\":\"https:\/\/narteks.net\/\",\"logo\":{\"@type\":\"ImageObject\",\"inLanguage\":\"tr\",\"@id\":\"https:\/\/narteks.net\/#\/schema\/logo\/image\/\",\"url\":\"https:\/\/narteks.net\/wp-content\/uploads\/narteks.png\",\"contentUrl\":\"https:\/\/narteks.net\/wp-content\/uploads\/narteks.png\",\"width\":300,\"height\":90,\"caption\":\"narteks.net\"},\"image\":{\"@id\":\"https:\/\/narteks.net\/#\/schema\/logo\/image\/\"},\"sameAs\":[\"https:\/\/x.com\/narteks\",\"https:\/\/instagram.com\/narteksnet\"]},{\"@type\":\"Person\",\"@id\":\"https:\/\/narteks.net\/#\/schema\/person\/61f37d9834294b72d31d274e7ed79bca\",\"name\":\"Tar\u0131k\",\"image\":{\"@type\":\"ImageObject\",\"inLanguage\":\"tr\",\"@id\":\"https:\/\/narteks.net\/#\/schema\/person\/image\/\",\"url\":\"https:\/\/secure.gravatar.com\/avatar\/50865afb55632c4ae467e0af0930f6510aa2297d8014be502a55b14f3b7550cf?s=96&d=mm&r=g\",\"contentUrl\":\"https:\/\/secure.gravatar.com\/avatar\/50865afb55632c4ae467e0af0930f6510aa2297d8014be502a55b14f3b7550cf?s=96&d=mm&r=g\",\"caption\":\"Tar\u0131k\"},\"sameAs\":[\"http:\/\/narteks.net\"],\"url\":\"https:\/\/narteks.net\/index.php\/author\/narbak\/\"}]}<\/script>\n<!-- \/ Yoast SEO Premium plugin. -->","yoast_head_json":{"title":"ME\u00c7HUL \u00d6\u011eRENC\u0130 ANITI - narteks.net","robots":{"index":"index","follow":"follow","max-snippet":"max-snippet:-1","max-image-preview":"max-image-preview:large","max-video-preview":"max-video-preview:-1"},"canonical":"https:\/\/narteks.net\/index.php\/2011\/02\/26\/mechul-ogrenci-aniti\/","og_locale":"tr_TR","og_type":"article","og_title":"ME\u00c7HUL \u00d6\u011eRENC\u0130 ANITI","og_description":"\u00a0 Buraya bak\u0131n, burada, bu kara mermerin alt\u0131ndaBir teneff\u00fcs daha ya\u015fasayd\u0131,Tabiattan tahtaya kalkacak bir \u00e7ocuk g\u00f6m\u00fcl\u00fcd\u00fcrDevlet dersinde \u00f6ld\u00fcr\u00fclm\u00fc\u015ft\u00fcr. Devletin ve tabiat\u0131n ortak ve yanl\u0131\u015f sorusu \u015fuydu:&#8211; Mavera\u00fcnnehir nereye d\u00f6k\u00fcl\u00fcr?En arka s\u0131rada bir parma\u011f\u0131n tek ve do\u011fru kar\u015f\u0131l\u0131\u011f\u0131:&#8211; Solgun bir halk \u00e7ocuklar\u0131 ayaklanmas\u0131n\u0131n kalbine!dir. Bu \u00f6l\u00fcm\u00fc de bast\u0131rmak i\u00e7in boynuna mekik oyal\u0131 morBir yazma ba\u011flayan eski [&hellip;]","og_url":"https:\/\/narteks.net\/index.php\/2011\/02\/26\/mechul-ogrenci-aniti\/","og_site_name":"narteks.net","article_published_time":"2011-02-26T16:23:06+00:00","og_image":[{"width":300,"height":90,"url":"https:\/\/narteks.net\/wp-content\/uploads\/narteks.png","type":"image\/png"}],"author":"Tar\u0131k","twitter_card":"summary_large_image","twitter_creator":"@narteks","twitter_site":"@narteks","twitter_misc":{"Yazan:":"Tar\u0131k","Tahmini okuma s\u00fcresi":"1 dakika"},"schema":{"@context":"https:\/\/schema.org","@graph":[{"@type":"Article","@id":"https:\/\/narteks.net\/index.php\/2011\/02\/26\/mechul-ogrenci-aniti\/#article","isPartOf":{"@id":"https:\/\/narteks.net\/index.php\/2011\/02\/26\/mechul-ogrenci-aniti\/"},"author":{"name":"Tar\u0131k","@id":"https:\/\/narteks.net\/#\/schema\/person\/61f37d9834294b72d31d274e7ed79bca"},"headline":"ME\u00c7HUL \u00d6\u011eRENC\u0130 ANITI","datePublished":"2011-02-26T16:23:06+00:00","mainEntityOfPage":{"@id":"https:\/\/narteks.net\/index.php\/2011\/02\/26\/mechul-ogrenci-aniti\/"},"wordCount":181,"commentCount":0,"publisher":{"@id":"https:\/\/narteks.net\/#organization"},"articleSection":["Ece AYHAN"],"inLanguage":"tr","potentialAction":[{"@type":"CommentAction","name":"Comment","target":["https:\/\/narteks.net\/index.php\/2011\/02\/26\/mechul-ogrenci-aniti\/#respond"]}]},{"@type":"WebPage","@id":"https:\/\/narteks.net\/index.php\/2011\/02\/26\/mechul-ogrenci-aniti\/","url":"https:\/\/narteks.net\/index.php\/2011\/02\/26\/mechul-ogrenci-aniti\/","name":"ME\u00c7HUL \u00d6\u011eRENC\u0130 ANITI - narteks.net","isPartOf":{"@id":"https:\/\/narteks.net\/#website"},"datePublished":"2011-02-26T16:23:06+00:00","breadcrumb":{"@id":"https:\/\/narteks.net\/index.php\/2011\/02\/26\/mechul-ogrenci-aniti\/#breadcrumb"},"inLanguage":"tr","potentialAction":[{"@type":"ReadAction","target":["https:\/\/narteks.net\/index.php\/2011\/02\/26\/mechul-ogrenci-aniti\/"]}]},{"@type":"BreadcrumbList","@id":"https:\/\/narteks.net\/index.php\/2011\/02\/26\/mechul-ogrenci-aniti\/#breadcrumb","itemListElement":[{"@type":"ListItem","position":1,"name":"Anasayfa","item":"https:\/\/narteks.net\/"},{"@type":"ListItem","position":2,"name":"ME\u00c7HUL \u00d6\u011eRENC\u0130 ANITI"}]},{"@type":"WebSite","@id":"https:\/\/narteks.net\/#website","url":"https:\/\/narteks.net\/","name":"narteks.net","description":"K\u00fclt\u00fcr Sanat Edebiyat Felsefe","publisher":{"@id":"https:\/\/narteks.net\/#organization"},"alternateName":"K\u00fclt\u00fcr Sanat Edebiyat Felsefe","potentialAction":[{"@type":"SearchAction","target":{"@type":"EntryPoint","urlTemplate":"https:\/\/narteks.net\/?s={search_term_string}"},"query-input":{"@type":"PropertyValueSpecification","valueRequired":true,"valueName":"search_term_string"}}],"inLanguage":"tr"},{"@type":"Organization","@id":"https:\/\/narteks.net\/#organization","name":"narteks.net","url":"https:\/\/narteks.net\/","logo":{"@type":"ImageObject","inLanguage":"tr","@id":"https:\/\/narteks.net\/#\/schema\/logo\/image\/","url":"https:\/\/narteks.net\/wp-content\/uploads\/narteks.png","contentUrl":"https:\/\/narteks.net\/wp-content\/uploads\/narteks.png","width":300,"height":90,"caption":"narteks.net"},"image":{"@id":"https:\/\/narteks.net\/#\/schema\/logo\/image\/"},"sameAs":["https:\/\/x.com\/narteks","https:\/\/instagram.com\/narteksnet"]},{"@type":"Person","@id":"https:\/\/narteks.net\/#\/schema\/person\/61f37d9834294b72d31d274e7ed79bca","name":"Tar\u0131k","image":{"@type":"ImageObject","inLanguage":"tr","@id":"https:\/\/narteks.net\/#\/schema\/person\/image\/","url":"https:\/\/secure.gravatar.com\/avatar\/50865afb55632c4ae467e0af0930f6510aa2297d8014be502a55b14f3b7550cf?s=96&d=mm&r=g","contentUrl":"https:\/\/secure.gravatar.com\/avatar\/50865afb55632c4ae467e0af0930f6510aa2297d8014be502a55b14f3b7550cf?s=96&d=mm&r=g","caption":"Tar\u0131k"},"sameAs":["http:\/\/narteks.net"],"url":"https:\/\/narteks.net\/index.php\/author\/narbak\/"}]}},"_links":{"self":[{"href":"https:\/\/narteks.net\/index.php\/wp-json\/wp\/v2\/posts\/5196","targetHints":{"allow":["GET"]}}],"collection":[{"href":"https:\/\/narteks.net\/index.php\/wp-json\/wp\/v2\/posts"}],"about":[{"href":"https:\/\/narteks.net\/index.php\/wp-json\/wp\/v2\/types\/post"}],"author":[{"embeddable":true,"href":"https:\/\/narteks.net\/index.php\/wp-json\/wp\/v2\/users\/1"}],"replies":[{"embeddable":true,"href":"https:\/\/narteks.net\/index.php\/wp-json\/wp\/v2\/comments?post=5196"}],"version-history":[{"count":0,"href":"https:\/\/narteks.net\/index.php\/wp-json\/wp\/v2\/posts\/5196\/revisions"}],"wp:attachment":[{"href":"https:\/\/narteks.net\/index.php\/wp-json\/wp\/v2\/media?parent=5196"}],"wp:term":[{"taxonomy":"category","embeddable":true,"href":"https:\/\/narteks.net\/index.php\/wp-json\/wp\/v2\/categories?post=5196"},{"taxonomy":"post_tag","embeddable":true,"href":"https:\/\/narteks.net\/index.php\/wp-json\/wp\/v2\/tags?post=5196"}],"curies":[{"name":"wp","href":"https:\/\/api.w.org\/{rel}","templated":true}]}}