{"id":5197,"date":"2011-02-26T19:25:47","date_gmt":"2011-02-26T16:25:47","guid":{"rendered":"http:\/\/localhost\/wordpress\/2011\/02\/26\/uc-gencin-kalbi\/"},"modified":"2011-02-26T19:25:47","modified_gmt":"2011-02-26T16:25:47","slug":"uc-gencin-kalbi","status":"publish","type":"post","link":"https:\/\/narteks.net\/index.php\/2011\/02\/26\/uc-gencin-kalbi\/","title":{"rendered":"\u00dc\u00c7 GENC\u0130N KALB\u0130"},"content":{"rendered":"<p>\u00a0<\/p>\n<p>Bir gemici tan\u0131r\u0131m<br \/>Kalbini bir limanda b\u0131rakm\u0131\u015f<br \/>Ya kaybolursa?<br \/>A\u011flar \u00e7ocuklu\u011fundaki gibi<br \/>Kalbini almaya gidecek h\u00e2l\u00e2<\/p>\n<p>Bir o\u011flan tan\u0131r\u0131m<br \/>Derin ye\u015fil g\u00f6zl\u00fc<br \/>G\u00f6nl\u00fc g\u00fcney denizlerinin dibi<br \/>Kalbi ise yerinde<br \/>Birine vermeye gidecek<br \/>Bir gemi arar durur<br \/>Bulutlardan.<\/p>\n<p>Bir \u015fair tan\u0131r\u0131m<br \/>Onunki i\u00e7ler ac\u0131s\u0131<br \/>Kalbini asla vermemi\u015f<br \/>\u00c7alm\u0131\u015flar<br \/>Kalbi eski bir efsanede sakl\u0131.<\/p>\n<p>Ece AYHAN<\/p>\n","protected":false},"excerpt":{"rendered":"<p>\u00a0 Bir gemici tan\u0131r\u0131mKalbini bir limanda b\u0131rakm\u0131\u015fYa kaybolursa?A\u011flar \u00e7ocuklu\u011fundaki gibiKalbini almaya gidecek h\u00e2l\u00e2 Bir o\u011flan tan\u0131r\u0131mDerin ye\u015fil g\u00f6zl\u00fcG\u00f6nl\u00fc g\u00fcney denizlerinin dibiKalbi ise yerindeBirine vermeye gidecekBir gemi arar dururBulutlardan. Bir \u015fair tan\u0131r\u0131mOnunki i\u00e7ler ac\u0131s\u0131Kalbini asla vermemi\u015f\u00c7alm\u0131\u015flarKalbi eski bir efsanede sakl\u0131. Ece AYHAN<\/p>\n","protected":false},"author":1,"featured_media":0,"comment_status":"open","ping_status":"open","sticky":false,"template":"","format":"standard","meta":{"footnotes":""},"categories":[164],"tags":[],"class_list":{"0":"post-5197","1":"post","2":"type-post","3":"status-publish","4":"format-standard","6":"category-ece-ayhan"},"yoast_head":"<!-- This site is optimized with the Yoast SEO Premium plugin v24.9 (Yoast SEO v24.9) - https:\/\/yoast.com\/wordpress\/plugins\/seo\/ -->\n<title>\u00dc\u00c7 GENC\u0130N KALB\u0130 - narteks.net<\/title>\n<meta name=\"robots\" content=\"index, follow, max-snippet:-1, max-image-preview:large, max-video-preview:-1\" \/>\n<link rel=\"canonical\" href=\"https:\/\/narteks.net\/index.php\/2011\/02\/26\/uc-gencin-kalbi\/\" \/>\n<meta property=\"og:locale\" content=\"tr_TR\" \/>\n<meta property=\"og:type\" content=\"article\" \/>\n<meta property=\"og:title\" content=\"\u00dc\u00c7 GENC\u0130N KALB\u0130\" \/>\n<meta property=\"og:description\" content=\"\u00a0 Bir gemici tan\u0131r\u0131mKalbini bir limanda b\u0131rakm\u0131\u015fYa kaybolursa?A\u011flar \u00e7ocuklu\u011fundaki gibiKalbini almaya gidecek h\u00e2l\u00e2 Bir o\u011flan tan\u0131r\u0131mDerin ye\u015fil g\u00f6zl\u00fcG\u00f6nl\u00fc g\u00fcney denizlerinin dibiKalbi ise yerindeBirine vermeye gidecekBir gemi arar dururBulutlardan. Bir \u015fair tan\u0131r\u0131mOnunki i\u00e7ler ac\u0131s\u0131Kalbini asla vermemi\u015f\u00c7alm\u0131\u015flarKalbi eski bir efsanede sakl\u0131. Ece AYHAN\" \/>\n<meta property=\"og:url\" content=\"https:\/\/narteks.net\/index.php\/2011\/02\/26\/uc-gencin-kalbi\/\" \/>\n<meta property=\"og:site_name\" content=\"narteks.net\" \/>\n<meta property=\"article:published_time\" content=\"2011-02-26T16:25:47+00:00\" \/>\n<meta property=\"og:image\" content=\"https:\/\/narteks.net\/wp-content\/uploads\/narteks.png\" \/>\n\t<meta property=\"og:image:width\" content=\"300\" \/>\n\t<meta property=\"og:image:height\" content=\"90\" \/>\n\t<meta property=\"og:image:type\" content=\"image\/png\" \/>\n<meta name=\"author\" content=\"Tar\u0131k\" \/>\n<meta name=\"twitter:card\" content=\"summary_large_image\" \/>\n<meta name=\"twitter:creator\" content=\"@narteks\" \/>\n<meta name=\"twitter:site\" content=\"@narteks\" \/>\n<meta name=\"twitter:label1\" content=\"Yazan:\" \/>\n\t<meta name=\"twitter:data1\" content=\"Tar\u0131k\" \/>\n<script type=\"application\/ld+json\" class=\"yoast-schema-graph\">{\"@context\":\"https:\/\/schema.org\",\"@graph\":[{\"@type\":\"Article\",\"@id\":\"https:\/\/narteks.net\/index.php\/2011\/02\/26\/uc-gencin-kalbi\/#article\",\"isPartOf\":{\"@id\":\"https:\/\/narteks.net\/index.php\/2011\/02\/26\/uc-gencin-kalbi\/\"},\"author\":{\"name\":\"Tar\u0131k\",\"@id\":\"https:\/\/narteks.net\/#\/schema\/person\/61f37d9834294b72d31d274e7ed79bca\"},\"headline\":\"\u00dc\u00c7 GENC\u0130N KALB\u0130\",\"datePublished\":\"2011-02-26T16:25:47+00:00\",\"mainEntityOfPage\":{\"@id\":\"https:\/\/narteks.net\/index.php\/2011\/02\/26\/uc-gencin-kalbi\/\"},\"wordCount\":66,\"commentCount\":0,\"publisher\":{\"@id\":\"https:\/\/narteks.net\/#organization\"},\"articleSection\":[\"Ece AYHAN\"],\"inLanguage\":\"tr\",\"potentialAction\":[{\"@type\":\"CommentAction\",\"name\":\"Comment\",\"target\":[\"https:\/\/narteks.net\/index.php\/2011\/02\/26\/uc-gencin-kalbi\/#respond\"]}]},{\"@type\":\"WebPage\",\"@id\":\"https:\/\/narteks.net\/index.php\/2011\/02\/26\/uc-gencin-kalbi\/\",\"url\":\"https:\/\/narteks.net\/index.php\/2011\/02\/26\/uc-gencin-kalbi\/\",\"name\":\"\u00dc\u00c7 GENC\u0130N KALB\u0130 - narteks.net\",\"isPartOf\":{\"@id\":\"https:\/\/narteks.net\/#website\"},\"datePublished\":\"2011-02-26T16:25:47+00:00\",\"breadcrumb\":{\"@id\":\"https:\/\/narteks.net\/index.php\/2011\/02\/26\/uc-gencin-kalbi\/#breadcrumb\"},\"inLanguage\":\"tr\",\"potentialAction\":[{\"@type\":\"ReadAction\",\"target\":[\"https:\/\/narteks.net\/index.php\/2011\/02\/26\/uc-gencin-kalbi\/\"]}]},{\"@type\":\"BreadcrumbList\",\"@id\":\"https:\/\/narteks.net\/index.php\/2011\/02\/26\/uc-gencin-kalbi\/#breadcrumb\",\"itemListElement\":[{\"@type\":\"ListItem\",\"position\":1,\"name\":\"Anasayfa\",\"item\":\"https:\/\/narteks.net\/\"},{\"@type\":\"ListItem\",\"position\":2,\"name\":\"\u00dc\u00c7 GENC\u0130N KALB\u0130\"}]},{\"@type\":\"WebSite\",\"@id\":\"https:\/\/narteks.net\/#website\",\"url\":\"https:\/\/narteks.net\/\",\"name\":\"narteks.net\",\"description\":\"K\u00fclt\u00fcr Sanat Edebiyat Felsefe\",\"publisher\":{\"@id\":\"https:\/\/narteks.net\/#organization\"},\"alternateName\":\"K\u00fclt\u00fcr Sanat Edebiyat Felsefe\",\"potentialAction\":[{\"@type\":\"SearchAction\",\"target\":{\"@type\":\"EntryPoint\",\"urlTemplate\":\"https:\/\/narteks.net\/?s={search_term_string}\"},\"query-input\":{\"@type\":\"PropertyValueSpecification\",\"valueRequired\":true,\"valueName\":\"search_term_string\"}}],\"inLanguage\":\"tr\"},{\"@type\":\"Organization\",\"@id\":\"https:\/\/narteks.net\/#organization\",\"name\":\"narteks.net\",\"url\":\"https:\/\/narteks.net\/\",\"logo\":{\"@type\":\"ImageObject\",\"inLanguage\":\"tr\",\"@id\":\"https:\/\/narteks.net\/#\/schema\/logo\/image\/\",\"url\":\"https:\/\/narteks.net\/wp-content\/uploads\/narteks.png\",\"contentUrl\":\"https:\/\/narteks.net\/wp-content\/uploads\/narteks.png\",\"width\":300,\"height\":90,\"caption\":\"narteks.net\"},\"image\":{\"@id\":\"https:\/\/narteks.net\/#\/schema\/logo\/image\/\"},\"sameAs\":[\"https:\/\/x.com\/narteks\",\"https:\/\/instagram.com\/narteksnet\"]},{\"@type\":\"Person\",\"@id\":\"https:\/\/narteks.net\/#\/schema\/person\/61f37d9834294b72d31d274e7ed79bca\",\"name\":\"Tar\u0131k\",\"image\":{\"@type\":\"ImageObject\",\"inLanguage\":\"tr\",\"@id\":\"https:\/\/narteks.net\/#\/schema\/person\/image\/\",\"url\":\"https:\/\/secure.gravatar.com\/avatar\/50865afb55632c4ae467e0af0930f6510aa2297d8014be502a55b14f3b7550cf?s=96&d=mm&r=g\",\"contentUrl\":\"https:\/\/secure.gravatar.com\/avatar\/50865afb55632c4ae467e0af0930f6510aa2297d8014be502a55b14f3b7550cf?s=96&d=mm&r=g\",\"caption\":\"Tar\u0131k\"},\"sameAs\":[\"http:\/\/narteks.net\"],\"url\":\"https:\/\/narteks.net\/index.php\/author\/narbak\/\"}]}<\/script>\n<!-- \/ Yoast SEO Premium plugin. -->","yoast_head_json":{"title":"\u00dc\u00c7 GENC\u0130N KALB\u0130 - narteks.net","robots":{"index":"index","follow":"follow","max-snippet":"max-snippet:-1","max-image-preview":"max-image-preview:large","max-video-preview":"max-video-preview:-1"},"canonical":"https:\/\/narteks.net\/index.php\/2011\/02\/26\/uc-gencin-kalbi\/","og_locale":"tr_TR","og_type":"article","og_title":"\u00dc\u00c7 GENC\u0130N KALB\u0130","og_description":"\u00a0 Bir gemici tan\u0131r\u0131mKalbini bir limanda b\u0131rakm\u0131\u015fYa kaybolursa?A\u011flar \u00e7ocuklu\u011fundaki gibiKalbini almaya gidecek h\u00e2l\u00e2 Bir o\u011flan tan\u0131r\u0131mDerin ye\u015fil g\u00f6zl\u00fcG\u00f6nl\u00fc g\u00fcney denizlerinin dibiKalbi ise yerindeBirine vermeye gidecekBir gemi arar dururBulutlardan. Bir \u015fair tan\u0131r\u0131mOnunki i\u00e7ler ac\u0131s\u0131Kalbini asla vermemi\u015f\u00c7alm\u0131\u015flarKalbi eski bir efsanede sakl\u0131. Ece AYHAN","og_url":"https:\/\/narteks.net\/index.php\/2011\/02\/26\/uc-gencin-kalbi\/","og_site_name":"narteks.net","article_published_time":"2011-02-26T16:25:47+00:00","og_image":[{"width":300,"height":90,"url":"https:\/\/narteks.net\/wp-content\/uploads\/narteks.png","type":"image\/png"}],"author":"Tar\u0131k","twitter_card":"summary_large_image","twitter_creator":"@narteks","twitter_site":"@narteks","twitter_misc":{"Yazan:":"Tar\u0131k"},"schema":{"@context":"https:\/\/schema.org","@graph":[{"@type":"Article","@id":"https:\/\/narteks.net\/index.php\/2011\/02\/26\/uc-gencin-kalbi\/#article","isPartOf":{"@id":"https:\/\/narteks.net\/index.php\/2011\/02\/26\/uc-gencin-kalbi\/"},"author":{"name":"Tar\u0131k","@id":"https:\/\/narteks.net\/#\/schema\/person\/61f37d9834294b72d31d274e7ed79bca"},"headline":"\u00dc\u00c7 GENC\u0130N KALB\u0130","datePublished":"2011-02-26T16:25:47+00:00","mainEntityOfPage":{"@id":"https:\/\/narteks.net\/index.php\/2011\/02\/26\/uc-gencin-kalbi\/"},"wordCount":66,"commentCount":0,"publisher":{"@id":"https:\/\/narteks.net\/#organization"},"articleSection":["Ece AYHAN"],"inLanguage":"tr","potentialAction":[{"@type":"CommentAction","name":"Comment","target":["https:\/\/narteks.net\/index.php\/2011\/02\/26\/uc-gencin-kalbi\/#respond"]}]},{"@type":"WebPage","@id":"https:\/\/narteks.net\/index.php\/2011\/02\/26\/uc-gencin-kalbi\/","url":"https:\/\/narteks.net\/index.php\/2011\/02\/26\/uc-gencin-kalbi\/","name":"\u00dc\u00c7 GENC\u0130N KALB\u0130 - narteks.net","isPartOf":{"@id":"https:\/\/narteks.net\/#website"},"datePublished":"2011-02-26T16:25:47+00:00","breadcrumb":{"@id":"https:\/\/narteks.net\/index.php\/2011\/02\/26\/uc-gencin-kalbi\/#breadcrumb"},"inLanguage":"tr","potentialAction":[{"@type":"ReadAction","target":["https:\/\/narteks.net\/index.php\/2011\/02\/26\/uc-gencin-kalbi\/"]}]},{"@type":"BreadcrumbList","@id":"https:\/\/narteks.net\/index.php\/2011\/02\/26\/uc-gencin-kalbi\/#breadcrumb","itemListElement":[{"@type":"ListItem","position":1,"name":"Anasayfa","item":"https:\/\/narteks.net\/"},{"@type":"ListItem","position":2,"name":"\u00dc\u00c7 GENC\u0130N KALB\u0130"}]},{"@type":"WebSite","@id":"https:\/\/narteks.net\/#website","url":"https:\/\/narteks.net\/","name":"narteks.net","description":"K\u00fclt\u00fcr Sanat Edebiyat Felsefe","publisher":{"@id":"https:\/\/narteks.net\/#organization"},"alternateName":"K\u00fclt\u00fcr Sanat Edebiyat Felsefe","potentialAction":[{"@type":"SearchAction","target":{"@type":"EntryPoint","urlTemplate":"https:\/\/narteks.net\/?s={search_term_string}"},"query-input":{"@type":"PropertyValueSpecification","valueRequired":true,"valueName":"search_term_string"}}],"inLanguage":"tr"},{"@type":"Organization","@id":"https:\/\/narteks.net\/#organization","name":"narteks.net","url":"https:\/\/narteks.net\/","logo":{"@type":"ImageObject","inLanguage":"tr","@id":"https:\/\/narteks.net\/#\/schema\/logo\/image\/","url":"https:\/\/narteks.net\/wp-content\/uploads\/narteks.png","contentUrl":"https:\/\/narteks.net\/wp-content\/uploads\/narteks.png","width":300,"height":90,"caption":"narteks.net"},"image":{"@id":"https:\/\/narteks.net\/#\/schema\/logo\/image\/"},"sameAs":["https:\/\/x.com\/narteks","https:\/\/instagram.com\/narteksnet"]},{"@type":"Person","@id":"https:\/\/narteks.net\/#\/schema\/person\/61f37d9834294b72d31d274e7ed79bca","name":"Tar\u0131k","image":{"@type":"ImageObject","inLanguage":"tr","@id":"https:\/\/narteks.net\/#\/schema\/person\/image\/","url":"https:\/\/secure.gravatar.com\/avatar\/50865afb55632c4ae467e0af0930f6510aa2297d8014be502a55b14f3b7550cf?s=96&d=mm&r=g","contentUrl":"https:\/\/secure.gravatar.com\/avatar\/50865afb55632c4ae467e0af0930f6510aa2297d8014be502a55b14f3b7550cf?s=96&d=mm&r=g","caption":"Tar\u0131k"},"sameAs":["http:\/\/narteks.net"],"url":"https:\/\/narteks.net\/index.php\/author\/narbak\/"}]}},"_links":{"self":[{"href":"https:\/\/narteks.net\/index.php\/wp-json\/wp\/v2\/posts\/5197","targetHints":{"allow":["GET"]}}],"collection":[{"href":"https:\/\/narteks.net\/index.php\/wp-json\/wp\/v2\/posts"}],"about":[{"href":"https:\/\/narteks.net\/index.php\/wp-json\/wp\/v2\/types\/post"}],"author":[{"embeddable":true,"href":"https:\/\/narteks.net\/index.php\/wp-json\/wp\/v2\/users\/1"}],"replies":[{"embeddable":true,"href":"https:\/\/narteks.net\/index.php\/wp-json\/wp\/v2\/comments?post=5197"}],"version-history":[{"count":0,"href":"https:\/\/narteks.net\/index.php\/wp-json\/wp\/v2\/posts\/5197\/revisions"}],"wp:attachment":[{"href":"https:\/\/narteks.net\/index.php\/wp-json\/wp\/v2\/media?parent=5197"}],"wp:term":[{"taxonomy":"category","embeddable":true,"href":"https:\/\/narteks.net\/index.php\/wp-json\/wp\/v2\/categories?post=5197"},{"taxonomy":"post_tag","embeddable":true,"href":"https:\/\/narteks.net\/index.php\/wp-json\/wp\/v2\/tags?post=5197"}],"curies":[{"name":"wp","href":"https:\/\/api.w.org\/{rel}","templated":true}]}}