{"id":520,"date":"2009-04-12T13:19:25","date_gmt":"2009-04-12T10:19:25","guid":{"rendered":"http:\/\/localhost\/wordpress\/2009\/04\/12\/iki-yuzlu-melekler\/"},"modified":"2009-04-12T13:19:25","modified_gmt":"2009-04-12T10:19:25","slug":"iki-yuzlu-melekler","status":"publish","type":"post","link":"https:\/\/narteks.net\/index.php\/2009\/04\/12\/iki-yuzlu-melekler\/","title":{"rendered":"\u0130K\u0130 Y\u00dcZL\u00dc MELEKLER"},"content":{"rendered":"<p>\u00a0<\/p>\n<p>sayende sayeban olduk \u0130stanbul \u015fehri <br \/> sayende sebil olduk a\u00e7 kald\u0131k sefil olduk <br \/> y\u0131ld\u0131zlar dem \u00e7ekti g\u00fcvercinler gibi ba\u015fucumuzda <br \/> ve yakt\u0131 peri\u015fan eyledi sine-i sad-paremizi <br \/> saplan\u0131p han\u00e7er misali bir hilal <br \/> sokaklar serseri biz serseri <br \/> y\u00fcksekkald\u0131r\u0131m&#8217;da <br \/> bir cezayir \u015fark\u0131s\u0131n\u0131 dile getirdi plaklar <br \/> cadde-i kebir: b\u00fct\u00fcn \u0131\u015f\u0131klar\u0131n\u0131 yakm\u0131\u015f bir gemidir <br \/> sinemalar nerdeyse bo\u015falacaklar <\/p>\n<p> vay anam vay <br \/> sen ne dersin \u0130stanbul <br \/> sen garip bir \u015fair olsan s\u00f6yle ne halt edersin <br \/> kimin g\u00fcc\u00fc yeterse kahretsin pazarl\u0131\u011f\u0131 <br \/> sefalet ak\u0131yor g\u00fcr\u00fcl g\u00fcr\u00fcl sokaklardan <br \/> yol \u00fcst\u00fcnde bir \u015fehvet \u00e7ar\u015f\u0131s\u0131 t\u0131kl\u0131m t\u0131kl\u0131m <br \/> yol \u00fcst\u00fcnde sevda pazarl\u0131\u011f\u0131 a\u015fk pazarl\u0131\u011f\u0131 <br \/> kurtulmad\u0131k gitti bu denl\u00fc kepaze hayattan <br \/> hep b\u00f6yle gecelerin koynunda ya\u015fad\u0131k <br \/> geceler serseri biz serseri <br \/> karakoldaki aynada safran gibi kirli y\u00fcz\u00fcm\u00fcz <br \/> g\u00f6zlerimiz hasta g\u00f6zleri ellerimiz hasta elleri <br \/> k\u0131r\u0131lm\u0131\u015f kavala d\u00f6nm\u00fc\u015f\u00fcz <\/p>\n<p> sen s\u00f6yle serseriler k\u0131ral\u0131 \u0130stanbul <br \/> sen s\u00f6yle iki g\u00f6z\u00fcm <br \/> hangi merhem \u00e7aredir \u015fu bizim yaram\u0131za <br \/> yel \u00fcf\u00fcrd\u00fc su g\u00f6t\u00fcrd\u00fc gen\u00e7li\u011fimizi <br \/> elimiz bo\u015fa geldi meydanlarda kald\u0131k <br \/> meydanlar serseri biz serseri <br \/> sa\u011f\u0131m\u0131z sefalet solumuz \u00f6l\u00fcm <br \/> i\u015fte geldik gidiyoruz <br \/> kahrolas\u0131n <br \/> kahrolas\u0131n \u0130stanbul \u015fehri<\/p>\n<p>Attila \u0130LHAN<\/p>\n","protected":false},"excerpt":{"rendered":"<p>\u00a0 sayende sayeban olduk \u0130stanbul \u015fehri sayende sebil olduk a\u00e7 kald\u0131k sefil olduk y\u0131ld\u0131zlar dem \u00e7ekti g\u00fcvercinler gibi ba\u015fucumuzda ve yakt\u0131 peri\u015fan eyledi sine-i sad-paremizi saplan\u0131p han\u00e7er misali bir hilal sokaklar serseri biz serseri y\u00fcksekkald\u0131r\u0131m&#8217;da bir cezayir \u015fark\u0131s\u0131n\u0131 dile getirdi plaklar cadde-i kebir: b\u00fct\u00fcn \u0131\u015f\u0131klar\u0131n\u0131 yakm\u0131\u015f bir gemidir sinemalar nerdeyse bo\u015falacaklar vay anam vay sen [&hellip;]<\/p>\n","protected":false},"author":1,"featured_media":0,"comment_status":"open","ping_status":"open","sticky":false,"template":"","format":"standard","meta":{"footnotes":""},"categories":[11],"tags":[],"class_list":{"0":"post-520","1":"post","2":"type-post","3":"status-publish","4":"format-standard","6":"category-attila-ilhan"},"yoast_head":"<!-- This site is optimized with the Yoast SEO Premium plugin v24.9 (Yoast SEO v24.9) - https:\/\/yoast.com\/wordpress\/plugins\/seo\/ -->\n<title>\u0130K\u0130 Y\u00dcZL\u00dc MELEKLER - narteks.net<\/title>\n<meta name=\"robots\" content=\"index, follow, max-snippet:-1, max-image-preview:large, max-video-preview:-1\" \/>\n<link rel=\"canonical\" href=\"https:\/\/narteks.net\/index.php\/2009\/04\/12\/iki-yuzlu-melekler\/\" \/>\n<meta property=\"og:locale\" content=\"tr_TR\" \/>\n<meta property=\"og:type\" content=\"article\" \/>\n<meta property=\"og:title\" content=\"\u0130K\u0130 Y\u00dcZL\u00dc MELEKLER\" \/>\n<meta property=\"og:description\" content=\"\u00a0 sayende sayeban olduk \u0130stanbul \u015fehri sayende sebil olduk a\u00e7 kald\u0131k sefil olduk y\u0131ld\u0131zlar dem \u00e7ekti g\u00fcvercinler gibi ba\u015fucumuzda ve yakt\u0131 peri\u015fan eyledi sine-i sad-paremizi saplan\u0131p han\u00e7er misali bir hilal sokaklar serseri biz serseri y\u00fcksekkald\u0131r\u0131m&#8217;da bir cezayir \u015fark\u0131s\u0131n\u0131 dile getirdi plaklar cadde-i kebir: b\u00fct\u00fcn \u0131\u015f\u0131klar\u0131n\u0131 yakm\u0131\u015f bir gemidir sinemalar nerdeyse bo\u015falacaklar vay anam vay sen [&hellip;]\" \/>\n<meta property=\"og:url\" content=\"https:\/\/narteks.net\/index.php\/2009\/04\/12\/iki-yuzlu-melekler\/\" \/>\n<meta property=\"og:site_name\" content=\"narteks.net\" \/>\n<meta property=\"article:published_time\" content=\"2009-04-12T10:19:25+00:00\" \/>\n<meta property=\"og:image\" content=\"https:\/\/narteks.net\/wp-content\/uploads\/narteks.png\" \/>\n\t<meta property=\"og:image:width\" content=\"300\" \/>\n\t<meta property=\"og:image:height\" content=\"90\" \/>\n\t<meta property=\"og:image:type\" content=\"image\/png\" \/>\n<meta name=\"author\" content=\"Tar\u0131k\" \/>\n<meta name=\"twitter:card\" content=\"summary_large_image\" \/>\n<meta name=\"twitter:creator\" content=\"@narteks\" \/>\n<meta name=\"twitter:site\" content=\"@narteks\" \/>\n<meta name=\"twitter:label1\" content=\"Yazan:\" \/>\n\t<meta name=\"twitter:data1\" content=\"Tar\u0131k\" \/>\n\t<meta name=\"twitter:label2\" content=\"Tahmini okuma s\u00fcresi\" \/>\n\t<meta name=\"twitter:data2\" content=\"1 dakika\" \/>\n<script type=\"application\/ld+json\" class=\"yoast-schema-graph\">{\"@context\":\"https:\/\/schema.org\",\"@graph\":[{\"@type\":\"Article\",\"@id\":\"https:\/\/narteks.net\/index.php\/2009\/04\/12\/iki-yuzlu-melekler\/#article\",\"isPartOf\":{\"@id\":\"https:\/\/narteks.net\/index.php\/2009\/04\/12\/iki-yuzlu-melekler\/\"},\"author\":{\"name\":\"Tar\u0131k\",\"@id\":\"https:\/\/narteks.net\/#\/schema\/person\/61f37d9834294b72d31d274e7ed79bca\"},\"headline\":\"\u0130K\u0130 Y\u00dcZL\u00dc MELEKLER\",\"datePublished\":\"2009-04-12T10:19:25+00:00\",\"mainEntityOfPage\":{\"@id\":\"https:\/\/narteks.net\/index.php\/2009\/04\/12\/iki-yuzlu-melekler\/\"},\"wordCount\":229,\"commentCount\":0,\"publisher\":{\"@id\":\"https:\/\/narteks.net\/#organization\"},\"articleSection\":[\"Attila ILHAN\"],\"inLanguage\":\"tr\",\"potentialAction\":[{\"@type\":\"CommentAction\",\"name\":\"Comment\",\"target\":[\"https:\/\/narteks.net\/index.php\/2009\/04\/12\/iki-yuzlu-melekler\/#respond\"]}]},{\"@type\":\"WebPage\",\"@id\":\"https:\/\/narteks.net\/index.php\/2009\/04\/12\/iki-yuzlu-melekler\/\",\"url\":\"https:\/\/narteks.net\/index.php\/2009\/04\/12\/iki-yuzlu-melekler\/\",\"name\":\"\u0130K\u0130 Y\u00dcZL\u00dc MELEKLER - narteks.net\",\"isPartOf\":{\"@id\":\"https:\/\/narteks.net\/#website\"},\"datePublished\":\"2009-04-12T10:19:25+00:00\",\"breadcrumb\":{\"@id\":\"https:\/\/narteks.net\/index.php\/2009\/04\/12\/iki-yuzlu-melekler\/#breadcrumb\"},\"inLanguage\":\"tr\",\"potentialAction\":[{\"@type\":\"ReadAction\",\"target\":[\"https:\/\/narteks.net\/index.php\/2009\/04\/12\/iki-yuzlu-melekler\/\"]}]},{\"@type\":\"BreadcrumbList\",\"@id\":\"https:\/\/narteks.net\/index.php\/2009\/04\/12\/iki-yuzlu-melekler\/#breadcrumb\",\"itemListElement\":[{\"@type\":\"ListItem\",\"position\":1,\"name\":\"Anasayfa\",\"item\":\"https:\/\/narteks.net\/\"},{\"@type\":\"ListItem\",\"position\":2,\"name\":\"\u0130K\u0130 Y\u00dcZL\u00dc MELEKLER\"}]},{\"@type\":\"WebSite\",\"@id\":\"https:\/\/narteks.net\/#website\",\"url\":\"https:\/\/narteks.net\/\",\"name\":\"narteks.net\",\"description\":\"K\u00fclt\u00fcr Sanat Edebiyat Felsefe\",\"publisher\":{\"@id\":\"https:\/\/narteks.net\/#organization\"},\"alternateName\":\"K\u00fclt\u00fcr Sanat Edebiyat Felsefe\",\"potentialAction\":[{\"@type\":\"SearchAction\",\"target\":{\"@type\":\"EntryPoint\",\"urlTemplate\":\"https:\/\/narteks.net\/?s={search_term_string}\"},\"query-input\":{\"@type\":\"PropertyValueSpecification\",\"valueRequired\":true,\"valueName\":\"search_term_string\"}}],\"inLanguage\":\"tr\"},{\"@type\":\"Organization\",\"@id\":\"https:\/\/narteks.net\/#organization\",\"name\":\"narteks.net\",\"url\":\"https:\/\/narteks.net\/\",\"logo\":{\"@type\":\"ImageObject\",\"inLanguage\":\"tr\",\"@id\":\"https:\/\/narteks.net\/#\/schema\/logo\/image\/\",\"url\":\"https:\/\/narteks.net\/wp-content\/uploads\/narteks.png\",\"contentUrl\":\"https:\/\/narteks.net\/wp-content\/uploads\/narteks.png\",\"width\":300,\"height\":90,\"caption\":\"narteks.net\"},\"image\":{\"@id\":\"https:\/\/narteks.net\/#\/schema\/logo\/image\/\"},\"sameAs\":[\"https:\/\/x.com\/narteks\",\"https:\/\/instagram.com\/narteksnet\"]},{\"@type\":\"Person\",\"@id\":\"https:\/\/narteks.net\/#\/schema\/person\/61f37d9834294b72d31d274e7ed79bca\",\"name\":\"Tar\u0131k\",\"image\":{\"@type\":\"ImageObject\",\"inLanguage\":\"tr\",\"@id\":\"https:\/\/narteks.net\/#\/schema\/person\/image\/\",\"url\":\"https:\/\/secure.gravatar.com\/avatar\/50865afb55632c4ae467e0af0930f6510aa2297d8014be502a55b14f3b7550cf?s=96&d=mm&r=g\",\"contentUrl\":\"https:\/\/secure.gravatar.com\/avatar\/50865afb55632c4ae467e0af0930f6510aa2297d8014be502a55b14f3b7550cf?s=96&d=mm&r=g\",\"caption\":\"Tar\u0131k\"},\"sameAs\":[\"http:\/\/narteks.net\"],\"url\":\"https:\/\/narteks.net\/index.php\/author\/narbak\/\"}]}<\/script>\n<!-- \/ Yoast SEO Premium plugin. -->","yoast_head_json":{"title":"\u0130K\u0130 Y\u00dcZL\u00dc MELEKLER - narteks.net","robots":{"index":"index","follow":"follow","max-snippet":"max-snippet:-1","max-image-preview":"max-image-preview:large","max-video-preview":"max-video-preview:-1"},"canonical":"https:\/\/narteks.net\/index.php\/2009\/04\/12\/iki-yuzlu-melekler\/","og_locale":"tr_TR","og_type":"article","og_title":"\u0130K\u0130 Y\u00dcZL\u00dc MELEKLER","og_description":"\u00a0 sayende sayeban olduk \u0130stanbul \u015fehri sayende sebil olduk a\u00e7 kald\u0131k sefil olduk y\u0131ld\u0131zlar dem \u00e7ekti g\u00fcvercinler gibi ba\u015fucumuzda ve yakt\u0131 peri\u015fan eyledi sine-i sad-paremizi saplan\u0131p han\u00e7er misali bir hilal sokaklar serseri biz serseri y\u00fcksekkald\u0131r\u0131m&#8217;da bir cezayir \u015fark\u0131s\u0131n\u0131 dile getirdi plaklar cadde-i kebir: b\u00fct\u00fcn \u0131\u015f\u0131klar\u0131n\u0131 yakm\u0131\u015f bir gemidir sinemalar nerdeyse bo\u015falacaklar vay anam vay sen [&hellip;]","og_url":"https:\/\/narteks.net\/index.php\/2009\/04\/12\/iki-yuzlu-melekler\/","og_site_name":"narteks.net","article_published_time":"2009-04-12T10:19:25+00:00","og_image":[{"width":300,"height":90,"url":"https:\/\/narteks.net\/wp-content\/uploads\/narteks.png","type":"image\/png"}],"author":"Tar\u0131k","twitter_card":"summary_large_image","twitter_creator":"@narteks","twitter_site":"@narteks","twitter_misc":{"Yazan:":"Tar\u0131k","Tahmini okuma s\u00fcresi":"1 dakika"},"schema":{"@context":"https:\/\/schema.org","@graph":[{"@type":"Article","@id":"https:\/\/narteks.net\/index.php\/2009\/04\/12\/iki-yuzlu-melekler\/#article","isPartOf":{"@id":"https:\/\/narteks.net\/index.php\/2009\/04\/12\/iki-yuzlu-melekler\/"},"author":{"name":"Tar\u0131k","@id":"https:\/\/narteks.net\/#\/schema\/person\/61f37d9834294b72d31d274e7ed79bca"},"headline":"\u0130K\u0130 Y\u00dcZL\u00dc MELEKLER","datePublished":"2009-04-12T10:19:25+00:00","mainEntityOfPage":{"@id":"https:\/\/narteks.net\/index.php\/2009\/04\/12\/iki-yuzlu-melekler\/"},"wordCount":229,"commentCount":0,"publisher":{"@id":"https:\/\/narteks.net\/#organization"},"articleSection":["Attila ILHAN"],"inLanguage":"tr","potentialAction":[{"@type":"CommentAction","name":"Comment","target":["https:\/\/narteks.net\/index.php\/2009\/04\/12\/iki-yuzlu-melekler\/#respond"]}]},{"@type":"WebPage","@id":"https:\/\/narteks.net\/index.php\/2009\/04\/12\/iki-yuzlu-melekler\/","url":"https:\/\/narteks.net\/index.php\/2009\/04\/12\/iki-yuzlu-melekler\/","name":"\u0130K\u0130 Y\u00dcZL\u00dc MELEKLER - narteks.net","isPartOf":{"@id":"https:\/\/narteks.net\/#website"},"datePublished":"2009-04-12T10:19:25+00:00","breadcrumb":{"@id":"https:\/\/narteks.net\/index.php\/2009\/04\/12\/iki-yuzlu-melekler\/#breadcrumb"},"inLanguage":"tr","potentialAction":[{"@type":"ReadAction","target":["https:\/\/narteks.net\/index.php\/2009\/04\/12\/iki-yuzlu-melekler\/"]}]},{"@type":"BreadcrumbList","@id":"https:\/\/narteks.net\/index.php\/2009\/04\/12\/iki-yuzlu-melekler\/#breadcrumb","itemListElement":[{"@type":"ListItem","position":1,"name":"Anasayfa","item":"https:\/\/narteks.net\/"},{"@type":"ListItem","position":2,"name":"\u0130K\u0130 Y\u00dcZL\u00dc MELEKLER"}]},{"@type":"WebSite","@id":"https:\/\/narteks.net\/#website","url":"https:\/\/narteks.net\/","name":"narteks.net","description":"K\u00fclt\u00fcr Sanat Edebiyat Felsefe","publisher":{"@id":"https:\/\/narteks.net\/#organization"},"alternateName":"K\u00fclt\u00fcr Sanat Edebiyat Felsefe","potentialAction":[{"@type":"SearchAction","target":{"@type":"EntryPoint","urlTemplate":"https:\/\/narteks.net\/?s={search_term_string}"},"query-input":{"@type":"PropertyValueSpecification","valueRequired":true,"valueName":"search_term_string"}}],"inLanguage":"tr"},{"@type":"Organization","@id":"https:\/\/narteks.net\/#organization","name":"narteks.net","url":"https:\/\/narteks.net\/","logo":{"@type":"ImageObject","inLanguage":"tr","@id":"https:\/\/narteks.net\/#\/schema\/logo\/image\/","url":"https:\/\/narteks.net\/wp-content\/uploads\/narteks.png","contentUrl":"https:\/\/narteks.net\/wp-content\/uploads\/narteks.png","width":300,"height":90,"caption":"narteks.net"},"image":{"@id":"https:\/\/narteks.net\/#\/schema\/logo\/image\/"},"sameAs":["https:\/\/x.com\/narteks","https:\/\/instagram.com\/narteksnet"]},{"@type":"Person","@id":"https:\/\/narteks.net\/#\/schema\/person\/61f37d9834294b72d31d274e7ed79bca","name":"Tar\u0131k","image":{"@type":"ImageObject","inLanguage":"tr","@id":"https:\/\/narteks.net\/#\/schema\/person\/image\/","url":"https:\/\/secure.gravatar.com\/avatar\/50865afb55632c4ae467e0af0930f6510aa2297d8014be502a55b14f3b7550cf?s=96&d=mm&r=g","contentUrl":"https:\/\/secure.gravatar.com\/avatar\/50865afb55632c4ae467e0af0930f6510aa2297d8014be502a55b14f3b7550cf?s=96&d=mm&r=g","caption":"Tar\u0131k"},"sameAs":["http:\/\/narteks.net"],"url":"https:\/\/narteks.net\/index.php\/author\/narbak\/"}]}},"_links":{"self":[{"href":"https:\/\/narteks.net\/index.php\/wp-json\/wp\/v2\/posts\/520","targetHints":{"allow":["GET"]}}],"collection":[{"href":"https:\/\/narteks.net\/index.php\/wp-json\/wp\/v2\/posts"}],"about":[{"href":"https:\/\/narteks.net\/index.php\/wp-json\/wp\/v2\/types\/post"}],"author":[{"embeddable":true,"href":"https:\/\/narteks.net\/index.php\/wp-json\/wp\/v2\/users\/1"}],"replies":[{"embeddable":true,"href":"https:\/\/narteks.net\/index.php\/wp-json\/wp\/v2\/comments?post=520"}],"version-history":[{"count":0,"href":"https:\/\/narteks.net\/index.php\/wp-json\/wp\/v2\/posts\/520\/revisions"}],"wp:attachment":[{"href":"https:\/\/narteks.net\/index.php\/wp-json\/wp\/v2\/media?parent=520"}],"wp:term":[{"taxonomy":"category","embeddable":true,"href":"https:\/\/narteks.net\/index.php\/wp-json\/wp\/v2\/categories?post=520"},{"taxonomy":"post_tag","embeddable":true,"href":"https:\/\/narteks.net\/index.php\/wp-json\/wp\/v2\/tags?post=520"}],"curies":[{"name":"wp","href":"https:\/\/api.w.org\/{rel}","templated":true}]}}