{"id":5207,"date":"2011-02-26T19:35:40","date_gmt":"2011-02-26T16:35:40","guid":{"rendered":"http:\/\/localhost\/wordpress\/2011\/02\/26\/fayton\/"},"modified":"2011-02-26T19:35:40","modified_gmt":"2011-02-26T16:35:40","slug":"fayton","status":"publish","type":"post","link":"https:\/\/narteks.net\/index.php\/2011\/02\/26\/fayton\/","title":{"rendered":"FAYTON"},"content":{"rendered":"<p>\u00a0<\/p>\n<p>Erol G\u00fclercan&#8217;a<\/p>\n<p>O sahibinin sesi gramofonlarda \u00e7al\u0131nan \u015fey<br \/>incecik melankolisiymi\u015f yaln\u0131zl\u0131\u011f\u0131n\u0131n<br \/>intihar karas\u0131 bir faytona binmi\u015f ge\u00e7erken ablam<br \/>caddelerinden \u00f6l\u00fcmler a\u015fk\u0131 pera&#8217;n\u0131n<\/p>\n<p>Esrikmi\u015f herhal bah\u00e7e bah\u00e7e \u00e7i\u00e7ekleri olan ablam<br \/>\u00e7i\u00e7eksiz bir \u00e7i\u00e7ek\u00e7i d\u00fckkan\u0131n\u0131n \u00f6n\u00fcnde durmu\u015f<br \/>t\u00fcllere sar\u0131lm\u0131\u015f mor bir karada\u011f tabancas\u0131yla<br \/>zakkum foto\u011fraflar\u0131 varm\u0131\u015f cezayir menek\u015feleri camek\u00e2nda<\/p>\n<p>Ben ki son \u00fc\u00e7 gecedir intihar etmedim hi\u00e7, bilemem<br \/>intihar karas\u0131 bir faytonun a\u011f\u0131\u015f\u0131 g\u00f6\u011fe atlar\u0131yla birlikte<br \/>cezayir menek\u015felerini se\u00e7ip sat\u0131n al\u0131\u015f\u0131ndan olabilir mi ablam\u0131n.<\/p>\n<p>Ece AYHAN<\/p>\n","protected":false},"excerpt":{"rendered":"<p>\u00a0 Erol G\u00fclercan&#8217;a O sahibinin sesi gramofonlarda \u00e7al\u0131nan \u015feyincecik melankolisiymi\u015f yaln\u0131zl\u0131\u011f\u0131n\u0131nintihar karas\u0131 bir faytona binmi\u015f ge\u00e7erken ablamcaddelerinden \u00f6l\u00fcmler a\u015fk\u0131 pera&#8217;n\u0131n Esrikmi\u015f herhal bah\u00e7e bah\u00e7e \u00e7i\u00e7ekleri olan ablam\u00e7i\u00e7eksiz bir \u00e7i\u00e7ek\u00e7i d\u00fckkan\u0131n\u0131n \u00f6n\u00fcnde durmu\u015ft\u00fcllere sar\u0131lm\u0131\u015f mor bir karada\u011f tabancas\u0131ylazakkum foto\u011fraflar\u0131 varm\u0131\u015f cezayir menek\u015feleri camek\u00e2nda Ben ki son \u00fc\u00e7 gecedir intihar etmedim hi\u00e7, bilememintihar karas\u0131 bir faytonun a\u011f\u0131\u015f\u0131 [&hellip;]<\/p>\n","protected":false},"author":1,"featured_media":0,"comment_status":"open","ping_status":"open","sticky":false,"template":"","format":"standard","meta":{"footnotes":""},"categories":[164],"tags":[],"class_list":{"0":"post-5207","1":"post","2":"type-post","3":"status-publish","4":"format-standard","6":"category-ece-ayhan"},"yoast_head":"<!-- This site is optimized with the Yoast SEO Premium plugin v24.9 (Yoast SEO v24.9) - https:\/\/yoast.com\/wordpress\/plugins\/seo\/ -->\n<title>FAYTON - narteks.net<\/title>\n<meta name=\"robots\" content=\"index, follow, max-snippet:-1, max-image-preview:large, max-video-preview:-1\" \/>\n<link rel=\"canonical\" href=\"https:\/\/narteks.net\/index.php\/2011\/02\/26\/fayton\/\" \/>\n<meta property=\"og:locale\" content=\"tr_TR\" \/>\n<meta property=\"og:type\" content=\"article\" \/>\n<meta property=\"og:title\" content=\"FAYTON\" \/>\n<meta property=\"og:description\" content=\"\u00a0 Erol G\u00fclercan&#8217;a O sahibinin sesi gramofonlarda \u00e7al\u0131nan \u015feyincecik melankolisiymi\u015f yaln\u0131zl\u0131\u011f\u0131n\u0131nintihar karas\u0131 bir faytona binmi\u015f ge\u00e7erken ablamcaddelerinden \u00f6l\u00fcmler a\u015fk\u0131 pera&#8217;n\u0131n Esrikmi\u015f herhal bah\u00e7e bah\u00e7e \u00e7i\u00e7ekleri olan ablam\u00e7i\u00e7eksiz bir \u00e7i\u00e7ek\u00e7i d\u00fckkan\u0131n\u0131n \u00f6n\u00fcnde durmu\u015ft\u00fcllere sar\u0131lm\u0131\u015f mor bir karada\u011f tabancas\u0131ylazakkum foto\u011fraflar\u0131 varm\u0131\u015f cezayir menek\u015feleri camek\u00e2nda Ben ki son \u00fc\u00e7 gecedir intihar etmedim hi\u00e7, bilememintihar karas\u0131 bir faytonun a\u011f\u0131\u015f\u0131 [&hellip;]\" \/>\n<meta property=\"og:url\" content=\"https:\/\/narteks.net\/index.php\/2011\/02\/26\/fayton\/\" \/>\n<meta property=\"og:site_name\" content=\"narteks.net\" \/>\n<meta property=\"article:published_time\" content=\"2011-02-26T16:35:40+00:00\" \/>\n<meta property=\"og:image\" content=\"https:\/\/narteks.net\/wp-content\/uploads\/narteks.png\" \/>\n\t<meta property=\"og:image:width\" content=\"300\" \/>\n\t<meta property=\"og:image:height\" content=\"90\" \/>\n\t<meta property=\"og:image:type\" content=\"image\/png\" \/>\n<meta name=\"author\" content=\"Tar\u0131k\" \/>\n<meta name=\"twitter:card\" content=\"summary_large_image\" \/>\n<meta name=\"twitter:creator\" content=\"@narteks\" \/>\n<meta name=\"twitter:site\" content=\"@narteks\" \/>\n<meta name=\"twitter:label1\" content=\"Yazan:\" \/>\n\t<meta name=\"twitter:data1\" content=\"Tar\u0131k\" \/>\n<script type=\"application\/ld+json\" class=\"yoast-schema-graph\">{\"@context\":\"https:\/\/schema.org\",\"@graph\":[{\"@type\":\"Article\",\"@id\":\"https:\/\/narteks.net\/index.php\/2011\/02\/26\/fayton\/#article\",\"isPartOf\":{\"@id\":\"https:\/\/narteks.net\/index.php\/2011\/02\/26\/fayton\/\"},\"author\":{\"name\":\"Tar\u0131k\",\"@id\":\"https:\/\/narteks.net\/#\/schema\/person\/61f37d9834294b72d31d274e7ed79bca\"},\"headline\":\"FAYTON\",\"datePublished\":\"2011-02-26T16:35:40+00:00\",\"mainEntityOfPage\":{\"@id\":\"https:\/\/narteks.net\/index.php\/2011\/02\/26\/fayton\/\"},\"wordCount\":100,\"commentCount\":0,\"publisher\":{\"@id\":\"https:\/\/narteks.net\/#organization\"},\"articleSection\":[\"Ece AYHAN\"],\"inLanguage\":\"tr\",\"potentialAction\":[{\"@type\":\"CommentAction\",\"name\":\"Comment\",\"target\":[\"https:\/\/narteks.net\/index.php\/2011\/02\/26\/fayton\/#respond\"]}]},{\"@type\":\"WebPage\",\"@id\":\"https:\/\/narteks.net\/index.php\/2011\/02\/26\/fayton\/\",\"url\":\"https:\/\/narteks.net\/index.php\/2011\/02\/26\/fayton\/\",\"name\":\"FAYTON - narteks.net\",\"isPartOf\":{\"@id\":\"https:\/\/narteks.net\/#website\"},\"datePublished\":\"2011-02-26T16:35:40+00:00\",\"breadcrumb\":{\"@id\":\"https:\/\/narteks.net\/index.php\/2011\/02\/26\/fayton\/#breadcrumb\"},\"inLanguage\":\"tr\",\"potentialAction\":[{\"@type\":\"ReadAction\",\"target\":[\"https:\/\/narteks.net\/index.php\/2011\/02\/26\/fayton\/\"]}]},{\"@type\":\"BreadcrumbList\",\"@id\":\"https:\/\/narteks.net\/index.php\/2011\/02\/26\/fayton\/#breadcrumb\",\"itemListElement\":[{\"@type\":\"ListItem\",\"position\":1,\"name\":\"Anasayfa\",\"item\":\"https:\/\/narteks.net\/\"},{\"@type\":\"ListItem\",\"position\":2,\"name\":\"FAYTON\"}]},{\"@type\":\"WebSite\",\"@id\":\"https:\/\/narteks.net\/#website\",\"url\":\"https:\/\/narteks.net\/\",\"name\":\"narteks.net\",\"description\":\"K\u00fclt\u00fcr Sanat Edebiyat Felsefe\",\"publisher\":{\"@id\":\"https:\/\/narteks.net\/#organization\"},\"alternateName\":\"K\u00fclt\u00fcr Sanat Edebiyat Felsefe\",\"potentialAction\":[{\"@type\":\"SearchAction\",\"target\":{\"@type\":\"EntryPoint\",\"urlTemplate\":\"https:\/\/narteks.net\/?s={search_term_string}\"},\"query-input\":{\"@type\":\"PropertyValueSpecification\",\"valueRequired\":true,\"valueName\":\"search_term_string\"}}],\"inLanguage\":\"tr\"},{\"@type\":\"Organization\",\"@id\":\"https:\/\/narteks.net\/#organization\",\"name\":\"narteks.net\",\"url\":\"https:\/\/narteks.net\/\",\"logo\":{\"@type\":\"ImageObject\",\"inLanguage\":\"tr\",\"@id\":\"https:\/\/narteks.net\/#\/schema\/logo\/image\/\",\"url\":\"https:\/\/narteks.net\/wp-content\/uploads\/narteks.png\",\"contentUrl\":\"https:\/\/narteks.net\/wp-content\/uploads\/narteks.png\",\"width\":300,\"height\":90,\"caption\":\"narteks.net\"},\"image\":{\"@id\":\"https:\/\/narteks.net\/#\/schema\/logo\/image\/\"},\"sameAs\":[\"https:\/\/x.com\/narteks\",\"https:\/\/instagram.com\/narteksnet\"]},{\"@type\":\"Person\",\"@id\":\"https:\/\/narteks.net\/#\/schema\/person\/61f37d9834294b72d31d274e7ed79bca\",\"name\":\"Tar\u0131k\",\"image\":{\"@type\":\"ImageObject\",\"inLanguage\":\"tr\",\"@id\":\"https:\/\/narteks.net\/#\/schema\/person\/image\/\",\"url\":\"https:\/\/secure.gravatar.com\/avatar\/50865afb55632c4ae467e0af0930f6510aa2297d8014be502a55b14f3b7550cf?s=96&d=mm&r=g\",\"contentUrl\":\"https:\/\/secure.gravatar.com\/avatar\/50865afb55632c4ae467e0af0930f6510aa2297d8014be502a55b14f3b7550cf?s=96&d=mm&r=g\",\"caption\":\"Tar\u0131k\"},\"sameAs\":[\"http:\/\/narteks.net\"],\"url\":\"https:\/\/narteks.net\/index.php\/author\/narbak\/\"}]}<\/script>\n<!-- \/ Yoast SEO Premium plugin. -->","yoast_head_json":{"title":"FAYTON - narteks.net","robots":{"index":"index","follow":"follow","max-snippet":"max-snippet:-1","max-image-preview":"max-image-preview:large","max-video-preview":"max-video-preview:-1"},"canonical":"https:\/\/narteks.net\/index.php\/2011\/02\/26\/fayton\/","og_locale":"tr_TR","og_type":"article","og_title":"FAYTON","og_description":"\u00a0 Erol G\u00fclercan&#8217;a O sahibinin sesi gramofonlarda \u00e7al\u0131nan \u015feyincecik melankolisiymi\u015f yaln\u0131zl\u0131\u011f\u0131n\u0131nintihar karas\u0131 bir faytona binmi\u015f ge\u00e7erken ablamcaddelerinden \u00f6l\u00fcmler a\u015fk\u0131 pera&#8217;n\u0131n Esrikmi\u015f herhal bah\u00e7e bah\u00e7e \u00e7i\u00e7ekleri olan ablam\u00e7i\u00e7eksiz bir \u00e7i\u00e7ek\u00e7i d\u00fckkan\u0131n\u0131n \u00f6n\u00fcnde durmu\u015ft\u00fcllere sar\u0131lm\u0131\u015f mor bir karada\u011f tabancas\u0131ylazakkum foto\u011fraflar\u0131 varm\u0131\u015f cezayir menek\u015feleri camek\u00e2nda Ben ki son \u00fc\u00e7 gecedir intihar etmedim hi\u00e7, bilememintihar karas\u0131 bir faytonun a\u011f\u0131\u015f\u0131 [&hellip;]","og_url":"https:\/\/narteks.net\/index.php\/2011\/02\/26\/fayton\/","og_site_name":"narteks.net","article_published_time":"2011-02-26T16:35:40+00:00","og_image":[{"width":300,"height":90,"url":"https:\/\/narteks.net\/wp-content\/uploads\/narteks.png","type":"image\/png"}],"author":"Tar\u0131k","twitter_card":"summary_large_image","twitter_creator":"@narteks","twitter_site":"@narteks","twitter_misc":{"Yazan:":"Tar\u0131k"},"schema":{"@context":"https:\/\/schema.org","@graph":[{"@type":"Article","@id":"https:\/\/narteks.net\/index.php\/2011\/02\/26\/fayton\/#article","isPartOf":{"@id":"https:\/\/narteks.net\/index.php\/2011\/02\/26\/fayton\/"},"author":{"name":"Tar\u0131k","@id":"https:\/\/narteks.net\/#\/schema\/person\/61f37d9834294b72d31d274e7ed79bca"},"headline":"FAYTON","datePublished":"2011-02-26T16:35:40+00:00","mainEntityOfPage":{"@id":"https:\/\/narteks.net\/index.php\/2011\/02\/26\/fayton\/"},"wordCount":100,"commentCount":0,"publisher":{"@id":"https:\/\/narteks.net\/#organization"},"articleSection":["Ece AYHAN"],"inLanguage":"tr","potentialAction":[{"@type":"CommentAction","name":"Comment","target":["https:\/\/narteks.net\/index.php\/2011\/02\/26\/fayton\/#respond"]}]},{"@type":"WebPage","@id":"https:\/\/narteks.net\/index.php\/2011\/02\/26\/fayton\/","url":"https:\/\/narteks.net\/index.php\/2011\/02\/26\/fayton\/","name":"FAYTON - narteks.net","isPartOf":{"@id":"https:\/\/narteks.net\/#website"},"datePublished":"2011-02-26T16:35:40+00:00","breadcrumb":{"@id":"https:\/\/narteks.net\/index.php\/2011\/02\/26\/fayton\/#breadcrumb"},"inLanguage":"tr","potentialAction":[{"@type":"ReadAction","target":["https:\/\/narteks.net\/index.php\/2011\/02\/26\/fayton\/"]}]},{"@type":"BreadcrumbList","@id":"https:\/\/narteks.net\/index.php\/2011\/02\/26\/fayton\/#breadcrumb","itemListElement":[{"@type":"ListItem","position":1,"name":"Anasayfa","item":"https:\/\/narteks.net\/"},{"@type":"ListItem","position":2,"name":"FAYTON"}]},{"@type":"WebSite","@id":"https:\/\/narteks.net\/#website","url":"https:\/\/narteks.net\/","name":"narteks.net","description":"K\u00fclt\u00fcr Sanat Edebiyat Felsefe","publisher":{"@id":"https:\/\/narteks.net\/#organization"},"alternateName":"K\u00fclt\u00fcr Sanat Edebiyat Felsefe","potentialAction":[{"@type":"SearchAction","target":{"@type":"EntryPoint","urlTemplate":"https:\/\/narteks.net\/?s={search_term_string}"},"query-input":{"@type":"PropertyValueSpecification","valueRequired":true,"valueName":"search_term_string"}}],"inLanguage":"tr"},{"@type":"Organization","@id":"https:\/\/narteks.net\/#organization","name":"narteks.net","url":"https:\/\/narteks.net\/","logo":{"@type":"ImageObject","inLanguage":"tr","@id":"https:\/\/narteks.net\/#\/schema\/logo\/image\/","url":"https:\/\/narteks.net\/wp-content\/uploads\/narteks.png","contentUrl":"https:\/\/narteks.net\/wp-content\/uploads\/narteks.png","width":300,"height":90,"caption":"narteks.net"},"image":{"@id":"https:\/\/narteks.net\/#\/schema\/logo\/image\/"},"sameAs":["https:\/\/x.com\/narteks","https:\/\/instagram.com\/narteksnet"]},{"@type":"Person","@id":"https:\/\/narteks.net\/#\/schema\/person\/61f37d9834294b72d31d274e7ed79bca","name":"Tar\u0131k","image":{"@type":"ImageObject","inLanguage":"tr","@id":"https:\/\/narteks.net\/#\/schema\/person\/image\/","url":"https:\/\/secure.gravatar.com\/avatar\/50865afb55632c4ae467e0af0930f6510aa2297d8014be502a55b14f3b7550cf?s=96&d=mm&r=g","contentUrl":"https:\/\/secure.gravatar.com\/avatar\/50865afb55632c4ae467e0af0930f6510aa2297d8014be502a55b14f3b7550cf?s=96&d=mm&r=g","caption":"Tar\u0131k"},"sameAs":["http:\/\/narteks.net"],"url":"https:\/\/narteks.net\/index.php\/author\/narbak\/"}]}},"_links":{"self":[{"href":"https:\/\/narteks.net\/index.php\/wp-json\/wp\/v2\/posts\/5207","targetHints":{"allow":["GET"]}}],"collection":[{"href":"https:\/\/narteks.net\/index.php\/wp-json\/wp\/v2\/posts"}],"about":[{"href":"https:\/\/narteks.net\/index.php\/wp-json\/wp\/v2\/types\/post"}],"author":[{"embeddable":true,"href":"https:\/\/narteks.net\/index.php\/wp-json\/wp\/v2\/users\/1"}],"replies":[{"embeddable":true,"href":"https:\/\/narteks.net\/index.php\/wp-json\/wp\/v2\/comments?post=5207"}],"version-history":[{"count":0,"href":"https:\/\/narteks.net\/index.php\/wp-json\/wp\/v2\/posts\/5207\/revisions"}],"wp:attachment":[{"href":"https:\/\/narteks.net\/index.php\/wp-json\/wp\/v2\/media?parent=5207"}],"wp:term":[{"taxonomy":"category","embeddable":true,"href":"https:\/\/narteks.net\/index.php\/wp-json\/wp\/v2\/categories?post=5207"},{"taxonomy":"post_tag","embeddable":true,"href":"https:\/\/narteks.net\/index.php\/wp-json\/wp\/v2\/tags?post=5207"}],"curies":[{"name":"wp","href":"https:\/\/api.w.org\/{rel}","templated":true}]}}