{"id":5213,"date":"2011-02-26T19:40:40","date_gmt":"2011-02-26T16:40:40","guid":{"rendered":"http:\/\/localhost\/wordpress\/2011\/02\/26\/orta-ikiden-ayrilan-cocuklar-icin-siirler\/"},"modified":"2011-02-26T19:40:40","modified_gmt":"2011-02-26T16:40:40","slug":"orta-ikiden-ayrilan-cocuklar-icin-siirler","status":"publish","type":"post","link":"https:\/\/narteks.net\/index.php\/2011\/02\/26\/orta-ikiden-ayrilan-cocuklar-icin-siirler\/","title":{"rendered":"ORTA \u0130K\u0130DEN AYRILAN \u00c7OCUKLAR \u0130\u00c7\u0130N \u015e\u0130\u0130RLER"},"content":{"rendered":"<p>\u00a0<\/p>\n<p>Sivil \u00f6l\u00fcmden konu\u015fuyoruz da\u011f\u0131lan neftilikler<br \/>arkada\u015flar Makedonyal\u0131 kal\u0131n usta marangozlar<br \/>Kapaklan\u0131r bir adam daha ka\u00e7\u0131nc\u0131, akt\u0131\u011f\u0131m\u0131z\u0131 g\u00f6r\u00fcnce<br \/>ters \u00e7evrilmi\u015f kente kar\u015f\u0131 i\u015fte onun denizlerine<br \/>delikanl\u0131 kostaklar\u0131m\u0131z\u0131 \u00e7\u0131karm\u0131\u015f ve \u0131rmakt\u0131r<\/p>\n<p>Erkek \u00f6l\u00fcmden konu\u015fuyoruz yeni ormanlardan<br \/>dahi &#8220;dikeni seven g\u00fcl\u00fcne katlan\u0131r bir kad\u0131n&#8221;dan<br \/>Haramiler ki k\u0131rk\u0131n \u00fcst\u00fcnde art\u0131k say\u0131lar\u0131<br \/>bir k\u00fc\u00e7\u00fck tabut tabakada gezdirirler \u00f6l\u00fcleri fakfon<br \/>burunlar\u0131 \u00e7ekmek \u00fczre, ince \u00e7a\u011fr\u0131\u015f\u0131ml\u0131d\u0131r<\/p>\n<p>Ey orta ikiden \u00f6lerek ayr\u0131lan \u00e7ocuklar! asl\u0131nda ba\u015flayan<br \/>askerler tabiatta h\u00e2l\u00e2 tramvaydan Sirkeci&#8217;de mi inerler?<br \/>s\u00fcs\u00fcne ka\u00e7\u0131lmam\u0131\u015f bir cenaze t\u00f6renine gitmek i\u00e7in<\/p>\n<p>Ece AYHAN<\/p>\n","protected":false},"excerpt":{"rendered":"<p>\u00a0 Sivil \u00f6l\u00fcmden konu\u015fuyoruz da\u011f\u0131lan neftiliklerarkada\u015flar Makedonyal\u0131 kal\u0131n usta marangozlarKapaklan\u0131r bir adam daha ka\u00e7\u0131nc\u0131, akt\u0131\u011f\u0131m\u0131z\u0131 g\u00f6r\u00fcnceters \u00e7evrilmi\u015f kente kar\u015f\u0131 i\u015fte onun denizlerinedelikanl\u0131 kostaklar\u0131m\u0131z\u0131 \u00e7\u0131karm\u0131\u015f ve \u0131rmakt\u0131r Erkek \u00f6l\u00fcmden konu\u015fuyoruz yeni ormanlardandahi &#8220;dikeni seven g\u00fcl\u00fcne katlan\u0131r bir kad\u0131n&#8221;danHaramiler ki k\u0131rk\u0131n \u00fcst\u00fcnde art\u0131k say\u0131lar\u0131bir k\u00fc\u00e7\u00fck tabut tabakada gezdirirler \u00f6l\u00fcleri fakfonburunlar\u0131 \u00e7ekmek \u00fczre, ince \u00e7a\u011fr\u0131\u015f\u0131ml\u0131d\u0131r Ey orta ikiden [&hellip;]<\/p>\n","protected":false},"author":1,"featured_media":0,"comment_status":"open","ping_status":"open","sticky":false,"template":"","format":"standard","meta":{"footnotes":""},"categories":[164],"tags":[],"class_list":{"0":"post-5213","1":"post","2":"type-post","3":"status-publish","4":"format-standard","6":"category-ece-ayhan"},"yoast_head":"<!-- This site is optimized with the Yoast SEO Premium plugin v24.9 (Yoast SEO v24.9) - https:\/\/yoast.com\/wordpress\/plugins\/seo\/ -->\n<title>ORTA \u0130K\u0130DEN AYRILAN \u00c7OCUKLAR \u0130\u00c7\u0130N \u015e\u0130\u0130RLER - narteks.net<\/title>\n<meta name=\"robots\" content=\"index, follow, max-snippet:-1, max-image-preview:large, max-video-preview:-1\" \/>\n<link rel=\"canonical\" href=\"https:\/\/narteks.net\/index.php\/2011\/02\/26\/orta-ikiden-ayrilan-cocuklar-icin-siirler\/\" \/>\n<meta property=\"og:locale\" content=\"tr_TR\" \/>\n<meta property=\"og:type\" content=\"article\" \/>\n<meta property=\"og:title\" content=\"ORTA \u0130K\u0130DEN AYRILAN \u00c7OCUKLAR \u0130\u00c7\u0130N \u015e\u0130\u0130RLER\" \/>\n<meta property=\"og:description\" content=\"\u00a0 Sivil \u00f6l\u00fcmden konu\u015fuyoruz da\u011f\u0131lan neftiliklerarkada\u015flar Makedonyal\u0131 kal\u0131n usta marangozlarKapaklan\u0131r bir adam daha ka\u00e7\u0131nc\u0131, akt\u0131\u011f\u0131m\u0131z\u0131 g\u00f6r\u00fcnceters \u00e7evrilmi\u015f kente kar\u015f\u0131 i\u015fte onun denizlerinedelikanl\u0131 kostaklar\u0131m\u0131z\u0131 \u00e7\u0131karm\u0131\u015f ve \u0131rmakt\u0131r Erkek \u00f6l\u00fcmden konu\u015fuyoruz yeni ormanlardandahi &#8220;dikeni seven g\u00fcl\u00fcne katlan\u0131r bir kad\u0131n&#8221;danHaramiler ki k\u0131rk\u0131n \u00fcst\u00fcnde art\u0131k say\u0131lar\u0131bir k\u00fc\u00e7\u00fck tabut tabakada gezdirirler \u00f6l\u00fcleri fakfonburunlar\u0131 \u00e7ekmek \u00fczre, ince \u00e7a\u011fr\u0131\u015f\u0131ml\u0131d\u0131r Ey orta ikiden [&hellip;]\" \/>\n<meta property=\"og:url\" content=\"https:\/\/narteks.net\/index.php\/2011\/02\/26\/orta-ikiden-ayrilan-cocuklar-icin-siirler\/\" \/>\n<meta property=\"og:site_name\" content=\"narteks.net\" \/>\n<meta property=\"article:published_time\" content=\"2011-02-26T16:40:40+00:00\" \/>\n<meta property=\"og:image\" content=\"https:\/\/narteks.net\/wp-content\/uploads\/narteks.png\" \/>\n\t<meta property=\"og:image:width\" content=\"300\" \/>\n\t<meta property=\"og:image:height\" content=\"90\" \/>\n\t<meta property=\"og:image:type\" content=\"image\/png\" \/>\n<meta name=\"author\" content=\"Tar\u0131k\" \/>\n<meta name=\"twitter:card\" content=\"summary_large_image\" \/>\n<meta name=\"twitter:creator\" content=\"@narteks\" \/>\n<meta name=\"twitter:site\" content=\"@narteks\" \/>\n<meta name=\"twitter:label1\" content=\"Yazan:\" \/>\n\t<meta name=\"twitter:data1\" content=\"Tar\u0131k\" \/>\n\t<meta name=\"twitter:label2\" content=\"Tahmini okuma s\u00fcresi\" \/>\n\t<meta name=\"twitter:data2\" content=\"1 dakika\" \/>\n<script type=\"application\/ld+json\" class=\"yoast-schema-graph\">{\"@context\":\"https:\/\/schema.org\",\"@graph\":[{\"@type\":\"Article\",\"@id\":\"https:\/\/narteks.net\/index.php\/2011\/02\/26\/orta-ikiden-ayrilan-cocuklar-icin-siirler\/#article\",\"isPartOf\":{\"@id\":\"https:\/\/narteks.net\/index.php\/2011\/02\/26\/orta-ikiden-ayrilan-cocuklar-icin-siirler\/\"},\"author\":{\"name\":\"Tar\u0131k\",\"@id\":\"https:\/\/narteks.net\/#\/schema\/person\/61f37d9834294b72d31d274e7ed79bca\"},\"headline\":\"ORTA \u0130K\u0130DEN AYRILAN \u00c7OCUKLAR \u0130\u00c7\u0130N \u015e\u0130\u0130RLER\",\"datePublished\":\"2011-02-26T16:40:40+00:00\",\"mainEntityOfPage\":{\"@id\":\"https:\/\/narteks.net\/index.php\/2011\/02\/26\/orta-ikiden-ayrilan-cocuklar-icin-siirler\/\"},\"wordCount\":124,\"commentCount\":0,\"publisher\":{\"@id\":\"https:\/\/narteks.net\/#organization\"},\"articleSection\":[\"Ece AYHAN\"],\"inLanguage\":\"tr\",\"potentialAction\":[{\"@type\":\"CommentAction\",\"name\":\"Comment\",\"target\":[\"https:\/\/narteks.net\/index.php\/2011\/02\/26\/orta-ikiden-ayrilan-cocuklar-icin-siirler\/#respond\"]}]},{\"@type\":\"WebPage\",\"@id\":\"https:\/\/narteks.net\/index.php\/2011\/02\/26\/orta-ikiden-ayrilan-cocuklar-icin-siirler\/\",\"url\":\"https:\/\/narteks.net\/index.php\/2011\/02\/26\/orta-ikiden-ayrilan-cocuklar-icin-siirler\/\",\"name\":\"ORTA \u0130K\u0130DEN AYRILAN \u00c7OCUKLAR \u0130\u00c7\u0130N \u015e\u0130\u0130RLER - narteks.net\",\"isPartOf\":{\"@id\":\"https:\/\/narteks.net\/#website\"},\"datePublished\":\"2011-02-26T16:40:40+00:00\",\"breadcrumb\":{\"@id\":\"https:\/\/narteks.net\/index.php\/2011\/02\/26\/orta-ikiden-ayrilan-cocuklar-icin-siirler\/#breadcrumb\"},\"inLanguage\":\"tr\",\"potentialAction\":[{\"@type\":\"ReadAction\",\"target\":[\"https:\/\/narteks.net\/index.php\/2011\/02\/26\/orta-ikiden-ayrilan-cocuklar-icin-siirler\/\"]}]},{\"@type\":\"BreadcrumbList\",\"@id\":\"https:\/\/narteks.net\/index.php\/2011\/02\/26\/orta-ikiden-ayrilan-cocuklar-icin-siirler\/#breadcrumb\",\"itemListElement\":[{\"@type\":\"ListItem\",\"position\":1,\"name\":\"Anasayfa\",\"item\":\"https:\/\/narteks.net\/\"},{\"@type\":\"ListItem\",\"position\":2,\"name\":\"ORTA \u0130K\u0130DEN AYRILAN \u00c7OCUKLAR \u0130\u00c7\u0130N \u015e\u0130\u0130RLER\"}]},{\"@type\":\"WebSite\",\"@id\":\"https:\/\/narteks.net\/#website\",\"url\":\"https:\/\/narteks.net\/\",\"name\":\"narteks.net\",\"description\":\"K\u00fclt\u00fcr Sanat Edebiyat Felsefe\",\"publisher\":{\"@id\":\"https:\/\/narteks.net\/#organization\"},\"alternateName\":\"K\u00fclt\u00fcr Sanat Edebiyat Felsefe\",\"potentialAction\":[{\"@type\":\"SearchAction\",\"target\":{\"@type\":\"EntryPoint\",\"urlTemplate\":\"https:\/\/narteks.net\/?s={search_term_string}\"},\"query-input\":{\"@type\":\"PropertyValueSpecification\",\"valueRequired\":true,\"valueName\":\"search_term_string\"}}],\"inLanguage\":\"tr\"},{\"@type\":\"Organization\",\"@id\":\"https:\/\/narteks.net\/#organization\",\"name\":\"narteks.net\",\"url\":\"https:\/\/narteks.net\/\",\"logo\":{\"@type\":\"ImageObject\",\"inLanguage\":\"tr\",\"@id\":\"https:\/\/narteks.net\/#\/schema\/logo\/image\/\",\"url\":\"https:\/\/narteks.net\/wp-content\/uploads\/narteks.png\",\"contentUrl\":\"https:\/\/narteks.net\/wp-content\/uploads\/narteks.png\",\"width\":300,\"height\":90,\"caption\":\"narteks.net\"},\"image\":{\"@id\":\"https:\/\/narteks.net\/#\/schema\/logo\/image\/\"},\"sameAs\":[\"https:\/\/x.com\/narteks\",\"https:\/\/instagram.com\/narteksnet\"]},{\"@type\":\"Person\",\"@id\":\"https:\/\/narteks.net\/#\/schema\/person\/61f37d9834294b72d31d274e7ed79bca\",\"name\":\"Tar\u0131k\",\"image\":{\"@type\":\"ImageObject\",\"inLanguage\":\"tr\",\"@id\":\"https:\/\/narteks.net\/#\/schema\/person\/image\/\",\"url\":\"https:\/\/secure.gravatar.com\/avatar\/50865afb55632c4ae467e0af0930f6510aa2297d8014be502a55b14f3b7550cf?s=96&d=mm&r=g\",\"contentUrl\":\"https:\/\/secure.gravatar.com\/avatar\/50865afb55632c4ae467e0af0930f6510aa2297d8014be502a55b14f3b7550cf?s=96&d=mm&r=g\",\"caption\":\"Tar\u0131k\"},\"sameAs\":[\"http:\/\/narteks.net\"],\"url\":\"https:\/\/narteks.net\/index.php\/author\/narbak\/\"}]}<\/script>\n<!-- \/ Yoast SEO Premium plugin. -->","yoast_head_json":{"title":"ORTA \u0130K\u0130DEN AYRILAN \u00c7OCUKLAR \u0130\u00c7\u0130N \u015e\u0130\u0130RLER - narteks.net","robots":{"index":"index","follow":"follow","max-snippet":"max-snippet:-1","max-image-preview":"max-image-preview:large","max-video-preview":"max-video-preview:-1"},"canonical":"https:\/\/narteks.net\/index.php\/2011\/02\/26\/orta-ikiden-ayrilan-cocuklar-icin-siirler\/","og_locale":"tr_TR","og_type":"article","og_title":"ORTA \u0130K\u0130DEN AYRILAN \u00c7OCUKLAR \u0130\u00c7\u0130N \u015e\u0130\u0130RLER","og_description":"\u00a0 Sivil \u00f6l\u00fcmden konu\u015fuyoruz da\u011f\u0131lan neftiliklerarkada\u015flar Makedonyal\u0131 kal\u0131n usta marangozlarKapaklan\u0131r bir adam daha ka\u00e7\u0131nc\u0131, akt\u0131\u011f\u0131m\u0131z\u0131 g\u00f6r\u00fcnceters \u00e7evrilmi\u015f kente kar\u015f\u0131 i\u015fte onun denizlerinedelikanl\u0131 kostaklar\u0131m\u0131z\u0131 \u00e7\u0131karm\u0131\u015f ve \u0131rmakt\u0131r Erkek \u00f6l\u00fcmden konu\u015fuyoruz yeni ormanlardandahi &#8220;dikeni seven g\u00fcl\u00fcne katlan\u0131r bir kad\u0131n&#8221;danHaramiler ki k\u0131rk\u0131n \u00fcst\u00fcnde art\u0131k say\u0131lar\u0131bir k\u00fc\u00e7\u00fck tabut tabakada gezdirirler \u00f6l\u00fcleri fakfonburunlar\u0131 \u00e7ekmek \u00fczre, ince \u00e7a\u011fr\u0131\u015f\u0131ml\u0131d\u0131r Ey orta ikiden [&hellip;]","og_url":"https:\/\/narteks.net\/index.php\/2011\/02\/26\/orta-ikiden-ayrilan-cocuklar-icin-siirler\/","og_site_name":"narteks.net","article_published_time":"2011-02-26T16:40:40+00:00","og_image":[{"width":300,"height":90,"url":"https:\/\/narteks.net\/wp-content\/uploads\/narteks.png","type":"image\/png"}],"author":"Tar\u0131k","twitter_card":"summary_large_image","twitter_creator":"@narteks","twitter_site":"@narteks","twitter_misc":{"Yazan:":"Tar\u0131k","Tahmini okuma s\u00fcresi":"1 dakika"},"schema":{"@context":"https:\/\/schema.org","@graph":[{"@type":"Article","@id":"https:\/\/narteks.net\/index.php\/2011\/02\/26\/orta-ikiden-ayrilan-cocuklar-icin-siirler\/#article","isPartOf":{"@id":"https:\/\/narteks.net\/index.php\/2011\/02\/26\/orta-ikiden-ayrilan-cocuklar-icin-siirler\/"},"author":{"name":"Tar\u0131k","@id":"https:\/\/narteks.net\/#\/schema\/person\/61f37d9834294b72d31d274e7ed79bca"},"headline":"ORTA \u0130K\u0130DEN AYRILAN \u00c7OCUKLAR \u0130\u00c7\u0130N \u015e\u0130\u0130RLER","datePublished":"2011-02-26T16:40:40+00:00","mainEntityOfPage":{"@id":"https:\/\/narteks.net\/index.php\/2011\/02\/26\/orta-ikiden-ayrilan-cocuklar-icin-siirler\/"},"wordCount":124,"commentCount":0,"publisher":{"@id":"https:\/\/narteks.net\/#organization"},"articleSection":["Ece AYHAN"],"inLanguage":"tr","potentialAction":[{"@type":"CommentAction","name":"Comment","target":["https:\/\/narteks.net\/index.php\/2011\/02\/26\/orta-ikiden-ayrilan-cocuklar-icin-siirler\/#respond"]}]},{"@type":"WebPage","@id":"https:\/\/narteks.net\/index.php\/2011\/02\/26\/orta-ikiden-ayrilan-cocuklar-icin-siirler\/","url":"https:\/\/narteks.net\/index.php\/2011\/02\/26\/orta-ikiden-ayrilan-cocuklar-icin-siirler\/","name":"ORTA \u0130K\u0130DEN AYRILAN \u00c7OCUKLAR \u0130\u00c7\u0130N \u015e\u0130\u0130RLER - narteks.net","isPartOf":{"@id":"https:\/\/narteks.net\/#website"},"datePublished":"2011-02-26T16:40:40+00:00","breadcrumb":{"@id":"https:\/\/narteks.net\/index.php\/2011\/02\/26\/orta-ikiden-ayrilan-cocuklar-icin-siirler\/#breadcrumb"},"inLanguage":"tr","potentialAction":[{"@type":"ReadAction","target":["https:\/\/narteks.net\/index.php\/2011\/02\/26\/orta-ikiden-ayrilan-cocuklar-icin-siirler\/"]}]},{"@type":"BreadcrumbList","@id":"https:\/\/narteks.net\/index.php\/2011\/02\/26\/orta-ikiden-ayrilan-cocuklar-icin-siirler\/#breadcrumb","itemListElement":[{"@type":"ListItem","position":1,"name":"Anasayfa","item":"https:\/\/narteks.net\/"},{"@type":"ListItem","position":2,"name":"ORTA \u0130K\u0130DEN AYRILAN \u00c7OCUKLAR \u0130\u00c7\u0130N \u015e\u0130\u0130RLER"}]},{"@type":"WebSite","@id":"https:\/\/narteks.net\/#website","url":"https:\/\/narteks.net\/","name":"narteks.net","description":"K\u00fclt\u00fcr Sanat Edebiyat Felsefe","publisher":{"@id":"https:\/\/narteks.net\/#organization"},"alternateName":"K\u00fclt\u00fcr Sanat Edebiyat Felsefe","potentialAction":[{"@type":"SearchAction","target":{"@type":"EntryPoint","urlTemplate":"https:\/\/narteks.net\/?s={search_term_string}"},"query-input":{"@type":"PropertyValueSpecification","valueRequired":true,"valueName":"search_term_string"}}],"inLanguage":"tr"},{"@type":"Organization","@id":"https:\/\/narteks.net\/#organization","name":"narteks.net","url":"https:\/\/narteks.net\/","logo":{"@type":"ImageObject","inLanguage":"tr","@id":"https:\/\/narteks.net\/#\/schema\/logo\/image\/","url":"https:\/\/narteks.net\/wp-content\/uploads\/narteks.png","contentUrl":"https:\/\/narteks.net\/wp-content\/uploads\/narteks.png","width":300,"height":90,"caption":"narteks.net"},"image":{"@id":"https:\/\/narteks.net\/#\/schema\/logo\/image\/"},"sameAs":["https:\/\/x.com\/narteks","https:\/\/instagram.com\/narteksnet"]},{"@type":"Person","@id":"https:\/\/narteks.net\/#\/schema\/person\/61f37d9834294b72d31d274e7ed79bca","name":"Tar\u0131k","image":{"@type":"ImageObject","inLanguage":"tr","@id":"https:\/\/narteks.net\/#\/schema\/person\/image\/","url":"https:\/\/secure.gravatar.com\/avatar\/50865afb55632c4ae467e0af0930f6510aa2297d8014be502a55b14f3b7550cf?s=96&d=mm&r=g","contentUrl":"https:\/\/secure.gravatar.com\/avatar\/50865afb55632c4ae467e0af0930f6510aa2297d8014be502a55b14f3b7550cf?s=96&d=mm&r=g","caption":"Tar\u0131k"},"sameAs":["http:\/\/narteks.net"],"url":"https:\/\/narteks.net\/index.php\/author\/narbak\/"}]}},"_links":{"self":[{"href":"https:\/\/narteks.net\/index.php\/wp-json\/wp\/v2\/posts\/5213","targetHints":{"allow":["GET"]}}],"collection":[{"href":"https:\/\/narteks.net\/index.php\/wp-json\/wp\/v2\/posts"}],"about":[{"href":"https:\/\/narteks.net\/index.php\/wp-json\/wp\/v2\/types\/post"}],"author":[{"embeddable":true,"href":"https:\/\/narteks.net\/index.php\/wp-json\/wp\/v2\/users\/1"}],"replies":[{"embeddable":true,"href":"https:\/\/narteks.net\/index.php\/wp-json\/wp\/v2\/comments?post=5213"}],"version-history":[{"count":0,"href":"https:\/\/narteks.net\/index.php\/wp-json\/wp\/v2\/posts\/5213\/revisions"}],"wp:attachment":[{"href":"https:\/\/narteks.net\/index.php\/wp-json\/wp\/v2\/media?parent=5213"}],"wp:term":[{"taxonomy":"category","embeddable":true,"href":"https:\/\/narteks.net\/index.php\/wp-json\/wp\/v2\/categories?post=5213"},{"taxonomy":"post_tag","embeddable":true,"href":"https:\/\/narteks.net\/index.php\/wp-json\/wp\/v2\/tags?post=5213"}],"curies":[{"name":"wp","href":"https:\/\/api.w.org\/{rel}","templated":true}]}}