{"id":5214,"date":"2011-02-26T19:44:30","date_gmt":"2011-02-26T16:44:30","guid":{"rendered":"http:\/\/localhost\/wordpress\/2011\/02\/26\/bakissiz-bir-kedi-kara\/"},"modified":"2011-02-26T19:44:30","modified_gmt":"2011-02-26T16:44:30","slug":"bakissiz-bir-kedi-kara","status":"publish","type":"post","link":"https:\/\/narteks.net\/index.php\/2011\/02\/26\/bakissiz-bir-kedi-kara\/","title":{"rendered":"BAKI\u015eSIZ B\u0130R KED\u0130 KARA"},"content":{"rendered":"<p>\u00a0<\/p>\n<p>Gelir dalg\u0131n bir cambaz. Ge\u00e7 saatlerin denizinden. \u00dcfler lambay\u0131. Uzan\u0131r a\u011flad\u0131\u011f\u0131m yan\u0131ma. Danyal yalva\u00e7 i\u00e7in. A\u015fa\u011f\u0131da bir k\u00f6r kad\u0131n. H\u0131s\u0131m.\u00a0 Say\u0131klarbir dilde bilmedi\u011fim. G\u00f6\u011fs\u00fcnde a\u011f\u0131r bir kelebek. \u0130\u00e7inde k\u0131r\u0131k \u00e7ekmeceler. \u0130\u00e7er i\u00e7ki \u00dcz\u00fcn\u00e7 Teyze tavanaras\u0131nda. \u0130\u015fler gergef. \u0130nsanc\u0131l okullardan kovgun. Ge\u00e7er sokaktan bak\u0131\u015fs\u0131z bir Kedi Kara. \u00c7uval\u0131nda yeni \u00f6lm\u00fc\u015f bir \u00e7ocuk. Kanatlar\u0131 s\u0131\u011fmam\u0131\u015f. Ba\u011f\u0131r\u0131r Eskici Dede. Bir korsan gemisi! girmi\u015f k\u00f6rfeze.<\/p>\n<p>Ece AYHAN<\/p>\n","protected":false},"excerpt":{"rendered":"<p>\u00a0 Gelir dalg\u0131n bir cambaz. Ge\u00e7 saatlerin denizinden. \u00dcfler lambay\u0131. Uzan\u0131r a\u011flad\u0131\u011f\u0131m yan\u0131ma. Danyal yalva\u00e7 i\u00e7in. A\u015fa\u011f\u0131da bir k\u00f6r kad\u0131n. H\u0131s\u0131m.\u00a0 Say\u0131klarbir dilde bilmedi\u011fim. G\u00f6\u011fs\u00fcnde a\u011f\u0131r bir kelebek. \u0130\u00e7inde k\u0131r\u0131k \u00e7ekmeceler. \u0130\u00e7er i\u00e7ki \u00dcz\u00fcn\u00e7 Teyze tavanaras\u0131nda. \u0130\u015fler gergef. \u0130nsanc\u0131l okullardan kovgun. Ge\u00e7er sokaktan bak\u0131\u015fs\u0131z bir Kedi Kara. \u00c7uval\u0131nda yeni \u00f6lm\u00fc\u015f bir \u00e7ocuk. Kanatlar\u0131 s\u0131\u011fmam\u0131\u015f. Ba\u011f\u0131r\u0131r [&hellip;]<\/p>\n","protected":false},"author":1,"featured_media":0,"comment_status":"open","ping_status":"open","sticky":false,"template":"","format":"standard","meta":{"footnotes":""},"categories":[164],"tags":[],"class_list":{"0":"post-5214","1":"post","2":"type-post","3":"status-publish","4":"format-standard","6":"category-ece-ayhan"},"yoast_head":"<!-- This site is optimized with the Yoast SEO Premium plugin v24.9 (Yoast SEO v24.9) - https:\/\/yoast.com\/wordpress\/plugins\/seo\/ -->\n<title>BAKI\u015eSIZ B\u0130R KED\u0130 KARA - narteks.net<\/title>\n<meta name=\"robots\" content=\"index, follow, max-snippet:-1, max-image-preview:large, max-video-preview:-1\" \/>\n<link rel=\"canonical\" href=\"https:\/\/narteks.net\/index.php\/2011\/02\/26\/bakissiz-bir-kedi-kara\/\" \/>\n<meta property=\"og:locale\" content=\"tr_TR\" \/>\n<meta property=\"og:type\" content=\"article\" \/>\n<meta property=\"og:title\" content=\"BAKI\u015eSIZ B\u0130R KED\u0130 KARA\" \/>\n<meta property=\"og:description\" content=\"\u00a0 Gelir dalg\u0131n bir cambaz. Ge\u00e7 saatlerin denizinden. \u00dcfler lambay\u0131. Uzan\u0131r a\u011flad\u0131\u011f\u0131m yan\u0131ma. Danyal yalva\u00e7 i\u00e7in. A\u015fa\u011f\u0131da bir k\u00f6r kad\u0131n. H\u0131s\u0131m.\u00a0 Say\u0131klarbir dilde bilmedi\u011fim. G\u00f6\u011fs\u00fcnde a\u011f\u0131r bir kelebek. \u0130\u00e7inde k\u0131r\u0131k \u00e7ekmeceler. \u0130\u00e7er i\u00e7ki \u00dcz\u00fcn\u00e7 Teyze tavanaras\u0131nda. \u0130\u015fler gergef. \u0130nsanc\u0131l okullardan kovgun. Ge\u00e7er sokaktan bak\u0131\u015fs\u0131z bir Kedi Kara. \u00c7uval\u0131nda yeni \u00f6lm\u00fc\u015f bir \u00e7ocuk. Kanatlar\u0131 s\u0131\u011fmam\u0131\u015f. Ba\u011f\u0131r\u0131r [&hellip;]\" \/>\n<meta property=\"og:url\" content=\"https:\/\/narteks.net\/index.php\/2011\/02\/26\/bakissiz-bir-kedi-kara\/\" \/>\n<meta property=\"og:site_name\" content=\"narteks.net\" \/>\n<meta property=\"article:published_time\" content=\"2011-02-26T16:44:30+00:00\" \/>\n<meta property=\"og:image\" content=\"https:\/\/narteks.net\/wp-content\/uploads\/narteks.png\" \/>\n\t<meta property=\"og:image:width\" content=\"300\" \/>\n\t<meta property=\"og:image:height\" content=\"90\" \/>\n\t<meta property=\"og:image:type\" content=\"image\/png\" \/>\n<meta name=\"author\" content=\"Tar\u0131k\" \/>\n<meta name=\"twitter:card\" content=\"summary_large_image\" \/>\n<meta name=\"twitter:creator\" content=\"@narteks\" \/>\n<meta name=\"twitter:site\" content=\"@narteks\" \/>\n<meta name=\"twitter:label1\" content=\"Yazan:\" \/>\n\t<meta name=\"twitter:data1\" content=\"Tar\u0131k\" \/>\n<script type=\"application\/ld+json\" class=\"yoast-schema-graph\">{\"@context\":\"https:\/\/schema.org\",\"@graph\":[{\"@type\":\"Article\",\"@id\":\"https:\/\/narteks.net\/index.php\/2011\/02\/26\/bakissiz-bir-kedi-kara\/#article\",\"isPartOf\":{\"@id\":\"https:\/\/narteks.net\/index.php\/2011\/02\/26\/bakissiz-bir-kedi-kara\/\"},\"author\":{\"name\":\"Tar\u0131k\",\"@id\":\"https:\/\/narteks.net\/#\/schema\/person\/61f37d9834294b72d31d274e7ed79bca\"},\"headline\":\"BAKI\u015eSIZ B\u0130R KED\u0130 KARA\",\"datePublished\":\"2011-02-26T16:44:30+00:00\",\"mainEntityOfPage\":{\"@id\":\"https:\/\/narteks.net\/index.php\/2011\/02\/26\/bakissiz-bir-kedi-kara\/\"},\"wordCount\":100,\"commentCount\":0,\"publisher\":{\"@id\":\"https:\/\/narteks.net\/#organization\"},\"articleSection\":[\"Ece AYHAN\"],\"inLanguage\":\"tr\",\"potentialAction\":[{\"@type\":\"CommentAction\",\"name\":\"Comment\",\"target\":[\"https:\/\/narteks.net\/index.php\/2011\/02\/26\/bakissiz-bir-kedi-kara\/#respond\"]}]},{\"@type\":\"WebPage\",\"@id\":\"https:\/\/narteks.net\/index.php\/2011\/02\/26\/bakissiz-bir-kedi-kara\/\",\"url\":\"https:\/\/narteks.net\/index.php\/2011\/02\/26\/bakissiz-bir-kedi-kara\/\",\"name\":\"BAKI\u015eSIZ B\u0130R KED\u0130 KARA - narteks.net\",\"isPartOf\":{\"@id\":\"https:\/\/narteks.net\/#website\"},\"datePublished\":\"2011-02-26T16:44:30+00:00\",\"breadcrumb\":{\"@id\":\"https:\/\/narteks.net\/index.php\/2011\/02\/26\/bakissiz-bir-kedi-kara\/#breadcrumb\"},\"inLanguage\":\"tr\",\"potentialAction\":[{\"@type\":\"ReadAction\",\"target\":[\"https:\/\/narteks.net\/index.php\/2011\/02\/26\/bakissiz-bir-kedi-kara\/\"]}]},{\"@type\":\"BreadcrumbList\",\"@id\":\"https:\/\/narteks.net\/index.php\/2011\/02\/26\/bakissiz-bir-kedi-kara\/#breadcrumb\",\"itemListElement\":[{\"@type\":\"ListItem\",\"position\":1,\"name\":\"Anasayfa\",\"item\":\"https:\/\/narteks.net\/\"},{\"@type\":\"ListItem\",\"position\":2,\"name\":\"BAKI\u015eSIZ B\u0130R KED\u0130 KARA\"}]},{\"@type\":\"WebSite\",\"@id\":\"https:\/\/narteks.net\/#website\",\"url\":\"https:\/\/narteks.net\/\",\"name\":\"narteks.net\",\"description\":\"K\u00fclt\u00fcr Sanat Edebiyat Felsefe\",\"publisher\":{\"@id\":\"https:\/\/narteks.net\/#organization\"},\"alternateName\":\"K\u00fclt\u00fcr Sanat Edebiyat Felsefe\",\"potentialAction\":[{\"@type\":\"SearchAction\",\"target\":{\"@type\":\"EntryPoint\",\"urlTemplate\":\"https:\/\/narteks.net\/?s={search_term_string}\"},\"query-input\":{\"@type\":\"PropertyValueSpecification\",\"valueRequired\":true,\"valueName\":\"search_term_string\"}}],\"inLanguage\":\"tr\"},{\"@type\":\"Organization\",\"@id\":\"https:\/\/narteks.net\/#organization\",\"name\":\"narteks.net\",\"url\":\"https:\/\/narteks.net\/\",\"logo\":{\"@type\":\"ImageObject\",\"inLanguage\":\"tr\",\"@id\":\"https:\/\/narteks.net\/#\/schema\/logo\/image\/\",\"url\":\"https:\/\/narteks.net\/wp-content\/uploads\/narteks.png\",\"contentUrl\":\"https:\/\/narteks.net\/wp-content\/uploads\/narteks.png\",\"width\":300,\"height\":90,\"caption\":\"narteks.net\"},\"image\":{\"@id\":\"https:\/\/narteks.net\/#\/schema\/logo\/image\/\"},\"sameAs\":[\"https:\/\/x.com\/narteks\",\"https:\/\/instagram.com\/narteksnet\"]},{\"@type\":\"Person\",\"@id\":\"https:\/\/narteks.net\/#\/schema\/person\/61f37d9834294b72d31d274e7ed79bca\",\"name\":\"Tar\u0131k\",\"image\":{\"@type\":\"ImageObject\",\"inLanguage\":\"tr\",\"@id\":\"https:\/\/narteks.net\/#\/schema\/person\/image\/\",\"url\":\"https:\/\/secure.gravatar.com\/avatar\/50865afb55632c4ae467e0af0930f6510aa2297d8014be502a55b14f3b7550cf?s=96&d=mm&r=g\",\"contentUrl\":\"https:\/\/secure.gravatar.com\/avatar\/50865afb55632c4ae467e0af0930f6510aa2297d8014be502a55b14f3b7550cf?s=96&d=mm&r=g\",\"caption\":\"Tar\u0131k\"},\"sameAs\":[\"http:\/\/narteks.net\"],\"url\":\"https:\/\/narteks.net\/index.php\/author\/narbak\/\"}]}<\/script>\n<!-- \/ Yoast SEO Premium plugin. -->","yoast_head_json":{"title":"BAKI\u015eSIZ B\u0130R KED\u0130 KARA - narteks.net","robots":{"index":"index","follow":"follow","max-snippet":"max-snippet:-1","max-image-preview":"max-image-preview:large","max-video-preview":"max-video-preview:-1"},"canonical":"https:\/\/narteks.net\/index.php\/2011\/02\/26\/bakissiz-bir-kedi-kara\/","og_locale":"tr_TR","og_type":"article","og_title":"BAKI\u015eSIZ B\u0130R KED\u0130 KARA","og_description":"\u00a0 Gelir dalg\u0131n bir cambaz. Ge\u00e7 saatlerin denizinden. \u00dcfler lambay\u0131. Uzan\u0131r a\u011flad\u0131\u011f\u0131m yan\u0131ma. Danyal yalva\u00e7 i\u00e7in. A\u015fa\u011f\u0131da bir k\u00f6r kad\u0131n. H\u0131s\u0131m.\u00a0 Say\u0131klarbir dilde bilmedi\u011fim. G\u00f6\u011fs\u00fcnde a\u011f\u0131r bir kelebek. \u0130\u00e7inde k\u0131r\u0131k \u00e7ekmeceler. \u0130\u00e7er i\u00e7ki \u00dcz\u00fcn\u00e7 Teyze tavanaras\u0131nda. \u0130\u015fler gergef. \u0130nsanc\u0131l okullardan kovgun. Ge\u00e7er sokaktan bak\u0131\u015fs\u0131z bir Kedi Kara. \u00c7uval\u0131nda yeni \u00f6lm\u00fc\u015f bir \u00e7ocuk. Kanatlar\u0131 s\u0131\u011fmam\u0131\u015f. Ba\u011f\u0131r\u0131r [&hellip;]","og_url":"https:\/\/narteks.net\/index.php\/2011\/02\/26\/bakissiz-bir-kedi-kara\/","og_site_name":"narteks.net","article_published_time":"2011-02-26T16:44:30+00:00","og_image":[{"width":300,"height":90,"url":"https:\/\/narteks.net\/wp-content\/uploads\/narteks.png","type":"image\/png"}],"author":"Tar\u0131k","twitter_card":"summary_large_image","twitter_creator":"@narteks","twitter_site":"@narteks","twitter_misc":{"Yazan:":"Tar\u0131k"},"schema":{"@context":"https:\/\/schema.org","@graph":[{"@type":"Article","@id":"https:\/\/narteks.net\/index.php\/2011\/02\/26\/bakissiz-bir-kedi-kara\/#article","isPartOf":{"@id":"https:\/\/narteks.net\/index.php\/2011\/02\/26\/bakissiz-bir-kedi-kara\/"},"author":{"name":"Tar\u0131k","@id":"https:\/\/narteks.net\/#\/schema\/person\/61f37d9834294b72d31d274e7ed79bca"},"headline":"BAKI\u015eSIZ B\u0130R KED\u0130 KARA","datePublished":"2011-02-26T16:44:30+00:00","mainEntityOfPage":{"@id":"https:\/\/narteks.net\/index.php\/2011\/02\/26\/bakissiz-bir-kedi-kara\/"},"wordCount":100,"commentCount":0,"publisher":{"@id":"https:\/\/narteks.net\/#organization"},"articleSection":["Ece AYHAN"],"inLanguage":"tr","potentialAction":[{"@type":"CommentAction","name":"Comment","target":["https:\/\/narteks.net\/index.php\/2011\/02\/26\/bakissiz-bir-kedi-kara\/#respond"]}]},{"@type":"WebPage","@id":"https:\/\/narteks.net\/index.php\/2011\/02\/26\/bakissiz-bir-kedi-kara\/","url":"https:\/\/narteks.net\/index.php\/2011\/02\/26\/bakissiz-bir-kedi-kara\/","name":"BAKI\u015eSIZ B\u0130R KED\u0130 KARA - narteks.net","isPartOf":{"@id":"https:\/\/narteks.net\/#website"},"datePublished":"2011-02-26T16:44:30+00:00","breadcrumb":{"@id":"https:\/\/narteks.net\/index.php\/2011\/02\/26\/bakissiz-bir-kedi-kara\/#breadcrumb"},"inLanguage":"tr","potentialAction":[{"@type":"ReadAction","target":["https:\/\/narteks.net\/index.php\/2011\/02\/26\/bakissiz-bir-kedi-kara\/"]}]},{"@type":"BreadcrumbList","@id":"https:\/\/narteks.net\/index.php\/2011\/02\/26\/bakissiz-bir-kedi-kara\/#breadcrumb","itemListElement":[{"@type":"ListItem","position":1,"name":"Anasayfa","item":"https:\/\/narteks.net\/"},{"@type":"ListItem","position":2,"name":"BAKI\u015eSIZ B\u0130R KED\u0130 KARA"}]},{"@type":"WebSite","@id":"https:\/\/narteks.net\/#website","url":"https:\/\/narteks.net\/","name":"narteks.net","description":"K\u00fclt\u00fcr Sanat Edebiyat Felsefe","publisher":{"@id":"https:\/\/narteks.net\/#organization"},"alternateName":"K\u00fclt\u00fcr Sanat Edebiyat Felsefe","potentialAction":[{"@type":"SearchAction","target":{"@type":"EntryPoint","urlTemplate":"https:\/\/narteks.net\/?s={search_term_string}"},"query-input":{"@type":"PropertyValueSpecification","valueRequired":true,"valueName":"search_term_string"}}],"inLanguage":"tr"},{"@type":"Organization","@id":"https:\/\/narteks.net\/#organization","name":"narteks.net","url":"https:\/\/narteks.net\/","logo":{"@type":"ImageObject","inLanguage":"tr","@id":"https:\/\/narteks.net\/#\/schema\/logo\/image\/","url":"https:\/\/narteks.net\/wp-content\/uploads\/narteks.png","contentUrl":"https:\/\/narteks.net\/wp-content\/uploads\/narteks.png","width":300,"height":90,"caption":"narteks.net"},"image":{"@id":"https:\/\/narteks.net\/#\/schema\/logo\/image\/"},"sameAs":["https:\/\/x.com\/narteks","https:\/\/instagram.com\/narteksnet"]},{"@type":"Person","@id":"https:\/\/narteks.net\/#\/schema\/person\/61f37d9834294b72d31d274e7ed79bca","name":"Tar\u0131k","image":{"@type":"ImageObject","inLanguage":"tr","@id":"https:\/\/narteks.net\/#\/schema\/person\/image\/","url":"https:\/\/secure.gravatar.com\/avatar\/50865afb55632c4ae467e0af0930f6510aa2297d8014be502a55b14f3b7550cf?s=96&d=mm&r=g","contentUrl":"https:\/\/secure.gravatar.com\/avatar\/50865afb55632c4ae467e0af0930f6510aa2297d8014be502a55b14f3b7550cf?s=96&d=mm&r=g","caption":"Tar\u0131k"},"sameAs":["http:\/\/narteks.net"],"url":"https:\/\/narteks.net\/index.php\/author\/narbak\/"}]}},"_links":{"self":[{"href":"https:\/\/narteks.net\/index.php\/wp-json\/wp\/v2\/posts\/5214","targetHints":{"allow":["GET"]}}],"collection":[{"href":"https:\/\/narteks.net\/index.php\/wp-json\/wp\/v2\/posts"}],"about":[{"href":"https:\/\/narteks.net\/index.php\/wp-json\/wp\/v2\/types\/post"}],"author":[{"embeddable":true,"href":"https:\/\/narteks.net\/index.php\/wp-json\/wp\/v2\/users\/1"}],"replies":[{"embeddable":true,"href":"https:\/\/narteks.net\/index.php\/wp-json\/wp\/v2\/comments?post=5214"}],"version-history":[{"count":0,"href":"https:\/\/narteks.net\/index.php\/wp-json\/wp\/v2\/posts\/5214\/revisions"}],"wp:attachment":[{"href":"https:\/\/narteks.net\/index.php\/wp-json\/wp\/v2\/media?parent=5214"}],"wp:term":[{"taxonomy":"category","embeddable":true,"href":"https:\/\/narteks.net\/index.php\/wp-json\/wp\/v2\/categories?post=5214"},{"taxonomy":"post_tag","embeddable":true,"href":"https:\/\/narteks.net\/index.php\/wp-json\/wp\/v2\/tags?post=5214"}],"curies":[{"name":"wp","href":"https:\/\/api.w.org\/{rel}","templated":true}]}}