{"id":5217,"date":"2011-02-26T19:49:51","date_gmt":"2011-02-26T16:49:51","guid":{"rendered":"http:\/\/localhost\/wordpress\/2011\/02\/26\/akdeniz-pencereleri\/"},"modified":"2011-02-26T19:49:51","modified_gmt":"2011-02-26T16:49:51","slug":"akdeniz-pencereleri","status":"publish","type":"post","link":"https:\/\/narteks.net\/index.php\/2011\/02\/26\/akdeniz-pencereleri\/","title":{"rendered":"AKDEN\u0130Z PENCERELER\u0130"},"content":{"rendered":"<p>\u00a0<\/p>\n<p>A\u00e7\u0131n pencereleri a\u00e7\u0131n <br \/>akdeniz&#8217;de sabah oluyor <br \/>k\u00fc\u00e7\u00fck harfli musa <br \/>hep b\u00f6yle g\u00f6ky\u00fcz\u00fcnde <\/p>\n<p>K\u0131van\u00e7 duyuyorum bu ak\u00e7al\u0131 g\u00fcne\u015ften <br \/>\u00e7\u00fcr\u00fcm\u00fc\u015f bankalar borsalar <br \/>birazdan a\u00e7\u0131lacak yery\u00fcz\u00fcne <br \/>ayaklar\u0131m\u0131z alt\u0131nda kezlerce deniz \u00e7ay\u0131m\u0131z\u0131 i\u00e7erken <\/p>\n<p>On be\u015f kuru\u015f uzatt\u0131 seninki <br \/>on be\u015f kuru\u015f bir gazete <br \/>ayd\u0131nl\u0131k y\u00fczl\u00fc bir kadn bize sesleniyor <br \/>birdendire <\/p>\n<p>Akdeniz akdeniz&#8217;de \u00e7ay i\u00e7erken yarat\u0131l\u0131yor <br \/>\u015fu bizim dev dudakl\u0131 <br \/>ve k\u00fc\u00e7\u00fck harfli musa i\u00e7in <br \/>a\u00e7\u0131n pencereleri a\u00e7\u0131n.<\/p>\n<p>\u00a0<\/p>\n<p>Ece AYHAN<\/p>\n","protected":false},"excerpt":{"rendered":"<p>\u00a0 A\u00e7\u0131n pencereleri a\u00e7\u0131n akdeniz&#8217;de sabah oluyor k\u00fc\u00e7\u00fck harfli musa hep b\u00f6yle g\u00f6ky\u00fcz\u00fcnde K\u0131van\u00e7 duyuyorum bu ak\u00e7al\u0131 g\u00fcne\u015ften \u00e7\u00fcr\u00fcm\u00fc\u015f bankalar borsalar birazdan a\u00e7\u0131lacak yery\u00fcz\u00fcne ayaklar\u0131m\u0131z alt\u0131nda kezlerce deniz \u00e7ay\u0131m\u0131z\u0131 i\u00e7erken On be\u015f kuru\u015f uzatt\u0131 seninki on be\u015f kuru\u015f bir gazete ayd\u0131nl\u0131k y\u00fczl\u00fc bir kadn bize sesleniyor birdendire Akdeniz akdeniz&#8217;de \u00e7ay i\u00e7erken yarat\u0131l\u0131yor \u015fu bizim dev [&hellip;]<\/p>\n","protected":false},"author":1,"featured_media":0,"comment_status":"open","ping_status":"open","sticky":false,"template":"","format":"standard","meta":{"footnotes":""},"categories":[164],"tags":[],"class_list":{"0":"post-5217","1":"post","2":"type-post","3":"status-publish","4":"format-standard","6":"category-ece-ayhan"},"yoast_head":"<!-- This site is optimized with the Yoast SEO Premium plugin v24.9 (Yoast SEO v24.9) - https:\/\/yoast.com\/wordpress\/plugins\/seo\/ -->\n<title>AKDEN\u0130Z PENCERELER\u0130 - narteks.net<\/title>\n<meta name=\"robots\" content=\"index, follow, max-snippet:-1, max-image-preview:large, max-video-preview:-1\" \/>\n<link rel=\"canonical\" href=\"https:\/\/narteks.net\/index.php\/2011\/02\/26\/akdeniz-pencereleri\/\" \/>\n<meta property=\"og:locale\" content=\"tr_TR\" \/>\n<meta property=\"og:type\" content=\"article\" \/>\n<meta property=\"og:title\" content=\"AKDEN\u0130Z PENCERELER\u0130\" \/>\n<meta property=\"og:description\" content=\"\u00a0 A\u00e7\u0131n pencereleri a\u00e7\u0131n akdeniz&#8217;de sabah oluyor k\u00fc\u00e7\u00fck harfli musa hep b\u00f6yle g\u00f6ky\u00fcz\u00fcnde K\u0131van\u00e7 duyuyorum bu ak\u00e7al\u0131 g\u00fcne\u015ften \u00e7\u00fcr\u00fcm\u00fc\u015f bankalar borsalar birazdan a\u00e7\u0131lacak yery\u00fcz\u00fcne ayaklar\u0131m\u0131z alt\u0131nda kezlerce deniz \u00e7ay\u0131m\u0131z\u0131 i\u00e7erken On be\u015f kuru\u015f uzatt\u0131 seninki on be\u015f kuru\u015f bir gazete ayd\u0131nl\u0131k y\u00fczl\u00fc bir kadn bize sesleniyor birdendire Akdeniz akdeniz&#8217;de \u00e7ay i\u00e7erken yarat\u0131l\u0131yor \u015fu bizim dev [&hellip;]\" \/>\n<meta property=\"og:url\" content=\"https:\/\/narteks.net\/index.php\/2011\/02\/26\/akdeniz-pencereleri\/\" \/>\n<meta property=\"og:site_name\" content=\"narteks.net\" \/>\n<meta property=\"article:published_time\" content=\"2011-02-26T16:49:51+00:00\" \/>\n<meta property=\"og:image\" content=\"https:\/\/narteks.net\/wp-content\/uploads\/narteks.png\" \/>\n\t<meta property=\"og:image:width\" content=\"300\" \/>\n\t<meta property=\"og:image:height\" content=\"90\" \/>\n\t<meta property=\"og:image:type\" content=\"image\/png\" \/>\n<meta name=\"author\" content=\"Tar\u0131k\" \/>\n<meta name=\"twitter:card\" content=\"summary_large_image\" \/>\n<meta name=\"twitter:creator\" content=\"@narteks\" \/>\n<meta name=\"twitter:site\" content=\"@narteks\" \/>\n<meta name=\"twitter:label1\" content=\"Yazan:\" \/>\n\t<meta name=\"twitter:data1\" content=\"Tar\u0131k\" \/>\n<script type=\"application\/ld+json\" class=\"yoast-schema-graph\">{\"@context\":\"https:\/\/schema.org\",\"@graph\":[{\"@type\":\"Article\",\"@id\":\"https:\/\/narteks.net\/index.php\/2011\/02\/26\/akdeniz-pencereleri\/#article\",\"isPartOf\":{\"@id\":\"https:\/\/narteks.net\/index.php\/2011\/02\/26\/akdeniz-pencereleri\/\"},\"author\":{\"name\":\"Tar\u0131k\",\"@id\":\"https:\/\/narteks.net\/#\/schema\/person\/61f37d9834294b72d31d274e7ed79bca\"},\"headline\":\"AKDEN\u0130Z PENCERELER\u0130\",\"datePublished\":\"2011-02-26T16:49:51+00:00\",\"mainEntityOfPage\":{\"@id\":\"https:\/\/narteks.net\/index.php\/2011\/02\/26\/akdeniz-pencereleri\/\"},\"wordCount\":99,\"commentCount\":0,\"publisher\":{\"@id\":\"https:\/\/narteks.net\/#organization\"},\"articleSection\":[\"Ece AYHAN\"],\"inLanguage\":\"tr\",\"potentialAction\":[{\"@type\":\"CommentAction\",\"name\":\"Comment\",\"target\":[\"https:\/\/narteks.net\/index.php\/2011\/02\/26\/akdeniz-pencereleri\/#respond\"]}]},{\"@type\":\"WebPage\",\"@id\":\"https:\/\/narteks.net\/index.php\/2011\/02\/26\/akdeniz-pencereleri\/\",\"url\":\"https:\/\/narteks.net\/index.php\/2011\/02\/26\/akdeniz-pencereleri\/\",\"name\":\"AKDEN\u0130Z PENCERELER\u0130 - narteks.net\",\"isPartOf\":{\"@id\":\"https:\/\/narteks.net\/#website\"},\"datePublished\":\"2011-02-26T16:49:51+00:00\",\"breadcrumb\":{\"@id\":\"https:\/\/narteks.net\/index.php\/2011\/02\/26\/akdeniz-pencereleri\/#breadcrumb\"},\"inLanguage\":\"tr\",\"potentialAction\":[{\"@type\":\"ReadAction\",\"target\":[\"https:\/\/narteks.net\/index.php\/2011\/02\/26\/akdeniz-pencereleri\/\"]}]},{\"@type\":\"BreadcrumbList\",\"@id\":\"https:\/\/narteks.net\/index.php\/2011\/02\/26\/akdeniz-pencereleri\/#breadcrumb\",\"itemListElement\":[{\"@type\":\"ListItem\",\"position\":1,\"name\":\"Anasayfa\",\"item\":\"https:\/\/narteks.net\/\"},{\"@type\":\"ListItem\",\"position\":2,\"name\":\"AKDEN\u0130Z PENCERELER\u0130\"}]},{\"@type\":\"WebSite\",\"@id\":\"https:\/\/narteks.net\/#website\",\"url\":\"https:\/\/narteks.net\/\",\"name\":\"narteks.net\",\"description\":\"K\u00fclt\u00fcr Sanat Edebiyat Felsefe\",\"publisher\":{\"@id\":\"https:\/\/narteks.net\/#organization\"},\"alternateName\":\"K\u00fclt\u00fcr Sanat Edebiyat Felsefe\",\"potentialAction\":[{\"@type\":\"SearchAction\",\"target\":{\"@type\":\"EntryPoint\",\"urlTemplate\":\"https:\/\/narteks.net\/?s={search_term_string}\"},\"query-input\":{\"@type\":\"PropertyValueSpecification\",\"valueRequired\":true,\"valueName\":\"search_term_string\"}}],\"inLanguage\":\"tr\"},{\"@type\":\"Organization\",\"@id\":\"https:\/\/narteks.net\/#organization\",\"name\":\"narteks.net\",\"url\":\"https:\/\/narteks.net\/\",\"logo\":{\"@type\":\"ImageObject\",\"inLanguage\":\"tr\",\"@id\":\"https:\/\/narteks.net\/#\/schema\/logo\/image\/\",\"url\":\"https:\/\/narteks.net\/wp-content\/uploads\/narteks.png\",\"contentUrl\":\"https:\/\/narteks.net\/wp-content\/uploads\/narteks.png\",\"width\":300,\"height\":90,\"caption\":\"narteks.net\"},\"image\":{\"@id\":\"https:\/\/narteks.net\/#\/schema\/logo\/image\/\"},\"sameAs\":[\"https:\/\/x.com\/narteks\",\"https:\/\/instagram.com\/narteksnet\"]},{\"@type\":\"Person\",\"@id\":\"https:\/\/narteks.net\/#\/schema\/person\/61f37d9834294b72d31d274e7ed79bca\",\"name\":\"Tar\u0131k\",\"image\":{\"@type\":\"ImageObject\",\"inLanguage\":\"tr\",\"@id\":\"https:\/\/narteks.net\/#\/schema\/person\/image\/\",\"url\":\"https:\/\/secure.gravatar.com\/avatar\/50865afb55632c4ae467e0af0930f6510aa2297d8014be502a55b14f3b7550cf?s=96&d=mm&r=g\",\"contentUrl\":\"https:\/\/secure.gravatar.com\/avatar\/50865afb55632c4ae467e0af0930f6510aa2297d8014be502a55b14f3b7550cf?s=96&d=mm&r=g\",\"caption\":\"Tar\u0131k\"},\"sameAs\":[\"http:\/\/narteks.net\"],\"url\":\"https:\/\/narteks.net\/index.php\/author\/narbak\/\"}]}<\/script>\n<!-- \/ Yoast SEO Premium plugin. -->","yoast_head_json":{"title":"AKDEN\u0130Z PENCERELER\u0130 - narteks.net","robots":{"index":"index","follow":"follow","max-snippet":"max-snippet:-1","max-image-preview":"max-image-preview:large","max-video-preview":"max-video-preview:-1"},"canonical":"https:\/\/narteks.net\/index.php\/2011\/02\/26\/akdeniz-pencereleri\/","og_locale":"tr_TR","og_type":"article","og_title":"AKDEN\u0130Z PENCERELER\u0130","og_description":"\u00a0 A\u00e7\u0131n pencereleri a\u00e7\u0131n akdeniz&#8217;de sabah oluyor k\u00fc\u00e7\u00fck harfli musa hep b\u00f6yle g\u00f6ky\u00fcz\u00fcnde K\u0131van\u00e7 duyuyorum bu ak\u00e7al\u0131 g\u00fcne\u015ften \u00e7\u00fcr\u00fcm\u00fc\u015f bankalar borsalar birazdan a\u00e7\u0131lacak yery\u00fcz\u00fcne ayaklar\u0131m\u0131z alt\u0131nda kezlerce deniz \u00e7ay\u0131m\u0131z\u0131 i\u00e7erken On be\u015f kuru\u015f uzatt\u0131 seninki on be\u015f kuru\u015f bir gazete ayd\u0131nl\u0131k y\u00fczl\u00fc bir kadn bize sesleniyor birdendire Akdeniz akdeniz&#8217;de \u00e7ay i\u00e7erken yarat\u0131l\u0131yor \u015fu bizim dev [&hellip;]","og_url":"https:\/\/narteks.net\/index.php\/2011\/02\/26\/akdeniz-pencereleri\/","og_site_name":"narteks.net","article_published_time":"2011-02-26T16:49:51+00:00","og_image":[{"width":300,"height":90,"url":"https:\/\/narteks.net\/wp-content\/uploads\/narteks.png","type":"image\/png"}],"author":"Tar\u0131k","twitter_card":"summary_large_image","twitter_creator":"@narteks","twitter_site":"@narteks","twitter_misc":{"Yazan:":"Tar\u0131k"},"schema":{"@context":"https:\/\/schema.org","@graph":[{"@type":"Article","@id":"https:\/\/narteks.net\/index.php\/2011\/02\/26\/akdeniz-pencereleri\/#article","isPartOf":{"@id":"https:\/\/narteks.net\/index.php\/2011\/02\/26\/akdeniz-pencereleri\/"},"author":{"name":"Tar\u0131k","@id":"https:\/\/narteks.net\/#\/schema\/person\/61f37d9834294b72d31d274e7ed79bca"},"headline":"AKDEN\u0130Z PENCERELER\u0130","datePublished":"2011-02-26T16:49:51+00:00","mainEntityOfPage":{"@id":"https:\/\/narteks.net\/index.php\/2011\/02\/26\/akdeniz-pencereleri\/"},"wordCount":99,"commentCount":0,"publisher":{"@id":"https:\/\/narteks.net\/#organization"},"articleSection":["Ece AYHAN"],"inLanguage":"tr","potentialAction":[{"@type":"CommentAction","name":"Comment","target":["https:\/\/narteks.net\/index.php\/2011\/02\/26\/akdeniz-pencereleri\/#respond"]}]},{"@type":"WebPage","@id":"https:\/\/narteks.net\/index.php\/2011\/02\/26\/akdeniz-pencereleri\/","url":"https:\/\/narteks.net\/index.php\/2011\/02\/26\/akdeniz-pencereleri\/","name":"AKDEN\u0130Z PENCERELER\u0130 - narteks.net","isPartOf":{"@id":"https:\/\/narteks.net\/#website"},"datePublished":"2011-02-26T16:49:51+00:00","breadcrumb":{"@id":"https:\/\/narteks.net\/index.php\/2011\/02\/26\/akdeniz-pencereleri\/#breadcrumb"},"inLanguage":"tr","potentialAction":[{"@type":"ReadAction","target":["https:\/\/narteks.net\/index.php\/2011\/02\/26\/akdeniz-pencereleri\/"]}]},{"@type":"BreadcrumbList","@id":"https:\/\/narteks.net\/index.php\/2011\/02\/26\/akdeniz-pencereleri\/#breadcrumb","itemListElement":[{"@type":"ListItem","position":1,"name":"Anasayfa","item":"https:\/\/narteks.net\/"},{"@type":"ListItem","position":2,"name":"AKDEN\u0130Z PENCERELER\u0130"}]},{"@type":"WebSite","@id":"https:\/\/narteks.net\/#website","url":"https:\/\/narteks.net\/","name":"narteks.net","description":"K\u00fclt\u00fcr Sanat Edebiyat Felsefe","publisher":{"@id":"https:\/\/narteks.net\/#organization"},"alternateName":"K\u00fclt\u00fcr Sanat Edebiyat Felsefe","potentialAction":[{"@type":"SearchAction","target":{"@type":"EntryPoint","urlTemplate":"https:\/\/narteks.net\/?s={search_term_string}"},"query-input":{"@type":"PropertyValueSpecification","valueRequired":true,"valueName":"search_term_string"}}],"inLanguage":"tr"},{"@type":"Organization","@id":"https:\/\/narteks.net\/#organization","name":"narteks.net","url":"https:\/\/narteks.net\/","logo":{"@type":"ImageObject","inLanguage":"tr","@id":"https:\/\/narteks.net\/#\/schema\/logo\/image\/","url":"https:\/\/narteks.net\/wp-content\/uploads\/narteks.png","contentUrl":"https:\/\/narteks.net\/wp-content\/uploads\/narteks.png","width":300,"height":90,"caption":"narteks.net"},"image":{"@id":"https:\/\/narteks.net\/#\/schema\/logo\/image\/"},"sameAs":["https:\/\/x.com\/narteks","https:\/\/instagram.com\/narteksnet"]},{"@type":"Person","@id":"https:\/\/narteks.net\/#\/schema\/person\/61f37d9834294b72d31d274e7ed79bca","name":"Tar\u0131k","image":{"@type":"ImageObject","inLanguage":"tr","@id":"https:\/\/narteks.net\/#\/schema\/person\/image\/","url":"https:\/\/secure.gravatar.com\/avatar\/50865afb55632c4ae467e0af0930f6510aa2297d8014be502a55b14f3b7550cf?s=96&d=mm&r=g","contentUrl":"https:\/\/secure.gravatar.com\/avatar\/50865afb55632c4ae467e0af0930f6510aa2297d8014be502a55b14f3b7550cf?s=96&d=mm&r=g","caption":"Tar\u0131k"},"sameAs":["http:\/\/narteks.net"],"url":"https:\/\/narteks.net\/index.php\/author\/narbak\/"}]}},"_links":{"self":[{"href":"https:\/\/narteks.net\/index.php\/wp-json\/wp\/v2\/posts\/5217","targetHints":{"allow":["GET"]}}],"collection":[{"href":"https:\/\/narteks.net\/index.php\/wp-json\/wp\/v2\/posts"}],"about":[{"href":"https:\/\/narteks.net\/index.php\/wp-json\/wp\/v2\/types\/post"}],"author":[{"embeddable":true,"href":"https:\/\/narteks.net\/index.php\/wp-json\/wp\/v2\/users\/1"}],"replies":[{"embeddable":true,"href":"https:\/\/narteks.net\/index.php\/wp-json\/wp\/v2\/comments?post=5217"}],"version-history":[{"count":0,"href":"https:\/\/narteks.net\/index.php\/wp-json\/wp\/v2\/posts\/5217\/revisions"}],"wp:attachment":[{"href":"https:\/\/narteks.net\/index.php\/wp-json\/wp\/v2\/media?parent=5217"}],"wp:term":[{"taxonomy":"category","embeddable":true,"href":"https:\/\/narteks.net\/index.php\/wp-json\/wp\/v2\/categories?post=5217"},{"taxonomy":"post_tag","embeddable":true,"href":"https:\/\/narteks.net\/index.php\/wp-json\/wp\/v2\/tags?post=5217"}],"curies":[{"name":"wp","href":"https:\/\/api.w.org\/{rel}","templated":true}]}}