{"id":522,"date":"2009-04-12T13:20:46","date_gmt":"2009-04-12T10:20:46","guid":{"rendered":"http:\/\/localhost\/wordpress\/2009\/04\/12\/istanbul-agrisi\/"},"modified":"2009-04-12T13:20:46","modified_gmt":"2009-04-12T10:20:46","slug":"istanbul-agrisi","status":"publish","type":"post","link":"https:\/\/narteks.net\/index.php\/2009\/04\/12\/istanbul-agrisi\/","title":{"rendered":"\u0130STANBUL A\u011eRISI"},"content":{"rendered":"<p>\u00a0<\/p>\n<p>Kanatlar\u0131 par\u00e7a par\u00e7a bu a\u011fustos geceleri <br \/> Y\u0131ld\u0131zlar kaynarken <br \/> \u015eang\u0131r \u015fungur ayaklar\u0131m\u0131n dibine d\u00f6k\u00fclen <br \/> Sen <br \/> E\u011fer yine \u0130stanbul&#8217;san <br \/> Yine kan kopuklu cehennem sarma\u015f\u0131klar\u0131 b\u00fcy\u00fctece\u011fim <br \/> Pan\u00e7ak pan\u00e7ak \u015fiirler t\u00fck\u00fcrece\u011fim <br \/> Demek yine ben <br \/> Limandaki direkler orman\u0131nda b\u00fct\u00fcn band\u0131ralar ayaklan\u0131yor <br \/> Kap\u0131 \u00f6nlerinde boyunlar\u0131n\u0131 b\u00fckm\u00fc\u015f tek tek kafiyeler <br \/> Yahudi sokaklar\u0131n\u0131 ayd\u0131nlatan Telaviv \u015fark\u0131lar\u0131 <br \/> Mavi asfaltlara \u00e7\u00f6km\u00fc\u015f <br \/> Diz ba\u011fl\u0131yor <br \/> E\u011fer sen yine \u0130stanbul&#8217;san <br \/> Kirli dudaklar\u0131n\u0131 bulut bulut dudaklar\u0131ma uzatan <br \/> Sirkeci Gar\u0131&#8217;nda tren \u00e7\u0131\u011fl\u0131klar\u0131yla b\u0131\u00e7aklan\u0131p <br \/> \u0130ntihar dumanlar\u0131 i\u00e7indeki Haydarpa\u015fa&#8217;dan <br \/> Anadolu \u00fcstlerine bak\u0131p bak\u0131p <br \/> A\u011flayan <br \/> Sen e\u011fer yine \u0130stanbul&#8217;san <br \/> Aldanm\u0131yorsam <br \/> Yakalar\u0131 karanfilli &#8230;&#8230;. e\u011fer beni aldatm\u0131yorsa <br \/> Kulaklar\u0131mdan kan f\u0131\u015fk\u0131r\u0131ncaya kadar <br \/> Yine senin emrindeyim <br \/> Utanmasam <br \/> G\u00f6zlerimi damla damla kadehime damlatarak <br \/> Kendimi yani \u015fu bildi\u011fim Atilla \u0130lhan&#8217;i <br \/> Zehirleyebilirim <br \/> Sonbahar karanl\u0131klar\u0131 tuttu tutacak <br \/> Tarlaba\u015f\u0131 pansiyonlar\u0131nda bekarlar bu\u011fulan\u0131yor <br \/> \u0130mtihan \u00e7\u0131\u011fl\u0131klar\u0131 y\u00fckseliyor \u00fcniversite&#8217;den <br \/> Tophane \u0130skelesi&#8217;nde diesel kamyonlar\u0131 sarho\u015f <br \/> Direksiyonlar\u0131n\u0131n koynuna girmi\u015f b\u0131\u00e7k\u0131n \u015f\u00f6f\u00f6rler  <br \/> Uykusuz dalgalan\u0131yor <br \/> Ulan \u0130stanbul sen misin <br \/> Senin ellerin mi bu eller <br \/> Ulan bu gemiler senin gemilerin mi <br \/> Minarelerini k\u00fcrdan gibi di\u015flerinin aras\u0131nda <br \/> Liman liman g\u00f6t\u00fcren <br \/> Ulan bu mazot t\u00fck\u00fcren bu d\u00f6vmeli gemiler senin mi <br \/> Ak\u015famlar yass\u0131ld\u0131k\u00e7a neden b\u00f6yle devle\u015fiyorlar <br \/> Neden durmaks\u0131z\u0131n imdat k\u0131v\u0131lc\u0131mlari f\u0131\u015fk\u0131r\u0131yor <br \/> Antenlerinden <br \/> Neden <br \/> Peki \u0130stanbul ya ben <br \/> Ya m\u0131sralar\u0131n\u0131 d\u00f6rt renkli duvar afi\u015fleri gibi boy boy <br \/> G\u00fcmr\u00fck duvarlar\u0131na yap\u0131\u015ft\u0131ran yolcu abbas <br \/> Ya benim kahr\u0131m <br \/> Ya senin a\u011fr\u0131n <br \/> A\u011f\u0131r kabaralar\u0131nla uykular\u0131m\u0131 ezerek deliksiz ya\u015fatt\u0131\u011f\u0131n <br \/> \u00c7aresiz zehirler kusan \u00e7\u0131lg\u0131n bir y\u0131lan gibi <br \/> Burgu burgu i\u00e7ime bo\u015faltt\u0131\u011f\u0131n <br \/> O senin a\u011fr\u0131n <br \/> O senin <br \/> E\u011fer sen yine \u0130stanbul&#8217;san <br \/> Yan\u0131lm\u0131yorsam <br \/> Koltu\u011fumun alt\u0131nda eski bir kitap diye g\u00f6t\u00fcrmek istedi\u011fim <br \/> Sicilyal\u0131 bal\u0131k\u00e7\u0131lara Marsilyal\u0131 dok i\u015f\u00e7ilerine <br \/> Sat\u0131r sat\u0131r okumak istedi\u011fim <br \/> Sen <br \/> E\u011fer yine \u0130stanbul&#8217;san <br \/> E\u011fer senin a\u011fr\u0131nsa i\u011fneli be\u015fik gibi her taraf\u0131mda hissetti\u011fim <br \/> Ulan yine sen kazand\u0131n \u0130stanbul <br \/> Sen kazand\u0131n ben yenildim <br \/> Kulaklar\u0131mdan kan f\u0131\u015fk\u0131r\u0131ncaya kadar <br \/> Yine emrindeyim <br \/> \u00d6lsem yaln\u0131z kalsam c\u00fczdan\u0131m kaybolsa <br \/> Paras\u0131z kalsam tenhalarda kalsam \u00e7arp\u0131lsam <br \/> Hi\u00e7 bir g\u00fcn hi\u00e7bir postac\u0131 kap\u0131m\u0131 \u00e7almasa <br \/> Yan\u0131lm\u0131yorsam <br \/> Sen e\u011fer yine \u0130stanbul&#8217;san <br \/> Senin \u0131sl\u0131klar\u0131nsa kulaklar\u0131ma saplanan bu \u0131sl\u0131klar <br \/> G\u00f6zbebeklerimde gezegenler gibi d\u00f6nen yaln\u0131zl\u0131\u011f\u0131mdan <br \/> Bir tekmede kap\u0131lar\u0131n\u0131 k\u0131r\u0131p \u00e7\u0131kt\u0131m demektir <br \/> Ulan bunu sen de bilirsin \u0130stanbul <br \/> Ka\u00e7 kere yazd\u0131m kimbilir <br \/> Ka\u00e7 kere kirpiklerimiz kasaturalara d\u00f6nm\u00fc\u015f diken diken <br \/> 1949 Eyl\u00fcl&#8217;\u00fcnde birader mirc ve ben <br \/> Sokaklar\u0131nda mohikanlar gibi ate\u015f yakt\u0131k <br \/> Sana tapt\u0131k ulan <br \/> Unuttun mu <br \/> Sana tapt\u0131k.<\/p>\n<p>Attila \u0130LHAN<\/p>\n","protected":false},"excerpt":{"rendered":"<p>\u00a0 Kanatlar\u0131 par\u00e7a par\u00e7a bu a\u011fustos geceleri Y\u0131ld\u0131zlar kaynarken \u015eang\u0131r \u015fungur ayaklar\u0131m\u0131n dibine d\u00f6k\u00fclen Sen E\u011fer yine \u0130stanbul&#8217;san Yine kan kopuklu cehennem sarma\u015f\u0131klar\u0131 b\u00fcy\u00fctece\u011fim Pan\u00e7ak pan\u00e7ak \u015fiirler t\u00fck\u00fcrece\u011fim Demek yine ben Limandaki direkler orman\u0131nda b\u00fct\u00fcn band\u0131ralar ayaklan\u0131yor Kap\u0131 \u00f6nlerinde boyunlar\u0131n\u0131 b\u00fckm\u00fc\u015f tek tek kafiyeler Yahudi sokaklar\u0131n\u0131 ayd\u0131nlatan Telaviv \u015fark\u0131lar\u0131 Mavi asfaltlara \u00e7\u00f6km\u00fc\u015f Diz ba\u011fl\u0131yor E\u011fer [&hellip;]<\/p>\n","protected":false},"author":1,"featured_media":0,"comment_status":"open","ping_status":"open","sticky":false,"template":"","format":"standard","meta":{"footnotes":""},"categories":[11],"tags":[],"class_list":{"0":"post-522","1":"post","2":"type-post","3":"status-publish","4":"format-standard","6":"category-attila-ilhan"},"yoast_head":"<!-- This site is optimized with the Yoast SEO Premium plugin v24.9 (Yoast SEO v24.9) - https:\/\/yoast.com\/wordpress\/plugins\/seo\/ -->\n<title>\u0130STANBUL A\u011eRISI - narteks.net<\/title>\n<meta name=\"robots\" content=\"index, follow, max-snippet:-1, max-image-preview:large, max-video-preview:-1\" \/>\n<link rel=\"canonical\" href=\"https:\/\/narteks.net\/index.php\/2009\/04\/12\/istanbul-agrisi\/\" \/>\n<meta property=\"og:locale\" content=\"tr_TR\" \/>\n<meta property=\"og:type\" content=\"article\" \/>\n<meta property=\"og:title\" content=\"\u0130STANBUL A\u011eRISI\" \/>\n<meta property=\"og:description\" content=\"\u00a0 Kanatlar\u0131 par\u00e7a par\u00e7a bu a\u011fustos geceleri Y\u0131ld\u0131zlar kaynarken \u015eang\u0131r \u015fungur ayaklar\u0131m\u0131n dibine d\u00f6k\u00fclen Sen E\u011fer yine \u0130stanbul&#8217;san Yine kan kopuklu cehennem sarma\u015f\u0131klar\u0131 b\u00fcy\u00fctece\u011fim Pan\u00e7ak pan\u00e7ak \u015fiirler t\u00fck\u00fcrece\u011fim Demek yine ben Limandaki direkler orman\u0131nda b\u00fct\u00fcn band\u0131ralar ayaklan\u0131yor Kap\u0131 \u00f6nlerinde boyunlar\u0131n\u0131 b\u00fckm\u00fc\u015f tek tek kafiyeler Yahudi sokaklar\u0131n\u0131 ayd\u0131nlatan Telaviv \u015fark\u0131lar\u0131 Mavi asfaltlara \u00e7\u00f6km\u00fc\u015f Diz ba\u011fl\u0131yor E\u011fer [&hellip;]\" \/>\n<meta property=\"og:url\" content=\"https:\/\/narteks.net\/index.php\/2009\/04\/12\/istanbul-agrisi\/\" \/>\n<meta property=\"og:site_name\" content=\"narteks.net\" \/>\n<meta property=\"article:published_time\" content=\"2009-04-12T10:20:46+00:00\" \/>\n<meta property=\"og:image\" content=\"https:\/\/narteks.net\/wp-content\/uploads\/narteks.png\" \/>\n\t<meta property=\"og:image:width\" content=\"300\" \/>\n\t<meta property=\"og:image:height\" content=\"90\" \/>\n\t<meta property=\"og:image:type\" content=\"image\/png\" \/>\n<meta name=\"author\" content=\"Tar\u0131k\" \/>\n<meta name=\"twitter:card\" content=\"summary_large_image\" \/>\n<meta name=\"twitter:creator\" content=\"@narteks\" \/>\n<meta name=\"twitter:site\" content=\"@narteks\" \/>\n<meta name=\"twitter:label1\" content=\"Yazan:\" \/>\n\t<meta name=\"twitter:data1\" content=\"Tar\u0131k\" \/>\n\t<meta name=\"twitter:label2\" content=\"Tahmini okuma s\u00fcresi\" \/>\n\t<meta name=\"twitter:data2\" content=\"3 dakika\" \/>\n<script type=\"application\/ld+json\" class=\"yoast-schema-graph\">{\"@context\":\"https:\/\/schema.org\",\"@graph\":[{\"@type\":\"Article\",\"@id\":\"https:\/\/narteks.net\/index.php\/2009\/04\/12\/istanbul-agrisi\/#article\",\"isPartOf\":{\"@id\":\"https:\/\/narteks.net\/index.php\/2009\/04\/12\/istanbul-agrisi\/\"},\"author\":{\"name\":\"Tar\u0131k\",\"@id\":\"https:\/\/narteks.net\/#\/schema\/person\/61f37d9834294b72d31d274e7ed79bca\"},\"headline\":\"\u0130STANBUL A\u011eRISI\",\"datePublished\":\"2009-04-12T10:20:46+00:00\",\"mainEntityOfPage\":{\"@id\":\"https:\/\/narteks.net\/index.php\/2009\/04\/12\/istanbul-agrisi\/\"},\"wordCount\":522,\"commentCount\":0,\"publisher\":{\"@id\":\"https:\/\/narteks.net\/#organization\"},\"articleSection\":[\"Attila ILHAN\"],\"inLanguage\":\"tr\",\"potentialAction\":[{\"@type\":\"CommentAction\",\"name\":\"Comment\",\"target\":[\"https:\/\/narteks.net\/index.php\/2009\/04\/12\/istanbul-agrisi\/#respond\"]}]},{\"@type\":\"WebPage\",\"@id\":\"https:\/\/narteks.net\/index.php\/2009\/04\/12\/istanbul-agrisi\/\",\"url\":\"https:\/\/narteks.net\/index.php\/2009\/04\/12\/istanbul-agrisi\/\",\"name\":\"\u0130STANBUL A\u011eRISI - narteks.net\",\"isPartOf\":{\"@id\":\"https:\/\/narteks.net\/#website\"},\"datePublished\":\"2009-04-12T10:20:46+00:00\",\"breadcrumb\":{\"@id\":\"https:\/\/narteks.net\/index.php\/2009\/04\/12\/istanbul-agrisi\/#breadcrumb\"},\"inLanguage\":\"tr\",\"potentialAction\":[{\"@type\":\"ReadAction\",\"target\":[\"https:\/\/narteks.net\/index.php\/2009\/04\/12\/istanbul-agrisi\/\"]}]},{\"@type\":\"BreadcrumbList\",\"@id\":\"https:\/\/narteks.net\/index.php\/2009\/04\/12\/istanbul-agrisi\/#breadcrumb\",\"itemListElement\":[{\"@type\":\"ListItem\",\"position\":1,\"name\":\"Anasayfa\",\"item\":\"https:\/\/narteks.net\/\"},{\"@type\":\"ListItem\",\"position\":2,\"name\":\"\u0130STANBUL A\u011eRISI\"}]},{\"@type\":\"WebSite\",\"@id\":\"https:\/\/narteks.net\/#website\",\"url\":\"https:\/\/narteks.net\/\",\"name\":\"narteks.net\",\"description\":\"K\u00fclt\u00fcr Sanat Edebiyat Felsefe\",\"publisher\":{\"@id\":\"https:\/\/narteks.net\/#organization\"},\"alternateName\":\"K\u00fclt\u00fcr Sanat Edebiyat Felsefe\",\"potentialAction\":[{\"@type\":\"SearchAction\",\"target\":{\"@type\":\"EntryPoint\",\"urlTemplate\":\"https:\/\/narteks.net\/?s={search_term_string}\"},\"query-input\":{\"@type\":\"PropertyValueSpecification\",\"valueRequired\":true,\"valueName\":\"search_term_string\"}}],\"inLanguage\":\"tr\"},{\"@type\":\"Organization\",\"@id\":\"https:\/\/narteks.net\/#organization\",\"name\":\"narteks.net\",\"url\":\"https:\/\/narteks.net\/\",\"logo\":{\"@type\":\"ImageObject\",\"inLanguage\":\"tr\",\"@id\":\"https:\/\/narteks.net\/#\/schema\/logo\/image\/\",\"url\":\"https:\/\/narteks.net\/wp-content\/uploads\/narteks.png\",\"contentUrl\":\"https:\/\/narteks.net\/wp-content\/uploads\/narteks.png\",\"width\":300,\"height\":90,\"caption\":\"narteks.net\"},\"image\":{\"@id\":\"https:\/\/narteks.net\/#\/schema\/logo\/image\/\"},\"sameAs\":[\"https:\/\/x.com\/narteks\",\"https:\/\/instagram.com\/narteksnet\"]},{\"@type\":\"Person\",\"@id\":\"https:\/\/narteks.net\/#\/schema\/person\/61f37d9834294b72d31d274e7ed79bca\",\"name\":\"Tar\u0131k\",\"image\":{\"@type\":\"ImageObject\",\"inLanguage\":\"tr\",\"@id\":\"https:\/\/narteks.net\/#\/schema\/person\/image\/\",\"url\":\"https:\/\/secure.gravatar.com\/avatar\/50865afb55632c4ae467e0af0930f6510aa2297d8014be502a55b14f3b7550cf?s=96&d=mm&r=g\",\"contentUrl\":\"https:\/\/secure.gravatar.com\/avatar\/50865afb55632c4ae467e0af0930f6510aa2297d8014be502a55b14f3b7550cf?s=96&d=mm&r=g\",\"caption\":\"Tar\u0131k\"},\"sameAs\":[\"http:\/\/narteks.net\"],\"url\":\"https:\/\/narteks.net\/index.php\/author\/narbak\/\"}]}<\/script>\n<!-- \/ Yoast SEO Premium plugin. -->","yoast_head_json":{"title":"\u0130STANBUL A\u011eRISI - narteks.net","robots":{"index":"index","follow":"follow","max-snippet":"max-snippet:-1","max-image-preview":"max-image-preview:large","max-video-preview":"max-video-preview:-1"},"canonical":"https:\/\/narteks.net\/index.php\/2009\/04\/12\/istanbul-agrisi\/","og_locale":"tr_TR","og_type":"article","og_title":"\u0130STANBUL A\u011eRISI","og_description":"\u00a0 Kanatlar\u0131 par\u00e7a par\u00e7a bu a\u011fustos geceleri Y\u0131ld\u0131zlar kaynarken \u015eang\u0131r \u015fungur ayaklar\u0131m\u0131n dibine d\u00f6k\u00fclen Sen E\u011fer yine \u0130stanbul&#8217;san Yine kan kopuklu cehennem sarma\u015f\u0131klar\u0131 b\u00fcy\u00fctece\u011fim Pan\u00e7ak pan\u00e7ak \u015fiirler t\u00fck\u00fcrece\u011fim Demek yine ben Limandaki direkler orman\u0131nda b\u00fct\u00fcn band\u0131ralar ayaklan\u0131yor Kap\u0131 \u00f6nlerinde boyunlar\u0131n\u0131 b\u00fckm\u00fc\u015f tek tek kafiyeler Yahudi sokaklar\u0131n\u0131 ayd\u0131nlatan Telaviv \u015fark\u0131lar\u0131 Mavi asfaltlara \u00e7\u00f6km\u00fc\u015f Diz ba\u011fl\u0131yor E\u011fer [&hellip;]","og_url":"https:\/\/narteks.net\/index.php\/2009\/04\/12\/istanbul-agrisi\/","og_site_name":"narteks.net","article_published_time":"2009-04-12T10:20:46+00:00","og_image":[{"width":300,"height":90,"url":"https:\/\/narteks.net\/wp-content\/uploads\/narteks.png","type":"image\/png"}],"author":"Tar\u0131k","twitter_card":"summary_large_image","twitter_creator":"@narteks","twitter_site":"@narteks","twitter_misc":{"Yazan:":"Tar\u0131k","Tahmini okuma s\u00fcresi":"3 dakika"},"schema":{"@context":"https:\/\/schema.org","@graph":[{"@type":"Article","@id":"https:\/\/narteks.net\/index.php\/2009\/04\/12\/istanbul-agrisi\/#article","isPartOf":{"@id":"https:\/\/narteks.net\/index.php\/2009\/04\/12\/istanbul-agrisi\/"},"author":{"name":"Tar\u0131k","@id":"https:\/\/narteks.net\/#\/schema\/person\/61f37d9834294b72d31d274e7ed79bca"},"headline":"\u0130STANBUL A\u011eRISI","datePublished":"2009-04-12T10:20:46+00:00","mainEntityOfPage":{"@id":"https:\/\/narteks.net\/index.php\/2009\/04\/12\/istanbul-agrisi\/"},"wordCount":522,"commentCount":0,"publisher":{"@id":"https:\/\/narteks.net\/#organization"},"articleSection":["Attila ILHAN"],"inLanguage":"tr","potentialAction":[{"@type":"CommentAction","name":"Comment","target":["https:\/\/narteks.net\/index.php\/2009\/04\/12\/istanbul-agrisi\/#respond"]}]},{"@type":"WebPage","@id":"https:\/\/narteks.net\/index.php\/2009\/04\/12\/istanbul-agrisi\/","url":"https:\/\/narteks.net\/index.php\/2009\/04\/12\/istanbul-agrisi\/","name":"\u0130STANBUL A\u011eRISI - narteks.net","isPartOf":{"@id":"https:\/\/narteks.net\/#website"},"datePublished":"2009-04-12T10:20:46+00:00","breadcrumb":{"@id":"https:\/\/narteks.net\/index.php\/2009\/04\/12\/istanbul-agrisi\/#breadcrumb"},"inLanguage":"tr","potentialAction":[{"@type":"ReadAction","target":["https:\/\/narteks.net\/index.php\/2009\/04\/12\/istanbul-agrisi\/"]}]},{"@type":"BreadcrumbList","@id":"https:\/\/narteks.net\/index.php\/2009\/04\/12\/istanbul-agrisi\/#breadcrumb","itemListElement":[{"@type":"ListItem","position":1,"name":"Anasayfa","item":"https:\/\/narteks.net\/"},{"@type":"ListItem","position":2,"name":"\u0130STANBUL A\u011eRISI"}]},{"@type":"WebSite","@id":"https:\/\/narteks.net\/#website","url":"https:\/\/narteks.net\/","name":"narteks.net","description":"K\u00fclt\u00fcr Sanat Edebiyat Felsefe","publisher":{"@id":"https:\/\/narteks.net\/#organization"},"alternateName":"K\u00fclt\u00fcr Sanat Edebiyat Felsefe","potentialAction":[{"@type":"SearchAction","target":{"@type":"EntryPoint","urlTemplate":"https:\/\/narteks.net\/?s={search_term_string}"},"query-input":{"@type":"PropertyValueSpecification","valueRequired":true,"valueName":"search_term_string"}}],"inLanguage":"tr"},{"@type":"Organization","@id":"https:\/\/narteks.net\/#organization","name":"narteks.net","url":"https:\/\/narteks.net\/","logo":{"@type":"ImageObject","inLanguage":"tr","@id":"https:\/\/narteks.net\/#\/schema\/logo\/image\/","url":"https:\/\/narteks.net\/wp-content\/uploads\/narteks.png","contentUrl":"https:\/\/narteks.net\/wp-content\/uploads\/narteks.png","width":300,"height":90,"caption":"narteks.net"},"image":{"@id":"https:\/\/narteks.net\/#\/schema\/logo\/image\/"},"sameAs":["https:\/\/x.com\/narteks","https:\/\/instagram.com\/narteksnet"]},{"@type":"Person","@id":"https:\/\/narteks.net\/#\/schema\/person\/61f37d9834294b72d31d274e7ed79bca","name":"Tar\u0131k","image":{"@type":"ImageObject","inLanguage":"tr","@id":"https:\/\/narteks.net\/#\/schema\/person\/image\/","url":"https:\/\/secure.gravatar.com\/avatar\/50865afb55632c4ae467e0af0930f6510aa2297d8014be502a55b14f3b7550cf?s=96&d=mm&r=g","contentUrl":"https:\/\/secure.gravatar.com\/avatar\/50865afb55632c4ae467e0af0930f6510aa2297d8014be502a55b14f3b7550cf?s=96&d=mm&r=g","caption":"Tar\u0131k"},"sameAs":["http:\/\/narteks.net"],"url":"https:\/\/narteks.net\/index.php\/author\/narbak\/"}]}},"_links":{"self":[{"href":"https:\/\/narteks.net\/index.php\/wp-json\/wp\/v2\/posts\/522","targetHints":{"allow":["GET"]}}],"collection":[{"href":"https:\/\/narteks.net\/index.php\/wp-json\/wp\/v2\/posts"}],"about":[{"href":"https:\/\/narteks.net\/index.php\/wp-json\/wp\/v2\/types\/post"}],"author":[{"embeddable":true,"href":"https:\/\/narteks.net\/index.php\/wp-json\/wp\/v2\/users\/1"}],"replies":[{"embeddable":true,"href":"https:\/\/narteks.net\/index.php\/wp-json\/wp\/v2\/comments?post=522"}],"version-history":[{"count":0,"href":"https:\/\/narteks.net\/index.php\/wp-json\/wp\/v2\/posts\/522\/revisions"}],"wp:attachment":[{"href":"https:\/\/narteks.net\/index.php\/wp-json\/wp\/v2\/media?parent=522"}],"wp:term":[{"taxonomy":"category","embeddable":true,"href":"https:\/\/narteks.net\/index.php\/wp-json\/wp\/v2\/categories?post=522"},{"taxonomy":"post_tag","embeddable":true,"href":"https:\/\/narteks.net\/index.php\/wp-json\/wp\/v2\/tags?post=522"}],"curies":[{"name":"wp","href":"https:\/\/api.w.org\/{rel}","templated":true}]}}