{"id":5220,"date":"2011-02-26T19:52:30","date_gmt":"2011-02-26T16:52:30","guid":{"rendered":"http:\/\/localhost\/wordpress\/2011\/02\/26\/kudus-fareleri\/"},"modified":"2011-02-26T19:52:30","modified_gmt":"2011-02-26T16:52:30","slug":"kudus-fareleri","status":"publish","type":"post","link":"https:\/\/narteks.net\/index.php\/2011\/02\/26\/kudus-fareleri\/","title":{"rendered":"KUD\u00dcS FARELER\u0130"},"content":{"rendered":"<p>\u00a0<\/p>\n<p>D\u00f6rd\u00fcnc\u00fc konu\u015fmam\u0131zda<br \/>(ben neredeyim?)<br \/>isa&#8217;dan \u00f6nce bu kentte<br \/>bir kar\u0131nca taciri<\/p>\n<p>G\u00fcnahkar bir hayalet i\u00e7in<br \/>(biraz \u00f6l\u00fcm)<br \/>uyluk kemi\u011fiyle ac\u0131 \u00e7ekecek<br \/>saraylar\u0131nda<\/p>\n<p>Be\u015finci konu\u015fmam\u0131zda<br \/>(anlatmak diye bir \u015fey yoktur burada)<br \/>arsenik g\u00f6t\u00fcren bir u\u015fak<br \/>efendisine<\/p>\n<p>Vebal\u0131 gecelerden<br \/>(makasla kesilmi\u015f sar\u0131 bir ay)<br \/>kurtulacaklar\u0131na<br \/>inan\u0131rlard\u0131<\/p>\n<p>Biz vaktinde \u00f6lm\u00fc\u015f oldu\u011fumuz i\u00e7in<br \/>(satran\u00e7 ta\u015flar\u0131 gibi)<br \/>kire\u00e7lerden korkmuyorduk<br \/>bir de kud\u00fcs fareleri<br \/>bir de kud\u00fcs fareleri<\/p>\n<p>Bir \u00f6yle fareler<br \/>bir \u00f6yle fareler<\/p>\n<p>Ece AYHAN<\/p>\n","protected":false},"excerpt":{"rendered":"<p>\u00a0 D\u00f6rd\u00fcnc\u00fc konu\u015fmam\u0131zda(ben neredeyim?)isa&#8217;dan \u00f6nce bu kenttebir kar\u0131nca taciri G\u00fcnahkar bir hayalet i\u00e7in(biraz \u00f6l\u00fcm)uyluk kemi\u011fiyle ac\u0131 \u00e7ekeceksaraylar\u0131nda Be\u015finci konu\u015fmam\u0131zda(anlatmak diye bir \u015fey yoktur burada)arsenik g\u00f6t\u00fcren bir u\u015fakefendisine Vebal\u0131 gecelerden(makasla kesilmi\u015f sar\u0131 bir ay)kurtulacaklar\u0131nainan\u0131rlard\u0131 Biz vaktinde \u00f6lm\u00fc\u015f oldu\u011fumuz i\u00e7in(satran\u00e7 ta\u015flar\u0131 gibi)kire\u00e7lerden korkmuyordukbir de kud\u00fcs fareleribir de kud\u00fcs fareleri Bir \u00f6yle farelerbir \u00f6yle fareler Ece AYHAN<\/p>\n","protected":false},"author":1,"featured_media":0,"comment_status":"open","ping_status":"open","sticky":false,"template":"","format":"standard","meta":{"footnotes":""},"categories":[164],"tags":[],"class_list":{"0":"post-5220","1":"post","2":"type-post","3":"status-publish","4":"format-standard","6":"category-ece-ayhan"},"yoast_head":"<!-- This site is optimized with the Yoast SEO Premium plugin v24.9 (Yoast SEO v24.9) - https:\/\/yoast.com\/wordpress\/plugins\/seo\/ -->\n<title>KUD\u00dcS FARELER\u0130 - narteks.net<\/title>\n<meta name=\"robots\" content=\"index, follow, max-snippet:-1, max-image-preview:large, max-video-preview:-1\" \/>\n<link rel=\"canonical\" href=\"https:\/\/narteks.net\/index.php\/2011\/02\/26\/kudus-fareleri\/\" \/>\n<meta property=\"og:locale\" content=\"tr_TR\" \/>\n<meta property=\"og:type\" content=\"article\" \/>\n<meta property=\"og:title\" content=\"KUD\u00dcS FARELER\u0130\" \/>\n<meta property=\"og:description\" content=\"\u00a0 D\u00f6rd\u00fcnc\u00fc konu\u015fmam\u0131zda(ben neredeyim?)isa&#8217;dan \u00f6nce bu kenttebir kar\u0131nca taciri G\u00fcnahkar bir hayalet i\u00e7in(biraz \u00f6l\u00fcm)uyluk kemi\u011fiyle ac\u0131 \u00e7ekeceksaraylar\u0131nda Be\u015finci konu\u015fmam\u0131zda(anlatmak diye bir \u015fey yoktur burada)arsenik g\u00f6t\u00fcren bir u\u015fakefendisine Vebal\u0131 gecelerden(makasla kesilmi\u015f sar\u0131 bir ay)kurtulacaklar\u0131nainan\u0131rlard\u0131 Biz vaktinde \u00f6lm\u00fc\u015f oldu\u011fumuz i\u00e7in(satran\u00e7 ta\u015flar\u0131 gibi)kire\u00e7lerden korkmuyordukbir de kud\u00fcs fareleribir de kud\u00fcs fareleri Bir \u00f6yle farelerbir \u00f6yle fareler Ece AYHAN\" \/>\n<meta property=\"og:url\" content=\"https:\/\/narteks.net\/index.php\/2011\/02\/26\/kudus-fareleri\/\" \/>\n<meta property=\"og:site_name\" content=\"narteks.net\" \/>\n<meta property=\"article:published_time\" content=\"2011-02-26T16:52:30+00:00\" \/>\n<meta property=\"og:image\" content=\"https:\/\/narteks.net\/wp-content\/uploads\/narteks.png\" \/>\n\t<meta property=\"og:image:width\" content=\"300\" \/>\n\t<meta property=\"og:image:height\" content=\"90\" \/>\n\t<meta property=\"og:image:type\" content=\"image\/png\" \/>\n<meta name=\"author\" content=\"Tar\u0131k\" \/>\n<meta name=\"twitter:card\" content=\"summary_large_image\" \/>\n<meta name=\"twitter:creator\" content=\"@narteks\" \/>\n<meta name=\"twitter:site\" content=\"@narteks\" \/>\n<meta name=\"twitter:label1\" content=\"Yazan:\" \/>\n\t<meta name=\"twitter:data1\" content=\"Tar\u0131k\" \/>\n<script type=\"application\/ld+json\" class=\"yoast-schema-graph\">{\"@context\":\"https:\/\/schema.org\",\"@graph\":[{\"@type\":\"Article\",\"@id\":\"https:\/\/narteks.net\/index.php\/2011\/02\/26\/kudus-fareleri\/#article\",\"isPartOf\":{\"@id\":\"https:\/\/narteks.net\/index.php\/2011\/02\/26\/kudus-fareleri\/\"},\"author\":{\"name\":\"Tar\u0131k\",\"@id\":\"https:\/\/narteks.net\/#\/schema\/person\/61f37d9834294b72d31d274e7ed79bca\"},\"headline\":\"KUD\u00dcS FARELER\u0130\",\"datePublished\":\"2011-02-26T16:52:30+00:00\",\"mainEntityOfPage\":{\"@id\":\"https:\/\/narteks.net\/index.php\/2011\/02\/26\/kudus-fareleri\/\"},\"wordCount\":90,\"commentCount\":0,\"publisher\":{\"@id\":\"https:\/\/narteks.net\/#organization\"},\"articleSection\":[\"Ece AYHAN\"],\"inLanguage\":\"tr\",\"potentialAction\":[{\"@type\":\"CommentAction\",\"name\":\"Comment\",\"target\":[\"https:\/\/narteks.net\/index.php\/2011\/02\/26\/kudus-fareleri\/#respond\"]}]},{\"@type\":\"WebPage\",\"@id\":\"https:\/\/narteks.net\/index.php\/2011\/02\/26\/kudus-fareleri\/\",\"url\":\"https:\/\/narteks.net\/index.php\/2011\/02\/26\/kudus-fareleri\/\",\"name\":\"KUD\u00dcS FARELER\u0130 - narteks.net\",\"isPartOf\":{\"@id\":\"https:\/\/narteks.net\/#website\"},\"datePublished\":\"2011-02-26T16:52:30+00:00\",\"breadcrumb\":{\"@id\":\"https:\/\/narteks.net\/index.php\/2011\/02\/26\/kudus-fareleri\/#breadcrumb\"},\"inLanguage\":\"tr\",\"potentialAction\":[{\"@type\":\"ReadAction\",\"target\":[\"https:\/\/narteks.net\/index.php\/2011\/02\/26\/kudus-fareleri\/\"]}]},{\"@type\":\"BreadcrumbList\",\"@id\":\"https:\/\/narteks.net\/index.php\/2011\/02\/26\/kudus-fareleri\/#breadcrumb\",\"itemListElement\":[{\"@type\":\"ListItem\",\"position\":1,\"name\":\"Anasayfa\",\"item\":\"https:\/\/narteks.net\/\"},{\"@type\":\"ListItem\",\"position\":2,\"name\":\"KUD\u00dcS FARELER\u0130\"}]},{\"@type\":\"WebSite\",\"@id\":\"https:\/\/narteks.net\/#website\",\"url\":\"https:\/\/narteks.net\/\",\"name\":\"narteks.net\",\"description\":\"K\u00fclt\u00fcr Sanat Edebiyat Felsefe\",\"publisher\":{\"@id\":\"https:\/\/narteks.net\/#organization\"},\"alternateName\":\"K\u00fclt\u00fcr Sanat Edebiyat Felsefe\",\"potentialAction\":[{\"@type\":\"SearchAction\",\"target\":{\"@type\":\"EntryPoint\",\"urlTemplate\":\"https:\/\/narteks.net\/?s={search_term_string}\"},\"query-input\":{\"@type\":\"PropertyValueSpecification\",\"valueRequired\":true,\"valueName\":\"search_term_string\"}}],\"inLanguage\":\"tr\"},{\"@type\":\"Organization\",\"@id\":\"https:\/\/narteks.net\/#organization\",\"name\":\"narteks.net\",\"url\":\"https:\/\/narteks.net\/\",\"logo\":{\"@type\":\"ImageObject\",\"inLanguage\":\"tr\",\"@id\":\"https:\/\/narteks.net\/#\/schema\/logo\/image\/\",\"url\":\"https:\/\/narteks.net\/wp-content\/uploads\/narteks.png\",\"contentUrl\":\"https:\/\/narteks.net\/wp-content\/uploads\/narteks.png\",\"width\":300,\"height\":90,\"caption\":\"narteks.net\"},\"image\":{\"@id\":\"https:\/\/narteks.net\/#\/schema\/logo\/image\/\"},\"sameAs\":[\"https:\/\/x.com\/narteks\",\"https:\/\/instagram.com\/narteksnet\"]},{\"@type\":\"Person\",\"@id\":\"https:\/\/narteks.net\/#\/schema\/person\/61f37d9834294b72d31d274e7ed79bca\",\"name\":\"Tar\u0131k\",\"image\":{\"@type\":\"ImageObject\",\"inLanguage\":\"tr\",\"@id\":\"https:\/\/narteks.net\/#\/schema\/person\/image\/\",\"url\":\"https:\/\/secure.gravatar.com\/avatar\/50865afb55632c4ae467e0af0930f6510aa2297d8014be502a55b14f3b7550cf?s=96&d=mm&r=g\",\"contentUrl\":\"https:\/\/secure.gravatar.com\/avatar\/50865afb55632c4ae467e0af0930f6510aa2297d8014be502a55b14f3b7550cf?s=96&d=mm&r=g\",\"caption\":\"Tar\u0131k\"},\"sameAs\":[\"http:\/\/narteks.net\"],\"url\":\"https:\/\/narteks.net\/index.php\/author\/narbak\/\"}]}<\/script>\n<!-- \/ Yoast SEO Premium plugin. -->","yoast_head_json":{"title":"KUD\u00dcS FARELER\u0130 - narteks.net","robots":{"index":"index","follow":"follow","max-snippet":"max-snippet:-1","max-image-preview":"max-image-preview:large","max-video-preview":"max-video-preview:-1"},"canonical":"https:\/\/narteks.net\/index.php\/2011\/02\/26\/kudus-fareleri\/","og_locale":"tr_TR","og_type":"article","og_title":"KUD\u00dcS FARELER\u0130","og_description":"\u00a0 D\u00f6rd\u00fcnc\u00fc konu\u015fmam\u0131zda(ben neredeyim?)isa&#8217;dan \u00f6nce bu kenttebir kar\u0131nca taciri G\u00fcnahkar bir hayalet i\u00e7in(biraz \u00f6l\u00fcm)uyluk kemi\u011fiyle ac\u0131 \u00e7ekeceksaraylar\u0131nda Be\u015finci konu\u015fmam\u0131zda(anlatmak diye bir \u015fey yoktur burada)arsenik g\u00f6t\u00fcren bir u\u015fakefendisine Vebal\u0131 gecelerden(makasla kesilmi\u015f sar\u0131 bir ay)kurtulacaklar\u0131nainan\u0131rlard\u0131 Biz vaktinde \u00f6lm\u00fc\u015f oldu\u011fumuz i\u00e7in(satran\u00e7 ta\u015flar\u0131 gibi)kire\u00e7lerden korkmuyordukbir de kud\u00fcs fareleribir de kud\u00fcs fareleri Bir \u00f6yle farelerbir \u00f6yle fareler Ece AYHAN","og_url":"https:\/\/narteks.net\/index.php\/2011\/02\/26\/kudus-fareleri\/","og_site_name":"narteks.net","article_published_time":"2011-02-26T16:52:30+00:00","og_image":[{"width":300,"height":90,"url":"https:\/\/narteks.net\/wp-content\/uploads\/narteks.png","type":"image\/png"}],"author":"Tar\u0131k","twitter_card":"summary_large_image","twitter_creator":"@narteks","twitter_site":"@narteks","twitter_misc":{"Yazan:":"Tar\u0131k"},"schema":{"@context":"https:\/\/schema.org","@graph":[{"@type":"Article","@id":"https:\/\/narteks.net\/index.php\/2011\/02\/26\/kudus-fareleri\/#article","isPartOf":{"@id":"https:\/\/narteks.net\/index.php\/2011\/02\/26\/kudus-fareleri\/"},"author":{"name":"Tar\u0131k","@id":"https:\/\/narteks.net\/#\/schema\/person\/61f37d9834294b72d31d274e7ed79bca"},"headline":"KUD\u00dcS FARELER\u0130","datePublished":"2011-02-26T16:52:30+00:00","mainEntityOfPage":{"@id":"https:\/\/narteks.net\/index.php\/2011\/02\/26\/kudus-fareleri\/"},"wordCount":90,"commentCount":0,"publisher":{"@id":"https:\/\/narteks.net\/#organization"},"articleSection":["Ece AYHAN"],"inLanguage":"tr","potentialAction":[{"@type":"CommentAction","name":"Comment","target":["https:\/\/narteks.net\/index.php\/2011\/02\/26\/kudus-fareleri\/#respond"]}]},{"@type":"WebPage","@id":"https:\/\/narteks.net\/index.php\/2011\/02\/26\/kudus-fareleri\/","url":"https:\/\/narteks.net\/index.php\/2011\/02\/26\/kudus-fareleri\/","name":"KUD\u00dcS FARELER\u0130 - narteks.net","isPartOf":{"@id":"https:\/\/narteks.net\/#website"},"datePublished":"2011-02-26T16:52:30+00:00","breadcrumb":{"@id":"https:\/\/narteks.net\/index.php\/2011\/02\/26\/kudus-fareleri\/#breadcrumb"},"inLanguage":"tr","potentialAction":[{"@type":"ReadAction","target":["https:\/\/narteks.net\/index.php\/2011\/02\/26\/kudus-fareleri\/"]}]},{"@type":"BreadcrumbList","@id":"https:\/\/narteks.net\/index.php\/2011\/02\/26\/kudus-fareleri\/#breadcrumb","itemListElement":[{"@type":"ListItem","position":1,"name":"Anasayfa","item":"https:\/\/narteks.net\/"},{"@type":"ListItem","position":2,"name":"KUD\u00dcS FARELER\u0130"}]},{"@type":"WebSite","@id":"https:\/\/narteks.net\/#website","url":"https:\/\/narteks.net\/","name":"narteks.net","description":"K\u00fclt\u00fcr Sanat Edebiyat Felsefe","publisher":{"@id":"https:\/\/narteks.net\/#organization"},"alternateName":"K\u00fclt\u00fcr Sanat Edebiyat Felsefe","potentialAction":[{"@type":"SearchAction","target":{"@type":"EntryPoint","urlTemplate":"https:\/\/narteks.net\/?s={search_term_string}"},"query-input":{"@type":"PropertyValueSpecification","valueRequired":true,"valueName":"search_term_string"}}],"inLanguage":"tr"},{"@type":"Organization","@id":"https:\/\/narteks.net\/#organization","name":"narteks.net","url":"https:\/\/narteks.net\/","logo":{"@type":"ImageObject","inLanguage":"tr","@id":"https:\/\/narteks.net\/#\/schema\/logo\/image\/","url":"https:\/\/narteks.net\/wp-content\/uploads\/narteks.png","contentUrl":"https:\/\/narteks.net\/wp-content\/uploads\/narteks.png","width":300,"height":90,"caption":"narteks.net"},"image":{"@id":"https:\/\/narteks.net\/#\/schema\/logo\/image\/"},"sameAs":["https:\/\/x.com\/narteks","https:\/\/instagram.com\/narteksnet"]},{"@type":"Person","@id":"https:\/\/narteks.net\/#\/schema\/person\/61f37d9834294b72d31d274e7ed79bca","name":"Tar\u0131k","image":{"@type":"ImageObject","inLanguage":"tr","@id":"https:\/\/narteks.net\/#\/schema\/person\/image\/","url":"https:\/\/secure.gravatar.com\/avatar\/50865afb55632c4ae467e0af0930f6510aa2297d8014be502a55b14f3b7550cf?s=96&d=mm&r=g","contentUrl":"https:\/\/secure.gravatar.com\/avatar\/50865afb55632c4ae467e0af0930f6510aa2297d8014be502a55b14f3b7550cf?s=96&d=mm&r=g","caption":"Tar\u0131k"},"sameAs":["http:\/\/narteks.net"],"url":"https:\/\/narteks.net\/index.php\/author\/narbak\/"}]}},"_links":{"self":[{"href":"https:\/\/narteks.net\/index.php\/wp-json\/wp\/v2\/posts\/5220","targetHints":{"allow":["GET"]}}],"collection":[{"href":"https:\/\/narteks.net\/index.php\/wp-json\/wp\/v2\/posts"}],"about":[{"href":"https:\/\/narteks.net\/index.php\/wp-json\/wp\/v2\/types\/post"}],"author":[{"embeddable":true,"href":"https:\/\/narteks.net\/index.php\/wp-json\/wp\/v2\/users\/1"}],"replies":[{"embeddable":true,"href":"https:\/\/narteks.net\/index.php\/wp-json\/wp\/v2\/comments?post=5220"}],"version-history":[{"count":0,"href":"https:\/\/narteks.net\/index.php\/wp-json\/wp\/v2\/posts\/5220\/revisions"}],"wp:attachment":[{"href":"https:\/\/narteks.net\/index.php\/wp-json\/wp\/v2\/media?parent=5220"}],"wp:term":[{"taxonomy":"category","embeddable":true,"href":"https:\/\/narteks.net\/index.php\/wp-json\/wp\/v2\/categories?post=5220"},{"taxonomy":"post_tag","embeddable":true,"href":"https:\/\/narteks.net\/index.php\/wp-json\/wp\/v2\/tags?post=5220"}],"curies":[{"name":"wp","href":"https:\/\/api.w.org\/{rel}","templated":true}]}}