{"id":5223,"date":"2011-02-26T19:55:10","date_gmt":"2011-02-26T16:55:10","guid":{"rendered":"http:\/\/localhost\/wordpress\/2011\/02\/26\/ut\/"},"modified":"2011-02-26T19:55:10","modified_gmt":"2011-02-26T16:55:10","slug":"ut","status":"publish","type":"post","link":"https:\/\/narteks.net\/index.php\/2011\/02\/26\/ut\/","title":{"rendered":"UT&#8230;"},"content":{"rendered":"<p>\u00a0<\/p>\n<p>\u00dcner Birkan&#8217;a<\/p>\n<p>Rak\u0131 i\u00e7ilir mi hi\u00e7 \u00e7i\u00e7eksiz<br \/>\u00e7i\u00e7eksiz \u00f6l\u00fcr\u00fcm d\u00fckkanlar\u0131<br \/>hem kim olsa \u00f6l\u00fcr ispatinin ebesi<br \/>zulm\u00fc ilan edilmi\u015f soka\u011fa \u00e7\u0131kar<br \/>yaln\u0131zl\u0131\u011f\u0131n\u0131n ut sesi bir fonograf<br \/>tanzimat ferman\u0131nda unutulmu\u015f hacivat<br \/>gelip kahkahalar taraf\u0131ndan i\u011fne ister<\/p>\n<p>Yaln\u0131z belki \u00e7ocuklar i\u00e7in atl\u0131<br \/>g\u00fclen tramvay\u0131 \u00f6l\u00fcm\u00fcn cumhuriyete<br \/>enflasyonu sekiz memeli bir zenne<br \/>o \u00e7irkinim tasviri efkar bir zindan<br \/>vakitlere a\u00e7\u0131kt\u0131r kepengi a\u015fk\u0131 memnu<br \/>\u00f6l\u00fc teyzesine yazl\u0131\u011fa giden kim \u00e7ocuk<br \/>pire kasketini deve kimler giyer acaba<br \/>zehir d\u00fckkanlar\u0131 \u00e7i\u00e7ek \u00e7i\u00e7ek\u00e7i pera&#8217;da<\/p>\n<p>Benim ut teyzem de \u00f6ld\u00fc galiba hacivat<br \/>\u015fimdi \u015fu rak\u0131dan ne diye vergi al\u0131rlar sanki.<\/p>\n<p>Ece AYHAN<\/p>\n","protected":false},"excerpt":{"rendered":"<p>\u00a0 \u00dcner Birkan&#8217;a Rak\u0131 i\u00e7ilir mi hi\u00e7 \u00e7i\u00e7eksiz\u00e7i\u00e7eksiz \u00f6l\u00fcr\u00fcm d\u00fckkanlar\u0131hem kim olsa \u00f6l\u00fcr ispatinin ebesizulm\u00fc ilan edilmi\u015f soka\u011fa \u00e7\u0131karyaln\u0131zl\u0131\u011f\u0131n\u0131n ut sesi bir fonograftanzimat ferman\u0131nda unutulmu\u015f hacivatgelip kahkahalar taraf\u0131ndan i\u011fne ister Yaln\u0131z belki \u00e7ocuklar i\u00e7in atl\u0131g\u00fclen tramvay\u0131 \u00f6l\u00fcm\u00fcn cumhuriyeteenflasyonu sekiz memeli bir zenneo \u00e7irkinim tasviri efkar bir zindanvakitlere a\u00e7\u0131kt\u0131r kepengi a\u015fk\u0131 memnu\u00f6l\u00fc teyzesine yazl\u0131\u011fa giden kim [&hellip;]<\/p>\n","protected":false},"author":1,"featured_media":0,"comment_status":"open","ping_status":"open","sticky":false,"template":"","format":"standard","meta":{"footnotes":""},"categories":[164],"tags":[],"class_list":{"0":"post-5223","1":"post","2":"type-post","3":"status-publish","4":"format-standard","6":"category-ece-ayhan"},"yoast_head":"<!-- This site is optimized with the Yoast SEO Premium plugin v24.9 (Yoast SEO v24.9) - https:\/\/yoast.com\/wordpress\/plugins\/seo\/ -->\n<title>UT... - narteks.net<\/title>\n<meta name=\"robots\" content=\"index, follow, max-snippet:-1, max-image-preview:large, max-video-preview:-1\" \/>\n<link rel=\"canonical\" href=\"https:\/\/narteks.net\/index.php\/2011\/02\/26\/ut\/\" \/>\n<meta property=\"og:locale\" content=\"tr_TR\" \/>\n<meta property=\"og:type\" content=\"article\" \/>\n<meta property=\"og:title\" content=\"UT...\" \/>\n<meta property=\"og:description\" content=\"\u00a0 \u00dcner Birkan&#8217;a Rak\u0131 i\u00e7ilir mi hi\u00e7 \u00e7i\u00e7eksiz\u00e7i\u00e7eksiz \u00f6l\u00fcr\u00fcm d\u00fckkanlar\u0131hem kim olsa \u00f6l\u00fcr ispatinin ebesizulm\u00fc ilan edilmi\u015f soka\u011fa \u00e7\u0131karyaln\u0131zl\u0131\u011f\u0131n\u0131n ut sesi bir fonograftanzimat ferman\u0131nda unutulmu\u015f hacivatgelip kahkahalar taraf\u0131ndan i\u011fne ister Yaln\u0131z belki \u00e7ocuklar i\u00e7in atl\u0131g\u00fclen tramvay\u0131 \u00f6l\u00fcm\u00fcn cumhuriyeteenflasyonu sekiz memeli bir zenneo \u00e7irkinim tasviri efkar bir zindanvakitlere a\u00e7\u0131kt\u0131r kepengi a\u015fk\u0131 memnu\u00f6l\u00fc teyzesine yazl\u0131\u011fa giden kim [&hellip;]\" \/>\n<meta property=\"og:url\" content=\"https:\/\/narteks.net\/index.php\/2011\/02\/26\/ut\/\" \/>\n<meta property=\"og:site_name\" content=\"narteks.net\" \/>\n<meta property=\"article:published_time\" content=\"2011-02-26T16:55:10+00:00\" \/>\n<meta property=\"og:image\" content=\"https:\/\/narteks.net\/wp-content\/uploads\/narteks.png\" \/>\n\t<meta property=\"og:image:width\" content=\"300\" \/>\n\t<meta property=\"og:image:height\" content=\"90\" \/>\n\t<meta property=\"og:image:type\" content=\"image\/png\" \/>\n<meta name=\"author\" content=\"Tar\u0131k\" \/>\n<meta name=\"twitter:card\" content=\"summary_large_image\" \/>\n<meta name=\"twitter:creator\" content=\"@narteks\" \/>\n<meta name=\"twitter:site\" content=\"@narteks\" \/>\n<meta name=\"twitter:label1\" content=\"Yazan:\" \/>\n\t<meta name=\"twitter:data1\" content=\"Tar\u0131k\" \/>\n\t<meta name=\"twitter:label2\" content=\"Tahmini okuma s\u00fcresi\" \/>\n\t<meta name=\"twitter:data2\" content=\"1 dakika\" \/>\n<script type=\"application\/ld+json\" class=\"yoast-schema-graph\">{\"@context\":\"https:\/\/schema.org\",\"@graph\":[{\"@type\":\"Article\",\"@id\":\"https:\/\/narteks.net\/index.php\/2011\/02\/26\/ut\/#article\",\"isPartOf\":{\"@id\":\"https:\/\/narteks.net\/index.php\/2011\/02\/26\/ut\/\"},\"author\":{\"name\":\"Tar\u0131k\",\"@id\":\"https:\/\/narteks.net\/#\/schema\/person\/61f37d9834294b72d31d274e7ed79bca\"},\"headline\":\"UT&#8230;\",\"datePublished\":\"2011-02-26T16:55:10+00:00\",\"mainEntityOfPage\":{\"@id\":\"https:\/\/narteks.net\/index.php\/2011\/02\/26\/ut\/\"},\"wordCount\":115,\"commentCount\":0,\"publisher\":{\"@id\":\"https:\/\/narteks.net\/#organization\"},\"articleSection\":[\"Ece AYHAN\"],\"inLanguage\":\"tr\",\"potentialAction\":[{\"@type\":\"CommentAction\",\"name\":\"Comment\",\"target\":[\"https:\/\/narteks.net\/index.php\/2011\/02\/26\/ut\/#respond\"]}]},{\"@type\":\"WebPage\",\"@id\":\"https:\/\/narteks.net\/index.php\/2011\/02\/26\/ut\/\",\"url\":\"https:\/\/narteks.net\/index.php\/2011\/02\/26\/ut\/\",\"name\":\"UT... - narteks.net\",\"isPartOf\":{\"@id\":\"https:\/\/narteks.net\/#website\"},\"datePublished\":\"2011-02-26T16:55:10+00:00\",\"breadcrumb\":{\"@id\":\"https:\/\/narteks.net\/index.php\/2011\/02\/26\/ut\/#breadcrumb\"},\"inLanguage\":\"tr\",\"potentialAction\":[{\"@type\":\"ReadAction\",\"target\":[\"https:\/\/narteks.net\/index.php\/2011\/02\/26\/ut\/\"]}]},{\"@type\":\"BreadcrumbList\",\"@id\":\"https:\/\/narteks.net\/index.php\/2011\/02\/26\/ut\/#breadcrumb\",\"itemListElement\":[{\"@type\":\"ListItem\",\"position\":1,\"name\":\"Anasayfa\",\"item\":\"https:\/\/narteks.net\/\"},{\"@type\":\"ListItem\",\"position\":2,\"name\":\"UT&#8230;\"}]},{\"@type\":\"WebSite\",\"@id\":\"https:\/\/narteks.net\/#website\",\"url\":\"https:\/\/narteks.net\/\",\"name\":\"narteks.net\",\"description\":\"K\u00fclt\u00fcr Sanat Edebiyat Felsefe\",\"publisher\":{\"@id\":\"https:\/\/narteks.net\/#organization\"},\"alternateName\":\"K\u00fclt\u00fcr Sanat Edebiyat Felsefe\",\"potentialAction\":[{\"@type\":\"SearchAction\",\"target\":{\"@type\":\"EntryPoint\",\"urlTemplate\":\"https:\/\/narteks.net\/?s={search_term_string}\"},\"query-input\":{\"@type\":\"PropertyValueSpecification\",\"valueRequired\":true,\"valueName\":\"search_term_string\"}}],\"inLanguage\":\"tr\"},{\"@type\":\"Organization\",\"@id\":\"https:\/\/narteks.net\/#organization\",\"name\":\"narteks.net\",\"url\":\"https:\/\/narteks.net\/\",\"logo\":{\"@type\":\"ImageObject\",\"inLanguage\":\"tr\",\"@id\":\"https:\/\/narteks.net\/#\/schema\/logo\/image\/\",\"url\":\"https:\/\/narteks.net\/wp-content\/uploads\/narteks.png\",\"contentUrl\":\"https:\/\/narteks.net\/wp-content\/uploads\/narteks.png\",\"width\":300,\"height\":90,\"caption\":\"narteks.net\"},\"image\":{\"@id\":\"https:\/\/narteks.net\/#\/schema\/logo\/image\/\"},\"sameAs\":[\"https:\/\/x.com\/narteks\",\"https:\/\/instagram.com\/narteksnet\"]},{\"@type\":\"Person\",\"@id\":\"https:\/\/narteks.net\/#\/schema\/person\/61f37d9834294b72d31d274e7ed79bca\",\"name\":\"Tar\u0131k\",\"image\":{\"@type\":\"ImageObject\",\"inLanguage\":\"tr\",\"@id\":\"https:\/\/narteks.net\/#\/schema\/person\/image\/\",\"url\":\"https:\/\/secure.gravatar.com\/avatar\/50865afb55632c4ae467e0af0930f6510aa2297d8014be502a55b14f3b7550cf?s=96&d=mm&r=g\",\"contentUrl\":\"https:\/\/secure.gravatar.com\/avatar\/50865afb55632c4ae467e0af0930f6510aa2297d8014be502a55b14f3b7550cf?s=96&d=mm&r=g\",\"caption\":\"Tar\u0131k\"},\"sameAs\":[\"http:\/\/narteks.net\"],\"url\":\"https:\/\/narteks.net\/index.php\/author\/narbak\/\"}]}<\/script>\n<!-- \/ Yoast SEO Premium plugin. -->","yoast_head_json":{"title":"UT... - narteks.net","robots":{"index":"index","follow":"follow","max-snippet":"max-snippet:-1","max-image-preview":"max-image-preview:large","max-video-preview":"max-video-preview:-1"},"canonical":"https:\/\/narteks.net\/index.php\/2011\/02\/26\/ut\/","og_locale":"tr_TR","og_type":"article","og_title":"UT...","og_description":"\u00a0 \u00dcner Birkan&#8217;a Rak\u0131 i\u00e7ilir mi hi\u00e7 \u00e7i\u00e7eksiz\u00e7i\u00e7eksiz \u00f6l\u00fcr\u00fcm d\u00fckkanlar\u0131hem kim olsa \u00f6l\u00fcr ispatinin ebesizulm\u00fc ilan edilmi\u015f soka\u011fa \u00e7\u0131karyaln\u0131zl\u0131\u011f\u0131n\u0131n ut sesi bir fonograftanzimat ferman\u0131nda unutulmu\u015f hacivatgelip kahkahalar taraf\u0131ndan i\u011fne ister Yaln\u0131z belki \u00e7ocuklar i\u00e7in atl\u0131g\u00fclen tramvay\u0131 \u00f6l\u00fcm\u00fcn cumhuriyeteenflasyonu sekiz memeli bir zenneo \u00e7irkinim tasviri efkar bir zindanvakitlere a\u00e7\u0131kt\u0131r kepengi a\u015fk\u0131 memnu\u00f6l\u00fc teyzesine yazl\u0131\u011fa giden kim [&hellip;]","og_url":"https:\/\/narteks.net\/index.php\/2011\/02\/26\/ut\/","og_site_name":"narteks.net","article_published_time":"2011-02-26T16:55:10+00:00","og_image":[{"width":300,"height":90,"url":"https:\/\/narteks.net\/wp-content\/uploads\/narteks.png","type":"image\/png"}],"author":"Tar\u0131k","twitter_card":"summary_large_image","twitter_creator":"@narteks","twitter_site":"@narteks","twitter_misc":{"Yazan:":"Tar\u0131k","Tahmini okuma s\u00fcresi":"1 dakika"},"schema":{"@context":"https:\/\/schema.org","@graph":[{"@type":"Article","@id":"https:\/\/narteks.net\/index.php\/2011\/02\/26\/ut\/#article","isPartOf":{"@id":"https:\/\/narteks.net\/index.php\/2011\/02\/26\/ut\/"},"author":{"name":"Tar\u0131k","@id":"https:\/\/narteks.net\/#\/schema\/person\/61f37d9834294b72d31d274e7ed79bca"},"headline":"UT&#8230;","datePublished":"2011-02-26T16:55:10+00:00","mainEntityOfPage":{"@id":"https:\/\/narteks.net\/index.php\/2011\/02\/26\/ut\/"},"wordCount":115,"commentCount":0,"publisher":{"@id":"https:\/\/narteks.net\/#organization"},"articleSection":["Ece AYHAN"],"inLanguage":"tr","potentialAction":[{"@type":"CommentAction","name":"Comment","target":["https:\/\/narteks.net\/index.php\/2011\/02\/26\/ut\/#respond"]}]},{"@type":"WebPage","@id":"https:\/\/narteks.net\/index.php\/2011\/02\/26\/ut\/","url":"https:\/\/narteks.net\/index.php\/2011\/02\/26\/ut\/","name":"UT... - narteks.net","isPartOf":{"@id":"https:\/\/narteks.net\/#website"},"datePublished":"2011-02-26T16:55:10+00:00","breadcrumb":{"@id":"https:\/\/narteks.net\/index.php\/2011\/02\/26\/ut\/#breadcrumb"},"inLanguage":"tr","potentialAction":[{"@type":"ReadAction","target":["https:\/\/narteks.net\/index.php\/2011\/02\/26\/ut\/"]}]},{"@type":"BreadcrumbList","@id":"https:\/\/narteks.net\/index.php\/2011\/02\/26\/ut\/#breadcrumb","itemListElement":[{"@type":"ListItem","position":1,"name":"Anasayfa","item":"https:\/\/narteks.net\/"},{"@type":"ListItem","position":2,"name":"UT&#8230;"}]},{"@type":"WebSite","@id":"https:\/\/narteks.net\/#website","url":"https:\/\/narteks.net\/","name":"narteks.net","description":"K\u00fclt\u00fcr Sanat Edebiyat Felsefe","publisher":{"@id":"https:\/\/narteks.net\/#organization"},"alternateName":"K\u00fclt\u00fcr Sanat Edebiyat Felsefe","potentialAction":[{"@type":"SearchAction","target":{"@type":"EntryPoint","urlTemplate":"https:\/\/narteks.net\/?s={search_term_string}"},"query-input":{"@type":"PropertyValueSpecification","valueRequired":true,"valueName":"search_term_string"}}],"inLanguage":"tr"},{"@type":"Organization","@id":"https:\/\/narteks.net\/#organization","name":"narteks.net","url":"https:\/\/narteks.net\/","logo":{"@type":"ImageObject","inLanguage":"tr","@id":"https:\/\/narteks.net\/#\/schema\/logo\/image\/","url":"https:\/\/narteks.net\/wp-content\/uploads\/narteks.png","contentUrl":"https:\/\/narteks.net\/wp-content\/uploads\/narteks.png","width":300,"height":90,"caption":"narteks.net"},"image":{"@id":"https:\/\/narteks.net\/#\/schema\/logo\/image\/"},"sameAs":["https:\/\/x.com\/narteks","https:\/\/instagram.com\/narteksnet"]},{"@type":"Person","@id":"https:\/\/narteks.net\/#\/schema\/person\/61f37d9834294b72d31d274e7ed79bca","name":"Tar\u0131k","image":{"@type":"ImageObject","inLanguage":"tr","@id":"https:\/\/narteks.net\/#\/schema\/person\/image\/","url":"https:\/\/secure.gravatar.com\/avatar\/50865afb55632c4ae467e0af0930f6510aa2297d8014be502a55b14f3b7550cf?s=96&d=mm&r=g","contentUrl":"https:\/\/secure.gravatar.com\/avatar\/50865afb55632c4ae467e0af0930f6510aa2297d8014be502a55b14f3b7550cf?s=96&d=mm&r=g","caption":"Tar\u0131k"},"sameAs":["http:\/\/narteks.net"],"url":"https:\/\/narteks.net\/index.php\/author\/narbak\/"}]}},"_links":{"self":[{"href":"https:\/\/narteks.net\/index.php\/wp-json\/wp\/v2\/posts\/5223","targetHints":{"allow":["GET"]}}],"collection":[{"href":"https:\/\/narteks.net\/index.php\/wp-json\/wp\/v2\/posts"}],"about":[{"href":"https:\/\/narteks.net\/index.php\/wp-json\/wp\/v2\/types\/post"}],"author":[{"embeddable":true,"href":"https:\/\/narteks.net\/index.php\/wp-json\/wp\/v2\/users\/1"}],"replies":[{"embeddable":true,"href":"https:\/\/narteks.net\/index.php\/wp-json\/wp\/v2\/comments?post=5223"}],"version-history":[{"count":0,"href":"https:\/\/narteks.net\/index.php\/wp-json\/wp\/v2\/posts\/5223\/revisions"}],"wp:attachment":[{"href":"https:\/\/narteks.net\/index.php\/wp-json\/wp\/v2\/media?parent=5223"}],"wp:term":[{"taxonomy":"category","embeddable":true,"href":"https:\/\/narteks.net\/index.php\/wp-json\/wp\/v2\/categories?post=5223"},{"taxonomy":"post_tag","embeddable":true,"href":"https:\/\/narteks.net\/index.php\/wp-json\/wp\/v2\/tags?post=5223"}],"curies":[{"name":"wp","href":"https:\/\/api.w.org\/{rel}","templated":true}]}}