{"id":5226,"date":"2011-02-26T21:33:58","date_gmt":"2011-02-26T18:33:58","guid":{"rendered":"http:\/\/localhost\/wordpress\/2011\/02\/26\/bana-dogru-gelen-kim\/"},"modified":"2011-02-26T21:33:58","modified_gmt":"2011-02-26T18:33:58","slug":"bana-dogru-gelen-kim","status":"publish","type":"post","link":"https:\/\/narteks.net\/index.php\/2011\/02\/26\/bana-dogru-gelen-kim\/","title":{"rendered":"BANA DO\u011eRU GELEN K\u0130M"},"content":{"rendered":"<p>\u00a0<\/p>\n<p>&#8220;BANA DO\u011eRU GELEN K\u0130M?&#8221;YA DA<br \/>\u015e\u0130MD\u0130K\u0130 ZAMANDA<br \/>B\u0130R MOB\u0130L, B\u0130R\u0130NC\u0130 TEK\u0130L \u015eAHIS<\/p>\n<p>D\u00f6k\u00fclm\u00fc\u015f bedenim kimyas\u0131na pirincin, yokedilerek kalsiyumun b\u00fcy\u00fcs\u00fc yazg\u0131m belirlenmi\u015f.Her an, ho\u015f geldin diyorum bana do\u011fru gelene, dalgalanan duygular\u0131mla. Sark\u0131yorum tavandan (bir tavan varm\u0131\u015f\u00e7as\u0131na) yery\u00fcz\u00fcn\u00fcn (varoldu\u011funu umarak) renklerini bilmeme kar\u015f\u0131n &#8211; lal rengi, \u00e7ivit mavisi ve sar\u0131 &#8211; ve onlar\u0131n yalanlamalar\u0131n\u0131 &#8211; tutku, dinginlik ve \u00f6l\u00fcm &#8211; kendimle i\u015faretliyorum yan\u0131, y\u00f6reyi &#8211; bir a\u015fa\u011f\u0131 bir yukar\u0131, bir yukar\u0131 bir a\u015fa\u011f\u0131, sa\u011f sol, sa\u011f sol.<br \/>Y\u00f6nlerin bulan\u0131kl\u0131\u011f\u0131nda bir sorumluluk bu! Uluma geri tepiliyor b\u00f6ylece, bana do\u011fru gelene kar\u015f\u0131! Bir iskeletler zinciri tutuyor beni havada, uzay konusunda bir unutkanl\u0131k y\u00fcklemeye ve devindi\u011fim c\u0131l\u0131z \u00f6nlemleri y\u0131kmaya \u00e7al\u0131\u015farak. So\u011fukkanl\u0131 bir \u00e7aba! Ben, kusursuz bir porte olmay\u0131 ye\u011flerdim, oysa. \u0130\u015fte \u015furac\u0131kta, \u00f6zl\u00fcyorum sol anahtar\u0131m\u0131 ve notalar\u0131m\u0131. Umursamam,<br \/>nereye da\u011f\u0131l\u0131rlarsa da\u011f\u0131ls\u0131nlar, daha sonra&#8230;<\/p>\n<p>\u015eimdilik, hava ak\u0131m\u0131n\u0131n istencine boyun e\u011fmi\u015fim, sinekler \u0131rz\u0131na ge\u00e7erken uzant\u0131lar\u0131m\u0131n, s\u00fcrd\u00fcr\u00fcyorum dans\u0131m\u0131 bu dikey tabut i\u00e7re, g\u00fcnden geceye, geceden g\u00fcne, ben t\u00fcm\u00fcn\u00fc ezip ge\u00e7inceye ve &#8220;Bana do\u011fru giden kim?&#8221; in yatay bilgisine ula\u015f\u0131ncaya dek!<\/p>\n<p>\u00a0<\/p>\n<p>Nilg\u00fcn MARMARA<\/p>\n","protected":false},"excerpt":{"rendered":"<p>\u00a0 &#8220;BANA DO\u011eRU GELEN K\u0130M?&#8221;YA DA\u015e\u0130MD\u0130K\u0130 ZAMANDAB\u0130R MOB\u0130L, B\u0130R\u0130NC\u0130 TEK\u0130L \u015eAHIS D\u00f6k\u00fclm\u00fc\u015f bedenim kimyas\u0131na pirincin, yokedilerek kalsiyumun b\u00fcy\u00fcs\u00fc yazg\u0131m belirlenmi\u015f.Her an, ho\u015f geldin diyorum bana do\u011fru gelene, dalgalanan duygular\u0131mla. Sark\u0131yorum tavandan (bir tavan varm\u0131\u015f\u00e7as\u0131na) yery\u00fcz\u00fcn\u00fcn (varoldu\u011funu umarak) renklerini bilmeme kar\u015f\u0131n &#8211; lal rengi, \u00e7ivit mavisi ve sar\u0131 &#8211; ve onlar\u0131n yalanlamalar\u0131n\u0131 &#8211; tutku, dinginlik ve [&hellip;]<\/p>\n","protected":false},"author":1,"featured_media":0,"comment_status":"open","ping_status":"open","sticky":false,"template":"","format":"standard","meta":{"footnotes":""},"categories":[165],"tags":[],"class_list":{"0":"post-5226","1":"post","2":"type-post","3":"status-publish","4":"format-standard","6":"category-nilgun-marmara"},"yoast_head":"<!-- This site is optimized with the Yoast SEO Premium plugin v24.9 (Yoast SEO v24.9) - https:\/\/yoast.com\/wordpress\/plugins\/seo\/ -->\n<title>BANA DO\u011eRU GELEN K\u0130M - narteks.net<\/title>\n<meta name=\"robots\" content=\"index, follow, max-snippet:-1, max-image-preview:large, max-video-preview:-1\" \/>\n<link rel=\"canonical\" href=\"https:\/\/narteks.net\/index.php\/2011\/02\/26\/bana-dogru-gelen-kim\/\" \/>\n<meta property=\"og:locale\" content=\"tr_TR\" \/>\n<meta property=\"og:type\" content=\"article\" \/>\n<meta property=\"og:title\" content=\"BANA DO\u011eRU GELEN K\u0130M\" \/>\n<meta property=\"og:description\" content=\"\u00a0 &#8220;BANA DO\u011eRU GELEN K\u0130M?&#8221;YA DA\u015e\u0130MD\u0130K\u0130 ZAMANDAB\u0130R MOB\u0130L, B\u0130R\u0130NC\u0130 TEK\u0130L \u015eAHIS D\u00f6k\u00fclm\u00fc\u015f bedenim kimyas\u0131na pirincin, yokedilerek kalsiyumun b\u00fcy\u00fcs\u00fc yazg\u0131m belirlenmi\u015f.Her an, ho\u015f geldin diyorum bana do\u011fru gelene, dalgalanan duygular\u0131mla. Sark\u0131yorum tavandan (bir tavan varm\u0131\u015f\u00e7as\u0131na) yery\u00fcz\u00fcn\u00fcn (varoldu\u011funu umarak) renklerini bilmeme kar\u015f\u0131n &#8211; lal rengi, \u00e7ivit mavisi ve sar\u0131 &#8211; ve onlar\u0131n yalanlamalar\u0131n\u0131 &#8211; tutku, dinginlik ve [&hellip;]\" \/>\n<meta property=\"og:url\" content=\"https:\/\/narteks.net\/index.php\/2011\/02\/26\/bana-dogru-gelen-kim\/\" \/>\n<meta property=\"og:site_name\" content=\"narteks.net\" \/>\n<meta property=\"article:published_time\" content=\"2011-02-26T18:33:58+00:00\" \/>\n<meta property=\"og:image\" content=\"https:\/\/narteks.net\/wp-content\/uploads\/narteks.png\" \/>\n\t<meta property=\"og:image:width\" content=\"300\" \/>\n\t<meta property=\"og:image:height\" content=\"90\" \/>\n\t<meta property=\"og:image:type\" content=\"image\/png\" \/>\n<meta name=\"author\" content=\"Tar\u0131k\" \/>\n<meta name=\"twitter:card\" content=\"summary_large_image\" \/>\n<meta name=\"twitter:creator\" content=\"@narteks\" \/>\n<meta name=\"twitter:site\" content=\"@narteks\" \/>\n<meta name=\"twitter:label1\" content=\"Yazan:\" \/>\n\t<meta name=\"twitter:data1\" content=\"Tar\u0131k\" \/>\n\t<meta name=\"twitter:label2\" content=\"Tahmini okuma s\u00fcresi\" \/>\n\t<meta name=\"twitter:data2\" content=\"1 dakika\" \/>\n<script type=\"application\/ld+json\" class=\"yoast-schema-graph\">{\"@context\":\"https:\/\/schema.org\",\"@graph\":[{\"@type\":\"Article\",\"@id\":\"https:\/\/narteks.net\/index.php\/2011\/02\/26\/bana-dogru-gelen-kim\/#article\",\"isPartOf\":{\"@id\":\"https:\/\/narteks.net\/index.php\/2011\/02\/26\/bana-dogru-gelen-kim\/\"},\"author\":{\"name\":\"Tar\u0131k\",\"@id\":\"https:\/\/narteks.net\/#\/schema\/person\/61f37d9834294b72d31d274e7ed79bca\"},\"headline\":\"BANA DO\u011eRU GELEN K\u0130M\",\"datePublished\":\"2011-02-26T18:33:58+00:00\",\"mainEntityOfPage\":{\"@id\":\"https:\/\/narteks.net\/index.php\/2011\/02\/26\/bana-dogru-gelen-kim\/\"},\"wordCount\":247,\"commentCount\":0,\"publisher\":{\"@id\":\"https:\/\/narteks.net\/#organization\"},\"articleSection\":[\"Nilg\u00fcn MARMARA\"],\"inLanguage\":\"tr\",\"potentialAction\":[{\"@type\":\"CommentAction\",\"name\":\"Comment\",\"target\":[\"https:\/\/narteks.net\/index.php\/2011\/02\/26\/bana-dogru-gelen-kim\/#respond\"]}]},{\"@type\":\"WebPage\",\"@id\":\"https:\/\/narteks.net\/index.php\/2011\/02\/26\/bana-dogru-gelen-kim\/\",\"url\":\"https:\/\/narteks.net\/index.php\/2011\/02\/26\/bana-dogru-gelen-kim\/\",\"name\":\"BANA DO\u011eRU GELEN K\u0130M - narteks.net\",\"isPartOf\":{\"@id\":\"https:\/\/narteks.net\/#website\"},\"datePublished\":\"2011-02-26T18:33:58+00:00\",\"breadcrumb\":{\"@id\":\"https:\/\/narteks.net\/index.php\/2011\/02\/26\/bana-dogru-gelen-kim\/#breadcrumb\"},\"inLanguage\":\"tr\",\"potentialAction\":[{\"@type\":\"ReadAction\",\"target\":[\"https:\/\/narteks.net\/index.php\/2011\/02\/26\/bana-dogru-gelen-kim\/\"]}]},{\"@type\":\"BreadcrumbList\",\"@id\":\"https:\/\/narteks.net\/index.php\/2011\/02\/26\/bana-dogru-gelen-kim\/#breadcrumb\",\"itemListElement\":[{\"@type\":\"ListItem\",\"position\":1,\"name\":\"Anasayfa\",\"item\":\"https:\/\/narteks.net\/\"},{\"@type\":\"ListItem\",\"position\":2,\"name\":\"BANA DO\u011eRU GELEN K\u0130M\"}]},{\"@type\":\"WebSite\",\"@id\":\"https:\/\/narteks.net\/#website\",\"url\":\"https:\/\/narteks.net\/\",\"name\":\"narteks.net\",\"description\":\"K\u00fclt\u00fcr Sanat Edebiyat Felsefe\",\"publisher\":{\"@id\":\"https:\/\/narteks.net\/#organization\"},\"alternateName\":\"K\u00fclt\u00fcr Sanat Edebiyat Felsefe\",\"potentialAction\":[{\"@type\":\"SearchAction\",\"target\":{\"@type\":\"EntryPoint\",\"urlTemplate\":\"https:\/\/narteks.net\/?s={search_term_string}\"},\"query-input\":{\"@type\":\"PropertyValueSpecification\",\"valueRequired\":true,\"valueName\":\"search_term_string\"}}],\"inLanguage\":\"tr\"},{\"@type\":\"Organization\",\"@id\":\"https:\/\/narteks.net\/#organization\",\"name\":\"narteks.net\",\"url\":\"https:\/\/narteks.net\/\",\"logo\":{\"@type\":\"ImageObject\",\"inLanguage\":\"tr\",\"@id\":\"https:\/\/narteks.net\/#\/schema\/logo\/image\/\",\"url\":\"https:\/\/narteks.net\/wp-content\/uploads\/narteks.png\",\"contentUrl\":\"https:\/\/narteks.net\/wp-content\/uploads\/narteks.png\",\"width\":300,\"height\":90,\"caption\":\"narteks.net\"},\"image\":{\"@id\":\"https:\/\/narteks.net\/#\/schema\/logo\/image\/\"},\"sameAs\":[\"https:\/\/x.com\/narteks\",\"https:\/\/instagram.com\/narteksnet\"]},{\"@type\":\"Person\",\"@id\":\"https:\/\/narteks.net\/#\/schema\/person\/61f37d9834294b72d31d274e7ed79bca\",\"name\":\"Tar\u0131k\",\"image\":{\"@type\":\"ImageObject\",\"inLanguage\":\"tr\",\"@id\":\"https:\/\/narteks.net\/#\/schema\/person\/image\/\",\"url\":\"https:\/\/secure.gravatar.com\/avatar\/50865afb55632c4ae467e0af0930f6510aa2297d8014be502a55b14f3b7550cf?s=96&d=mm&r=g\",\"contentUrl\":\"https:\/\/secure.gravatar.com\/avatar\/50865afb55632c4ae467e0af0930f6510aa2297d8014be502a55b14f3b7550cf?s=96&d=mm&r=g\",\"caption\":\"Tar\u0131k\"},\"sameAs\":[\"http:\/\/narteks.net\"],\"url\":\"https:\/\/narteks.net\/index.php\/author\/narbak\/\"}]}<\/script>\n<!-- \/ Yoast SEO Premium plugin. -->","yoast_head_json":{"title":"BANA DO\u011eRU GELEN K\u0130M - narteks.net","robots":{"index":"index","follow":"follow","max-snippet":"max-snippet:-1","max-image-preview":"max-image-preview:large","max-video-preview":"max-video-preview:-1"},"canonical":"https:\/\/narteks.net\/index.php\/2011\/02\/26\/bana-dogru-gelen-kim\/","og_locale":"tr_TR","og_type":"article","og_title":"BANA DO\u011eRU GELEN K\u0130M","og_description":"\u00a0 &#8220;BANA DO\u011eRU GELEN K\u0130M?&#8221;YA DA\u015e\u0130MD\u0130K\u0130 ZAMANDAB\u0130R MOB\u0130L, B\u0130R\u0130NC\u0130 TEK\u0130L \u015eAHIS D\u00f6k\u00fclm\u00fc\u015f bedenim kimyas\u0131na pirincin, yokedilerek kalsiyumun b\u00fcy\u00fcs\u00fc yazg\u0131m belirlenmi\u015f.Her an, ho\u015f geldin diyorum bana do\u011fru gelene, dalgalanan duygular\u0131mla. Sark\u0131yorum tavandan (bir tavan varm\u0131\u015f\u00e7as\u0131na) yery\u00fcz\u00fcn\u00fcn (varoldu\u011funu umarak) renklerini bilmeme kar\u015f\u0131n &#8211; lal rengi, \u00e7ivit mavisi ve sar\u0131 &#8211; ve onlar\u0131n yalanlamalar\u0131n\u0131 &#8211; tutku, dinginlik ve [&hellip;]","og_url":"https:\/\/narteks.net\/index.php\/2011\/02\/26\/bana-dogru-gelen-kim\/","og_site_name":"narteks.net","article_published_time":"2011-02-26T18:33:58+00:00","og_image":[{"width":300,"height":90,"url":"https:\/\/narteks.net\/wp-content\/uploads\/narteks.png","type":"image\/png"}],"author":"Tar\u0131k","twitter_card":"summary_large_image","twitter_creator":"@narteks","twitter_site":"@narteks","twitter_misc":{"Yazan:":"Tar\u0131k","Tahmini okuma s\u00fcresi":"1 dakika"},"schema":{"@context":"https:\/\/schema.org","@graph":[{"@type":"Article","@id":"https:\/\/narteks.net\/index.php\/2011\/02\/26\/bana-dogru-gelen-kim\/#article","isPartOf":{"@id":"https:\/\/narteks.net\/index.php\/2011\/02\/26\/bana-dogru-gelen-kim\/"},"author":{"name":"Tar\u0131k","@id":"https:\/\/narteks.net\/#\/schema\/person\/61f37d9834294b72d31d274e7ed79bca"},"headline":"BANA DO\u011eRU GELEN K\u0130M","datePublished":"2011-02-26T18:33:58+00:00","mainEntityOfPage":{"@id":"https:\/\/narteks.net\/index.php\/2011\/02\/26\/bana-dogru-gelen-kim\/"},"wordCount":247,"commentCount":0,"publisher":{"@id":"https:\/\/narteks.net\/#organization"},"articleSection":["Nilg\u00fcn MARMARA"],"inLanguage":"tr","potentialAction":[{"@type":"CommentAction","name":"Comment","target":["https:\/\/narteks.net\/index.php\/2011\/02\/26\/bana-dogru-gelen-kim\/#respond"]}]},{"@type":"WebPage","@id":"https:\/\/narteks.net\/index.php\/2011\/02\/26\/bana-dogru-gelen-kim\/","url":"https:\/\/narteks.net\/index.php\/2011\/02\/26\/bana-dogru-gelen-kim\/","name":"BANA DO\u011eRU GELEN K\u0130M - narteks.net","isPartOf":{"@id":"https:\/\/narteks.net\/#website"},"datePublished":"2011-02-26T18:33:58+00:00","breadcrumb":{"@id":"https:\/\/narteks.net\/index.php\/2011\/02\/26\/bana-dogru-gelen-kim\/#breadcrumb"},"inLanguage":"tr","potentialAction":[{"@type":"ReadAction","target":["https:\/\/narteks.net\/index.php\/2011\/02\/26\/bana-dogru-gelen-kim\/"]}]},{"@type":"BreadcrumbList","@id":"https:\/\/narteks.net\/index.php\/2011\/02\/26\/bana-dogru-gelen-kim\/#breadcrumb","itemListElement":[{"@type":"ListItem","position":1,"name":"Anasayfa","item":"https:\/\/narteks.net\/"},{"@type":"ListItem","position":2,"name":"BANA DO\u011eRU GELEN K\u0130M"}]},{"@type":"WebSite","@id":"https:\/\/narteks.net\/#website","url":"https:\/\/narteks.net\/","name":"narteks.net","description":"K\u00fclt\u00fcr Sanat Edebiyat Felsefe","publisher":{"@id":"https:\/\/narteks.net\/#organization"},"alternateName":"K\u00fclt\u00fcr Sanat Edebiyat Felsefe","potentialAction":[{"@type":"SearchAction","target":{"@type":"EntryPoint","urlTemplate":"https:\/\/narteks.net\/?s={search_term_string}"},"query-input":{"@type":"PropertyValueSpecification","valueRequired":true,"valueName":"search_term_string"}}],"inLanguage":"tr"},{"@type":"Organization","@id":"https:\/\/narteks.net\/#organization","name":"narteks.net","url":"https:\/\/narteks.net\/","logo":{"@type":"ImageObject","inLanguage":"tr","@id":"https:\/\/narteks.net\/#\/schema\/logo\/image\/","url":"https:\/\/narteks.net\/wp-content\/uploads\/narteks.png","contentUrl":"https:\/\/narteks.net\/wp-content\/uploads\/narteks.png","width":300,"height":90,"caption":"narteks.net"},"image":{"@id":"https:\/\/narteks.net\/#\/schema\/logo\/image\/"},"sameAs":["https:\/\/x.com\/narteks","https:\/\/instagram.com\/narteksnet"]},{"@type":"Person","@id":"https:\/\/narteks.net\/#\/schema\/person\/61f37d9834294b72d31d274e7ed79bca","name":"Tar\u0131k","image":{"@type":"ImageObject","inLanguage":"tr","@id":"https:\/\/narteks.net\/#\/schema\/person\/image\/","url":"https:\/\/secure.gravatar.com\/avatar\/50865afb55632c4ae467e0af0930f6510aa2297d8014be502a55b14f3b7550cf?s=96&d=mm&r=g","contentUrl":"https:\/\/secure.gravatar.com\/avatar\/50865afb55632c4ae467e0af0930f6510aa2297d8014be502a55b14f3b7550cf?s=96&d=mm&r=g","caption":"Tar\u0131k"},"sameAs":["http:\/\/narteks.net"],"url":"https:\/\/narteks.net\/index.php\/author\/narbak\/"}]}},"_links":{"self":[{"href":"https:\/\/narteks.net\/index.php\/wp-json\/wp\/v2\/posts\/5226","targetHints":{"allow":["GET"]}}],"collection":[{"href":"https:\/\/narteks.net\/index.php\/wp-json\/wp\/v2\/posts"}],"about":[{"href":"https:\/\/narteks.net\/index.php\/wp-json\/wp\/v2\/types\/post"}],"author":[{"embeddable":true,"href":"https:\/\/narteks.net\/index.php\/wp-json\/wp\/v2\/users\/1"}],"replies":[{"embeddable":true,"href":"https:\/\/narteks.net\/index.php\/wp-json\/wp\/v2\/comments?post=5226"}],"version-history":[{"count":0,"href":"https:\/\/narteks.net\/index.php\/wp-json\/wp\/v2\/posts\/5226\/revisions"}],"wp:attachment":[{"href":"https:\/\/narteks.net\/index.php\/wp-json\/wp\/v2\/media?parent=5226"}],"wp:term":[{"taxonomy":"category","embeddable":true,"href":"https:\/\/narteks.net\/index.php\/wp-json\/wp\/v2\/categories?post=5226"},{"taxonomy":"post_tag","embeddable":true,"href":"https:\/\/narteks.net\/index.php\/wp-json\/wp\/v2\/tags?post=5226"}],"curies":[{"name":"wp","href":"https:\/\/api.w.org\/{rel}","templated":true}]}}