{"id":5244,"date":"2011-02-26T21:51:17","date_gmt":"2011-02-26T18:51:17","guid":{"rendered":"http:\/\/localhost\/wordpress\/2011\/02\/26\/yurek-kutup-tan-vakti\/"},"modified":"2011-02-26T21:51:17","modified_gmt":"2011-02-26T18:51:17","slug":"yurek-kutup-tan-vakti","status":"publish","type":"post","link":"https:\/\/narteks.net\/index.php\/2011\/02\/26\/yurek-kutup-tan-vakti\/","title":{"rendered":"Y\u00dcREK: KUTUP TAN VAKT\u0130"},"content":{"rendered":"<p>\u00a0<\/p>\n<p>Su \u0131l\u0131k burada.<br \/>Yine g\u00f6\u00e7 kendili\u011findendi,<br \/>Yine g\u00f6zlerim a\u00e7\u0131k.<br \/>Bu gizli alanda ne g\u00f6r\u00fcr\u00fcm, b\u00f6ylesine<br \/>mavi ve saf, tek ba\u015f\u0131na?<br \/>Ah! Bir oluk geceden acuna y\u00f6nelmi\u015f,<br \/>Bir a\u011fa\u00e7, ye\u015fil \u00e7\u0131\u011fl\u0131\u011f\u0131n\u0131 aya vuran<br \/>yapraklar\u0131yla.<br \/>Ben, buhar resitalini ya da buzulun<br \/>\u00e7a\u011fr\u0131s\u0131n\u0131 d\u00fc\u015flerim.<br \/>G\u00f6z g\u00f6z\u00fc g\u00f6rmesin, irisler donsun ya da!<br \/>Ses bo\u011fulsun,<br \/>Boyum bu boy kals\u0131n!<br \/>Y\u00fcre\u011fim bu \u00e7ifte olurlukta,<br \/>Il\u0131\u011f\u0131n en kar\u015f\u0131t\u0131, deli d\u00fc\u015fman\u0131,<br \/>Kutup tan\u0131n\u0131n kendisi olmaya ant i\u00e7erek,<br \/>Dilerse kardan, buzdan bir igloo olsun,<br \/>dilerse eritsin bu v\u00fccudu kendi i\u00e7 \u015fafa\u011f\u0131nda,<br \/>yunsun g\u00f6k ta\u015f\u0131nda!<\/p>\n<p>Su, \u015fimdi ayd\u0131nl\u0131k ve hafiftir,<br \/>Y\u00fczeyi \u00e7ok karanl\u0131kla solmu\u015f olsa da. <\/p>\n<p>Nilg\u00fcn MARMARA<\/p>\n","protected":false},"excerpt":{"rendered":"<p>\u00a0 Su \u0131l\u0131k burada.Yine g\u00f6\u00e7 kendili\u011findendi,Yine g\u00f6zlerim a\u00e7\u0131k.Bu gizli alanda ne g\u00f6r\u00fcr\u00fcm, b\u00f6ylesinemavi ve saf, tek ba\u015f\u0131na?Ah! Bir oluk geceden acuna y\u00f6nelmi\u015f,Bir a\u011fa\u00e7, ye\u015fil \u00e7\u0131\u011fl\u0131\u011f\u0131n\u0131 aya vuranyapraklar\u0131yla.Ben, buhar resitalini ya da buzulun\u00e7a\u011fr\u0131s\u0131n\u0131 d\u00fc\u015flerim.G\u00f6z g\u00f6z\u00fc g\u00f6rmesin, irisler donsun ya da!Ses bo\u011fulsun,Boyum bu boy kals\u0131n!Y\u00fcre\u011fim bu \u00e7ifte olurlukta,Il\u0131\u011f\u0131n en kar\u015f\u0131t\u0131, deli d\u00fc\u015fman\u0131,Kutup tan\u0131n\u0131n kendisi olmaya ant i\u00e7erek,Dilerse [&hellip;]<\/p>\n","protected":false},"author":1,"featured_media":0,"comment_status":"open","ping_status":"open","sticky":false,"template":"","format":"standard","meta":{"footnotes":""},"categories":[165],"tags":[],"class_list":{"0":"post-5244","1":"post","2":"type-post","3":"status-publish","4":"format-standard","6":"category-nilgun-marmara"},"yoast_head":"<!-- This site is optimized with the Yoast SEO Premium plugin v24.9 (Yoast SEO v24.9) - https:\/\/yoast.com\/wordpress\/plugins\/seo\/ -->\n<title>Y\u00dcREK: KUTUP TAN VAKT\u0130 - narteks.net<\/title>\n<meta name=\"robots\" content=\"index, follow, max-snippet:-1, max-image-preview:large, max-video-preview:-1\" \/>\n<link rel=\"canonical\" href=\"https:\/\/narteks.net\/index.php\/2011\/02\/26\/yurek-kutup-tan-vakti\/\" \/>\n<meta property=\"og:locale\" content=\"tr_TR\" \/>\n<meta property=\"og:type\" content=\"article\" \/>\n<meta property=\"og:title\" content=\"Y\u00dcREK: KUTUP TAN VAKT\u0130\" \/>\n<meta property=\"og:description\" content=\"\u00a0 Su \u0131l\u0131k burada.Yine g\u00f6\u00e7 kendili\u011findendi,Yine g\u00f6zlerim a\u00e7\u0131k.Bu gizli alanda ne g\u00f6r\u00fcr\u00fcm, b\u00f6ylesinemavi ve saf, tek ba\u015f\u0131na?Ah! Bir oluk geceden acuna y\u00f6nelmi\u015f,Bir a\u011fa\u00e7, ye\u015fil \u00e7\u0131\u011fl\u0131\u011f\u0131n\u0131 aya vuranyapraklar\u0131yla.Ben, buhar resitalini ya da buzulun\u00e7a\u011fr\u0131s\u0131n\u0131 d\u00fc\u015flerim.G\u00f6z g\u00f6z\u00fc g\u00f6rmesin, irisler donsun ya da!Ses bo\u011fulsun,Boyum bu boy kals\u0131n!Y\u00fcre\u011fim bu \u00e7ifte olurlukta,Il\u0131\u011f\u0131n en kar\u015f\u0131t\u0131, deli d\u00fc\u015fman\u0131,Kutup tan\u0131n\u0131n kendisi olmaya ant i\u00e7erek,Dilerse [&hellip;]\" \/>\n<meta property=\"og:url\" content=\"https:\/\/narteks.net\/index.php\/2011\/02\/26\/yurek-kutup-tan-vakti\/\" \/>\n<meta property=\"og:site_name\" content=\"narteks.net\" \/>\n<meta property=\"article:published_time\" content=\"2011-02-26T18:51:17+00:00\" \/>\n<meta property=\"og:image\" content=\"https:\/\/narteks.net\/wp-content\/uploads\/narteks.png\" \/>\n\t<meta property=\"og:image:width\" content=\"300\" \/>\n\t<meta property=\"og:image:height\" content=\"90\" \/>\n\t<meta property=\"og:image:type\" content=\"image\/png\" \/>\n<meta name=\"author\" content=\"Tar\u0131k\" \/>\n<meta name=\"twitter:card\" content=\"summary_large_image\" \/>\n<meta name=\"twitter:creator\" content=\"@narteks\" \/>\n<meta name=\"twitter:site\" content=\"@narteks\" \/>\n<meta name=\"twitter:label1\" content=\"Yazan:\" \/>\n\t<meta name=\"twitter:data1\" content=\"Tar\u0131k\" \/>\n\t<meta name=\"twitter:label2\" content=\"Tahmini okuma s\u00fcresi\" \/>\n\t<meta name=\"twitter:data2\" content=\"1 dakika\" \/>\n<script type=\"application\/ld+json\" class=\"yoast-schema-graph\">{\"@context\":\"https:\/\/schema.org\",\"@graph\":[{\"@type\":\"Article\",\"@id\":\"https:\/\/narteks.net\/index.php\/2011\/02\/26\/yurek-kutup-tan-vakti\/#article\",\"isPartOf\":{\"@id\":\"https:\/\/narteks.net\/index.php\/2011\/02\/26\/yurek-kutup-tan-vakti\/\"},\"author\":{\"name\":\"Tar\u0131k\",\"@id\":\"https:\/\/narteks.net\/#\/schema\/person\/61f37d9834294b72d31d274e7ed79bca\"},\"headline\":\"Y\u00dcREK: KUTUP TAN VAKT\u0130\",\"datePublished\":\"2011-02-26T18:51:17+00:00\",\"mainEntityOfPage\":{\"@id\":\"https:\/\/narteks.net\/index.php\/2011\/02\/26\/yurek-kutup-tan-vakti\/\"},\"wordCount\":141,\"commentCount\":0,\"publisher\":{\"@id\":\"https:\/\/narteks.net\/#organization\"},\"articleSection\":[\"Nilg\u00fcn MARMARA\"],\"inLanguage\":\"tr\",\"potentialAction\":[{\"@type\":\"CommentAction\",\"name\":\"Comment\",\"target\":[\"https:\/\/narteks.net\/index.php\/2011\/02\/26\/yurek-kutup-tan-vakti\/#respond\"]}]},{\"@type\":\"WebPage\",\"@id\":\"https:\/\/narteks.net\/index.php\/2011\/02\/26\/yurek-kutup-tan-vakti\/\",\"url\":\"https:\/\/narteks.net\/index.php\/2011\/02\/26\/yurek-kutup-tan-vakti\/\",\"name\":\"Y\u00dcREK: KUTUP TAN VAKT\u0130 - narteks.net\",\"isPartOf\":{\"@id\":\"https:\/\/narteks.net\/#website\"},\"datePublished\":\"2011-02-26T18:51:17+00:00\",\"breadcrumb\":{\"@id\":\"https:\/\/narteks.net\/index.php\/2011\/02\/26\/yurek-kutup-tan-vakti\/#breadcrumb\"},\"inLanguage\":\"tr\",\"potentialAction\":[{\"@type\":\"ReadAction\",\"target\":[\"https:\/\/narteks.net\/index.php\/2011\/02\/26\/yurek-kutup-tan-vakti\/\"]}]},{\"@type\":\"BreadcrumbList\",\"@id\":\"https:\/\/narteks.net\/index.php\/2011\/02\/26\/yurek-kutup-tan-vakti\/#breadcrumb\",\"itemListElement\":[{\"@type\":\"ListItem\",\"position\":1,\"name\":\"Anasayfa\",\"item\":\"https:\/\/narteks.net\/\"},{\"@type\":\"ListItem\",\"position\":2,\"name\":\"Y\u00dcREK: KUTUP TAN VAKT\u0130\"}]},{\"@type\":\"WebSite\",\"@id\":\"https:\/\/narteks.net\/#website\",\"url\":\"https:\/\/narteks.net\/\",\"name\":\"narteks.net\",\"description\":\"K\u00fclt\u00fcr Sanat Edebiyat Felsefe\",\"publisher\":{\"@id\":\"https:\/\/narteks.net\/#organization\"},\"alternateName\":\"K\u00fclt\u00fcr Sanat Edebiyat Felsefe\",\"potentialAction\":[{\"@type\":\"SearchAction\",\"target\":{\"@type\":\"EntryPoint\",\"urlTemplate\":\"https:\/\/narteks.net\/?s={search_term_string}\"},\"query-input\":{\"@type\":\"PropertyValueSpecification\",\"valueRequired\":true,\"valueName\":\"search_term_string\"}}],\"inLanguage\":\"tr\"},{\"@type\":\"Organization\",\"@id\":\"https:\/\/narteks.net\/#organization\",\"name\":\"narteks.net\",\"url\":\"https:\/\/narteks.net\/\",\"logo\":{\"@type\":\"ImageObject\",\"inLanguage\":\"tr\",\"@id\":\"https:\/\/narteks.net\/#\/schema\/logo\/image\/\",\"url\":\"https:\/\/narteks.net\/wp-content\/uploads\/narteks.png\",\"contentUrl\":\"https:\/\/narteks.net\/wp-content\/uploads\/narteks.png\",\"width\":300,\"height\":90,\"caption\":\"narteks.net\"},\"image\":{\"@id\":\"https:\/\/narteks.net\/#\/schema\/logo\/image\/\"},\"sameAs\":[\"https:\/\/x.com\/narteks\",\"https:\/\/instagram.com\/narteksnet\"]},{\"@type\":\"Person\",\"@id\":\"https:\/\/narteks.net\/#\/schema\/person\/61f37d9834294b72d31d274e7ed79bca\",\"name\":\"Tar\u0131k\",\"image\":{\"@type\":\"ImageObject\",\"inLanguage\":\"tr\",\"@id\":\"https:\/\/narteks.net\/#\/schema\/person\/image\/\",\"url\":\"https:\/\/secure.gravatar.com\/avatar\/50865afb55632c4ae467e0af0930f6510aa2297d8014be502a55b14f3b7550cf?s=96&d=mm&r=g\",\"contentUrl\":\"https:\/\/secure.gravatar.com\/avatar\/50865afb55632c4ae467e0af0930f6510aa2297d8014be502a55b14f3b7550cf?s=96&d=mm&r=g\",\"caption\":\"Tar\u0131k\"},\"sameAs\":[\"http:\/\/narteks.net\"],\"url\":\"https:\/\/narteks.net\/index.php\/author\/narbak\/\"}]}<\/script>\n<!-- \/ Yoast SEO Premium plugin. -->","yoast_head_json":{"title":"Y\u00dcREK: KUTUP TAN VAKT\u0130 - narteks.net","robots":{"index":"index","follow":"follow","max-snippet":"max-snippet:-1","max-image-preview":"max-image-preview:large","max-video-preview":"max-video-preview:-1"},"canonical":"https:\/\/narteks.net\/index.php\/2011\/02\/26\/yurek-kutup-tan-vakti\/","og_locale":"tr_TR","og_type":"article","og_title":"Y\u00dcREK: KUTUP TAN VAKT\u0130","og_description":"\u00a0 Su \u0131l\u0131k burada.Yine g\u00f6\u00e7 kendili\u011findendi,Yine g\u00f6zlerim a\u00e7\u0131k.Bu gizli alanda ne g\u00f6r\u00fcr\u00fcm, b\u00f6ylesinemavi ve saf, tek ba\u015f\u0131na?Ah! Bir oluk geceden acuna y\u00f6nelmi\u015f,Bir a\u011fa\u00e7, ye\u015fil \u00e7\u0131\u011fl\u0131\u011f\u0131n\u0131 aya vuranyapraklar\u0131yla.Ben, buhar resitalini ya da buzulun\u00e7a\u011fr\u0131s\u0131n\u0131 d\u00fc\u015flerim.G\u00f6z g\u00f6z\u00fc g\u00f6rmesin, irisler donsun ya da!Ses bo\u011fulsun,Boyum bu boy kals\u0131n!Y\u00fcre\u011fim bu \u00e7ifte olurlukta,Il\u0131\u011f\u0131n en kar\u015f\u0131t\u0131, deli d\u00fc\u015fman\u0131,Kutup tan\u0131n\u0131n kendisi olmaya ant i\u00e7erek,Dilerse [&hellip;]","og_url":"https:\/\/narteks.net\/index.php\/2011\/02\/26\/yurek-kutup-tan-vakti\/","og_site_name":"narteks.net","article_published_time":"2011-02-26T18:51:17+00:00","og_image":[{"width":300,"height":90,"url":"https:\/\/narteks.net\/wp-content\/uploads\/narteks.png","type":"image\/png"}],"author":"Tar\u0131k","twitter_card":"summary_large_image","twitter_creator":"@narteks","twitter_site":"@narteks","twitter_misc":{"Yazan:":"Tar\u0131k","Tahmini okuma s\u00fcresi":"1 dakika"},"schema":{"@context":"https:\/\/schema.org","@graph":[{"@type":"Article","@id":"https:\/\/narteks.net\/index.php\/2011\/02\/26\/yurek-kutup-tan-vakti\/#article","isPartOf":{"@id":"https:\/\/narteks.net\/index.php\/2011\/02\/26\/yurek-kutup-tan-vakti\/"},"author":{"name":"Tar\u0131k","@id":"https:\/\/narteks.net\/#\/schema\/person\/61f37d9834294b72d31d274e7ed79bca"},"headline":"Y\u00dcREK: KUTUP TAN VAKT\u0130","datePublished":"2011-02-26T18:51:17+00:00","mainEntityOfPage":{"@id":"https:\/\/narteks.net\/index.php\/2011\/02\/26\/yurek-kutup-tan-vakti\/"},"wordCount":141,"commentCount":0,"publisher":{"@id":"https:\/\/narteks.net\/#organization"},"articleSection":["Nilg\u00fcn MARMARA"],"inLanguage":"tr","potentialAction":[{"@type":"CommentAction","name":"Comment","target":["https:\/\/narteks.net\/index.php\/2011\/02\/26\/yurek-kutup-tan-vakti\/#respond"]}]},{"@type":"WebPage","@id":"https:\/\/narteks.net\/index.php\/2011\/02\/26\/yurek-kutup-tan-vakti\/","url":"https:\/\/narteks.net\/index.php\/2011\/02\/26\/yurek-kutup-tan-vakti\/","name":"Y\u00dcREK: KUTUP TAN VAKT\u0130 - narteks.net","isPartOf":{"@id":"https:\/\/narteks.net\/#website"},"datePublished":"2011-02-26T18:51:17+00:00","breadcrumb":{"@id":"https:\/\/narteks.net\/index.php\/2011\/02\/26\/yurek-kutup-tan-vakti\/#breadcrumb"},"inLanguage":"tr","potentialAction":[{"@type":"ReadAction","target":["https:\/\/narteks.net\/index.php\/2011\/02\/26\/yurek-kutup-tan-vakti\/"]}]},{"@type":"BreadcrumbList","@id":"https:\/\/narteks.net\/index.php\/2011\/02\/26\/yurek-kutup-tan-vakti\/#breadcrumb","itemListElement":[{"@type":"ListItem","position":1,"name":"Anasayfa","item":"https:\/\/narteks.net\/"},{"@type":"ListItem","position":2,"name":"Y\u00dcREK: KUTUP TAN VAKT\u0130"}]},{"@type":"WebSite","@id":"https:\/\/narteks.net\/#website","url":"https:\/\/narteks.net\/","name":"narteks.net","description":"K\u00fclt\u00fcr Sanat Edebiyat Felsefe","publisher":{"@id":"https:\/\/narteks.net\/#organization"},"alternateName":"K\u00fclt\u00fcr Sanat Edebiyat Felsefe","potentialAction":[{"@type":"SearchAction","target":{"@type":"EntryPoint","urlTemplate":"https:\/\/narteks.net\/?s={search_term_string}"},"query-input":{"@type":"PropertyValueSpecification","valueRequired":true,"valueName":"search_term_string"}}],"inLanguage":"tr"},{"@type":"Organization","@id":"https:\/\/narteks.net\/#organization","name":"narteks.net","url":"https:\/\/narteks.net\/","logo":{"@type":"ImageObject","inLanguage":"tr","@id":"https:\/\/narteks.net\/#\/schema\/logo\/image\/","url":"https:\/\/narteks.net\/wp-content\/uploads\/narteks.png","contentUrl":"https:\/\/narteks.net\/wp-content\/uploads\/narteks.png","width":300,"height":90,"caption":"narteks.net"},"image":{"@id":"https:\/\/narteks.net\/#\/schema\/logo\/image\/"},"sameAs":["https:\/\/x.com\/narteks","https:\/\/instagram.com\/narteksnet"]},{"@type":"Person","@id":"https:\/\/narteks.net\/#\/schema\/person\/61f37d9834294b72d31d274e7ed79bca","name":"Tar\u0131k","image":{"@type":"ImageObject","inLanguage":"tr","@id":"https:\/\/narteks.net\/#\/schema\/person\/image\/","url":"https:\/\/secure.gravatar.com\/avatar\/50865afb55632c4ae467e0af0930f6510aa2297d8014be502a55b14f3b7550cf?s=96&d=mm&r=g","contentUrl":"https:\/\/secure.gravatar.com\/avatar\/50865afb55632c4ae467e0af0930f6510aa2297d8014be502a55b14f3b7550cf?s=96&d=mm&r=g","caption":"Tar\u0131k"},"sameAs":["http:\/\/narteks.net"],"url":"https:\/\/narteks.net\/index.php\/author\/narbak\/"}]}},"_links":{"self":[{"href":"https:\/\/narteks.net\/index.php\/wp-json\/wp\/v2\/posts\/5244","targetHints":{"allow":["GET"]}}],"collection":[{"href":"https:\/\/narteks.net\/index.php\/wp-json\/wp\/v2\/posts"}],"about":[{"href":"https:\/\/narteks.net\/index.php\/wp-json\/wp\/v2\/types\/post"}],"author":[{"embeddable":true,"href":"https:\/\/narteks.net\/index.php\/wp-json\/wp\/v2\/users\/1"}],"replies":[{"embeddable":true,"href":"https:\/\/narteks.net\/index.php\/wp-json\/wp\/v2\/comments?post=5244"}],"version-history":[{"count":0,"href":"https:\/\/narteks.net\/index.php\/wp-json\/wp\/v2\/posts\/5244\/revisions"}],"wp:attachment":[{"href":"https:\/\/narteks.net\/index.php\/wp-json\/wp\/v2\/media?parent=5244"}],"wp:term":[{"taxonomy":"category","embeddable":true,"href":"https:\/\/narteks.net\/index.php\/wp-json\/wp\/v2\/categories?post=5244"},{"taxonomy":"post_tag","embeddable":true,"href":"https:\/\/narteks.net\/index.php\/wp-json\/wp\/v2\/tags?post=5244"}],"curies":[{"name":"wp","href":"https:\/\/api.w.org\/{rel}","templated":true}]}}