{"id":5245,"date":"2011-02-26T21:53:02","date_gmt":"2011-02-26T18:53:02","guid":{"rendered":"http:\/\/localhost\/wordpress\/2011\/02\/26\/nilgun-marmara-biyografisi\/"},"modified":"2011-02-26T21:53:02","modified_gmt":"2011-02-26T18:53:02","slug":"nilgun-marmara-biyografisi","status":"publish","type":"post","link":"https:\/\/narteks.net\/index.php\/2011\/02\/26\/nilgun-marmara-biyografisi\/","title":{"rendered":"Nilg\u00fcn MARMARA Biyografisi"},"content":{"rendered":"<p><img loading=\"lazy\" decoding=\"async\" src=\"http:\/\/1.bp.blogspot.com\/_jj_Z79Oe7Qc\/TH_BNA_PBTI\/AAAAAAAAAQk\/CcH7IiHXGgg\/s1600\/Nilgun+Marmara.jpg\" width=\"155\" height=\"205\" border=\"0\" \/><\/p>\n<p style=\"text-align: justify;\">1958 y\u0131l\u0131nda \u0130stanbul&#8217;da do\u011fdu. Ortaokul ve liseyi Kad\u0131k\u00f6y Maarif Koleji ve Anadolu Lisesi&#8217;nde bitirip, y\u00fcksek \u00f6\u011frenimini Bo\u011fazi\u00e7i \u00dcniversitesi \u0130ngiliz Dili ve Edebiyat\u0131 B\u00f6l\u00fcm\u00fc&#8217;nde tamamlad\u0131.<\/p>\n<p>Sylvia Plath \u00fczerine incelemeler yapt\u0131. Plath&#8217;\u0131n bireyin yaln\u0131zl\u0131\u011f\u0131na ve varolu\u015f sorununa bak\u0131\u015f\u0131 gen\u00e7 \u015fairi etkiledi. Nilg\u00fcn Marmara, \u015fiirlerinde \u00e7o\u011funlukla, 1. tekil ki\u015finin d\u00fc\u015fle ger\u00e7ek aras\u0131nda gidip gelen, k\u0131r\u0131lgan izleklerini kulland\u0131.<\/p>\n<p>\u00c7e\u015fitli dergilerde \u015fiirleri yay\u0131mland\u0131. K\u00fc\u00e7\u00fck \u0130skender, Lale M\u00fcld\u00fcr, Orhan Alkaya, Cezmi Ers\u00f6z, Ece Ayhan, G\u00fclseli \u0130nal, Onur G\u00f6knil ve Serdar Ayd\u0131n gibi \u015fairleri derinden etkiledi.<\/p>\n<p>Sylvia Plath sevgisi, Marmara&#8217;y\u0131 \u00f6l\u00fcmde de sevdi\u011fi \u015fairin yazg\u0131s\u0131yla birle\u015ftirdi. 13 Ekim 1987&#8217;de hen\u00fcz 29 ya\u015f\u0131ndayken &#8220;ya\u015fama kar\u015f\u0131 \u00f6l\u00fcm&#8221; dedi ve intihar etti. K\u0131rm\u0131z\u0131 Kahverengi Defter ad\u0131yla yay\u0131nlanan g\u00fcnl\u00fc\u011f\u00fcnde &#8220;hayat\u0131n neresinden d\u00f6n\u00fclse k\u00e2rd\u0131r&#8221; ifadesi yer almaktad\u0131r.<\/p>\n<p><strong>Eserleri<\/strong><\/p>\n<p>\u015eiir<\/p>\n<p> * Daktiloya \u00c7ekilmi\u015f \u015eiirler (1988)<br \/> * Metinler(1990)<\/p>\n<p>G\u00fcnl\u00fck<\/p>\n<p> * K\u0131rm\u0131z\u0131 Kahverengi Defter (G\u00fclseli \u0130nal taraf\u0131ndan haz\u0131rland\u0131, 1993)<\/p>\n<p>\u0130nceleme<\/p>\n<p> * Sylvia Plath&#8217;\u0131n \u015eairli\u011finin \u0130ntihar\u0131 Ba\u011flam\u0131nda Analizi (1985, Dost K\u00f6rpe taraf\u0131ndan 20 y\u0131l sonra T\u00fcrk\u00e7e&#8217;ye \u00e7evrildi)<\/p>\n","protected":false},"excerpt":{"rendered":"<p>1958 y\u0131l\u0131nda \u0130stanbul&#8217;da do\u011fdu. Ortaokul ve liseyi Kad\u0131k\u00f6y Maarif Koleji ve Anadolu Lisesi&#8217;nde bitirip, y\u00fcksek \u00f6\u011frenimini Bo\u011fazi\u00e7i \u00dcniversitesi \u0130ngiliz Dili ve Edebiyat\u0131 B\u00f6l\u00fcm\u00fc&#8217;nde tamamlad\u0131. Sylvia Plath \u00fczerine incelemeler yapt\u0131. Plath&#8217;\u0131n bireyin yaln\u0131zl\u0131\u011f\u0131na ve varolu\u015f sorununa bak\u0131\u015f\u0131 gen\u00e7 \u015fairi etkiledi. Nilg\u00fcn Marmara, \u015fiirlerinde \u00e7o\u011funlukla, 1. tekil ki\u015finin d\u00fc\u015fle ger\u00e7ek aras\u0131nda gidip gelen, k\u0131r\u0131lgan izleklerini kulland\u0131. \u00c7e\u015fitli [&hellip;]<\/p>\n","protected":false},"author":1,"featured_media":0,"comment_status":"open","ping_status":"open","sticky":false,"template":"","format":"standard","meta":{"footnotes":""},"categories":[165],"tags":[],"class_list":{"0":"post-5245","1":"post","2":"type-post","3":"status-publish","4":"format-standard","6":"category-nilgun-marmara"},"yoast_head":"<!-- This site is optimized with the Yoast SEO Premium plugin v24.9 (Yoast SEO v24.9) - https:\/\/yoast.com\/wordpress\/plugins\/seo\/ -->\n<title>Nilg\u00fcn MARMARA Biyografisi - narteks.net<\/title>\n<meta name=\"robots\" content=\"index, follow, max-snippet:-1, max-image-preview:large, max-video-preview:-1\" \/>\n<link rel=\"canonical\" href=\"https:\/\/narteks.net\/index.php\/2011\/02\/26\/nilgun-marmara-biyografisi\/\" \/>\n<meta property=\"og:locale\" content=\"tr_TR\" \/>\n<meta property=\"og:type\" content=\"article\" \/>\n<meta property=\"og:title\" content=\"Nilg\u00fcn MARMARA Biyografisi\" \/>\n<meta property=\"og:description\" content=\"1958 y\u0131l\u0131nda \u0130stanbul&#8217;da do\u011fdu. Ortaokul ve liseyi Kad\u0131k\u00f6y Maarif Koleji ve Anadolu Lisesi&#8217;nde bitirip, y\u00fcksek \u00f6\u011frenimini Bo\u011fazi\u00e7i \u00dcniversitesi \u0130ngiliz Dili ve Edebiyat\u0131 B\u00f6l\u00fcm\u00fc&#8217;nde tamamlad\u0131. Sylvia Plath \u00fczerine incelemeler yapt\u0131. Plath&#8217;\u0131n bireyin yaln\u0131zl\u0131\u011f\u0131na ve varolu\u015f sorununa bak\u0131\u015f\u0131 gen\u00e7 \u015fairi etkiledi. Nilg\u00fcn Marmara, \u015fiirlerinde \u00e7o\u011funlukla, 1. tekil ki\u015finin d\u00fc\u015fle ger\u00e7ek aras\u0131nda gidip gelen, k\u0131r\u0131lgan izleklerini kulland\u0131. \u00c7e\u015fitli [&hellip;]\" \/>\n<meta property=\"og:url\" content=\"https:\/\/narteks.net\/index.php\/2011\/02\/26\/nilgun-marmara-biyografisi\/\" \/>\n<meta property=\"og:site_name\" content=\"narteks.net\" \/>\n<meta property=\"article:published_time\" content=\"2011-02-26T18:53:02+00:00\" \/>\n<meta property=\"og:image\" content=\"http:\/\/1.bp.blogspot.com\/_jj_Z79Oe7Qc\/TH_BNA_PBTI\/AAAAAAAAAQk\/CcH7IiHXGgg\/s1600\/Nilgun+Marmara.jpg\" \/>\n<meta name=\"author\" content=\"Tar\u0131k\" \/>\n<meta name=\"twitter:card\" content=\"summary_large_image\" \/>\n<meta name=\"twitter:creator\" content=\"@narteks\" \/>\n<meta name=\"twitter:site\" content=\"@narteks\" \/>\n<meta name=\"twitter:label1\" content=\"Yazan:\" \/>\n\t<meta name=\"twitter:data1\" content=\"Tar\u0131k\" \/>\n\t<meta name=\"twitter:label2\" content=\"Tahmini okuma s\u00fcresi\" \/>\n\t<meta name=\"twitter:data2\" content=\"1 dakika\" \/>\n<script type=\"application\/ld+json\" class=\"yoast-schema-graph\">{\"@context\":\"https:\/\/schema.org\",\"@graph\":[{\"@type\":\"Article\",\"@id\":\"https:\/\/narteks.net\/index.php\/2011\/02\/26\/nilgun-marmara-biyografisi\/#article\",\"isPartOf\":{\"@id\":\"https:\/\/narteks.net\/index.php\/2011\/02\/26\/nilgun-marmara-biyografisi\/\"},\"author\":{\"name\":\"Tar\u0131k\",\"@id\":\"https:\/\/narteks.net\/#\/schema\/person\/61f37d9834294b72d31d274e7ed79bca\"},\"headline\":\"Nilg\u00fcn MARMARA Biyografisi\",\"datePublished\":\"2011-02-26T18:53:02+00:00\",\"mainEntityOfPage\":{\"@id\":\"https:\/\/narteks.net\/index.php\/2011\/02\/26\/nilgun-marmara-biyografisi\/\"},\"wordCount\":211,\"commentCount\":0,\"publisher\":{\"@id\":\"https:\/\/narteks.net\/#organization\"},\"image\":{\"@id\":\"https:\/\/narteks.net\/index.php\/2011\/02\/26\/nilgun-marmara-biyografisi\/#primaryimage\"},\"thumbnailUrl\":\"http:\/\/1.bp.blogspot.com\/_jj_Z79Oe7Qc\/TH_BNA_PBTI\/AAAAAAAAAQk\/CcH7IiHXGgg\/s1600\/Nilgun+Marmara.jpg\",\"articleSection\":[\"Nilg\u00fcn MARMARA\"],\"inLanguage\":\"tr\",\"potentialAction\":[{\"@type\":\"CommentAction\",\"name\":\"Comment\",\"target\":[\"https:\/\/narteks.net\/index.php\/2011\/02\/26\/nilgun-marmara-biyografisi\/#respond\"]}]},{\"@type\":\"WebPage\",\"@id\":\"https:\/\/narteks.net\/index.php\/2011\/02\/26\/nilgun-marmara-biyografisi\/\",\"url\":\"https:\/\/narteks.net\/index.php\/2011\/02\/26\/nilgun-marmara-biyografisi\/\",\"name\":\"Nilg\u00fcn MARMARA Biyografisi - narteks.net\",\"isPartOf\":{\"@id\":\"https:\/\/narteks.net\/#website\"},\"primaryImageOfPage\":{\"@id\":\"https:\/\/narteks.net\/index.php\/2011\/02\/26\/nilgun-marmara-biyografisi\/#primaryimage\"},\"image\":{\"@id\":\"https:\/\/narteks.net\/index.php\/2011\/02\/26\/nilgun-marmara-biyografisi\/#primaryimage\"},\"thumbnailUrl\":\"http:\/\/1.bp.blogspot.com\/_jj_Z79Oe7Qc\/TH_BNA_PBTI\/AAAAAAAAAQk\/CcH7IiHXGgg\/s1600\/Nilgun+Marmara.jpg\",\"datePublished\":\"2011-02-26T18:53:02+00:00\",\"breadcrumb\":{\"@id\":\"https:\/\/narteks.net\/index.php\/2011\/02\/26\/nilgun-marmara-biyografisi\/#breadcrumb\"},\"inLanguage\":\"tr\",\"potentialAction\":[{\"@type\":\"ReadAction\",\"target\":[\"https:\/\/narteks.net\/index.php\/2011\/02\/26\/nilgun-marmara-biyografisi\/\"]}]},{\"@type\":\"ImageObject\",\"inLanguage\":\"tr\",\"@id\":\"https:\/\/narteks.net\/index.php\/2011\/02\/26\/nilgun-marmara-biyografisi\/#primaryimage\",\"url\":\"http:\/\/1.bp.blogspot.com\/_jj_Z79Oe7Qc\/TH_BNA_PBTI\/AAAAAAAAAQk\/CcH7IiHXGgg\/s1600\/Nilgun+Marmara.jpg\",\"contentUrl\":\"http:\/\/1.bp.blogspot.com\/_jj_Z79Oe7Qc\/TH_BNA_PBTI\/AAAAAAAAAQk\/CcH7IiHXGgg\/s1600\/Nilgun+Marmara.jpg\"},{\"@type\":\"BreadcrumbList\",\"@id\":\"https:\/\/narteks.net\/index.php\/2011\/02\/26\/nilgun-marmara-biyografisi\/#breadcrumb\",\"itemListElement\":[{\"@type\":\"ListItem\",\"position\":1,\"name\":\"Anasayfa\",\"item\":\"https:\/\/narteks.net\/\"},{\"@type\":\"ListItem\",\"position\":2,\"name\":\"Nilg\u00fcn MARMARA Biyografisi\"}]},{\"@type\":\"WebSite\",\"@id\":\"https:\/\/narteks.net\/#website\",\"url\":\"https:\/\/narteks.net\/\",\"name\":\"narteks.net\",\"description\":\"K\u00fclt\u00fcr Sanat Edebiyat Felsefe\",\"publisher\":{\"@id\":\"https:\/\/narteks.net\/#organization\"},\"alternateName\":\"K\u00fclt\u00fcr Sanat Edebiyat Felsefe\",\"potentialAction\":[{\"@type\":\"SearchAction\",\"target\":{\"@type\":\"EntryPoint\",\"urlTemplate\":\"https:\/\/narteks.net\/?s={search_term_string}\"},\"query-input\":{\"@type\":\"PropertyValueSpecification\",\"valueRequired\":true,\"valueName\":\"search_term_string\"}}],\"inLanguage\":\"tr\"},{\"@type\":\"Organization\",\"@id\":\"https:\/\/narteks.net\/#organization\",\"name\":\"narteks.net\",\"url\":\"https:\/\/narteks.net\/\",\"logo\":{\"@type\":\"ImageObject\",\"inLanguage\":\"tr\",\"@id\":\"https:\/\/narteks.net\/#\/schema\/logo\/image\/\",\"url\":\"https:\/\/narteks.net\/wp-content\/uploads\/narteks.png\",\"contentUrl\":\"https:\/\/narteks.net\/wp-content\/uploads\/narteks.png\",\"width\":300,\"height\":90,\"caption\":\"narteks.net\"},\"image\":{\"@id\":\"https:\/\/narteks.net\/#\/schema\/logo\/image\/\"},\"sameAs\":[\"https:\/\/x.com\/narteks\",\"https:\/\/instagram.com\/narteksnet\"]},{\"@type\":\"Person\",\"@id\":\"https:\/\/narteks.net\/#\/schema\/person\/61f37d9834294b72d31d274e7ed79bca\",\"name\":\"Tar\u0131k\",\"image\":{\"@type\":\"ImageObject\",\"inLanguage\":\"tr\",\"@id\":\"https:\/\/narteks.net\/#\/schema\/person\/image\/\",\"url\":\"https:\/\/secure.gravatar.com\/avatar\/50865afb55632c4ae467e0af0930f6510aa2297d8014be502a55b14f3b7550cf?s=96&d=mm&r=g\",\"contentUrl\":\"https:\/\/secure.gravatar.com\/avatar\/50865afb55632c4ae467e0af0930f6510aa2297d8014be502a55b14f3b7550cf?s=96&d=mm&r=g\",\"caption\":\"Tar\u0131k\"},\"sameAs\":[\"http:\/\/narteks.net\"],\"url\":\"https:\/\/narteks.net\/index.php\/author\/narbak\/\"}]}<\/script>\n<!-- \/ Yoast SEO Premium plugin. -->","yoast_head_json":{"title":"Nilg\u00fcn MARMARA Biyografisi - narteks.net","robots":{"index":"index","follow":"follow","max-snippet":"max-snippet:-1","max-image-preview":"max-image-preview:large","max-video-preview":"max-video-preview:-1"},"canonical":"https:\/\/narteks.net\/index.php\/2011\/02\/26\/nilgun-marmara-biyografisi\/","og_locale":"tr_TR","og_type":"article","og_title":"Nilg\u00fcn MARMARA Biyografisi","og_description":"1958 y\u0131l\u0131nda \u0130stanbul&#8217;da do\u011fdu. Ortaokul ve liseyi Kad\u0131k\u00f6y Maarif Koleji ve Anadolu Lisesi&#8217;nde bitirip, y\u00fcksek \u00f6\u011frenimini Bo\u011fazi\u00e7i \u00dcniversitesi \u0130ngiliz Dili ve Edebiyat\u0131 B\u00f6l\u00fcm\u00fc&#8217;nde tamamlad\u0131. Sylvia Plath \u00fczerine incelemeler yapt\u0131. Plath&#8217;\u0131n bireyin yaln\u0131zl\u0131\u011f\u0131na ve varolu\u015f sorununa bak\u0131\u015f\u0131 gen\u00e7 \u015fairi etkiledi. Nilg\u00fcn Marmara, \u015fiirlerinde \u00e7o\u011funlukla, 1. tekil ki\u015finin d\u00fc\u015fle ger\u00e7ek aras\u0131nda gidip gelen, k\u0131r\u0131lgan izleklerini kulland\u0131. \u00c7e\u015fitli [&hellip;]","og_url":"https:\/\/narteks.net\/index.php\/2011\/02\/26\/nilgun-marmara-biyografisi\/","og_site_name":"narteks.net","article_published_time":"2011-02-26T18:53:02+00:00","og_image":[{"url":"http:\/\/1.bp.blogspot.com\/_jj_Z79Oe7Qc\/TH_BNA_PBTI\/AAAAAAAAAQk\/CcH7IiHXGgg\/s1600\/Nilgun+Marmara.jpg","type":"","width":"","height":""}],"author":"Tar\u0131k","twitter_card":"summary_large_image","twitter_creator":"@narteks","twitter_site":"@narteks","twitter_misc":{"Yazan:":"Tar\u0131k","Tahmini okuma s\u00fcresi":"1 dakika"},"schema":{"@context":"https:\/\/schema.org","@graph":[{"@type":"Article","@id":"https:\/\/narteks.net\/index.php\/2011\/02\/26\/nilgun-marmara-biyografisi\/#article","isPartOf":{"@id":"https:\/\/narteks.net\/index.php\/2011\/02\/26\/nilgun-marmara-biyografisi\/"},"author":{"name":"Tar\u0131k","@id":"https:\/\/narteks.net\/#\/schema\/person\/61f37d9834294b72d31d274e7ed79bca"},"headline":"Nilg\u00fcn MARMARA Biyografisi","datePublished":"2011-02-26T18:53:02+00:00","mainEntityOfPage":{"@id":"https:\/\/narteks.net\/index.php\/2011\/02\/26\/nilgun-marmara-biyografisi\/"},"wordCount":211,"commentCount":0,"publisher":{"@id":"https:\/\/narteks.net\/#organization"},"image":{"@id":"https:\/\/narteks.net\/index.php\/2011\/02\/26\/nilgun-marmara-biyografisi\/#primaryimage"},"thumbnailUrl":"http:\/\/1.bp.blogspot.com\/_jj_Z79Oe7Qc\/TH_BNA_PBTI\/AAAAAAAAAQk\/CcH7IiHXGgg\/s1600\/Nilgun+Marmara.jpg","articleSection":["Nilg\u00fcn MARMARA"],"inLanguage":"tr","potentialAction":[{"@type":"CommentAction","name":"Comment","target":["https:\/\/narteks.net\/index.php\/2011\/02\/26\/nilgun-marmara-biyografisi\/#respond"]}]},{"@type":"WebPage","@id":"https:\/\/narteks.net\/index.php\/2011\/02\/26\/nilgun-marmara-biyografisi\/","url":"https:\/\/narteks.net\/index.php\/2011\/02\/26\/nilgun-marmara-biyografisi\/","name":"Nilg\u00fcn MARMARA Biyografisi - narteks.net","isPartOf":{"@id":"https:\/\/narteks.net\/#website"},"primaryImageOfPage":{"@id":"https:\/\/narteks.net\/index.php\/2011\/02\/26\/nilgun-marmara-biyografisi\/#primaryimage"},"image":{"@id":"https:\/\/narteks.net\/index.php\/2011\/02\/26\/nilgun-marmara-biyografisi\/#primaryimage"},"thumbnailUrl":"http:\/\/1.bp.blogspot.com\/_jj_Z79Oe7Qc\/TH_BNA_PBTI\/AAAAAAAAAQk\/CcH7IiHXGgg\/s1600\/Nilgun+Marmara.jpg","datePublished":"2011-02-26T18:53:02+00:00","breadcrumb":{"@id":"https:\/\/narteks.net\/index.php\/2011\/02\/26\/nilgun-marmara-biyografisi\/#breadcrumb"},"inLanguage":"tr","potentialAction":[{"@type":"ReadAction","target":["https:\/\/narteks.net\/index.php\/2011\/02\/26\/nilgun-marmara-biyografisi\/"]}]},{"@type":"ImageObject","inLanguage":"tr","@id":"https:\/\/narteks.net\/index.php\/2011\/02\/26\/nilgun-marmara-biyografisi\/#primaryimage","url":"http:\/\/1.bp.blogspot.com\/_jj_Z79Oe7Qc\/TH_BNA_PBTI\/AAAAAAAAAQk\/CcH7IiHXGgg\/s1600\/Nilgun+Marmara.jpg","contentUrl":"http:\/\/1.bp.blogspot.com\/_jj_Z79Oe7Qc\/TH_BNA_PBTI\/AAAAAAAAAQk\/CcH7IiHXGgg\/s1600\/Nilgun+Marmara.jpg"},{"@type":"BreadcrumbList","@id":"https:\/\/narteks.net\/index.php\/2011\/02\/26\/nilgun-marmara-biyografisi\/#breadcrumb","itemListElement":[{"@type":"ListItem","position":1,"name":"Anasayfa","item":"https:\/\/narteks.net\/"},{"@type":"ListItem","position":2,"name":"Nilg\u00fcn MARMARA Biyografisi"}]},{"@type":"WebSite","@id":"https:\/\/narteks.net\/#website","url":"https:\/\/narteks.net\/","name":"narteks.net","description":"K\u00fclt\u00fcr Sanat Edebiyat Felsefe","publisher":{"@id":"https:\/\/narteks.net\/#organization"},"alternateName":"K\u00fclt\u00fcr Sanat Edebiyat Felsefe","potentialAction":[{"@type":"SearchAction","target":{"@type":"EntryPoint","urlTemplate":"https:\/\/narteks.net\/?s={search_term_string}"},"query-input":{"@type":"PropertyValueSpecification","valueRequired":true,"valueName":"search_term_string"}}],"inLanguage":"tr"},{"@type":"Organization","@id":"https:\/\/narteks.net\/#organization","name":"narteks.net","url":"https:\/\/narteks.net\/","logo":{"@type":"ImageObject","inLanguage":"tr","@id":"https:\/\/narteks.net\/#\/schema\/logo\/image\/","url":"https:\/\/narteks.net\/wp-content\/uploads\/narteks.png","contentUrl":"https:\/\/narteks.net\/wp-content\/uploads\/narteks.png","width":300,"height":90,"caption":"narteks.net"},"image":{"@id":"https:\/\/narteks.net\/#\/schema\/logo\/image\/"},"sameAs":["https:\/\/x.com\/narteks","https:\/\/instagram.com\/narteksnet"]},{"@type":"Person","@id":"https:\/\/narteks.net\/#\/schema\/person\/61f37d9834294b72d31d274e7ed79bca","name":"Tar\u0131k","image":{"@type":"ImageObject","inLanguage":"tr","@id":"https:\/\/narteks.net\/#\/schema\/person\/image\/","url":"https:\/\/secure.gravatar.com\/avatar\/50865afb55632c4ae467e0af0930f6510aa2297d8014be502a55b14f3b7550cf?s=96&d=mm&r=g","contentUrl":"https:\/\/secure.gravatar.com\/avatar\/50865afb55632c4ae467e0af0930f6510aa2297d8014be502a55b14f3b7550cf?s=96&d=mm&r=g","caption":"Tar\u0131k"},"sameAs":["http:\/\/narteks.net"],"url":"https:\/\/narteks.net\/index.php\/author\/narbak\/"}]}},"_links":{"self":[{"href":"https:\/\/narteks.net\/index.php\/wp-json\/wp\/v2\/posts\/5245","targetHints":{"allow":["GET"]}}],"collection":[{"href":"https:\/\/narteks.net\/index.php\/wp-json\/wp\/v2\/posts"}],"about":[{"href":"https:\/\/narteks.net\/index.php\/wp-json\/wp\/v2\/types\/post"}],"author":[{"embeddable":true,"href":"https:\/\/narteks.net\/index.php\/wp-json\/wp\/v2\/users\/1"}],"replies":[{"embeddable":true,"href":"https:\/\/narteks.net\/index.php\/wp-json\/wp\/v2\/comments?post=5245"}],"version-history":[{"count":0,"href":"https:\/\/narteks.net\/index.php\/wp-json\/wp\/v2\/posts\/5245\/revisions"}],"wp:attachment":[{"href":"https:\/\/narteks.net\/index.php\/wp-json\/wp\/v2\/media?parent=5245"}],"wp:term":[{"taxonomy":"category","embeddable":true,"href":"https:\/\/narteks.net\/index.php\/wp-json\/wp\/v2\/categories?post=5245"},{"taxonomy":"post_tag","embeddable":true,"href":"https:\/\/narteks.net\/index.php\/wp-json\/wp\/v2\/tags?post=5245"}],"curies":[{"name":"wp","href":"https:\/\/api.w.org\/{rel}","templated":true}]}}