{"id":5248,"date":"2011-02-26T21:59:04","date_gmt":"2011-02-26T18:59:04","guid":{"rendered":"http:\/\/localhost\/wordpress\/2011\/02\/26\/pavor-nocturnus-ya-da-delikli-uykular\/"},"modified":"2011-02-26T21:59:04","modified_gmt":"2011-02-26T18:59:04","slug":"pavor-nocturnus-ya-da-delikli-uykular","status":"publish","type":"post","link":"https:\/\/narteks.net\/index.php\/2011\/02\/26\/pavor-nocturnus-ya-da-delikli-uykular\/","title":{"rendered":"PAVOR NOCTURNUS YA DA DEL\u0130KL\u0130 UYKULAR"},"content":{"rendered":"<p>Y\u00fcz\u00fc olmayan bir palya\u00e7o, elleriyle olmayan y\u00fcz\u00fcn\u00fc \u00f6rt\u00fcyor ve a\u011fl\u0131yor. \u0130\u00e7erden a\u011fl\u0131yor ve \u00f6l\u00fcyor. Zaman y\u00fcz\u00fcn\u00fc eskitemez \u00e7\u00fcnk\u00fc y\u00fcz\u00fc yok!<br \/>Yok y\u00fczl\u00fc palya\u00e7onun giysisi olmas\u0131 gerekti\u011fi gibi oysa, kabar\u0131k yakalar ve renk renk kareli tulumu.<br \/>Y\u00fcz\u00fcyorlar, saydam ve \u0131l\u0131k suyun i\u00e7inde, \u015fiddetle. Yukar\u0131dan g\u00f6r\u00fcl\u00fcyor bedenleri yar\u0131m, belden a\u015fa\u011f\u0131lar\u0131 yok. H\u0131zla kay\u0131yorlar s\u0131v\u0131n\u0131n i\u00e7inden, adaya vard\u0131klar\u0131nda kollar\u0131yla t\u0131rman\u0131yorlar kesik bedenlerini yukar\u0131 \u00e7ekerek adamlar&#8230;<\/p>\n<p>Benle benim aramdaki fark\u0131 g\u00f6rebiliyor musun?<\/p>\n<p>Nilg\u00fcn MARMARA<\/p>\n<p><\/p>\n","protected":false},"excerpt":{"rendered":"<p>Y\u00fcz\u00fc olmayan bir palya\u00e7o, elleriyle olmayan y\u00fcz\u00fcn\u00fc \u00f6rt\u00fcyor ve a\u011fl\u0131yor. \u0130\u00e7erden a\u011fl\u0131yor ve \u00f6l\u00fcyor. Zaman y\u00fcz\u00fcn\u00fc eskitemez \u00e7\u00fcnk\u00fc y\u00fcz\u00fc yok!Yok y\u00fczl\u00fc palya\u00e7onun giysisi olmas\u0131 gerekti\u011fi gibi oysa, kabar\u0131k yakalar ve renk renk kareli tulumu.Y\u00fcz\u00fcyorlar, saydam ve \u0131l\u0131k suyun i\u00e7inde, \u015fiddetle. Yukar\u0131dan g\u00f6r\u00fcl\u00fcyor bedenleri yar\u0131m, belden a\u015fa\u011f\u0131lar\u0131 yok. H\u0131zla kay\u0131yorlar s\u0131v\u0131n\u0131n i\u00e7inden, adaya vard\u0131klar\u0131nda kollar\u0131yla t\u0131rman\u0131yorlar [&hellip;]<\/p>\n","protected":false},"author":1,"featured_media":0,"comment_status":"open","ping_status":"open","sticky":false,"template":"","format":"standard","meta":{"footnotes":""},"categories":[165],"tags":[],"class_list":{"0":"post-5248","1":"post","2":"type-post","3":"status-publish","4":"format-standard","6":"category-nilgun-marmara"},"yoast_head":"<!-- This site is optimized with the Yoast SEO Premium plugin v24.9 (Yoast SEO v24.9) - https:\/\/yoast.com\/wordpress\/plugins\/seo\/ -->\n<title>PAVOR NOCTURNUS YA DA DEL\u0130KL\u0130 UYKULAR - narteks.net<\/title>\n<meta name=\"robots\" content=\"index, follow, max-snippet:-1, max-image-preview:large, max-video-preview:-1\" \/>\n<link rel=\"canonical\" href=\"https:\/\/narteks.net\/index.php\/2011\/02\/26\/pavor-nocturnus-ya-da-delikli-uykular\/\" \/>\n<meta property=\"og:locale\" content=\"tr_TR\" \/>\n<meta property=\"og:type\" content=\"article\" \/>\n<meta property=\"og:title\" content=\"PAVOR NOCTURNUS YA DA DEL\u0130KL\u0130 UYKULAR\" \/>\n<meta property=\"og:description\" content=\"Y\u00fcz\u00fc olmayan bir palya\u00e7o, elleriyle olmayan y\u00fcz\u00fcn\u00fc \u00f6rt\u00fcyor ve a\u011fl\u0131yor. \u0130\u00e7erden a\u011fl\u0131yor ve \u00f6l\u00fcyor. Zaman y\u00fcz\u00fcn\u00fc eskitemez \u00e7\u00fcnk\u00fc y\u00fcz\u00fc yok!Yok y\u00fczl\u00fc palya\u00e7onun giysisi olmas\u0131 gerekti\u011fi gibi oysa, kabar\u0131k yakalar ve renk renk kareli tulumu.Y\u00fcz\u00fcyorlar, saydam ve \u0131l\u0131k suyun i\u00e7inde, \u015fiddetle. Yukar\u0131dan g\u00f6r\u00fcl\u00fcyor bedenleri yar\u0131m, belden a\u015fa\u011f\u0131lar\u0131 yok. H\u0131zla kay\u0131yorlar s\u0131v\u0131n\u0131n i\u00e7inden, adaya vard\u0131klar\u0131nda kollar\u0131yla t\u0131rman\u0131yorlar [&hellip;]\" \/>\n<meta property=\"og:url\" content=\"https:\/\/narteks.net\/index.php\/2011\/02\/26\/pavor-nocturnus-ya-da-delikli-uykular\/\" \/>\n<meta property=\"og:site_name\" content=\"narteks.net\" \/>\n<meta property=\"article:published_time\" content=\"2011-02-26T18:59:04+00:00\" \/>\n<meta property=\"og:image\" content=\"https:\/\/narteks.net\/wp-content\/uploads\/narteks.png\" \/>\n\t<meta property=\"og:image:width\" content=\"300\" \/>\n\t<meta property=\"og:image:height\" content=\"90\" \/>\n\t<meta property=\"og:image:type\" content=\"image\/png\" \/>\n<meta name=\"author\" content=\"Tar\u0131k\" \/>\n<meta name=\"twitter:card\" content=\"summary_large_image\" \/>\n<meta name=\"twitter:creator\" content=\"@narteks\" \/>\n<meta name=\"twitter:site\" content=\"@narteks\" \/>\n<meta name=\"twitter:label1\" content=\"Yazan:\" \/>\n\t<meta name=\"twitter:data1\" content=\"Tar\u0131k\" \/>\n\t<meta name=\"twitter:label2\" content=\"Tahmini okuma s\u00fcresi\" \/>\n\t<meta name=\"twitter:data2\" content=\"1 dakika\" \/>\n<script type=\"application\/ld+json\" class=\"yoast-schema-graph\">{\"@context\":\"https:\/\/schema.org\",\"@graph\":[{\"@type\":\"Article\",\"@id\":\"https:\/\/narteks.net\/index.php\/2011\/02\/26\/pavor-nocturnus-ya-da-delikli-uykular\/#article\",\"isPartOf\":{\"@id\":\"https:\/\/narteks.net\/index.php\/2011\/02\/26\/pavor-nocturnus-ya-da-delikli-uykular\/\"},\"author\":{\"name\":\"Tar\u0131k\",\"@id\":\"https:\/\/narteks.net\/#\/schema\/person\/61f37d9834294b72d31d274e7ed79bca\"},\"headline\":\"PAVOR NOCTURNUS YA DA DEL\u0130KL\u0130 UYKULAR\",\"datePublished\":\"2011-02-26T18:59:04+00:00\",\"mainEntityOfPage\":{\"@id\":\"https:\/\/narteks.net\/index.php\/2011\/02\/26\/pavor-nocturnus-ya-da-delikli-uykular\/\"},\"wordCount\":118,\"commentCount\":0,\"publisher\":{\"@id\":\"https:\/\/narteks.net\/#organization\"},\"articleSection\":[\"Nilg\u00fcn MARMARA\"],\"inLanguage\":\"tr\",\"potentialAction\":[{\"@type\":\"CommentAction\",\"name\":\"Comment\",\"target\":[\"https:\/\/narteks.net\/index.php\/2011\/02\/26\/pavor-nocturnus-ya-da-delikli-uykular\/#respond\"]}]},{\"@type\":\"WebPage\",\"@id\":\"https:\/\/narteks.net\/index.php\/2011\/02\/26\/pavor-nocturnus-ya-da-delikli-uykular\/\",\"url\":\"https:\/\/narteks.net\/index.php\/2011\/02\/26\/pavor-nocturnus-ya-da-delikli-uykular\/\",\"name\":\"PAVOR NOCTURNUS YA DA DEL\u0130KL\u0130 UYKULAR - narteks.net\",\"isPartOf\":{\"@id\":\"https:\/\/narteks.net\/#website\"},\"datePublished\":\"2011-02-26T18:59:04+00:00\",\"breadcrumb\":{\"@id\":\"https:\/\/narteks.net\/index.php\/2011\/02\/26\/pavor-nocturnus-ya-da-delikli-uykular\/#breadcrumb\"},\"inLanguage\":\"tr\",\"potentialAction\":[{\"@type\":\"ReadAction\",\"target\":[\"https:\/\/narteks.net\/index.php\/2011\/02\/26\/pavor-nocturnus-ya-da-delikli-uykular\/\"]}]},{\"@type\":\"BreadcrumbList\",\"@id\":\"https:\/\/narteks.net\/index.php\/2011\/02\/26\/pavor-nocturnus-ya-da-delikli-uykular\/#breadcrumb\",\"itemListElement\":[{\"@type\":\"ListItem\",\"position\":1,\"name\":\"Anasayfa\",\"item\":\"https:\/\/narteks.net\/\"},{\"@type\":\"ListItem\",\"position\":2,\"name\":\"PAVOR NOCTURNUS YA DA DEL\u0130KL\u0130 UYKULAR\"}]},{\"@type\":\"WebSite\",\"@id\":\"https:\/\/narteks.net\/#website\",\"url\":\"https:\/\/narteks.net\/\",\"name\":\"narteks.net\",\"description\":\"K\u00fclt\u00fcr Sanat Edebiyat Felsefe\",\"publisher\":{\"@id\":\"https:\/\/narteks.net\/#organization\"},\"alternateName\":\"K\u00fclt\u00fcr Sanat Edebiyat Felsefe\",\"potentialAction\":[{\"@type\":\"SearchAction\",\"target\":{\"@type\":\"EntryPoint\",\"urlTemplate\":\"https:\/\/narteks.net\/?s={search_term_string}\"},\"query-input\":{\"@type\":\"PropertyValueSpecification\",\"valueRequired\":true,\"valueName\":\"search_term_string\"}}],\"inLanguage\":\"tr\"},{\"@type\":\"Organization\",\"@id\":\"https:\/\/narteks.net\/#organization\",\"name\":\"narteks.net\",\"url\":\"https:\/\/narteks.net\/\",\"logo\":{\"@type\":\"ImageObject\",\"inLanguage\":\"tr\",\"@id\":\"https:\/\/narteks.net\/#\/schema\/logo\/image\/\",\"url\":\"https:\/\/narteks.net\/wp-content\/uploads\/narteks.png\",\"contentUrl\":\"https:\/\/narteks.net\/wp-content\/uploads\/narteks.png\",\"width\":300,\"height\":90,\"caption\":\"narteks.net\"},\"image\":{\"@id\":\"https:\/\/narteks.net\/#\/schema\/logo\/image\/\"},\"sameAs\":[\"https:\/\/x.com\/narteks\",\"https:\/\/instagram.com\/narteksnet\"]},{\"@type\":\"Person\",\"@id\":\"https:\/\/narteks.net\/#\/schema\/person\/61f37d9834294b72d31d274e7ed79bca\",\"name\":\"Tar\u0131k\",\"image\":{\"@type\":\"ImageObject\",\"inLanguage\":\"tr\",\"@id\":\"https:\/\/narteks.net\/#\/schema\/person\/image\/\",\"url\":\"https:\/\/secure.gravatar.com\/avatar\/50865afb55632c4ae467e0af0930f6510aa2297d8014be502a55b14f3b7550cf?s=96&d=mm&r=g\",\"contentUrl\":\"https:\/\/secure.gravatar.com\/avatar\/50865afb55632c4ae467e0af0930f6510aa2297d8014be502a55b14f3b7550cf?s=96&d=mm&r=g\",\"caption\":\"Tar\u0131k\"},\"sameAs\":[\"http:\/\/narteks.net\"],\"url\":\"https:\/\/narteks.net\/index.php\/author\/narbak\/\"}]}<\/script>\n<!-- \/ Yoast SEO Premium plugin. -->","yoast_head_json":{"title":"PAVOR NOCTURNUS YA DA DEL\u0130KL\u0130 UYKULAR - narteks.net","robots":{"index":"index","follow":"follow","max-snippet":"max-snippet:-1","max-image-preview":"max-image-preview:large","max-video-preview":"max-video-preview:-1"},"canonical":"https:\/\/narteks.net\/index.php\/2011\/02\/26\/pavor-nocturnus-ya-da-delikli-uykular\/","og_locale":"tr_TR","og_type":"article","og_title":"PAVOR NOCTURNUS YA DA DEL\u0130KL\u0130 UYKULAR","og_description":"Y\u00fcz\u00fc olmayan bir palya\u00e7o, elleriyle olmayan y\u00fcz\u00fcn\u00fc \u00f6rt\u00fcyor ve a\u011fl\u0131yor. \u0130\u00e7erden a\u011fl\u0131yor ve \u00f6l\u00fcyor. Zaman y\u00fcz\u00fcn\u00fc eskitemez \u00e7\u00fcnk\u00fc y\u00fcz\u00fc yok!Yok y\u00fczl\u00fc palya\u00e7onun giysisi olmas\u0131 gerekti\u011fi gibi oysa, kabar\u0131k yakalar ve renk renk kareli tulumu.Y\u00fcz\u00fcyorlar, saydam ve \u0131l\u0131k suyun i\u00e7inde, \u015fiddetle. Yukar\u0131dan g\u00f6r\u00fcl\u00fcyor bedenleri yar\u0131m, belden a\u015fa\u011f\u0131lar\u0131 yok. H\u0131zla kay\u0131yorlar s\u0131v\u0131n\u0131n i\u00e7inden, adaya vard\u0131klar\u0131nda kollar\u0131yla t\u0131rman\u0131yorlar [&hellip;]","og_url":"https:\/\/narteks.net\/index.php\/2011\/02\/26\/pavor-nocturnus-ya-da-delikli-uykular\/","og_site_name":"narteks.net","article_published_time":"2011-02-26T18:59:04+00:00","og_image":[{"width":300,"height":90,"url":"https:\/\/narteks.net\/wp-content\/uploads\/narteks.png","type":"image\/png"}],"author":"Tar\u0131k","twitter_card":"summary_large_image","twitter_creator":"@narteks","twitter_site":"@narteks","twitter_misc":{"Yazan:":"Tar\u0131k","Tahmini okuma s\u00fcresi":"1 dakika"},"schema":{"@context":"https:\/\/schema.org","@graph":[{"@type":"Article","@id":"https:\/\/narteks.net\/index.php\/2011\/02\/26\/pavor-nocturnus-ya-da-delikli-uykular\/#article","isPartOf":{"@id":"https:\/\/narteks.net\/index.php\/2011\/02\/26\/pavor-nocturnus-ya-da-delikli-uykular\/"},"author":{"name":"Tar\u0131k","@id":"https:\/\/narteks.net\/#\/schema\/person\/61f37d9834294b72d31d274e7ed79bca"},"headline":"PAVOR NOCTURNUS YA DA DEL\u0130KL\u0130 UYKULAR","datePublished":"2011-02-26T18:59:04+00:00","mainEntityOfPage":{"@id":"https:\/\/narteks.net\/index.php\/2011\/02\/26\/pavor-nocturnus-ya-da-delikli-uykular\/"},"wordCount":118,"commentCount":0,"publisher":{"@id":"https:\/\/narteks.net\/#organization"},"articleSection":["Nilg\u00fcn MARMARA"],"inLanguage":"tr","potentialAction":[{"@type":"CommentAction","name":"Comment","target":["https:\/\/narteks.net\/index.php\/2011\/02\/26\/pavor-nocturnus-ya-da-delikli-uykular\/#respond"]}]},{"@type":"WebPage","@id":"https:\/\/narteks.net\/index.php\/2011\/02\/26\/pavor-nocturnus-ya-da-delikli-uykular\/","url":"https:\/\/narteks.net\/index.php\/2011\/02\/26\/pavor-nocturnus-ya-da-delikli-uykular\/","name":"PAVOR NOCTURNUS YA DA DEL\u0130KL\u0130 UYKULAR - narteks.net","isPartOf":{"@id":"https:\/\/narteks.net\/#website"},"datePublished":"2011-02-26T18:59:04+00:00","breadcrumb":{"@id":"https:\/\/narteks.net\/index.php\/2011\/02\/26\/pavor-nocturnus-ya-da-delikli-uykular\/#breadcrumb"},"inLanguage":"tr","potentialAction":[{"@type":"ReadAction","target":["https:\/\/narteks.net\/index.php\/2011\/02\/26\/pavor-nocturnus-ya-da-delikli-uykular\/"]}]},{"@type":"BreadcrumbList","@id":"https:\/\/narteks.net\/index.php\/2011\/02\/26\/pavor-nocturnus-ya-da-delikli-uykular\/#breadcrumb","itemListElement":[{"@type":"ListItem","position":1,"name":"Anasayfa","item":"https:\/\/narteks.net\/"},{"@type":"ListItem","position":2,"name":"PAVOR NOCTURNUS YA DA DEL\u0130KL\u0130 UYKULAR"}]},{"@type":"WebSite","@id":"https:\/\/narteks.net\/#website","url":"https:\/\/narteks.net\/","name":"narteks.net","description":"K\u00fclt\u00fcr Sanat Edebiyat Felsefe","publisher":{"@id":"https:\/\/narteks.net\/#organization"},"alternateName":"K\u00fclt\u00fcr Sanat Edebiyat Felsefe","potentialAction":[{"@type":"SearchAction","target":{"@type":"EntryPoint","urlTemplate":"https:\/\/narteks.net\/?s={search_term_string}"},"query-input":{"@type":"PropertyValueSpecification","valueRequired":true,"valueName":"search_term_string"}}],"inLanguage":"tr"},{"@type":"Organization","@id":"https:\/\/narteks.net\/#organization","name":"narteks.net","url":"https:\/\/narteks.net\/","logo":{"@type":"ImageObject","inLanguage":"tr","@id":"https:\/\/narteks.net\/#\/schema\/logo\/image\/","url":"https:\/\/narteks.net\/wp-content\/uploads\/narteks.png","contentUrl":"https:\/\/narteks.net\/wp-content\/uploads\/narteks.png","width":300,"height":90,"caption":"narteks.net"},"image":{"@id":"https:\/\/narteks.net\/#\/schema\/logo\/image\/"},"sameAs":["https:\/\/x.com\/narteks","https:\/\/instagram.com\/narteksnet"]},{"@type":"Person","@id":"https:\/\/narteks.net\/#\/schema\/person\/61f37d9834294b72d31d274e7ed79bca","name":"Tar\u0131k","image":{"@type":"ImageObject","inLanguage":"tr","@id":"https:\/\/narteks.net\/#\/schema\/person\/image\/","url":"https:\/\/secure.gravatar.com\/avatar\/50865afb55632c4ae467e0af0930f6510aa2297d8014be502a55b14f3b7550cf?s=96&d=mm&r=g","contentUrl":"https:\/\/secure.gravatar.com\/avatar\/50865afb55632c4ae467e0af0930f6510aa2297d8014be502a55b14f3b7550cf?s=96&d=mm&r=g","caption":"Tar\u0131k"},"sameAs":["http:\/\/narteks.net"],"url":"https:\/\/narteks.net\/index.php\/author\/narbak\/"}]}},"_links":{"self":[{"href":"https:\/\/narteks.net\/index.php\/wp-json\/wp\/v2\/posts\/5248","targetHints":{"allow":["GET"]}}],"collection":[{"href":"https:\/\/narteks.net\/index.php\/wp-json\/wp\/v2\/posts"}],"about":[{"href":"https:\/\/narteks.net\/index.php\/wp-json\/wp\/v2\/types\/post"}],"author":[{"embeddable":true,"href":"https:\/\/narteks.net\/index.php\/wp-json\/wp\/v2\/users\/1"}],"replies":[{"embeddable":true,"href":"https:\/\/narteks.net\/index.php\/wp-json\/wp\/v2\/comments?post=5248"}],"version-history":[{"count":0,"href":"https:\/\/narteks.net\/index.php\/wp-json\/wp\/v2\/posts\/5248\/revisions"}],"wp:attachment":[{"href":"https:\/\/narteks.net\/index.php\/wp-json\/wp\/v2\/media?parent=5248"}],"wp:term":[{"taxonomy":"category","embeddable":true,"href":"https:\/\/narteks.net\/index.php\/wp-json\/wp\/v2\/categories?post=5248"},{"taxonomy":"post_tag","embeddable":true,"href":"https:\/\/narteks.net\/index.php\/wp-json\/wp\/v2\/tags?post=5248"}],"curies":[{"name":"wp","href":"https:\/\/api.w.org\/{rel}","templated":true}]}}