{"id":5252,"date":"2011-02-26T22:06:10","date_gmt":"2011-02-26T19:06:10","guid":{"rendered":"http:\/\/localhost\/wordpress\/2011\/02\/26\/zaman-yer-sonra\/"},"modified":"2011-02-26T22:06:10","modified_gmt":"2011-02-26T19:06:10","slug":"zaman-yer-sonra","status":"publish","type":"post","link":"https:\/\/narteks.net\/index.php\/2011\/02\/26\/zaman-yer-sonra\/","title":{"rendered":"ZAMAN,YER,SONRA"},"content":{"rendered":"<p>\u00a0<\/p>\n<p style=\"text-align: justify;\">Ayla \u00f6rt\u00fcn\u00fcyoruz \u00e7a\u011flard\u0131r, bu\u011fulu camlar ve farklanm\u0131\u015f y\u00fcz\u00fcm\u00fczle. Ba\u015fkalar\u0131 uygarl\u0131ktan s\u00f6z ediyor, bilmeden her geriye d\u00f6n\u00fc\u015f\u00fcn belki ula\u015f\u0131lmaz bir ileriye ad\u0131m oldu\u011funu. Tohumdan korkuyoruz, yery\u00fcz\u00fcn\u00fcn ilgisizli\u011fi hafif k\u0131l\u0131yor bedenlerimizi, bak\u0131\u015f\u0131m\u0131z g\u00f6\u011fe y\u00f6nelirken y\u00fcrekler serin tutuluyor. Sonra her \u00e7\u0131nlamayla endi\u015fe g\u00fc\u011f\u00fcmleri omzuma biniyor; topra\u011f\u0131n de\u011fi\u015fmezli\u011fi, yap\u0131lar\u0131n kal\u0131c\u0131l\u0131\u011f\u0131, analar\u0131n istemi kadar tehdit edici y\u00fckler. \u00d6r\u00fcmcek a\u011f\u0131nda gizlenen eski yaz\u0131lar kinin ku\u015fkusunu kusuyor. Yeniden hat\u0131rlan\u0131yor bir zaman\u0131n beyaz evleri, dudaklar\u0131n uyar\u0131s\u0131yla sonu ertelenen a\u015fk\u0131n iyicil kuca\u011f\u0131 a\u00e7\u0131l\u0131yor, \u00f6te d\u00fcnyan\u0131n ger\u00e7ek konutlar\u0131nda.<br \/>\u00c7er\u00e7eveleri yaln\u0131zl\u0131klar\u0131m\u0131zdan olu\u015fan, kap\u0131lar\u0131 ac\u0131lardan \u00f6r\u00fclm\u00fc\u015f, toz, ta\u015f, ge\u00e7mi\u015f ve \u015fimdiyi saklayan g\u00fczellik! Hi\u00e7 bitmesin diyoruz dingin tavr\u0131m\u0131z, bir kez se\u00e7ilmi\u015f u\u011fra\u015f\u0131 ya\u015famdan ay\u0131rmamakla. Ar\u0131nal\u0131m, ar\u0131nal\u0131m art\u0131k yolsuzluklar\u0131ndan \u015fu densiz yery\u00fcz\u00fcn\u00fcn kal\u0131k \u00e7irkefinden; sevgi yaz\u0131s\u0131yla!<\/p>\n<p>Nilg\u00fcn MARMARA<\/p>\n","protected":false},"excerpt":{"rendered":"<p>\u00a0 Ayla \u00f6rt\u00fcn\u00fcyoruz \u00e7a\u011flard\u0131r, bu\u011fulu camlar ve farklanm\u0131\u015f y\u00fcz\u00fcm\u00fczle. Ba\u015fkalar\u0131 uygarl\u0131ktan s\u00f6z ediyor, bilmeden her geriye d\u00f6n\u00fc\u015f\u00fcn belki ula\u015f\u0131lmaz bir ileriye ad\u0131m oldu\u011funu. Tohumdan korkuyoruz, yery\u00fcz\u00fcn\u00fcn ilgisizli\u011fi hafif k\u0131l\u0131yor bedenlerimizi, bak\u0131\u015f\u0131m\u0131z g\u00f6\u011fe y\u00f6nelirken y\u00fcrekler serin tutuluyor. Sonra her \u00e7\u0131nlamayla endi\u015fe g\u00fc\u011f\u00fcmleri omzuma biniyor; topra\u011f\u0131n de\u011fi\u015fmezli\u011fi, yap\u0131lar\u0131n kal\u0131c\u0131l\u0131\u011f\u0131, analar\u0131n istemi kadar tehdit edici y\u00fckler. \u00d6r\u00fcmcek a\u011f\u0131nda [&hellip;]<\/p>\n","protected":false},"author":1,"featured_media":0,"comment_status":"open","ping_status":"open","sticky":false,"template":"","format":"standard","meta":{"footnotes":""},"categories":[165],"tags":[],"class_list":{"0":"post-5252","1":"post","2":"type-post","3":"status-publish","4":"format-standard","6":"category-nilgun-marmara"},"yoast_head":"<!-- This site is optimized with the Yoast SEO Premium plugin v24.9 (Yoast SEO v24.9) - https:\/\/yoast.com\/wordpress\/plugins\/seo\/ -->\n<title>ZAMAN,YER,SONRA - narteks.net<\/title>\n<meta name=\"robots\" content=\"index, follow, max-snippet:-1, max-image-preview:large, max-video-preview:-1\" \/>\n<link rel=\"canonical\" href=\"https:\/\/narteks.net\/index.php\/2011\/02\/26\/zaman-yer-sonra\/\" \/>\n<meta property=\"og:locale\" content=\"tr_TR\" \/>\n<meta property=\"og:type\" content=\"article\" \/>\n<meta property=\"og:title\" content=\"ZAMAN,YER,SONRA\" \/>\n<meta property=\"og:description\" content=\"\u00a0 Ayla \u00f6rt\u00fcn\u00fcyoruz \u00e7a\u011flard\u0131r, bu\u011fulu camlar ve farklanm\u0131\u015f y\u00fcz\u00fcm\u00fczle. Ba\u015fkalar\u0131 uygarl\u0131ktan s\u00f6z ediyor, bilmeden her geriye d\u00f6n\u00fc\u015f\u00fcn belki ula\u015f\u0131lmaz bir ileriye ad\u0131m oldu\u011funu. Tohumdan korkuyoruz, yery\u00fcz\u00fcn\u00fcn ilgisizli\u011fi hafif k\u0131l\u0131yor bedenlerimizi, bak\u0131\u015f\u0131m\u0131z g\u00f6\u011fe y\u00f6nelirken y\u00fcrekler serin tutuluyor. Sonra her \u00e7\u0131nlamayla endi\u015fe g\u00fc\u011f\u00fcmleri omzuma biniyor; topra\u011f\u0131n de\u011fi\u015fmezli\u011fi, yap\u0131lar\u0131n kal\u0131c\u0131l\u0131\u011f\u0131, analar\u0131n istemi kadar tehdit edici y\u00fckler. \u00d6r\u00fcmcek a\u011f\u0131nda [&hellip;]\" \/>\n<meta property=\"og:url\" content=\"https:\/\/narteks.net\/index.php\/2011\/02\/26\/zaman-yer-sonra\/\" \/>\n<meta property=\"og:site_name\" content=\"narteks.net\" \/>\n<meta property=\"article:published_time\" content=\"2011-02-26T19:06:10+00:00\" \/>\n<meta property=\"og:image\" content=\"https:\/\/narteks.net\/wp-content\/uploads\/narteks.png\" \/>\n\t<meta property=\"og:image:width\" content=\"300\" \/>\n\t<meta property=\"og:image:height\" content=\"90\" \/>\n\t<meta property=\"og:image:type\" content=\"image\/png\" \/>\n<meta name=\"author\" content=\"Tar\u0131k\" \/>\n<meta name=\"twitter:card\" content=\"summary_large_image\" \/>\n<meta name=\"twitter:creator\" content=\"@narteks\" \/>\n<meta name=\"twitter:site\" content=\"@narteks\" \/>\n<meta name=\"twitter:label1\" content=\"Yazan:\" \/>\n\t<meta name=\"twitter:data1\" content=\"Tar\u0131k\" \/>\n\t<meta name=\"twitter:label2\" content=\"Tahmini okuma s\u00fcresi\" \/>\n\t<meta name=\"twitter:data2\" content=\"1 dakika\" \/>\n<script type=\"application\/ld+json\" class=\"yoast-schema-graph\">{\"@context\":\"https:\/\/schema.org\",\"@graph\":[{\"@type\":\"Article\",\"@id\":\"https:\/\/narteks.net\/index.php\/2011\/02\/26\/zaman-yer-sonra\/#article\",\"isPartOf\":{\"@id\":\"https:\/\/narteks.net\/index.php\/2011\/02\/26\/zaman-yer-sonra\/\"},\"author\":{\"name\":\"Tar\u0131k\",\"@id\":\"https:\/\/narteks.net\/#\/schema\/person\/61f37d9834294b72d31d274e7ed79bca\"},\"headline\":\"ZAMAN,YER,SONRA\",\"datePublished\":\"2011-02-26T19:06:10+00:00\",\"mainEntityOfPage\":{\"@id\":\"https:\/\/narteks.net\/index.php\/2011\/02\/26\/zaman-yer-sonra\/\"},\"wordCount\":205,\"commentCount\":0,\"publisher\":{\"@id\":\"https:\/\/narteks.net\/#organization\"},\"articleSection\":[\"Nilg\u00fcn MARMARA\"],\"inLanguage\":\"tr\",\"potentialAction\":[{\"@type\":\"CommentAction\",\"name\":\"Comment\",\"target\":[\"https:\/\/narteks.net\/index.php\/2011\/02\/26\/zaman-yer-sonra\/#respond\"]}]},{\"@type\":\"WebPage\",\"@id\":\"https:\/\/narteks.net\/index.php\/2011\/02\/26\/zaman-yer-sonra\/\",\"url\":\"https:\/\/narteks.net\/index.php\/2011\/02\/26\/zaman-yer-sonra\/\",\"name\":\"ZAMAN,YER,SONRA - narteks.net\",\"isPartOf\":{\"@id\":\"https:\/\/narteks.net\/#website\"},\"datePublished\":\"2011-02-26T19:06:10+00:00\",\"breadcrumb\":{\"@id\":\"https:\/\/narteks.net\/index.php\/2011\/02\/26\/zaman-yer-sonra\/#breadcrumb\"},\"inLanguage\":\"tr\",\"potentialAction\":[{\"@type\":\"ReadAction\",\"target\":[\"https:\/\/narteks.net\/index.php\/2011\/02\/26\/zaman-yer-sonra\/\"]}]},{\"@type\":\"BreadcrumbList\",\"@id\":\"https:\/\/narteks.net\/index.php\/2011\/02\/26\/zaman-yer-sonra\/#breadcrumb\",\"itemListElement\":[{\"@type\":\"ListItem\",\"position\":1,\"name\":\"Anasayfa\",\"item\":\"https:\/\/narteks.net\/\"},{\"@type\":\"ListItem\",\"position\":2,\"name\":\"ZAMAN,YER,SONRA\"}]},{\"@type\":\"WebSite\",\"@id\":\"https:\/\/narteks.net\/#website\",\"url\":\"https:\/\/narteks.net\/\",\"name\":\"narteks.net\",\"description\":\"K\u00fclt\u00fcr Sanat Edebiyat Felsefe\",\"publisher\":{\"@id\":\"https:\/\/narteks.net\/#organization\"},\"alternateName\":\"K\u00fclt\u00fcr Sanat Edebiyat Felsefe\",\"potentialAction\":[{\"@type\":\"SearchAction\",\"target\":{\"@type\":\"EntryPoint\",\"urlTemplate\":\"https:\/\/narteks.net\/?s={search_term_string}\"},\"query-input\":{\"@type\":\"PropertyValueSpecification\",\"valueRequired\":true,\"valueName\":\"search_term_string\"}}],\"inLanguage\":\"tr\"},{\"@type\":\"Organization\",\"@id\":\"https:\/\/narteks.net\/#organization\",\"name\":\"narteks.net\",\"url\":\"https:\/\/narteks.net\/\",\"logo\":{\"@type\":\"ImageObject\",\"inLanguage\":\"tr\",\"@id\":\"https:\/\/narteks.net\/#\/schema\/logo\/image\/\",\"url\":\"https:\/\/narteks.net\/wp-content\/uploads\/narteks.png\",\"contentUrl\":\"https:\/\/narteks.net\/wp-content\/uploads\/narteks.png\",\"width\":300,\"height\":90,\"caption\":\"narteks.net\"},\"image\":{\"@id\":\"https:\/\/narteks.net\/#\/schema\/logo\/image\/\"},\"sameAs\":[\"https:\/\/x.com\/narteks\",\"https:\/\/instagram.com\/narteksnet\"]},{\"@type\":\"Person\",\"@id\":\"https:\/\/narteks.net\/#\/schema\/person\/61f37d9834294b72d31d274e7ed79bca\",\"name\":\"Tar\u0131k\",\"image\":{\"@type\":\"ImageObject\",\"inLanguage\":\"tr\",\"@id\":\"https:\/\/narteks.net\/#\/schema\/person\/image\/\",\"url\":\"https:\/\/secure.gravatar.com\/avatar\/50865afb55632c4ae467e0af0930f6510aa2297d8014be502a55b14f3b7550cf?s=96&d=mm&r=g\",\"contentUrl\":\"https:\/\/secure.gravatar.com\/avatar\/50865afb55632c4ae467e0af0930f6510aa2297d8014be502a55b14f3b7550cf?s=96&d=mm&r=g\",\"caption\":\"Tar\u0131k\"},\"sameAs\":[\"http:\/\/narteks.net\"],\"url\":\"https:\/\/narteks.net\/index.php\/author\/narbak\/\"}]}<\/script>\n<!-- \/ Yoast SEO Premium plugin. -->","yoast_head_json":{"title":"ZAMAN,YER,SONRA - narteks.net","robots":{"index":"index","follow":"follow","max-snippet":"max-snippet:-1","max-image-preview":"max-image-preview:large","max-video-preview":"max-video-preview:-1"},"canonical":"https:\/\/narteks.net\/index.php\/2011\/02\/26\/zaman-yer-sonra\/","og_locale":"tr_TR","og_type":"article","og_title":"ZAMAN,YER,SONRA","og_description":"\u00a0 Ayla \u00f6rt\u00fcn\u00fcyoruz \u00e7a\u011flard\u0131r, bu\u011fulu camlar ve farklanm\u0131\u015f y\u00fcz\u00fcm\u00fczle. Ba\u015fkalar\u0131 uygarl\u0131ktan s\u00f6z ediyor, bilmeden her geriye d\u00f6n\u00fc\u015f\u00fcn belki ula\u015f\u0131lmaz bir ileriye ad\u0131m oldu\u011funu. Tohumdan korkuyoruz, yery\u00fcz\u00fcn\u00fcn ilgisizli\u011fi hafif k\u0131l\u0131yor bedenlerimizi, bak\u0131\u015f\u0131m\u0131z g\u00f6\u011fe y\u00f6nelirken y\u00fcrekler serin tutuluyor. Sonra her \u00e7\u0131nlamayla endi\u015fe g\u00fc\u011f\u00fcmleri omzuma biniyor; topra\u011f\u0131n de\u011fi\u015fmezli\u011fi, yap\u0131lar\u0131n kal\u0131c\u0131l\u0131\u011f\u0131, analar\u0131n istemi kadar tehdit edici y\u00fckler. \u00d6r\u00fcmcek a\u011f\u0131nda [&hellip;]","og_url":"https:\/\/narteks.net\/index.php\/2011\/02\/26\/zaman-yer-sonra\/","og_site_name":"narteks.net","article_published_time":"2011-02-26T19:06:10+00:00","og_image":[{"width":300,"height":90,"url":"https:\/\/narteks.net\/wp-content\/uploads\/narteks.png","type":"image\/png"}],"author":"Tar\u0131k","twitter_card":"summary_large_image","twitter_creator":"@narteks","twitter_site":"@narteks","twitter_misc":{"Yazan:":"Tar\u0131k","Tahmini okuma s\u00fcresi":"1 dakika"},"schema":{"@context":"https:\/\/schema.org","@graph":[{"@type":"Article","@id":"https:\/\/narteks.net\/index.php\/2011\/02\/26\/zaman-yer-sonra\/#article","isPartOf":{"@id":"https:\/\/narteks.net\/index.php\/2011\/02\/26\/zaman-yer-sonra\/"},"author":{"name":"Tar\u0131k","@id":"https:\/\/narteks.net\/#\/schema\/person\/61f37d9834294b72d31d274e7ed79bca"},"headline":"ZAMAN,YER,SONRA","datePublished":"2011-02-26T19:06:10+00:00","mainEntityOfPage":{"@id":"https:\/\/narteks.net\/index.php\/2011\/02\/26\/zaman-yer-sonra\/"},"wordCount":205,"commentCount":0,"publisher":{"@id":"https:\/\/narteks.net\/#organization"},"articleSection":["Nilg\u00fcn MARMARA"],"inLanguage":"tr","potentialAction":[{"@type":"CommentAction","name":"Comment","target":["https:\/\/narteks.net\/index.php\/2011\/02\/26\/zaman-yer-sonra\/#respond"]}]},{"@type":"WebPage","@id":"https:\/\/narteks.net\/index.php\/2011\/02\/26\/zaman-yer-sonra\/","url":"https:\/\/narteks.net\/index.php\/2011\/02\/26\/zaman-yer-sonra\/","name":"ZAMAN,YER,SONRA - narteks.net","isPartOf":{"@id":"https:\/\/narteks.net\/#website"},"datePublished":"2011-02-26T19:06:10+00:00","breadcrumb":{"@id":"https:\/\/narteks.net\/index.php\/2011\/02\/26\/zaman-yer-sonra\/#breadcrumb"},"inLanguage":"tr","potentialAction":[{"@type":"ReadAction","target":["https:\/\/narteks.net\/index.php\/2011\/02\/26\/zaman-yer-sonra\/"]}]},{"@type":"BreadcrumbList","@id":"https:\/\/narteks.net\/index.php\/2011\/02\/26\/zaman-yer-sonra\/#breadcrumb","itemListElement":[{"@type":"ListItem","position":1,"name":"Anasayfa","item":"https:\/\/narteks.net\/"},{"@type":"ListItem","position":2,"name":"ZAMAN,YER,SONRA"}]},{"@type":"WebSite","@id":"https:\/\/narteks.net\/#website","url":"https:\/\/narteks.net\/","name":"narteks.net","description":"K\u00fclt\u00fcr Sanat Edebiyat Felsefe","publisher":{"@id":"https:\/\/narteks.net\/#organization"},"alternateName":"K\u00fclt\u00fcr Sanat Edebiyat Felsefe","potentialAction":[{"@type":"SearchAction","target":{"@type":"EntryPoint","urlTemplate":"https:\/\/narteks.net\/?s={search_term_string}"},"query-input":{"@type":"PropertyValueSpecification","valueRequired":true,"valueName":"search_term_string"}}],"inLanguage":"tr"},{"@type":"Organization","@id":"https:\/\/narteks.net\/#organization","name":"narteks.net","url":"https:\/\/narteks.net\/","logo":{"@type":"ImageObject","inLanguage":"tr","@id":"https:\/\/narteks.net\/#\/schema\/logo\/image\/","url":"https:\/\/narteks.net\/wp-content\/uploads\/narteks.png","contentUrl":"https:\/\/narteks.net\/wp-content\/uploads\/narteks.png","width":300,"height":90,"caption":"narteks.net"},"image":{"@id":"https:\/\/narteks.net\/#\/schema\/logo\/image\/"},"sameAs":["https:\/\/x.com\/narteks","https:\/\/instagram.com\/narteksnet"]},{"@type":"Person","@id":"https:\/\/narteks.net\/#\/schema\/person\/61f37d9834294b72d31d274e7ed79bca","name":"Tar\u0131k","image":{"@type":"ImageObject","inLanguage":"tr","@id":"https:\/\/narteks.net\/#\/schema\/person\/image\/","url":"https:\/\/secure.gravatar.com\/avatar\/50865afb55632c4ae467e0af0930f6510aa2297d8014be502a55b14f3b7550cf?s=96&d=mm&r=g","contentUrl":"https:\/\/secure.gravatar.com\/avatar\/50865afb55632c4ae467e0af0930f6510aa2297d8014be502a55b14f3b7550cf?s=96&d=mm&r=g","caption":"Tar\u0131k"},"sameAs":["http:\/\/narteks.net"],"url":"https:\/\/narteks.net\/index.php\/author\/narbak\/"}]}},"_links":{"self":[{"href":"https:\/\/narteks.net\/index.php\/wp-json\/wp\/v2\/posts\/5252","targetHints":{"allow":["GET"]}}],"collection":[{"href":"https:\/\/narteks.net\/index.php\/wp-json\/wp\/v2\/posts"}],"about":[{"href":"https:\/\/narteks.net\/index.php\/wp-json\/wp\/v2\/types\/post"}],"author":[{"embeddable":true,"href":"https:\/\/narteks.net\/index.php\/wp-json\/wp\/v2\/users\/1"}],"replies":[{"embeddable":true,"href":"https:\/\/narteks.net\/index.php\/wp-json\/wp\/v2\/comments?post=5252"}],"version-history":[{"count":0,"href":"https:\/\/narteks.net\/index.php\/wp-json\/wp\/v2\/posts\/5252\/revisions"}],"wp:attachment":[{"href":"https:\/\/narteks.net\/index.php\/wp-json\/wp\/v2\/media?parent=5252"}],"wp:term":[{"taxonomy":"category","embeddable":true,"href":"https:\/\/narteks.net\/index.php\/wp-json\/wp\/v2\/categories?post=5252"},{"taxonomy":"post_tag","embeddable":true,"href":"https:\/\/narteks.net\/index.php\/wp-json\/wp\/v2\/tags?post=5252"}],"curies":[{"name":"wp","href":"https:\/\/api.w.org\/{rel}","templated":true}]}}