{"id":5253,"date":"2011-02-26T22:22:45","date_gmt":"2011-02-26T19:22:45","guid":{"rendered":"http:\/\/localhost\/wordpress\/2011\/02\/26\/fazil-husnu-daglarca-biyografisi\/"},"modified":"2011-02-26T22:22:45","modified_gmt":"2011-02-26T19:22:45","slug":"fazil-husnu-daglarca-biyografisi","status":"publish","type":"post","link":"https:\/\/narteks.net\/index.php\/2011\/02\/26\/fazil-husnu-daglarca-biyografisi\/","title":{"rendered":"Faz\u0131l H\u00fcsn\u00fc DA\u011eLARCA Biyografisi"},"content":{"rendered":"<p style=\"text-align: justify;\"><img loading=\"lazy\" decoding=\"async\" style=\"float: left;\" src=\"http:\/\/img2.blogcu.com\/images\/s\/i\/h\/sihirliyazilar\/1224089668fazil_husnu_daglarca.jpg\" width=\"155\" height=\"205\" border=\"0\" \/>Faz\u0131l H\u00fcsn\u00fc Da\u011flarca (d. 26 A\u011fustos 1914, \u0130stanbul &#8211; \u00f6. 15 Ekim 2008), \u00fcnl\u00fc T\u00fcrk \u015fairidir.<\/p>\n<p>26 A\u011fustos 1914 \u0130stanbul do\u011fumlu. S\u00fcvari yarbay\u0131 Hasan H\u00fcsn\u00fc Bey&#8217;in o\u011fludur, ilk\u00f6\u011frenimini Konya, Kayseri, Adana ve Kozan&#8217;da, orta\u00f6\u011frenimini Tarsus ve Adana ortaokulundan sonra girdi\u011fi Kuleli Askeri Lisesi&#8217;nde 1933 y\u0131l\u0131nda tamamlad\u0131. Aile, Ata\u00e7, \u00c7a\u011fr\u0131, Devrim, \u0130nk\u0131lap\u00e7\u0131 Gen\u00e7lik, K\u00fclt\u00fcr Haftas\u0131, T\u00fcrk\u00e7e, T\u00fcrk Dili, T\u00fcrk Yurdu, Varl\u0131k, Vatan, Yeditepe, Y\u00fccel, Yenilik, Y\u00f6n, gibi dergi ve gazetelerde \u015fiirlerini yay\u0131mlad\u0131. 1935&#8217;te piyade subay\u0131 g\u00f6reviyle Do\u011fu ve Orta Anadolu&#8217;nun, Trakya&#8217;n\u0131n pek \u00e7ok yerini dola\u015ft\u0131. Ordudaki hizmeti on be\u015f y\u0131l\u0131 doldurunca, \u00f6n y\u00fczba\u015f\u0131 r\u00fctbesiyle askerlikten 1950&#8217;de ayr\u0131ld\u0131. 1952-1960 y\u0131llar\u0131 aras\u0131nda \u00c7al\u0131\u015fma Bakanl\u0131\u011f\u0131&#8217;nda i\u015f m\u00fcfetti\u015fi olarak \u0130stanbul&#8217;da \u00e7al\u0131\u015ft\u0131. Buradan ayr\u0131ld\u0131ktan sonra \u0130stanbul Aksaray&#8217;da &#8220;Kitap&#8221; kitapevini a\u00e7t\u0131 ve yay\u0131nc\u0131l\u0131\u011fa ba\u015flad\u0131. Ocak 1960-Temmuz 1964 y\u0131llar\u0131 aras\u0131nda d\u00f6rt y\u0131l T\u00fcrk\u00e7e isimli ayl\u0131k dergiyi \u00e7\u0131kard\u0131. \u0130lk yaz\u0131s\u0131 1927&#8217;de Yeni Adana gazetesinde yay\u0131nlanan bir hik\u00e2yedir, \u0130stanbul dergisinde 1933&#8217;te \u00e7\u0131kan &#8220;Yava\u015flayan \u00d6m\u00fcr&#8221; adl\u0131 \u015fiiriyle ad\u0131n\u0131 duyurmaya ba\u015flad\u0131. Varl\u0131k, K\u00fclt\u00fcr Haftas\u0131, Y\u00fccel, Aile, \u0130nk\u0131l\u00e2p\u00e7\u0131 Gen\u00e7lik, Yeditepe ve T\u00fcrk Dili dergilerinde \u015fiirleri \u00e7\u0131kt\u0131. Bug\u00fcne kadar kendisine bir \u00e7ok \u00f6d\u00fcl verilen \u015fair 1967&#8217;de ABD&#8217;deki Milletleraras\u0131 \u015eiir Forumu taraf\u0131ndan &#8220;En iyi T\u00fcrk \u015eairi&#8221; se\u00e7ilmi\u015fti. T\u00fcrk Dil Kurumu Y\u00f6netim Kurulu \u00fcyesiydi. Dil Devrimine ili\u015fkin d\u00fc\u015f\u00fcncelerini T\u00fcrk Dil Kurumu Ko\u00e7aklamas\u0131&#8217;nda \u015f\u00f6yle dile getirmi\u015ftir:<\/p>\n<p>&#8220;T\u00fcrk Dil Kurumunu kurarken\/ Mustafa Kemal\u2019in\/ Tek mutsuzlu\u011fu vard\u0131\/ T\u00fcrk\u00e7eyi sevdi\u011fini\/ Daha T\u00fcrk\u00e7e s\u00f6yleyememek\/ Kimilerinin\/ \u015eimdi\/ Tek mutlulu\u011fu var\/ T\u00fcrk\u00e7eyi sevdiklerini\/ Daha Osmanl\u0131ca s\u00f6ylemek. &#8230;&#8221;<\/p>\n<p>Toplumculu\u011funun temelinde insana ve insan hayat\u0131na sayg\u0131 yatan Da\u011flarca, bu y\u00fczden hi\u00e7 bir edeb\u00ee ak\u0131m ve ki\u015fiden etkilenmeden kendi kozas\u0131n\u0131 \u00f6rer. \u00c7ok yazan ve \u00fcreten bir \u015fair kimli\u011fiyle, ba\u011f\u0131ms\u0131z kalarak hi\u00e7bir \u015fairden etkilenmemi\u015f, hi\u00e7bir ak\u0131m\u0131n etkisinde kalmayarak \u015fiirlerini yazm\u0131\u015ft\u0131r. Onun sanat anlay\u0131\u015f\u0131n\u0131 \u015fu c\u00fcmlesi \u00f6zetler:<br \/>\u201c \u00a0\u00a0\u00a0 Sanat eseri hem bir saat gibi i\u00e7inde bulundu\u011fumuz zaman\u0131, hem de bir pusula gibi gidilmesi gereken y\u00f6n\u00fc i\u015faret etmelidir. \u00a0\u00a0\u00a0 \u201d<\/p>\n<p>T\u00fcrk\u00e7eye bak\u0131\u015f\u0131n\u0131 ise &#8220;T\u00fcrk\u00e7em, benim ses bayra\u011f\u0131m&#8221; diyerek T\u00fcrk\u00e7e Kat\u0131nda Ya\u015famak adl\u0131 \u015fiirinde sergilemi\u015ftir.<\/p>\n<p>&#8220;T\u00fcrk \u015fiirinin b\u00fcy\u00fck \u015fairi&#8221; olarak tan\u0131mlanan Da\u011flarca, 94 ya\u015f\u0131nda zat\u00fcrre tedavisi g\u00f6rd\u00fc\u011f\u00fc hastanede ya\u015fam\u0131n\u0131 yitirdi.[2] \u015eair Faz\u0131l H\u00fcsn\u00fc Da\u011flarca, bu y\u0131l\u0131n ilk aylar\u0131nda yapt\u0131\u011f\u0131 bir r\u00f6portajda \u00f6l\u00fcm\u00fcnden sonra Kad\u0131k\u00f6y&#8217;de ya\u015fad\u0131\u011f\u0131 evin m\u00fcze haline getirilmesini vasiyet etmi\u015fti. Evini Kad\u0131k\u00f6y Belediyesi&#8217;ne ba\u011f\u0131\u015flayan Da\u011flarca, M\u00fch\u00fcrdar Caddesi&#8217;ndeki evinde kendisini ziyaret eden Kad\u0131k\u00f6y Belediye Ba\u015fkan\u0131 Selami \u00d6zt\u00fcrk&#8217;e, evinin m\u00fczeye d\u00f6n\u00fc\u015ft\u00fcr\u00fclmesi i\u00e7in vasiyette bulunmu\u015ftu. 20 Ekim 2008&#8217;de Karacaahmet Mezarl\u0131\u011f\u0131na defnedilmi\u015ftir.<br \/><strong><br \/>Eserleri<\/strong><\/p>\n<p>Bir zamanlar S\u00f6zc\u00fc dergisinde 1960 ve Vatan dergisine 1961-1962 yazd\u0131\u011f\u0131, \u00f6zdeyi\u015f niteli\u011finde k\u0131sa d\u00fczyaz\u0131lar\u0131 bir yana b\u0131rak\u0131l\u0131rsa, yaln\u0131z \u015fiirle u\u011fra\u015fan ve \u015fiirlerini T\u00fcrkiye\u2019nin hemen b\u00fct\u00fcn edebiyat dergilerine yaym\u0131\u015f olan Da\u011flarca\u2019n\u0131n kitaplar\u0131.<\/p>\n<p> * Havaya \u00c7izilen D\u00fcnya (1935)<br \/> * \u00c7ocuk ve Allah (1940)<br \/> * Daha (1943)<br \/> * \u00c7ak\u0131r\u0131n Destan\u0131 (1945)<br \/> * Ta\u015fdevri (1945)<br \/> * \u00dc\u00e7 \u015eehitler Destan\u0131 (1949)<br \/> * Toprak Ana (1950)<br \/> * A\u00e7 Yaz\u0131 (1951)<br \/> * \u0130stikl\u00e2l Sava\u015f\u0131-Samsun&#8217;dan Ankara&#8217;ya (1951)<br \/> * \u0130stikl\u00e2l Sava\u015f\u0131-\u0130n\u00f6n\u00fcler (1951)<br \/> * Sivasl\u0131 Kar\u0131nca (1951)<br \/> * \u0130stanbul- Fetih Destan\u0131 (1953)<br \/> * An\u0131tkabir (1953)<br \/> * Asu (1955)<br \/> * Delice B\u00f6cek (1957)<br \/> * Bat\u0131 Ac\u0131s\u0131 (1958)<br \/> * Hoo&#8217;lar (1960)<br \/> * \u00d6zg\u00fcrl\u00fck Alan\u0131 (1960)<br \/> * Cezayir T\u00fcrk\u00fcs\u00fc (1961)<br \/> * Aylam (1962)<br \/> * T\u00fcrk Olmak (1963)<br \/> * Yedi Memetler (1964)<br \/> * \u00c7anakkale Destan\u0131 (1965)<br \/> * D\u0131\u015fardan Gazel (1965)<br \/> * Kazmalama (1965)<br \/> * Yerya\u011f (1965)<br \/> * Vietnam Sava\u015f\u0131m\u0131z (1966)<br \/> * A\u00e7\u0131l Susam A\u00e7\u0131l (1967)<br \/> * Kubilay Destan\u0131 (1968)<br \/> * Haydi (1968)<br \/> * 19 May\u0131s Destan\u0131 (1969)<br \/> * Hiro\u015fima (1970)<br \/> * Malazgirt Ululamas\u0131 (1971)<br \/> * Ku\u015f Ayak (1971)<br \/> * Hali\u00e7 (1972)<br \/> * K\u0131nal\u0131 Kuzu A\u011f\u0131d\u0131 (1972)<br \/> * Ba\u011f\u0131ms\u0131zl\u0131k Sava\u015f\u0131-Sakarya K\u0131y\u0131lar\u0131 (1973)<br \/> * Ba\u011f\u0131ms\u0131zl\u0131k Sava\u015f\u0131-30 A\u011fustos (1973)<br \/> * Ba\u011f\u0131ms\u0131zl\u0131k Sava\u015f\u0131-\u0130zmir Yollar\u0131nda (1973)<br \/> * Gazi Mustafa Kemal Atat\u00fcrk (1973)<br \/> * Arka \u00dcst\u00fc (1974)<br \/> * Yery\u00fcz\u00fc \u00c7ocuklar\u0131 (1974)<br \/> * Yan\u0131k \u00c7ocuklar Ko\u00e7aklamas\u0131 (1976)<br \/> * Horoz (1977)<br \/> * Hollandal\u0131 D\u00f6rtl\u00fckler (1977)<br \/> * Balinayla Mandalina (1977)<br \/> * Yaz\u0131lar\u0131 Seven ay\u0131 (1978)<br \/> * G\u00f6z Masal\u0131 (1979)<br \/> * Yaramaz S\u00f6zc\u00fckler (1979)<br \/> * \u00c7ukurova Ko\u00e7aklamas\u0131 (1979)<br \/> * \u015eeker Yiyen Resimler (1980)<br \/> * Cino\u011flan (1981)<br \/> * Hin ile Hincik (1981)<br \/> * G\u00fcne\u015f Do\u011fduran (1981)<br \/> * \u00c7\u0131plak (1981)<br \/> * Yunus Emre&#8217;de Olmak (1981)<br \/> * N\u00f6tron Bombas\u0131 (1981)<br \/> * Ko\u015fan Ay\u0131lar \u00dclkesi (1982)<br \/> * Di\u015fiboy (1985)<br \/> * \u0130lk Yap\u0131tla 50 Y\u0131l Sonrakiler (1985)<br \/> * Takma Ya\u015famalar \u00c7a\u011f\u0131 (1986)<br \/> * Uzaklarla Giyinmek (1990)<br \/> * Dildeki Bilgisayar (1992)<\/p>\n<p>\u00d6d\u00fclleri<\/p>\n<p> * 1946 Cumhuriyet Halk Partisi \u015eiir Yar\u0131\u015fmas\u0131 \u00dc\u00e7\u00fcnc\u00fcl\u00fck<br \/> * 1956 Yeditepe \u015eiir Arma\u011fan\u0131<br \/> * 19?? T\u00fcrk Dil Kurumu \u015eiir \u00d6d\u00fcl\u00fc<br \/> * 19?? T\u00fcrkiye Milli Talebe Federasyonu Turhan Emeksiz Arma\u011fan\u0131<br \/> * 19?? International Poetry Forum Ya\u015fayan En \u0130yi T\u00fcrk \u015eairi (A.B.D.)<br \/> * 19?? Ark\u0131n \u00c7ocuk Edebiyat\u0131 \u00dcst\u00fcn Onur \u00d6d\u00fcl\u00fc<br \/> * 19?? Struga 13. (XIII) \u015eiir Festivali Alt\u0131n \u00c7elenk \u00d6d\u00fcl\u00fc (Yugoslavya)<br \/> * 19?? Milliyet Sanat Dergisi Y\u0131l\u0131n Sanat\u00e7\u0131s\u0131<br \/> * 1977 Sedat Simavi Vakf\u0131 Edebiyat \u00d6d\u00fcl\u00fc<\/p>\n","protected":false},"excerpt":{"rendered":"<p>Faz\u0131l H\u00fcsn\u00fc Da\u011flarca (d. 26 A\u011fustos 1914, \u0130stanbul &#8211; \u00f6. 15 Ekim 2008), \u00fcnl\u00fc T\u00fcrk \u015fairidir. 26 A\u011fustos 1914 \u0130stanbul do\u011fumlu. S\u00fcvari yarbay\u0131 Hasan H\u00fcsn\u00fc Bey&#8217;in o\u011fludur, ilk\u00f6\u011frenimini Konya, Kayseri, Adana ve Kozan&#8217;da, orta\u00f6\u011frenimini Tarsus ve Adana ortaokulundan sonra girdi\u011fi Kuleli Askeri Lisesi&#8217;nde 1933 y\u0131l\u0131nda tamamlad\u0131. Aile, Ata\u00e7, \u00c7a\u011fr\u0131, Devrim, \u0130nk\u0131lap\u00e7\u0131 Gen\u00e7lik, K\u00fclt\u00fcr Haftas\u0131, T\u00fcrk\u00e7e, [&hellip;]<\/p>\n","protected":false},"author":1,"featured_media":0,"comment_status":"open","ping_status":"open","sticky":false,"template":"","format":"standard","meta":{"footnotes":""},"categories":[166],"tags":[],"class_list":{"0":"post-5253","1":"post","2":"type-post","3":"status-publish","4":"format-standard","6":"category-fazil-husnu-daglarca"},"yoast_head":"<!-- This site is optimized with the Yoast SEO Premium plugin v24.9 (Yoast SEO v24.9) - https:\/\/yoast.com\/wordpress\/plugins\/seo\/ -->\n<title>Faz\u0131l H\u00fcsn\u00fc DA\u011eLARCA Biyografisi - narteks.net<\/title>\n<meta name=\"robots\" content=\"index, follow, max-snippet:-1, max-image-preview:large, max-video-preview:-1\" \/>\n<link rel=\"canonical\" href=\"https:\/\/narteks.net\/index.php\/2011\/02\/26\/fazil-husnu-daglarca-biyografisi\/\" \/>\n<meta property=\"og:locale\" content=\"tr_TR\" \/>\n<meta property=\"og:type\" content=\"article\" \/>\n<meta property=\"og:title\" content=\"Faz\u0131l H\u00fcsn\u00fc DA\u011eLARCA Biyografisi\" \/>\n<meta property=\"og:description\" content=\"Faz\u0131l H\u00fcsn\u00fc Da\u011flarca (d. 26 A\u011fustos 1914, \u0130stanbul &#8211; \u00f6. 15 Ekim 2008), \u00fcnl\u00fc T\u00fcrk \u015fairidir. 26 A\u011fustos 1914 \u0130stanbul do\u011fumlu. S\u00fcvari yarbay\u0131 Hasan H\u00fcsn\u00fc Bey&#8217;in o\u011fludur, ilk\u00f6\u011frenimini Konya, Kayseri, Adana ve Kozan&#8217;da, orta\u00f6\u011frenimini Tarsus ve Adana ortaokulundan sonra girdi\u011fi Kuleli Askeri Lisesi&#8217;nde 1933 y\u0131l\u0131nda tamamlad\u0131. Aile, Ata\u00e7, \u00c7a\u011fr\u0131, Devrim, \u0130nk\u0131lap\u00e7\u0131 Gen\u00e7lik, K\u00fclt\u00fcr Haftas\u0131, T\u00fcrk\u00e7e, [&hellip;]\" \/>\n<meta property=\"og:url\" content=\"https:\/\/narteks.net\/index.php\/2011\/02\/26\/fazil-husnu-daglarca-biyografisi\/\" \/>\n<meta property=\"og:site_name\" content=\"narteks.net\" \/>\n<meta property=\"article:published_time\" content=\"2011-02-26T19:22:45+00:00\" \/>\n<meta property=\"og:image\" content=\"http:\/\/img2.blogcu.com\/images\/s\/i\/h\/sihirliyazilar\/1224089668fazil_husnu_daglarca.jpg\" \/>\n<meta name=\"author\" content=\"Tar\u0131k\" \/>\n<meta name=\"twitter:card\" content=\"summary_large_image\" \/>\n<meta name=\"twitter:creator\" content=\"@narteks\" \/>\n<meta name=\"twitter:site\" content=\"@narteks\" \/>\n<meta name=\"twitter:label1\" content=\"Yazan:\" \/>\n\t<meta name=\"twitter:data1\" content=\"Tar\u0131k\" \/>\n\t<meta name=\"twitter:label2\" content=\"Tahmini okuma s\u00fcresi\" \/>\n\t<meta name=\"twitter:data2\" content=\"4 dakika\" \/>\n<script type=\"application\/ld+json\" class=\"yoast-schema-graph\">{\"@context\":\"https:\/\/schema.org\",\"@graph\":[{\"@type\":\"Article\",\"@id\":\"https:\/\/narteks.net\/index.php\/2011\/02\/26\/fazil-husnu-daglarca-biyografisi\/#article\",\"isPartOf\":{\"@id\":\"https:\/\/narteks.net\/index.php\/2011\/02\/26\/fazil-husnu-daglarca-biyografisi\/\"},\"author\":{\"name\":\"Tar\u0131k\",\"@id\":\"https:\/\/narteks.net\/#\/schema\/person\/61f37d9834294b72d31d274e7ed79bca\"},\"headline\":\"Faz\u0131l H\u00fcsn\u00fc DA\u011eLARCA Biyografisi\",\"datePublished\":\"2011-02-26T19:22:45+00:00\",\"mainEntityOfPage\":{\"@id\":\"https:\/\/narteks.net\/index.php\/2011\/02\/26\/fazil-husnu-daglarca-biyografisi\/\"},\"wordCount\":861,\"commentCount\":0,\"publisher\":{\"@id\":\"https:\/\/narteks.net\/#organization\"},\"image\":{\"@id\":\"https:\/\/narteks.net\/index.php\/2011\/02\/26\/fazil-husnu-daglarca-biyografisi\/#primaryimage\"},\"thumbnailUrl\":\"http:\/\/img2.blogcu.com\/images\/s\/i\/h\/sihirliyazilar\/1224089668fazil_husnu_daglarca.jpg\",\"articleSection\":[\"Faz\u0131l H\u00fcsn\u00fc DA\u011eLARCA\"],\"inLanguage\":\"tr\",\"potentialAction\":[{\"@type\":\"CommentAction\",\"name\":\"Comment\",\"target\":[\"https:\/\/narteks.net\/index.php\/2011\/02\/26\/fazil-husnu-daglarca-biyografisi\/#respond\"]}]},{\"@type\":\"WebPage\",\"@id\":\"https:\/\/narteks.net\/index.php\/2011\/02\/26\/fazil-husnu-daglarca-biyografisi\/\",\"url\":\"https:\/\/narteks.net\/index.php\/2011\/02\/26\/fazil-husnu-daglarca-biyografisi\/\",\"name\":\"Faz\u0131l H\u00fcsn\u00fc DA\u011eLARCA Biyografisi - narteks.net\",\"isPartOf\":{\"@id\":\"https:\/\/narteks.net\/#website\"},\"primaryImageOfPage\":{\"@id\":\"https:\/\/narteks.net\/index.php\/2011\/02\/26\/fazil-husnu-daglarca-biyografisi\/#primaryimage\"},\"image\":{\"@id\":\"https:\/\/narteks.net\/index.php\/2011\/02\/26\/fazil-husnu-daglarca-biyografisi\/#primaryimage\"},\"thumbnailUrl\":\"http:\/\/img2.blogcu.com\/images\/s\/i\/h\/sihirliyazilar\/1224089668fazil_husnu_daglarca.jpg\",\"datePublished\":\"2011-02-26T19:22:45+00:00\",\"breadcrumb\":{\"@id\":\"https:\/\/narteks.net\/index.php\/2011\/02\/26\/fazil-husnu-daglarca-biyografisi\/#breadcrumb\"},\"inLanguage\":\"tr\",\"potentialAction\":[{\"@type\":\"ReadAction\",\"target\":[\"https:\/\/narteks.net\/index.php\/2011\/02\/26\/fazil-husnu-daglarca-biyografisi\/\"]}]},{\"@type\":\"ImageObject\",\"inLanguage\":\"tr\",\"@id\":\"https:\/\/narteks.net\/index.php\/2011\/02\/26\/fazil-husnu-daglarca-biyografisi\/#primaryimage\",\"url\":\"http:\/\/img2.blogcu.com\/images\/s\/i\/h\/sihirliyazilar\/1224089668fazil_husnu_daglarca.jpg\",\"contentUrl\":\"http:\/\/img2.blogcu.com\/images\/s\/i\/h\/sihirliyazilar\/1224089668fazil_husnu_daglarca.jpg\"},{\"@type\":\"BreadcrumbList\",\"@id\":\"https:\/\/narteks.net\/index.php\/2011\/02\/26\/fazil-husnu-daglarca-biyografisi\/#breadcrumb\",\"itemListElement\":[{\"@type\":\"ListItem\",\"position\":1,\"name\":\"Anasayfa\",\"item\":\"https:\/\/narteks.net\/\"},{\"@type\":\"ListItem\",\"position\":2,\"name\":\"Faz\u0131l H\u00fcsn\u00fc DA\u011eLARCA Biyografisi\"}]},{\"@type\":\"WebSite\",\"@id\":\"https:\/\/narteks.net\/#website\",\"url\":\"https:\/\/narteks.net\/\",\"name\":\"narteks.net\",\"description\":\"K\u00fclt\u00fcr Sanat Edebiyat Felsefe\",\"publisher\":{\"@id\":\"https:\/\/narteks.net\/#organization\"},\"alternateName\":\"K\u00fclt\u00fcr Sanat Edebiyat Felsefe\",\"potentialAction\":[{\"@type\":\"SearchAction\",\"target\":{\"@type\":\"EntryPoint\",\"urlTemplate\":\"https:\/\/narteks.net\/?s={search_term_string}\"},\"query-input\":{\"@type\":\"PropertyValueSpecification\",\"valueRequired\":true,\"valueName\":\"search_term_string\"}}],\"inLanguage\":\"tr\"},{\"@type\":\"Organization\",\"@id\":\"https:\/\/narteks.net\/#organization\",\"name\":\"narteks.net\",\"url\":\"https:\/\/narteks.net\/\",\"logo\":{\"@type\":\"ImageObject\",\"inLanguage\":\"tr\",\"@id\":\"https:\/\/narteks.net\/#\/schema\/logo\/image\/\",\"url\":\"https:\/\/narteks.net\/wp-content\/uploads\/narteks.png\",\"contentUrl\":\"https:\/\/narteks.net\/wp-content\/uploads\/narteks.png\",\"width\":300,\"height\":90,\"caption\":\"narteks.net\"},\"image\":{\"@id\":\"https:\/\/narteks.net\/#\/schema\/logo\/image\/\"},\"sameAs\":[\"https:\/\/x.com\/narteks\",\"https:\/\/instagram.com\/narteksnet\"]},{\"@type\":\"Person\",\"@id\":\"https:\/\/narteks.net\/#\/schema\/person\/61f37d9834294b72d31d274e7ed79bca\",\"name\":\"Tar\u0131k\",\"image\":{\"@type\":\"ImageObject\",\"inLanguage\":\"tr\",\"@id\":\"https:\/\/narteks.net\/#\/schema\/person\/image\/\",\"url\":\"https:\/\/secure.gravatar.com\/avatar\/50865afb55632c4ae467e0af0930f6510aa2297d8014be502a55b14f3b7550cf?s=96&d=mm&r=g\",\"contentUrl\":\"https:\/\/secure.gravatar.com\/avatar\/50865afb55632c4ae467e0af0930f6510aa2297d8014be502a55b14f3b7550cf?s=96&d=mm&r=g\",\"caption\":\"Tar\u0131k\"},\"sameAs\":[\"http:\/\/narteks.net\"],\"url\":\"https:\/\/narteks.net\/index.php\/author\/narbak\/\"}]}<\/script>\n<!-- \/ Yoast SEO Premium plugin. -->","yoast_head_json":{"title":"Faz\u0131l H\u00fcsn\u00fc DA\u011eLARCA Biyografisi - narteks.net","robots":{"index":"index","follow":"follow","max-snippet":"max-snippet:-1","max-image-preview":"max-image-preview:large","max-video-preview":"max-video-preview:-1"},"canonical":"https:\/\/narteks.net\/index.php\/2011\/02\/26\/fazil-husnu-daglarca-biyografisi\/","og_locale":"tr_TR","og_type":"article","og_title":"Faz\u0131l H\u00fcsn\u00fc DA\u011eLARCA Biyografisi","og_description":"Faz\u0131l H\u00fcsn\u00fc Da\u011flarca (d. 26 A\u011fustos 1914, \u0130stanbul &#8211; \u00f6. 15 Ekim 2008), \u00fcnl\u00fc T\u00fcrk \u015fairidir. 26 A\u011fustos 1914 \u0130stanbul do\u011fumlu. S\u00fcvari yarbay\u0131 Hasan H\u00fcsn\u00fc Bey&#8217;in o\u011fludur, ilk\u00f6\u011frenimini Konya, Kayseri, Adana ve Kozan&#8217;da, orta\u00f6\u011frenimini Tarsus ve Adana ortaokulundan sonra girdi\u011fi Kuleli Askeri Lisesi&#8217;nde 1933 y\u0131l\u0131nda tamamlad\u0131. Aile, Ata\u00e7, \u00c7a\u011fr\u0131, Devrim, \u0130nk\u0131lap\u00e7\u0131 Gen\u00e7lik, K\u00fclt\u00fcr Haftas\u0131, T\u00fcrk\u00e7e, [&hellip;]","og_url":"https:\/\/narteks.net\/index.php\/2011\/02\/26\/fazil-husnu-daglarca-biyografisi\/","og_site_name":"narteks.net","article_published_time":"2011-02-26T19:22:45+00:00","og_image":[{"url":"http:\/\/img2.blogcu.com\/images\/s\/i\/h\/sihirliyazilar\/1224089668fazil_husnu_daglarca.jpg","type":"","width":"","height":""}],"author":"Tar\u0131k","twitter_card":"summary_large_image","twitter_creator":"@narteks","twitter_site":"@narteks","twitter_misc":{"Yazan:":"Tar\u0131k","Tahmini okuma s\u00fcresi":"4 dakika"},"schema":{"@context":"https:\/\/schema.org","@graph":[{"@type":"Article","@id":"https:\/\/narteks.net\/index.php\/2011\/02\/26\/fazil-husnu-daglarca-biyografisi\/#article","isPartOf":{"@id":"https:\/\/narteks.net\/index.php\/2011\/02\/26\/fazil-husnu-daglarca-biyografisi\/"},"author":{"name":"Tar\u0131k","@id":"https:\/\/narteks.net\/#\/schema\/person\/61f37d9834294b72d31d274e7ed79bca"},"headline":"Faz\u0131l H\u00fcsn\u00fc DA\u011eLARCA Biyografisi","datePublished":"2011-02-26T19:22:45+00:00","mainEntityOfPage":{"@id":"https:\/\/narteks.net\/index.php\/2011\/02\/26\/fazil-husnu-daglarca-biyografisi\/"},"wordCount":861,"commentCount":0,"publisher":{"@id":"https:\/\/narteks.net\/#organization"},"image":{"@id":"https:\/\/narteks.net\/index.php\/2011\/02\/26\/fazil-husnu-daglarca-biyografisi\/#primaryimage"},"thumbnailUrl":"http:\/\/img2.blogcu.com\/images\/s\/i\/h\/sihirliyazilar\/1224089668fazil_husnu_daglarca.jpg","articleSection":["Faz\u0131l H\u00fcsn\u00fc DA\u011eLARCA"],"inLanguage":"tr","potentialAction":[{"@type":"CommentAction","name":"Comment","target":["https:\/\/narteks.net\/index.php\/2011\/02\/26\/fazil-husnu-daglarca-biyografisi\/#respond"]}]},{"@type":"WebPage","@id":"https:\/\/narteks.net\/index.php\/2011\/02\/26\/fazil-husnu-daglarca-biyografisi\/","url":"https:\/\/narteks.net\/index.php\/2011\/02\/26\/fazil-husnu-daglarca-biyografisi\/","name":"Faz\u0131l H\u00fcsn\u00fc DA\u011eLARCA Biyografisi - narteks.net","isPartOf":{"@id":"https:\/\/narteks.net\/#website"},"primaryImageOfPage":{"@id":"https:\/\/narteks.net\/index.php\/2011\/02\/26\/fazil-husnu-daglarca-biyografisi\/#primaryimage"},"image":{"@id":"https:\/\/narteks.net\/index.php\/2011\/02\/26\/fazil-husnu-daglarca-biyografisi\/#primaryimage"},"thumbnailUrl":"http:\/\/img2.blogcu.com\/images\/s\/i\/h\/sihirliyazilar\/1224089668fazil_husnu_daglarca.jpg","datePublished":"2011-02-26T19:22:45+00:00","breadcrumb":{"@id":"https:\/\/narteks.net\/index.php\/2011\/02\/26\/fazil-husnu-daglarca-biyografisi\/#breadcrumb"},"inLanguage":"tr","potentialAction":[{"@type":"ReadAction","target":["https:\/\/narteks.net\/index.php\/2011\/02\/26\/fazil-husnu-daglarca-biyografisi\/"]}]},{"@type":"ImageObject","inLanguage":"tr","@id":"https:\/\/narteks.net\/index.php\/2011\/02\/26\/fazil-husnu-daglarca-biyografisi\/#primaryimage","url":"http:\/\/img2.blogcu.com\/images\/s\/i\/h\/sihirliyazilar\/1224089668fazil_husnu_daglarca.jpg","contentUrl":"http:\/\/img2.blogcu.com\/images\/s\/i\/h\/sihirliyazilar\/1224089668fazil_husnu_daglarca.jpg"},{"@type":"BreadcrumbList","@id":"https:\/\/narteks.net\/index.php\/2011\/02\/26\/fazil-husnu-daglarca-biyografisi\/#breadcrumb","itemListElement":[{"@type":"ListItem","position":1,"name":"Anasayfa","item":"https:\/\/narteks.net\/"},{"@type":"ListItem","position":2,"name":"Faz\u0131l H\u00fcsn\u00fc DA\u011eLARCA Biyografisi"}]},{"@type":"WebSite","@id":"https:\/\/narteks.net\/#website","url":"https:\/\/narteks.net\/","name":"narteks.net","description":"K\u00fclt\u00fcr Sanat Edebiyat Felsefe","publisher":{"@id":"https:\/\/narteks.net\/#organization"},"alternateName":"K\u00fclt\u00fcr Sanat Edebiyat Felsefe","potentialAction":[{"@type":"SearchAction","target":{"@type":"EntryPoint","urlTemplate":"https:\/\/narteks.net\/?s={search_term_string}"},"query-input":{"@type":"PropertyValueSpecification","valueRequired":true,"valueName":"search_term_string"}}],"inLanguage":"tr"},{"@type":"Organization","@id":"https:\/\/narteks.net\/#organization","name":"narteks.net","url":"https:\/\/narteks.net\/","logo":{"@type":"ImageObject","inLanguage":"tr","@id":"https:\/\/narteks.net\/#\/schema\/logo\/image\/","url":"https:\/\/narteks.net\/wp-content\/uploads\/narteks.png","contentUrl":"https:\/\/narteks.net\/wp-content\/uploads\/narteks.png","width":300,"height":90,"caption":"narteks.net"},"image":{"@id":"https:\/\/narteks.net\/#\/schema\/logo\/image\/"},"sameAs":["https:\/\/x.com\/narteks","https:\/\/instagram.com\/narteksnet"]},{"@type":"Person","@id":"https:\/\/narteks.net\/#\/schema\/person\/61f37d9834294b72d31d274e7ed79bca","name":"Tar\u0131k","image":{"@type":"ImageObject","inLanguage":"tr","@id":"https:\/\/narteks.net\/#\/schema\/person\/image\/","url":"https:\/\/secure.gravatar.com\/avatar\/50865afb55632c4ae467e0af0930f6510aa2297d8014be502a55b14f3b7550cf?s=96&d=mm&r=g","contentUrl":"https:\/\/secure.gravatar.com\/avatar\/50865afb55632c4ae467e0af0930f6510aa2297d8014be502a55b14f3b7550cf?s=96&d=mm&r=g","caption":"Tar\u0131k"},"sameAs":["http:\/\/narteks.net"],"url":"https:\/\/narteks.net\/index.php\/author\/narbak\/"}]}},"_links":{"self":[{"href":"https:\/\/narteks.net\/index.php\/wp-json\/wp\/v2\/posts\/5253","targetHints":{"allow":["GET"]}}],"collection":[{"href":"https:\/\/narteks.net\/index.php\/wp-json\/wp\/v2\/posts"}],"about":[{"href":"https:\/\/narteks.net\/index.php\/wp-json\/wp\/v2\/types\/post"}],"author":[{"embeddable":true,"href":"https:\/\/narteks.net\/index.php\/wp-json\/wp\/v2\/users\/1"}],"replies":[{"embeddable":true,"href":"https:\/\/narteks.net\/index.php\/wp-json\/wp\/v2\/comments?post=5253"}],"version-history":[{"count":0,"href":"https:\/\/narteks.net\/index.php\/wp-json\/wp\/v2\/posts\/5253\/revisions"}],"wp:attachment":[{"href":"https:\/\/narteks.net\/index.php\/wp-json\/wp\/v2\/media?parent=5253"}],"wp:term":[{"taxonomy":"category","embeddable":true,"href":"https:\/\/narteks.net\/index.php\/wp-json\/wp\/v2\/categories?post=5253"},{"taxonomy":"post_tag","embeddable":true,"href":"https:\/\/narteks.net\/index.php\/wp-json\/wp\/v2\/tags?post=5253"}],"curies":[{"name":"wp","href":"https:\/\/api.w.org\/{rel}","templated":true}]}}