{"id":5256,"date":"2011-02-26T22:27:48","date_gmt":"2011-02-26T19:27:48","guid":{"rendered":"http:\/\/localhost\/wordpress\/2011\/02\/26\/yalnizligim\/"},"modified":"2011-02-26T22:27:48","modified_gmt":"2011-02-26T19:27:48","slug":"yalnizligim","status":"publish","type":"post","link":"https:\/\/narteks.net\/index.php\/2011\/02\/26\/yalnizligim\/","title":{"rendered":"YALNIZLI\u011eIM"},"content":{"rendered":"<p>\u00a0<\/p>\n<p>Il\u0131k bir su gibidir i\u00e7imde yaln\u0131zl\u0131\u011f\u0131m,<br \/>Yaln\u0131zl\u0131\u011f\u0131m, ruhumda uzak bir ses gibidir.<br \/>Her sabah ufuklardan mavi \u015fark\u0131lar gelir,<br \/>Ve her sabah \u00fcrperir i\u00e7imde yaln\u0131zl\u0131\u011f\u0131m<\/p>\n<p>G\u00fcne\u015fim aydan sar\u0131, yar\u0131n\u0131m d\u00fcnden zorsa,<br \/>Sars\u0131n art\u0131k \u00f6mr\u00fcm\u00fc tun\u00e7 kandillerin isi<br \/>\u00dc\u015f\u00fcyen ellerimden tutmal\u0131yd\u0131 birisi,<br \/>E\u011fer benim g\u00f6zlerim onlar\u0131 g\u00f6rm\u00fcyorsa.<\/p>\n<p>Bir cam\u0131n arkas\u0131nda a\u00e7\u0131l\u0131yor g\u00fcllerim,<br \/>Havuzum p\u0131r\u0131l p\u0131r\u0131l&#8230; y\u0131kar bak\u0131\u015flar\u0131m\u0131.<br \/>\u0130\u015fler temiz ziyalar suya nak\u0131\u015flar\u0131m\u0131;<br \/>Ruhumun d\u00fcnyas\u0131ndan eser tahayy\u00fcllerim<\/p>\n<p>R\u00fcya r\u00fczgarlar\u0131nda bir yaprak yaln\u0131zl\u0131\u011f\u0131m<br \/>D\u00fc\u015f\u00fcncem bir neydir ki \u00fcrperir perde perde<br \/>Belki bu m\u0131sralar\u0131m esecek g\u00f6n\u00fcllerde<br \/>Fakat herkese uzak kalacak,yaln\u0131zl\u0131\u011f\u0131m.<\/p>\n<p>Faz\u0131l H\u00fcsn\u00fc DA\u011eLARCA<\/p>\n","protected":false},"excerpt":{"rendered":"<p>\u00a0 Il\u0131k bir su gibidir i\u00e7imde yaln\u0131zl\u0131\u011f\u0131m,Yaln\u0131zl\u0131\u011f\u0131m, ruhumda uzak bir ses gibidir.Her sabah ufuklardan mavi \u015fark\u0131lar gelir,Ve her sabah \u00fcrperir i\u00e7imde yaln\u0131zl\u0131\u011f\u0131m G\u00fcne\u015fim aydan sar\u0131, yar\u0131n\u0131m d\u00fcnden zorsa,Sars\u0131n art\u0131k \u00f6mr\u00fcm\u00fc tun\u00e7 kandillerin isi\u00dc\u015f\u00fcyen ellerimden tutmal\u0131yd\u0131 birisi,E\u011fer benim g\u00f6zlerim onlar\u0131 g\u00f6rm\u00fcyorsa. Bir cam\u0131n arkas\u0131nda a\u00e7\u0131l\u0131yor g\u00fcllerim,Havuzum p\u0131r\u0131l p\u0131r\u0131l&#8230; y\u0131kar bak\u0131\u015flar\u0131m\u0131.\u0130\u015fler temiz ziyalar suya nak\u0131\u015flar\u0131m\u0131;Ruhumun d\u00fcnyas\u0131ndan eser [&hellip;]<\/p>\n","protected":false},"author":1,"featured_media":0,"comment_status":"open","ping_status":"open","sticky":false,"template":"","format":"standard","meta":{"footnotes":""},"categories":[166],"tags":[],"class_list":{"0":"post-5256","1":"post","2":"type-post","3":"status-publish","4":"format-standard","6":"category-fazil-husnu-daglarca"},"yoast_head":"<!-- This site is optimized with the Yoast SEO Premium plugin v24.9 (Yoast SEO v24.9) - https:\/\/yoast.com\/wordpress\/plugins\/seo\/ -->\n<title>YALNIZLI\u011eIM - narteks.net<\/title>\n<meta name=\"robots\" content=\"index, follow, max-snippet:-1, max-image-preview:large, max-video-preview:-1\" \/>\n<link rel=\"canonical\" href=\"https:\/\/narteks.net\/index.php\/2011\/02\/26\/yalnizligim\/\" \/>\n<meta property=\"og:locale\" content=\"tr_TR\" \/>\n<meta property=\"og:type\" content=\"article\" \/>\n<meta property=\"og:title\" content=\"YALNIZLI\u011eIM\" \/>\n<meta property=\"og:description\" content=\"\u00a0 Il\u0131k bir su gibidir i\u00e7imde yaln\u0131zl\u0131\u011f\u0131m,Yaln\u0131zl\u0131\u011f\u0131m, ruhumda uzak bir ses gibidir.Her sabah ufuklardan mavi \u015fark\u0131lar gelir,Ve her sabah \u00fcrperir i\u00e7imde yaln\u0131zl\u0131\u011f\u0131m G\u00fcne\u015fim aydan sar\u0131, yar\u0131n\u0131m d\u00fcnden zorsa,Sars\u0131n art\u0131k \u00f6mr\u00fcm\u00fc tun\u00e7 kandillerin isi\u00dc\u015f\u00fcyen ellerimden tutmal\u0131yd\u0131 birisi,E\u011fer benim g\u00f6zlerim onlar\u0131 g\u00f6rm\u00fcyorsa. Bir cam\u0131n arkas\u0131nda a\u00e7\u0131l\u0131yor g\u00fcllerim,Havuzum p\u0131r\u0131l p\u0131r\u0131l&#8230; y\u0131kar bak\u0131\u015flar\u0131m\u0131.\u0130\u015fler temiz ziyalar suya nak\u0131\u015flar\u0131m\u0131;Ruhumun d\u00fcnyas\u0131ndan eser [&hellip;]\" \/>\n<meta property=\"og:url\" content=\"https:\/\/narteks.net\/index.php\/2011\/02\/26\/yalnizligim\/\" \/>\n<meta property=\"og:site_name\" content=\"narteks.net\" \/>\n<meta property=\"article:published_time\" content=\"2011-02-26T19:27:48+00:00\" \/>\n<meta property=\"og:image\" content=\"https:\/\/narteks.net\/wp-content\/uploads\/narteks.png\" \/>\n\t<meta property=\"og:image:width\" content=\"300\" \/>\n\t<meta property=\"og:image:height\" content=\"90\" \/>\n\t<meta property=\"og:image:type\" content=\"image\/png\" \/>\n<meta name=\"author\" content=\"Tar\u0131k\" \/>\n<meta name=\"twitter:card\" content=\"summary_large_image\" \/>\n<meta name=\"twitter:creator\" content=\"@narteks\" \/>\n<meta name=\"twitter:site\" content=\"@narteks\" \/>\n<meta name=\"twitter:label1\" content=\"Yazan:\" \/>\n\t<meta name=\"twitter:data1\" content=\"Tar\u0131k\" \/>\n\t<meta name=\"twitter:label2\" content=\"Tahmini okuma s\u00fcresi\" \/>\n\t<meta name=\"twitter:data2\" content=\"1 dakika\" \/>\n<script type=\"application\/ld+json\" class=\"yoast-schema-graph\">{\"@context\":\"https:\/\/schema.org\",\"@graph\":[{\"@type\":\"Article\",\"@id\":\"https:\/\/narteks.net\/index.php\/2011\/02\/26\/yalnizligim\/#article\",\"isPartOf\":{\"@id\":\"https:\/\/narteks.net\/index.php\/2011\/02\/26\/yalnizligim\/\"},\"author\":{\"name\":\"Tar\u0131k\",\"@id\":\"https:\/\/narteks.net\/#\/schema\/person\/61f37d9834294b72d31d274e7ed79bca\"},\"headline\":\"YALNIZLI\u011eIM\",\"datePublished\":\"2011-02-26T19:27:48+00:00\",\"mainEntityOfPage\":{\"@id\":\"https:\/\/narteks.net\/index.php\/2011\/02\/26\/yalnizligim\/\"},\"wordCount\":143,\"commentCount\":0,\"publisher\":{\"@id\":\"https:\/\/narteks.net\/#organization\"},\"articleSection\":[\"Faz\u0131l H\u00fcsn\u00fc DA\u011eLARCA\"],\"inLanguage\":\"tr\",\"potentialAction\":[{\"@type\":\"CommentAction\",\"name\":\"Comment\",\"target\":[\"https:\/\/narteks.net\/index.php\/2011\/02\/26\/yalnizligim\/#respond\"]}]},{\"@type\":\"WebPage\",\"@id\":\"https:\/\/narteks.net\/index.php\/2011\/02\/26\/yalnizligim\/\",\"url\":\"https:\/\/narteks.net\/index.php\/2011\/02\/26\/yalnizligim\/\",\"name\":\"YALNIZLI\u011eIM - narteks.net\",\"isPartOf\":{\"@id\":\"https:\/\/narteks.net\/#website\"},\"datePublished\":\"2011-02-26T19:27:48+00:00\",\"breadcrumb\":{\"@id\":\"https:\/\/narteks.net\/index.php\/2011\/02\/26\/yalnizligim\/#breadcrumb\"},\"inLanguage\":\"tr\",\"potentialAction\":[{\"@type\":\"ReadAction\",\"target\":[\"https:\/\/narteks.net\/index.php\/2011\/02\/26\/yalnizligim\/\"]}]},{\"@type\":\"BreadcrumbList\",\"@id\":\"https:\/\/narteks.net\/index.php\/2011\/02\/26\/yalnizligim\/#breadcrumb\",\"itemListElement\":[{\"@type\":\"ListItem\",\"position\":1,\"name\":\"Anasayfa\",\"item\":\"https:\/\/narteks.net\/\"},{\"@type\":\"ListItem\",\"position\":2,\"name\":\"YALNIZLI\u011eIM\"}]},{\"@type\":\"WebSite\",\"@id\":\"https:\/\/narteks.net\/#website\",\"url\":\"https:\/\/narteks.net\/\",\"name\":\"narteks.net\",\"description\":\"K\u00fclt\u00fcr Sanat Edebiyat Felsefe\",\"publisher\":{\"@id\":\"https:\/\/narteks.net\/#organization\"},\"alternateName\":\"K\u00fclt\u00fcr Sanat Edebiyat Felsefe\",\"potentialAction\":[{\"@type\":\"SearchAction\",\"target\":{\"@type\":\"EntryPoint\",\"urlTemplate\":\"https:\/\/narteks.net\/?s={search_term_string}\"},\"query-input\":{\"@type\":\"PropertyValueSpecification\",\"valueRequired\":true,\"valueName\":\"search_term_string\"}}],\"inLanguage\":\"tr\"},{\"@type\":\"Organization\",\"@id\":\"https:\/\/narteks.net\/#organization\",\"name\":\"narteks.net\",\"url\":\"https:\/\/narteks.net\/\",\"logo\":{\"@type\":\"ImageObject\",\"inLanguage\":\"tr\",\"@id\":\"https:\/\/narteks.net\/#\/schema\/logo\/image\/\",\"url\":\"https:\/\/narteks.net\/wp-content\/uploads\/narteks.png\",\"contentUrl\":\"https:\/\/narteks.net\/wp-content\/uploads\/narteks.png\",\"width\":300,\"height\":90,\"caption\":\"narteks.net\"},\"image\":{\"@id\":\"https:\/\/narteks.net\/#\/schema\/logo\/image\/\"},\"sameAs\":[\"https:\/\/x.com\/narteks\",\"https:\/\/instagram.com\/narteksnet\"]},{\"@type\":\"Person\",\"@id\":\"https:\/\/narteks.net\/#\/schema\/person\/61f37d9834294b72d31d274e7ed79bca\",\"name\":\"Tar\u0131k\",\"image\":{\"@type\":\"ImageObject\",\"inLanguage\":\"tr\",\"@id\":\"https:\/\/narteks.net\/#\/schema\/person\/image\/\",\"url\":\"https:\/\/secure.gravatar.com\/avatar\/50865afb55632c4ae467e0af0930f6510aa2297d8014be502a55b14f3b7550cf?s=96&d=mm&r=g\",\"contentUrl\":\"https:\/\/secure.gravatar.com\/avatar\/50865afb55632c4ae467e0af0930f6510aa2297d8014be502a55b14f3b7550cf?s=96&d=mm&r=g\",\"caption\":\"Tar\u0131k\"},\"sameAs\":[\"http:\/\/narteks.net\"],\"url\":\"https:\/\/narteks.net\/index.php\/author\/narbak\/\"}]}<\/script>\n<!-- \/ Yoast SEO Premium plugin. -->","yoast_head_json":{"title":"YALNIZLI\u011eIM - narteks.net","robots":{"index":"index","follow":"follow","max-snippet":"max-snippet:-1","max-image-preview":"max-image-preview:large","max-video-preview":"max-video-preview:-1"},"canonical":"https:\/\/narteks.net\/index.php\/2011\/02\/26\/yalnizligim\/","og_locale":"tr_TR","og_type":"article","og_title":"YALNIZLI\u011eIM","og_description":"\u00a0 Il\u0131k bir su gibidir i\u00e7imde yaln\u0131zl\u0131\u011f\u0131m,Yaln\u0131zl\u0131\u011f\u0131m, ruhumda uzak bir ses gibidir.Her sabah ufuklardan mavi \u015fark\u0131lar gelir,Ve her sabah \u00fcrperir i\u00e7imde yaln\u0131zl\u0131\u011f\u0131m G\u00fcne\u015fim aydan sar\u0131, yar\u0131n\u0131m d\u00fcnden zorsa,Sars\u0131n art\u0131k \u00f6mr\u00fcm\u00fc tun\u00e7 kandillerin isi\u00dc\u015f\u00fcyen ellerimden tutmal\u0131yd\u0131 birisi,E\u011fer benim g\u00f6zlerim onlar\u0131 g\u00f6rm\u00fcyorsa. Bir cam\u0131n arkas\u0131nda a\u00e7\u0131l\u0131yor g\u00fcllerim,Havuzum p\u0131r\u0131l p\u0131r\u0131l&#8230; y\u0131kar bak\u0131\u015flar\u0131m\u0131.\u0130\u015fler temiz ziyalar suya nak\u0131\u015flar\u0131m\u0131;Ruhumun d\u00fcnyas\u0131ndan eser [&hellip;]","og_url":"https:\/\/narteks.net\/index.php\/2011\/02\/26\/yalnizligim\/","og_site_name":"narteks.net","article_published_time":"2011-02-26T19:27:48+00:00","og_image":[{"width":300,"height":90,"url":"https:\/\/narteks.net\/wp-content\/uploads\/narteks.png","type":"image\/png"}],"author":"Tar\u0131k","twitter_card":"summary_large_image","twitter_creator":"@narteks","twitter_site":"@narteks","twitter_misc":{"Yazan:":"Tar\u0131k","Tahmini okuma s\u00fcresi":"1 dakika"},"schema":{"@context":"https:\/\/schema.org","@graph":[{"@type":"Article","@id":"https:\/\/narteks.net\/index.php\/2011\/02\/26\/yalnizligim\/#article","isPartOf":{"@id":"https:\/\/narteks.net\/index.php\/2011\/02\/26\/yalnizligim\/"},"author":{"name":"Tar\u0131k","@id":"https:\/\/narteks.net\/#\/schema\/person\/61f37d9834294b72d31d274e7ed79bca"},"headline":"YALNIZLI\u011eIM","datePublished":"2011-02-26T19:27:48+00:00","mainEntityOfPage":{"@id":"https:\/\/narteks.net\/index.php\/2011\/02\/26\/yalnizligim\/"},"wordCount":143,"commentCount":0,"publisher":{"@id":"https:\/\/narteks.net\/#organization"},"articleSection":["Faz\u0131l H\u00fcsn\u00fc DA\u011eLARCA"],"inLanguage":"tr","potentialAction":[{"@type":"CommentAction","name":"Comment","target":["https:\/\/narteks.net\/index.php\/2011\/02\/26\/yalnizligim\/#respond"]}]},{"@type":"WebPage","@id":"https:\/\/narteks.net\/index.php\/2011\/02\/26\/yalnizligim\/","url":"https:\/\/narteks.net\/index.php\/2011\/02\/26\/yalnizligim\/","name":"YALNIZLI\u011eIM - narteks.net","isPartOf":{"@id":"https:\/\/narteks.net\/#website"},"datePublished":"2011-02-26T19:27:48+00:00","breadcrumb":{"@id":"https:\/\/narteks.net\/index.php\/2011\/02\/26\/yalnizligim\/#breadcrumb"},"inLanguage":"tr","potentialAction":[{"@type":"ReadAction","target":["https:\/\/narteks.net\/index.php\/2011\/02\/26\/yalnizligim\/"]}]},{"@type":"BreadcrumbList","@id":"https:\/\/narteks.net\/index.php\/2011\/02\/26\/yalnizligim\/#breadcrumb","itemListElement":[{"@type":"ListItem","position":1,"name":"Anasayfa","item":"https:\/\/narteks.net\/"},{"@type":"ListItem","position":2,"name":"YALNIZLI\u011eIM"}]},{"@type":"WebSite","@id":"https:\/\/narteks.net\/#website","url":"https:\/\/narteks.net\/","name":"narteks.net","description":"K\u00fclt\u00fcr Sanat Edebiyat Felsefe","publisher":{"@id":"https:\/\/narteks.net\/#organization"},"alternateName":"K\u00fclt\u00fcr Sanat Edebiyat Felsefe","potentialAction":[{"@type":"SearchAction","target":{"@type":"EntryPoint","urlTemplate":"https:\/\/narteks.net\/?s={search_term_string}"},"query-input":{"@type":"PropertyValueSpecification","valueRequired":true,"valueName":"search_term_string"}}],"inLanguage":"tr"},{"@type":"Organization","@id":"https:\/\/narteks.net\/#organization","name":"narteks.net","url":"https:\/\/narteks.net\/","logo":{"@type":"ImageObject","inLanguage":"tr","@id":"https:\/\/narteks.net\/#\/schema\/logo\/image\/","url":"https:\/\/narteks.net\/wp-content\/uploads\/narteks.png","contentUrl":"https:\/\/narteks.net\/wp-content\/uploads\/narteks.png","width":300,"height":90,"caption":"narteks.net"},"image":{"@id":"https:\/\/narteks.net\/#\/schema\/logo\/image\/"},"sameAs":["https:\/\/x.com\/narteks","https:\/\/instagram.com\/narteksnet"]},{"@type":"Person","@id":"https:\/\/narteks.net\/#\/schema\/person\/61f37d9834294b72d31d274e7ed79bca","name":"Tar\u0131k","image":{"@type":"ImageObject","inLanguage":"tr","@id":"https:\/\/narteks.net\/#\/schema\/person\/image\/","url":"https:\/\/secure.gravatar.com\/avatar\/50865afb55632c4ae467e0af0930f6510aa2297d8014be502a55b14f3b7550cf?s=96&d=mm&r=g","contentUrl":"https:\/\/secure.gravatar.com\/avatar\/50865afb55632c4ae467e0af0930f6510aa2297d8014be502a55b14f3b7550cf?s=96&d=mm&r=g","caption":"Tar\u0131k"},"sameAs":["http:\/\/narteks.net"],"url":"https:\/\/narteks.net\/index.php\/author\/narbak\/"}]}},"_links":{"self":[{"href":"https:\/\/narteks.net\/index.php\/wp-json\/wp\/v2\/posts\/5256","targetHints":{"allow":["GET"]}}],"collection":[{"href":"https:\/\/narteks.net\/index.php\/wp-json\/wp\/v2\/posts"}],"about":[{"href":"https:\/\/narteks.net\/index.php\/wp-json\/wp\/v2\/types\/post"}],"author":[{"embeddable":true,"href":"https:\/\/narteks.net\/index.php\/wp-json\/wp\/v2\/users\/1"}],"replies":[{"embeddable":true,"href":"https:\/\/narteks.net\/index.php\/wp-json\/wp\/v2\/comments?post=5256"}],"version-history":[{"count":0,"href":"https:\/\/narteks.net\/index.php\/wp-json\/wp\/v2\/posts\/5256\/revisions"}],"wp:attachment":[{"href":"https:\/\/narteks.net\/index.php\/wp-json\/wp\/v2\/media?parent=5256"}],"wp:term":[{"taxonomy":"category","embeddable":true,"href":"https:\/\/narteks.net\/index.php\/wp-json\/wp\/v2\/categories?post=5256"},{"taxonomy":"post_tag","embeddable":true,"href":"https:\/\/narteks.net\/index.php\/wp-json\/wp\/v2\/tags?post=5256"}],"curies":[{"name":"wp","href":"https:\/\/api.w.org\/{rel}","templated":true}]}}