{"id":5260,"date":"2011-02-26T22:31:02","date_gmt":"2011-02-26T19:31:02","guid":{"rendered":"http:\/\/localhost\/wordpress\/2011\/02\/26\/destan-onu\/"},"modified":"2011-02-26T22:31:02","modified_gmt":"2011-02-26T19:31:02","slug":"destan-onu","status":"publish","type":"post","link":"https:\/\/narteks.net\/index.php\/2011\/02\/26\/destan-onu\/","title":{"rendered":"DESTAN \u00d6N\u00dc"},"content":{"rendered":"<p>\u00a0<\/p>\n<p>\u0130\u015fte zaman\u0131n karanl\u0131\u011f\u0131, gece gibi,<br \/>Ge\u00e7er bir g\u00f6lge komadan.<br \/>\u0130\u015fte Tanr\u0131 nefesli sahiller,<br \/>\u0130\u015fte Bizans kopmu\u015f Romadan.<br \/>Sakallar\u0131 uzam\u0131\u015f ke\u015fi\u015fler s\u0131rt\u0131nda,<br \/>Bahar halinde bir y\u00fck:<br \/>Sur \u00f6r\u00fclm\u00fcs k\u0131y\u0131larda yoklu\u011fa taraf,<br \/>Ta\u015flarla, kiskan\u00e7l\u0131kla a\u011f\u0131r ve b\u00fcy\u00fck.<\/p>\n<p>Eski Istanbul, ruh kadar eski,<br \/>\u0130nsan daha fazla eskiyemez ki.<\/p>\n<p>Bir bo\u015fluk ki g\u00f6ller tad\u0131nda uzun,<br \/>Ya hi\u00e7e uzanm\u0131\u015f vaktimiz, ya hepe.<br \/>Yedi me\u00e7hul \u00fcst\u00fcne a\u00e7\u0131lm\u0131\u015f,<br \/>Yedi tepe.<br \/>Hali\u00e7, d\u00fcnya \u00f6k\u00fcz\u00fcn\u00fcn boynuzu, hi\u00e7 k\u0131m\u0131ldamaz,<br \/>K\u0131m\u0131ldar bir kapal\u0131 su.<br \/>Ge\u00e7er, as\u0131rlar g\u00f6vdesine, ayd\u0131nl\u0131k,<br \/>Uyumayanlar\u0131n uykusu.<\/p>\n<p>Eski \u0130stanbul, hat\u0131ralardan eski,<br \/>G\u00f6resin usul usul gez ki.<\/p>\n<p>Tar\u00fcmar olmu\u015f,<br \/>Daradan, Sardanapaldan anlar.<br \/>Gemilerle, kervanlarla dolmu\u015f, \u00e7\u0131r\u0131l\u00e7\u0131plak,<br \/>A\u015fk\u0131 kaybedenler, bulanlar.<br \/>Devir devir kap\u0131lar\u0131nda durmu\u015f,<br \/>Nesilleri Asyan\u0131n, bu bak\u0131\u015f ahu diye.<br \/>Sormu\u015f s\u0131cak r\u00fcyas\u0131n\u0131,<br \/>Peygamberin ordular\u0131, Hu, diye.<\/p>\n<p>Eski \u0130stanbul, eski,<br \/>Ge\u00e7mi\u015f g\u00fcnleri kimse s\u00f6yletemez ki.<\/p>\n<p>Saz nameleri gelir, din u\u011fruna \u00e7arm\u0131ha gerileceklerden,<br \/>Belki \u00e7arm\u0131hs\u0131n\u0131z, belki sazs\u0131n\u0131z.<br \/>\u00d6l\u00fcmlerden hangisi ger\u00e7ek,<br \/>Anl\u0131yamazs\u0131n\u0131z.<br \/>Farkedilmez Do\u011fu ve Bat\u0131.<br \/>Hayaller dolusu cenaze, d\u00fc\u015f\u00fcncelerden.<br \/>Ayaklar\u0131n\u0131z\u0131n, ayaklar\u0131n\u0131z\u0131n,<br \/>Ayr\u0131l\u0131\u015f\u0131 yerden.<\/p>\n<p>Eski \u0130stanbul, yak\u0131n ve eski<br \/>\u00d6yle bir ses ki.<\/p>\n<p>Faz\u0131l H\u00fcsn\u00fc DA\u011eLARCA<\/p>\n","protected":false},"excerpt":{"rendered":"<p>\u00a0 \u0130\u015fte zaman\u0131n karanl\u0131\u011f\u0131, gece gibi,Ge\u00e7er bir g\u00f6lge komadan.\u0130\u015fte Tanr\u0131 nefesli sahiller,\u0130\u015fte Bizans kopmu\u015f Romadan.Sakallar\u0131 uzam\u0131\u015f ke\u015fi\u015fler s\u0131rt\u0131nda,Bahar halinde bir y\u00fck:Sur \u00f6r\u00fclm\u00fcs k\u0131y\u0131larda yoklu\u011fa taraf,Ta\u015flarla, kiskan\u00e7l\u0131kla a\u011f\u0131r ve b\u00fcy\u00fck. Eski Istanbul, ruh kadar eski,\u0130nsan daha fazla eskiyemez ki. Bir bo\u015fluk ki g\u00f6ller tad\u0131nda uzun,Ya hi\u00e7e uzanm\u0131\u015f vaktimiz, ya hepe.Yedi me\u00e7hul \u00fcst\u00fcne a\u00e7\u0131lm\u0131\u015f,Yedi tepe.Hali\u00e7, d\u00fcnya \u00f6k\u00fcz\u00fcn\u00fcn [&hellip;]<\/p>\n","protected":false},"author":1,"featured_media":0,"comment_status":"open","ping_status":"open","sticky":false,"template":"","format":"standard","meta":{"footnotes":""},"categories":[166],"tags":[],"class_list":{"0":"post-5260","1":"post","2":"type-post","3":"status-publish","4":"format-standard","6":"category-fazil-husnu-daglarca"},"yoast_head":"<!-- This site is optimized with the Yoast SEO Premium plugin v24.9 (Yoast SEO v24.9) - https:\/\/yoast.com\/wordpress\/plugins\/seo\/ -->\n<title>DESTAN \u00d6N\u00dc - narteks.net<\/title>\n<meta name=\"robots\" content=\"index, follow, max-snippet:-1, max-image-preview:large, max-video-preview:-1\" \/>\n<link rel=\"canonical\" href=\"https:\/\/narteks.net\/index.php\/2011\/02\/26\/destan-onu\/\" \/>\n<meta property=\"og:locale\" content=\"tr_TR\" \/>\n<meta property=\"og:type\" content=\"article\" \/>\n<meta property=\"og:title\" content=\"DESTAN \u00d6N\u00dc\" \/>\n<meta property=\"og:description\" content=\"\u00a0 \u0130\u015fte zaman\u0131n karanl\u0131\u011f\u0131, gece gibi,Ge\u00e7er bir g\u00f6lge komadan.\u0130\u015fte Tanr\u0131 nefesli sahiller,\u0130\u015fte Bizans kopmu\u015f Romadan.Sakallar\u0131 uzam\u0131\u015f ke\u015fi\u015fler s\u0131rt\u0131nda,Bahar halinde bir y\u00fck:Sur \u00f6r\u00fclm\u00fcs k\u0131y\u0131larda yoklu\u011fa taraf,Ta\u015flarla, kiskan\u00e7l\u0131kla a\u011f\u0131r ve b\u00fcy\u00fck. Eski Istanbul, ruh kadar eski,\u0130nsan daha fazla eskiyemez ki. Bir bo\u015fluk ki g\u00f6ller tad\u0131nda uzun,Ya hi\u00e7e uzanm\u0131\u015f vaktimiz, ya hepe.Yedi me\u00e7hul \u00fcst\u00fcne a\u00e7\u0131lm\u0131\u015f,Yedi tepe.Hali\u00e7, d\u00fcnya \u00f6k\u00fcz\u00fcn\u00fcn [&hellip;]\" \/>\n<meta property=\"og:url\" content=\"https:\/\/narteks.net\/index.php\/2011\/02\/26\/destan-onu\/\" \/>\n<meta property=\"og:site_name\" content=\"narteks.net\" \/>\n<meta property=\"article:published_time\" content=\"2011-02-26T19:31:02+00:00\" \/>\n<meta property=\"og:image\" content=\"https:\/\/narteks.net\/wp-content\/uploads\/narteks.png\" \/>\n\t<meta property=\"og:image:width\" content=\"300\" \/>\n\t<meta property=\"og:image:height\" content=\"90\" \/>\n\t<meta property=\"og:image:type\" content=\"image\/png\" \/>\n<meta name=\"author\" content=\"Tar\u0131k\" \/>\n<meta name=\"twitter:card\" content=\"summary_large_image\" \/>\n<meta name=\"twitter:creator\" content=\"@narteks\" \/>\n<meta name=\"twitter:site\" content=\"@narteks\" \/>\n<meta name=\"twitter:label1\" content=\"Yazan:\" \/>\n\t<meta name=\"twitter:data1\" content=\"Tar\u0131k\" \/>\n\t<meta name=\"twitter:label2\" content=\"Tahmini okuma s\u00fcresi\" \/>\n\t<meta name=\"twitter:data2\" content=\"1 dakika\" \/>\n<script type=\"application\/ld+json\" class=\"yoast-schema-graph\">{\"@context\":\"https:\/\/schema.org\",\"@graph\":[{\"@type\":\"Article\",\"@id\":\"https:\/\/narteks.net\/index.php\/2011\/02\/26\/destan-onu\/#article\",\"isPartOf\":{\"@id\":\"https:\/\/narteks.net\/index.php\/2011\/02\/26\/destan-onu\/\"},\"author\":{\"name\":\"Tar\u0131k\",\"@id\":\"https:\/\/narteks.net\/#\/schema\/person\/61f37d9834294b72d31d274e7ed79bca\"},\"headline\":\"DESTAN \u00d6N\u00dc\",\"datePublished\":\"2011-02-26T19:31:02+00:00\",\"mainEntityOfPage\":{\"@id\":\"https:\/\/narteks.net\/index.php\/2011\/02\/26\/destan-onu\/\"},\"wordCount\":246,\"commentCount\":0,\"publisher\":{\"@id\":\"https:\/\/narteks.net\/#organization\"},\"articleSection\":[\"Faz\u0131l H\u00fcsn\u00fc DA\u011eLARCA\"],\"inLanguage\":\"tr\",\"potentialAction\":[{\"@type\":\"CommentAction\",\"name\":\"Comment\",\"target\":[\"https:\/\/narteks.net\/index.php\/2011\/02\/26\/destan-onu\/#respond\"]}]},{\"@type\":\"WebPage\",\"@id\":\"https:\/\/narteks.net\/index.php\/2011\/02\/26\/destan-onu\/\",\"url\":\"https:\/\/narteks.net\/index.php\/2011\/02\/26\/destan-onu\/\",\"name\":\"DESTAN \u00d6N\u00dc - narteks.net\",\"isPartOf\":{\"@id\":\"https:\/\/narteks.net\/#website\"},\"datePublished\":\"2011-02-26T19:31:02+00:00\",\"breadcrumb\":{\"@id\":\"https:\/\/narteks.net\/index.php\/2011\/02\/26\/destan-onu\/#breadcrumb\"},\"inLanguage\":\"tr\",\"potentialAction\":[{\"@type\":\"ReadAction\",\"target\":[\"https:\/\/narteks.net\/index.php\/2011\/02\/26\/destan-onu\/\"]}]},{\"@type\":\"BreadcrumbList\",\"@id\":\"https:\/\/narteks.net\/index.php\/2011\/02\/26\/destan-onu\/#breadcrumb\",\"itemListElement\":[{\"@type\":\"ListItem\",\"position\":1,\"name\":\"Anasayfa\",\"item\":\"https:\/\/narteks.net\/\"},{\"@type\":\"ListItem\",\"position\":2,\"name\":\"DESTAN \u00d6N\u00dc\"}]},{\"@type\":\"WebSite\",\"@id\":\"https:\/\/narteks.net\/#website\",\"url\":\"https:\/\/narteks.net\/\",\"name\":\"narteks.net\",\"description\":\"K\u00fclt\u00fcr Sanat Edebiyat Felsefe\",\"publisher\":{\"@id\":\"https:\/\/narteks.net\/#organization\"},\"alternateName\":\"K\u00fclt\u00fcr Sanat Edebiyat Felsefe\",\"potentialAction\":[{\"@type\":\"SearchAction\",\"target\":{\"@type\":\"EntryPoint\",\"urlTemplate\":\"https:\/\/narteks.net\/?s={search_term_string}\"},\"query-input\":{\"@type\":\"PropertyValueSpecification\",\"valueRequired\":true,\"valueName\":\"search_term_string\"}}],\"inLanguage\":\"tr\"},{\"@type\":\"Organization\",\"@id\":\"https:\/\/narteks.net\/#organization\",\"name\":\"narteks.net\",\"url\":\"https:\/\/narteks.net\/\",\"logo\":{\"@type\":\"ImageObject\",\"inLanguage\":\"tr\",\"@id\":\"https:\/\/narteks.net\/#\/schema\/logo\/image\/\",\"url\":\"https:\/\/narteks.net\/wp-content\/uploads\/narteks.png\",\"contentUrl\":\"https:\/\/narteks.net\/wp-content\/uploads\/narteks.png\",\"width\":300,\"height\":90,\"caption\":\"narteks.net\"},\"image\":{\"@id\":\"https:\/\/narteks.net\/#\/schema\/logo\/image\/\"},\"sameAs\":[\"https:\/\/x.com\/narteks\",\"https:\/\/instagram.com\/narteksnet\"]},{\"@type\":\"Person\",\"@id\":\"https:\/\/narteks.net\/#\/schema\/person\/61f37d9834294b72d31d274e7ed79bca\",\"name\":\"Tar\u0131k\",\"image\":{\"@type\":\"ImageObject\",\"inLanguage\":\"tr\",\"@id\":\"https:\/\/narteks.net\/#\/schema\/person\/image\/\",\"url\":\"https:\/\/secure.gravatar.com\/avatar\/50865afb55632c4ae467e0af0930f6510aa2297d8014be502a55b14f3b7550cf?s=96&d=mm&r=g\",\"contentUrl\":\"https:\/\/secure.gravatar.com\/avatar\/50865afb55632c4ae467e0af0930f6510aa2297d8014be502a55b14f3b7550cf?s=96&d=mm&r=g\",\"caption\":\"Tar\u0131k\"},\"sameAs\":[\"http:\/\/narteks.net\"],\"url\":\"https:\/\/narteks.net\/index.php\/author\/narbak\/\"}]}<\/script>\n<!-- \/ Yoast SEO Premium plugin. -->","yoast_head_json":{"title":"DESTAN \u00d6N\u00dc - narteks.net","robots":{"index":"index","follow":"follow","max-snippet":"max-snippet:-1","max-image-preview":"max-image-preview:large","max-video-preview":"max-video-preview:-1"},"canonical":"https:\/\/narteks.net\/index.php\/2011\/02\/26\/destan-onu\/","og_locale":"tr_TR","og_type":"article","og_title":"DESTAN \u00d6N\u00dc","og_description":"\u00a0 \u0130\u015fte zaman\u0131n karanl\u0131\u011f\u0131, gece gibi,Ge\u00e7er bir g\u00f6lge komadan.\u0130\u015fte Tanr\u0131 nefesli sahiller,\u0130\u015fte Bizans kopmu\u015f Romadan.Sakallar\u0131 uzam\u0131\u015f ke\u015fi\u015fler s\u0131rt\u0131nda,Bahar halinde bir y\u00fck:Sur \u00f6r\u00fclm\u00fcs k\u0131y\u0131larda yoklu\u011fa taraf,Ta\u015flarla, kiskan\u00e7l\u0131kla a\u011f\u0131r ve b\u00fcy\u00fck. Eski Istanbul, ruh kadar eski,\u0130nsan daha fazla eskiyemez ki. Bir bo\u015fluk ki g\u00f6ller tad\u0131nda uzun,Ya hi\u00e7e uzanm\u0131\u015f vaktimiz, ya hepe.Yedi me\u00e7hul \u00fcst\u00fcne a\u00e7\u0131lm\u0131\u015f,Yedi tepe.Hali\u00e7, d\u00fcnya \u00f6k\u00fcz\u00fcn\u00fcn [&hellip;]","og_url":"https:\/\/narteks.net\/index.php\/2011\/02\/26\/destan-onu\/","og_site_name":"narteks.net","article_published_time":"2011-02-26T19:31:02+00:00","og_image":[{"width":300,"height":90,"url":"https:\/\/narteks.net\/wp-content\/uploads\/narteks.png","type":"image\/png"}],"author":"Tar\u0131k","twitter_card":"summary_large_image","twitter_creator":"@narteks","twitter_site":"@narteks","twitter_misc":{"Yazan:":"Tar\u0131k","Tahmini okuma s\u00fcresi":"1 dakika"},"schema":{"@context":"https:\/\/schema.org","@graph":[{"@type":"Article","@id":"https:\/\/narteks.net\/index.php\/2011\/02\/26\/destan-onu\/#article","isPartOf":{"@id":"https:\/\/narteks.net\/index.php\/2011\/02\/26\/destan-onu\/"},"author":{"name":"Tar\u0131k","@id":"https:\/\/narteks.net\/#\/schema\/person\/61f37d9834294b72d31d274e7ed79bca"},"headline":"DESTAN \u00d6N\u00dc","datePublished":"2011-02-26T19:31:02+00:00","mainEntityOfPage":{"@id":"https:\/\/narteks.net\/index.php\/2011\/02\/26\/destan-onu\/"},"wordCount":246,"commentCount":0,"publisher":{"@id":"https:\/\/narteks.net\/#organization"},"articleSection":["Faz\u0131l H\u00fcsn\u00fc DA\u011eLARCA"],"inLanguage":"tr","potentialAction":[{"@type":"CommentAction","name":"Comment","target":["https:\/\/narteks.net\/index.php\/2011\/02\/26\/destan-onu\/#respond"]}]},{"@type":"WebPage","@id":"https:\/\/narteks.net\/index.php\/2011\/02\/26\/destan-onu\/","url":"https:\/\/narteks.net\/index.php\/2011\/02\/26\/destan-onu\/","name":"DESTAN \u00d6N\u00dc - narteks.net","isPartOf":{"@id":"https:\/\/narteks.net\/#website"},"datePublished":"2011-02-26T19:31:02+00:00","breadcrumb":{"@id":"https:\/\/narteks.net\/index.php\/2011\/02\/26\/destan-onu\/#breadcrumb"},"inLanguage":"tr","potentialAction":[{"@type":"ReadAction","target":["https:\/\/narteks.net\/index.php\/2011\/02\/26\/destan-onu\/"]}]},{"@type":"BreadcrumbList","@id":"https:\/\/narteks.net\/index.php\/2011\/02\/26\/destan-onu\/#breadcrumb","itemListElement":[{"@type":"ListItem","position":1,"name":"Anasayfa","item":"https:\/\/narteks.net\/"},{"@type":"ListItem","position":2,"name":"DESTAN \u00d6N\u00dc"}]},{"@type":"WebSite","@id":"https:\/\/narteks.net\/#website","url":"https:\/\/narteks.net\/","name":"narteks.net","description":"K\u00fclt\u00fcr Sanat Edebiyat Felsefe","publisher":{"@id":"https:\/\/narteks.net\/#organization"},"alternateName":"K\u00fclt\u00fcr Sanat Edebiyat Felsefe","potentialAction":[{"@type":"SearchAction","target":{"@type":"EntryPoint","urlTemplate":"https:\/\/narteks.net\/?s={search_term_string}"},"query-input":{"@type":"PropertyValueSpecification","valueRequired":true,"valueName":"search_term_string"}}],"inLanguage":"tr"},{"@type":"Organization","@id":"https:\/\/narteks.net\/#organization","name":"narteks.net","url":"https:\/\/narteks.net\/","logo":{"@type":"ImageObject","inLanguage":"tr","@id":"https:\/\/narteks.net\/#\/schema\/logo\/image\/","url":"https:\/\/narteks.net\/wp-content\/uploads\/narteks.png","contentUrl":"https:\/\/narteks.net\/wp-content\/uploads\/narteks.png","width":300,"height":90,"caption":"narteks.net"},"image":{"@id":"https:\/\/narteks.net\/#\/schema\/logo\/image\/"},"sameAs":["https:\/\/x.com\/narteks","https:\/\/instagram.com\/narteksnet"]},{"@type":"Person","@id":"https:\/\/narteks.net\/#\/schema\/person\/61f37d9834294b72d31d274e7ed79bca","name":"Tar\u0131k","image":{"@type":"ImageObject","inLanguage":"tr","@id":"https:\/\/narteks.net\/#\/schema\/person\/image\/","url":"https:\/\/secure.gravatar.com\/avatar\/50865afb55632c4ae467e0af0930f6510aa2297d8014be502a55b14f3b7550cf?s=96&d=mm&r=g","contentUrl":"https:\/\/secure.gravatar.com\/avatar\/50865afb55632c4ae467e0af0930f6510aa2297d8014be502a55b14f3b7550cf?s=96&d=mm&r=g","caption":"Tar\u0131k"},"sameAs":["http:\/\/narteks.net"],"url":"https:\/\/narteks.net\/index.php\/author\/narbak\/"}]}},"_links":{"self":[{"href":"https:\/\/narteks.net\/index.php\/wp-json\/wp\/v2\/posts\/5260","targetHints":{"allow":["GET"]}}],"collection":[{"href":"https:\/\/narteks.net\/index.php\/wp-json\/wp\/v2\/posts"}],"about":[{"href":"https:\/\/narteks.net\/index.php\/wp-json\/wp\/v2\/types\/post"}],"author":[{"embeddable":true,"href":"https:\/\/narteks.net\/index.php\/wp-json\/wp\/v2\/users\/1"}],"replies":[{"embeddable":true,"href":"https:\/\/narteks.net\/index.php\/wp-json\/wp\/v2\/comments?post=5260"}],"version-history":[{"count":0,"href":"https:\/\/narteks.net\/index.php\/wp-json\/wp\/v2\/posts\/5260\/revisions"}],"wp:attachment":[{"href":"https:\/\/narteks.net\/index.php\/wp-json\/wp\/v2\/media?parent=5260"}],"wp:term":[{"taxonomy":"category","embeddable":true,"href":"https:\/\/narteks.net\/index.php\/wp-json\/wp\/v2\/categories?post=5260"},{"taxonomy":"post_tag","embeddable":true,"href":"https:\/\/narteks.net\/index.php\/wp-json\/wp\/v2\/tags?post=5260"}],"curies":[{"name":"wp","href":"https:\/\/api.w.org\/{rel}","templated":true}]}}