{"id":5265,"date":"2011-02-26T22:35:08","date_gmt":"2011-02-26T19:35:08","guid":{"rendered":"http:\/\/localhost\/wordpress\/2011\/02\/26\/deniz-feneri\/"},"modified":"2011-02-26T22:35:08","modified_gmt":"2011-02-26T19:35:08","slug":"deniz-feneri","status":"publish","type":"post","link":"https:\/\/narteks.net\/index.php\/2011\/02\/26\/deniz-feneri\/","title":{"rendered":"DEN\u0130Z FENER\u0130"},"content":{"rendered":"<p>\u00a0<\/p>\n<p>Uzanm\u0131\u015f koca burun a\u00e7\u0131k denize do\u011fru,<br \/>Lacivert ve gri gecenin de\u011ferinde.<br \/>Karanl\u0131kla ba\u015flar bir d\u00fcnya sevgisi,<br \/>Deniz feneri parlar,<br \/>Talihe ald\u0131rmadan kayalar \u00fczerinde.<\/p>\n<p>Bulutlar birle\u015fir alaca d\u00fczl\u00fcklerde,<br \/>\u00c7\u00f6ker uzak limanlardan bir sis.<br \/>Bir s\u0131k\u0131nt\u0131 ba\u015flar karanl\u0131\u011f\u0131nda kaderin,<br \/>Bildirir, yan\u0131nca yan\u0131nca,<br \/>\u00d6mr\u00fcn neresindesiniz, a\u015fk\u0131n neresindesiniz?<\/p>\n<p>Y\u00fcre\u011fin mi daral\u0131yor, y\u0131ld\u0131z \u0131\u015f\u0131\u011f\u0131nda,<br \/>B\u0131rak an\u0131lar gitsin biraz daha geri.<br \/>Ruhu g\u00f6t\u00fcrmeden vakit y\u00fcr\u00fcyebilir,<br \/>D\u00fc\u015f\u00fcn nas\u0131l durmu\u015f sab\u0131rla y\u00fczlerce y\u0131l,<br \/>Hep bu benekte bu deniz feneri.<\/p>\n<p>Bak deniz sava\u015flar\u0131na, ya\u015fl\u0131 korsanlara,<br \/>U\u00e7an dalgalara, uyuyan r\u00fczgara bakm\u0131\u015f,<br \/>Bir tek g\u00f6z kadar kara ve mavi,<br \/>Enginle bo\u015f,<br \/>K\u0131smetsiz bal\u0131k\u00e7\u0131lara bakm\u0131\u015f.<\/p>\n<p>Sa\u00e7lar\u0131nda tuz kokan, \u00f6l\u00fc kokan bir serinlik,<br \/>Y\u00fcz\u00fcnde bir f\u0131rt\u0131na tad\u0131.<br \/>Durursun yorgun, umutsuz,<br \/>Birden bir daha yan\u0131p s\u00f6ner, sevin\u00e7le titrersin,<br \/>Bir \u015fey, belki de ya\u015faman uzad\u0131.<\/p>\n<p>Faz\u0131l H\u00fcsn\u00fc DA\u011eLARCA<\/p>\n","protected":false},"excerpt":{"rendered":"<p>\u00a0 Uzanm\u0131\u015f koca burun a\u00e7\u0131k denize do\u011fru,Lacivert ve gri gecenin de\u011ferinde.Karanl\u0131kla ba\u015flar bir d\u00fcnya sevgisi,Deniz feneri parlar,Talihe ald\u0131rmadan kayalar \u00fczerinde. Bulutlar birle\u015fir alaca d\u00fczl\u00fcklerde,\u00c7\u00f6ker uzak limanlardan bir sis.Bir s\u0131k\u0131nt\u0131 ba\u015flar karanl\u0131\u011f\u0131nda kaderin,Bildirir, yan\u0131nca yan\u0131nca,\u00d6mr\u00fcn neresindesiniz, a\u015fk\u0131n neresindesiniz? Y\u00fcre\u011fin mi daral\u0131yor, y\u0131ld\u0131z \u0131\u015f\u0131\u011f\u0131nda,B\u0131rak an\u0131lar gitsin biraz daha geri.Ruhu g\u00f6t\u00fcrmeden vakit y\u00fcr\u00fcyebilir,D\u00fc\u015f\u00fcn nas\u0131l durmu\u015f sab\u0131rla y\u00fczlerce y\u0131l,Hep [&hellip;]<\/p>\n","protected":false},"author":1,"featured_media":0,"comment_status":"open","ping_status":"open","sticky":false,"template":"","format":"standard","meta":{"footnotes":""},"categories":[166],"tags":[],"class_list":{"0":"post-5265","1":"post","2":"type-post","3":"status-publish","4":"format-standard","6":"category-fazil-husnu-daglarca"},"yoast_head":"<!-- This site is optimized with the Yoast SEO Premium plugin v24.9 (Yoast SEO v24.9) - https:\/\/yoast.com\/wordpress\/plugins\/seo\/ -->\n<title>DEN\u0130Z FENER\u0130 - narteks.net<\/title>\n<meta name=\"robots\" content=\"index, follow, max-snippet:-1, max-image-preview:large, max-video-preview:-1\" \/>\n<link rel=\"canonical\" href=\"https:\/\/narteks.net\/index.php\/2011\/02\/26\/deniz-feneri\/\" \/>\n<meta property=\"og:locale\" content=\"tr_TR\" \/>\n<meta property=\"og:type\" content=\"article\" \/>\n<meta property=\"og:title\" content=\"DEN\u0130Z FENER\u0130\" \/>\n<meta property=\"og:description\" content=\"\u00a0 Uzanm\u0131\u015f koca burun a\u00e7\u0131k denize do\u011fru,Lacivert ve gri gecenin de\u011ferinde.Karanl\u0131kla ba\u015flar bir d\u00fcnya sevgisi,Deniz feneri parlar,Talihe ald\u0131rmadan kayalar \u00fczerinde. Bulutlar birle\u015fir alaca d\u00fczl\u00fcklerde,\u00c7\u00f6ker uzak limanlardan bir sis.Bir s\u0131k\u0131nt\u0131 ba\u015flar karanl\u0131\u011f\u0131nda kaderin,Bildirir, yan\u0131nca yan\u0131nca,\u00d6mr\u00fcn neresindesiniz, a\u015fk\u0131n neresindesiniz? Y\u00fcre\u011fin mi daral\u0131yor, y\u0131ld\u0131z \u0131\u015f\u0131\u011f\u0131nda,B\u0131rak an\u0131lar gitsin biraz daha geri.Ruhu g\u00f6t\u00fcrmeden vakit y\u00fcr\u00fcyebilir,D\u00fc\u015f\u00fcn nas\u0131l durmu\u015f sab\u0131rla y\u00fczlerce y\u0131l,Hep [&hellip;]\" \/>\n<meta property=\"og:url\" content=\"https:\/\/narteks.net\/index.php\/2011\/02\/26\/deniz-feneri\/\" \/>\n<meta property=\"og:site_name\" content=\"narteks.net\" \/>\n<meta property=\"article:published_time\" content=\"2011-02-26T19:35:08+00:00\" \/>\n<meta property=\"og:image\" content=\"https:\/\/narteks.net\/wp-content\/uploads\/narteks.png\" \/>\n\t<meta property=\"og:image:width\" content=\"300\" \/>\n\t<meta property=\"og:image:height\" content=\"90\" \/>\n\t<meta property=\"og:image:type\" content=\"image\/png\" \/>\n<meta name=\"author\" content=\"Tar\u0131k\" \/>\n<meta name=\"twitter:card\" content=\"summary_large_image\" \/>\n<meta name=\"twitter:creator\" content=\"@narteks\" \/>\n<meta name=\"twitter:site\" content=\"@narteks\" \/>\n<meta name=\"twitter:label1\" content=\"Yazan:\" \/>\n\t<meta name=\"twitter:data1\" content=\"Tar\u0131k\" \/>\n\t<meta name=\"twitter:label2\" content=\"Tahmini okuma s\u00fcresi\" \/>\n\t<meta name=\"twitter:data2\" content=\"1 dakika\" \/>\n<script type=\"application\/ld+json\" class=\"yoast-schema-graph\">{\"@context\":\"https:\/\/schema.org\",\"@graph\":[{\"@type\":\"Article\",\"@id\":\"https:\/\/narteks.net\/index.php\/2011\/02\/26\/deniz-feneri\/#article\",\"isPartOf\":{\"@id\":\"https:\/\/narteks.net\/index.php\/2011\/02\/26\/deniz-feneri\/\"},\"author\":{\"name\":\"Tar\u0131k\",\"@id\":\"https:\/\/narteks.net\/#\/schema\/person\/61f37d9834294b72d31d274e7ed79bca\"},\"headline\":\"DEN\u0130Z FENER\u0130\",\"datePublished\":\"2011-02-26T19:35:08+00:00\",\"mainEntityOfPage\":{\"@id\":\"https:\/\/narteks.net\/index.php\/2011\/02\/26\/deniz-feneri\/\"},\"wordCount\":183,\"commentCount\":0,\"publisher\":{\"@id\":\"https:\/\/narteks.net\/#organization\"},\"articleSection\":[\"Faz\u0131l H\u00fcsn\u00fc DA\u011eLARCA\"],\"inLanguage\":\"tr\",\"potentialAction\":[{\"@type\":\"CommentAction\",\"name\":\"Comment\",\"target\":[\"https:\/\/narteks.net\/index.php\/2011\/02\/26\/deniz-feneri\/#respond\"]}]},{\"@type\":\"WebPage\",\"@id\":\"https:\/\/narteks.net\/index.php\/2011\/02\/26\/deniz-feneri\/\",\"url\":\"https:\/\/narteks.net\/index.php\/2011\/02\/26\/deniz-feneri\/\",\"name\":\"DEN\u0130Z FENER\u0130 - narteks.net\",\"isPartOf\":{\"@id\":\"https:\/\/narteks.net\/#website\"},\"datePublished\":\"2011-02-26T19:35:08+00:00\",\"breadcrumb\":{\"@id\":\"https:\/\/narteks.net\/index.php\/2011\/02\/26\/deniz-feneri\/#breadcrumb\"},\"inLanguage\":\"tr\",\"potentialAction\":[{\"@type\":\"ReadAction\",\"target\":[\"https:\/\/narteks.net\/index.php\/2011\/02\/26\/deniz-feneri\/\"]}]},{\"@type\":\"BreadcrumbList\",\"@id\":\"https:\/\/narteks.net\/index.php\/2011\/02\/26\/deniz-feneri\/#breadcrumb\",\"itemListElement\":[{\"@type\":\"ListItem\",\"position\":1,\"name\":\"Anasayfa\",\"item\":\"https:\/\/narteks.net\/\"},{\"@type\":\"ListItem\",\"position\":2,\"name\":\"DEN\u0130Z FENER\u0130\"}]},{\"@type\":\"WebSite\",\"@id\":\"https:\/\/narteks.net\/#website\",\"url\":\"https:\/\/narteks.net\/\",\"name\":\"narteks.net\",\"description\":\"K\u00fclt\u00fcr Sanat Edebiyat Felsefe\",\"publisher\":{\"@id\":\"https:\/\/narteks.net\/#organization\"},\"alternateName\":\"K\u00fclt\u00fcr Sanat Edebiyat Felsefe\",\"potentialAction\":[{\"@type\":\"SearchAction\",\"target\":{\"@type\":\"EntryPoint\",\"urlTemplate\":\"https:\/\/narteks.net\/?s={search_term_string}\"},\"query-input\":{\"@type\":\"PropertyValueSpecification\",\"valueRequired\":true,\"valueName\":\"search_term_string\"}}],\"inLanguage\":\"tr\"},{\"@type\":\"Organization\",\"@id\":\"https:\/\/narteks.net\/#organization\",\"name\":\"narteks.net\",\"url\":\"https:\/\/narteks.net\/\",\"logo\":{\"@type\":\"ImageObject\",\"inLanguage\":\"tr\",\"@id\":\"https:\/\/narteks.net\/#\/schema\/logo\/image\/\",\"url\":\"https:\/\/narteks.net\/wp-content\/uploads\/narteks.png\",\"contentUrl\":\"https:\/\/narteks.net\/wp-content\/uploads\/narteks.png\",\"width\":300,\"height\":90,\"caption\":\"narteks.net\"},\"image\":{\"@id\":\"https:\/\/narteks.net\/#\/schema\/logo\/image\/\"},\"sameAs\":[\"https:\/\/x.com\/narteks\",\"https:\/\/instagram.com\/narteksnet\"]},{\"@type\":\"Person\",\"@id\":\"https:\/\/narteks.net\/#\/schema\/person\/61f37d9834294b72d31d274e7ed79bca\",\"name\":\"Tar\u0131k\",\"image\":{\"@type\":\"ImageObject\",\"inLanguage\":\"tr\",\"@id\":\"https:\/\/narteks.net\/#\/schema\/person\/image\/\",\"url\":\"https:\/\/secure.gravatar.com\/avatar\/50865afb55632c4ae467e0af0930f6510aa2297d8014be502a55b14f3b7550cf?s=96&d=mm&r=g\",\"contentUrl\":\"https:\/\/secure.gravatar.com\/avatar\/50865afb55632c4ae467e0af0930f6510aa2297d8014be502a55b14f3b7550cf?s=96&d=mm&r=g\",\"caption\":\"Tar\u0131k\"},\"sameAs\":[\"http:\/\/narteks.net\"],\"url\":\"https:\/\/narteks.net\/index.php\/author\/narbak\/\"}]}<\/script>\n<!-- \/ Yoast SEO Premium plugin. -->","yoast_head_json":{"title":"DEN\u0130Z FENER\u0130 - narteks.net","robots":{"index":"index","follow":"follow","max-snippet":"max-snippet:-1","max-image-preview":"max-image-preview:large","max-video-preview":"max-video-preview:-1"},"canonical":"https:\/\/narteks.net\/index.php\/2011\/02\/26\/deniz-feneri\/","og_locale":"tr_TR","og_type":"article","og_title":"DEN\u0130Z FENER\u0130","og_description":"\u00a0 Uzanm\u0131\u015f koca burun a\u00e7\u0131k denize do\u011fru,Lacivert ve gri gecenin de\u011ferinde.Karanl\u0131kla ba\u015flar bir d\u00fcnya sevgisi,Deniz feneri parlar,Talihe ald\u0131rmadan kayalar \u00fczerinde. Bulutlar birle\u015fir alaca d\u00fczl\u00fcklerde,\u00c7\u00f6ker uzak limanlardan bir sis.Bir s\u0131k\u0131nt\u0131 ba\u015flar karanl\u0131\u011f\u0131nda kaderin,Bildirir, yan\u0131nca yan\u0131nca,\u00d6mr\u00fcn neresindesiniz, a\u015fk\u0131n neresindesiniz? Y\u00fcre\u011fin mi daral\u0131yor, y\u0131ld\u0131z \u0131\u015f\u0131\u011f\u0131nda,B\u0131rak an\u0131lar gitsin biraz daha geri.Ruhu g\u00f6t\u00fcrmeden vakit y\u00fcr\u00fcyebilir,D\u00fc\u015f\u00fcn nas\u0131l durmu\u015f sab\u0131rla y\u00fczlerce y\u0131l,Hep [&hellip;]","og_url":"https:\/\/narteks.net\/index.php\/2011\/02\/26\/deniz-feneri\/","og_site_name":"narteks.net","article_published_time":"2011-02-26T19:35:08+00:00","og_image":[{"width":300,"height":90,"url":"https:\/\/narteks.net\/wp-content\/uploads\/narteks.png","type":"image\/png"}],"author":"Tar\u0131k","twitter_card":"summary_large_image","twitter_creator":"@narteks","twitter_site":"@narteks","twitter_misc":{"Yazan:":"Tar\u0131k","Tahmini okuma s\u00fcresi":"1 dakika"},"schema":{"@context":"https:\/\/schema.org","@graph":[{"@type":"Article","@id":"https:\/\/narteks.net\/index.php\/2011\/02\/26\/deniz-feneri\/#article","isPartOf":{"@id":"https:\/\/narteks.net\/index.php\/2011\/02\/26\/deniz-feneri\/"},"author":{"name":"Tar\u0131k","@id":"https:\/\/narteks.net\/#\/schema\/person\/61f37d9834294b72d31d274e7ed79bca"},"headline":"DEN\u0130Z FENER\u0130","datePublished":"2011-02-26T19:35:08+00:00","mainEntityOfPage":{"@id":"https:\/\/narteks.net\/index.php\/2011\/02\/26\/deniz-feneri\/"},"wordCount":183,"commentCount":0,"publisher":{"@id":"https:\/\/narteks.net\/#organization"},"articleSection":["Faz\u0131l H\u00fcsn\u00fc DA\u011eLARCA"],"inLanguage":"tr","potentialAction":[{"@type":"CommentAction","name":"Comment","target":["https:\/\/narteks.net\/index.php\/2011\/02\/26\/deniz-feneri\/#respond"]}]},{"@type":"WebPage","@id":"https:\/\/narteks.net\/index.php\/2011\/02\/26\/deniz-feneri\/","url":"https:\/\/narteks.net\/index.php\/2011\/02\/26\/deniz-feneri\/","name":"DEN\u0130Z FENER\u0130 - narteks.net","isPartOf":{"@id":"https:\/\/narteks.net\/#website"},"datePublished":"2011-02-26T19:35:08+00:00","breadcrumb":{"@id":"https:\/\/narteks.net\/index.php\/2011\/02\/26\/deniz-feneri\/#breadcrumb"},"inLanguage":"tr","potentialAction":[{"@type":"ReadAction","target":["https:\/\/narteks.net\/index.php\/2011\/02\/26\/deniz-feneri\/"]}]},{"@type":"BreadcrumbList","@id":"https:\/\/narteks.net\/index.php\/2011\/02\/26\/deniz-feneri\/#breadcrumb","itemListElement":[{"@type":"ListItem","position":1,"name":"Anasayfa","item":"https:\/\/narteks.net\/"},{"@type":"ListItem","position":2,"name":"DEN\u0130Z FENER\u0130"}]},{"@type":"WebSite","@id":"https:\/\/narteks.net\/#website","url":"https:\/\/narteks.net\/","name":"narteks.net","description":"K\u00fclt\u00fcr Sanat Edebiyat Felsefe","publisher":{"@id":"https:\/\/narteks.net\/#organization"},"alternateName":"K\u00fclt\u00fcr Sanat Edebiyat Felsefe","potentialAction":[{"@type":"SearchAction","target":{"@type":"EntryPoint","urlTemplate":"https:\/\/narteks.net\/?s={search_term_string}"},"query-input":{"@type":"PropertyValueSpecification","valueRequired":true,"valueName":"search_term_string"}}],"inLanguage":"tr"},{"@type":"Organization","@id":"https:\/\/narteks.net\/#organization","name":"narteks.net","url":"https:\/\/narteks.net\/","logo":{"@type":"ImageObject","inLanguage":"tr","@id":"https:\/\/narteks.net\/#\/schema\/logo\/image\/","url":"https:\/\/narteks.net\/wp-content\/uploads\/narteks.png","contentUrl":"https:\/\/narteks.net\/wp-content\/uploads\/narteks.png","width":300,"height":90,"caption":"narteks.net"},"image":{"@id":"https:\/\/narteks.net\/#\/schema\/logo\/image\/"},"sameAs":["https:\/\/x.com\/narteks","https:\/\/instagram.com\/narteksnet"]},{"@type":"Person","@id":"https:\/\/narteks.net\/#\/schema\/person\/61f37d9834294b72d31d274e7ed79bca","name":"Tar\u0131k","image":{"@type":"ImageObject","inLanguage":"tr","@id":"https:\/\/narteks.net\/#\/schema\/person\/image\/","url":"https:\/\/secure.gravatar.com\/avatar\/50865afb55632c4ae467e0af0930f6510aa2297d8014be502a55b14f3b7550cf?s=96&d=mm&r=g","contentUrl":"https:\/\/secure.gravatar.com\/avatar\/50865afb55632c4ae467e0af0930f6510aa2297d8014be502a55b14f3b7550cf?s=96&d=mm&r=g","caption":"Tar\u0131k"},"sameAs":["http:\/\/narteks.net"],"url":"https:\/\/narteks.net\/index.php\/author\/narbak\/"}]}},"_links":{"self":[{"href":"https:\/\/narteks.net\/index.php\/wp-json\/wp\/v2\/posts\/5265","targetHints":{"allow":["GET"]}}],"collection":[{"href":"https:\/\/narteks.net\/index.php\/wp-json\/wp\/v2\/posts"}],"about":[{"href":"https:\/\/narteks.net\/index.php\/wp-json\/wp\/v2\/types\/post"}],"author":[{"embeddable":true,"href":"https:\/\/narteks.net\/index.php\/wp-json\/wp\/v2\/users\/1"}],"replies":[{"embeddable":true,"href":"https:\/\/narteks.net\/index.php\/wp-json\/wp\/v2\/comments?post=5265"}],"version-history":[{"count":0,"href":"https:\/\/narteks.net\/index.php\/wp-json\/wp\/v2\/posts\/5265\/revisions"}],"wp:attachment":[{"href":"https:\/\/narteks.net\/index.php\/wp-json\/wp\/v2\/media?parent=5265"}],"wp:term":[{"taxonomy":"category","embeddable":true,"href":"https:\/\/narteks.net\/index.php\/wp-json\/wp\/v2\/categories?post=5265"},{"taxonomy":"post_tag","embeddable":true,"href":"https:\/\/narteks.net\/index.php\/wp-json\/wp\/v2\/tags?post=5265"}],"curies":[{"name":"wp","href":"https:\/\/api.w.org\/{rel}","templated":true}]}}