{"id":5268,"date":"2011-02-26T22:37:31","date_gmt":"2011-02-26T19:37:31","guid":{"rendered":"http:\/\/localhost\/wordpress\/2011\/02\/26\/geri-verin\/"},"modified":"2011-02-26T22:37:31","modified_gmt":"2011-02-26T19:37:31","slug":"geri-verin","status":"publish","type":"post","link":"https:\/\/narteks.net\/index.php\/2011\/02\/26\/geri-verin\/","title":{"rendered":"GER\u0130 VER\u0130N"},"content":{"rendered":"<p>\u00a0<\/p>\n<p>Peki al\u0131n\u0131z sizin<br \/>Daha istemiyorum<br \/>Bu el bu ayak<br \/>Bu duyu bu d\u00fc\u015f\u00fcnce<br \/>Sizin<br \/>Daha istemiyorum<br \/>Dallarda g\u00f6klerde sularda<br \/>A\u00e7\u0131lar\u0131m bir denklemle uykusuz<br \/>Belki anlarlar beni<br \/>Sevindirirler umdururlar ama<br \/>Sizin<br \/>Daha istemiyorum<\/p>\n<p>Ta \u00e7ocuklu\u011fumdan beri<br \/>Yan\u0131m s\u0131ra y\u00fcr\u00fcyen<br \/>Sevince ac\u0131k\u0131nca<br \/>Konu\u015funca yaz\u0131nca duydu\u011fum \u015fey<br \/>Sizin<br \/>Daha istemiyorum<\/p>\n<p>Gece koyu karanl\u0131klar b\u00fcy\u00fcr<br \/>Al\u0131r tasalar\u0131m\u0131 yollarda<br \/>Al\u0131r g\u00fczelli\u011fimi da\u011flardan<br \/>Peki sizin bu doldurdu\u011fum bo\u015fluk<br \/>Sizin<br \/>daha istemiyorum<\/p>\n<p>Hepsi ta\u015f toprak orman deniz<br \/>I\u015f\u0131ks\u0131zl\u0131\u011f\u0131n\u0131 ya\u015fad\u0131\u011f\u0131m varl\u0131k<br \/>Yoklu\u011funda a\u011fr\u0131d\u0131\u011f\u0131m \u00f6l\u00fcler<br \/>Hepsi hepsi<br \/>Sizin<br \/>Daha istemiyorum<\/p>\n<p>Faz\u0131l H\u00fcsn\u00fc DA\u011eLARCA<\/p>\n","protected":false},"excerpt":{"rendered":"<p>\u00a0 Peki al\u0131n\u0131z sizinDaha istemiyorumBu el bu ayakBu duyu bu d\u00fc\u015f\u00fcnceSizinDaha istemiyorumDallarda g\u00f6klerde sulardaA\u00e7\u0131lar\u0131m bir denklemle uykusuzBelki anlarlar beniSevindirirler umdururlar amaSizinDaha istemiyorum Ta \u00e7ocuklu\u011fumdan beriYan\u0131m s\u0131ra y\u00fcr\u00fcyenSevince ac\u0131k\u0131ncaKonu\u015funca yaz\u0131nca duydu\u011fum \u015feySizinDaha istemiyorum Gece koyu karanl\u0131klar b\u00fcy\u00fcrAl\u0131r tasalar\u0131m\u0131 yollardaAl\u0131r g\u00fczelli\u011fimi da\u011flardanPeki sizin bu doldurdu\u011fum bo\u015flukSizindaha istemiyorum Hepsi ta\u015f toprak orman denizI\u015f\u0131ks\u0131zl\u0131\u011f\u0131n\u0131 ya\u015fad\u0131\u011f\u0131m varl\u0131kYoklu\u011funda a\u011fr\u0131d\u0131\u011f\u0131m \u00f6l\u00fclerHepsi hepsiSizinDaha [&hellip;]<\/p>\n","protected":false},"author":1,"featured_media":0,"comment_status":"open","ping_status":"open","sticky":false,"template":"","format":"standard","meta":{"footnotes":""},"categories":[166],"tags":[],"class_list":{"0":"post-5268","1":"post","2":"type-post","3":"status-publish","4":"format-standard","6":"category-fazil-husnu-daglarca"},"yoast_head":"<!-- This site is optimized with the Yoast SEO Premium plugin v24.9 (Yoast SEO v24.9) - https:\/\/yoast.com\/wordpress\/plugins\/seo\/ -->\n<title>GER\u0130 VER\u0130N - narteks.net<\/title>\n<meta name=\"robots\" content=\"index, follow, max-snippet:-1, max-image-preview:large, max-video-preview:-1\" \/>\n<link rel=\"canonical\" href=\"https:\/\/narteks.net\/index.php\/2011\/02\/26\/geri-verin\/\" \/>\n<meta property=\"og:locale\" content=\"tr_TR\" \/>\n<meta property=\"og:type\" content=\"article\" \/>\n<meta property=\"og:title\" content=\"GER\u0130 VER\u0130N\" \/>\n<meta property=\"og:description\" content=\"\u00a0 Peki al\u0131n\u0131z sizinDaha istemiyorumBu el bu ayakBu duyu bu d\u00fc\u015f\u00fcnceSizinDaha istemiyorumDallarda g\u00f6klerde sulardaA\u00e7\u0131lar\u0131m bir denklemle uykusuzBelki anlarlar beniSevindirirler umdururlar amaSizinDaha istemiyorum Ta \u00e7ocuklu\u011fumdan beriYan\u0131m s\u0131ra y\u00fcr\u00fcyenSevince ac\u0131k\u0131ncaKonu\u015funca yaz\u0131nca duydu\u011fum \u015feySizinDaha istemiyorum Gece koyu karanl\u0131klar b\u00fcy\u00fcrAl\u0131r tasalar\u0131m\u0131 yollardaAl\u0131r g\u00fczelli\u011fimi da\u011flardanPeki sizin bu doldurdu\u011fum bo\u015flukSizindaha istemiyorum Hepsi ta\u015f toprak orman denizI\u015f\u0131ks\u0131zl\u0131\u011f\u0131n\u0131 ya\u015fad\u0131\u011f\u0131m varl\u0131kYoklu\u011funda a\u011fr\u0131d\u0131\u011f\u0131m \u00f6l\u00fclerHepsi hepsiSizinDaha [&hellip;]\" \/>\n<meta property=\"og:url\" content=\"https:\/\/narteks.net\/index.php\/2011\/02\/26\/geri-verin\/\" \/>\n<meta property=\"og:site_name\" content=\"narteks.net\" \/>\n<meta property=\"article:published_time\" content=\"2011-02-26T19:37:31+00:00\" \/>\n<meta property=\"og:image\" content=\"https:\/\/narteks.net\/wp-content\/uploads\/narteks.png\" \/>\n\t<meta property=\"og:image:width\" content=\"300\" \/>\n\t<meta property=\"og:image:height\" content=\"90\" \/>\n\t<meta property=\"og:image:type\" content=\"image\/png\" \/>\n<meta name=\"author\" content=\"Tar\u0131k\" \/>\n<meta name=\"twitter:card\" content=\"summary_large_image\" \/>\n<meta name=\"twitter:creator\" content=\"@narteks\" \/>\n<meta name=\"twitter:site\" content=\"@narteks\" \/>\n<meta name=\"twitter:label1\" content=\"Yazan:\" \/>\n\t<meta name=\"twitter:data1\" content=\"Tar\u0131k\" \/>\n<script type=\"application\/ld+json\" class=\"yoast-schema-graph\">{\"@context\":\"https:\/\/schema.org\",\"@graph\":[{\"@type\":\"Article\",\"@id\":\"https:\/\/narteks.net\/index.php\/2011\/02\/26\/geri-verin\/#article\",\"isPartOf\":{\"@id\":\"https:\/\/narteks.net\/index.php\/2011\/02\/26\/geri-verin\/\"},\"author\":{\"name\":\"Tar\u0131k\",\"@id\":\"https:\/\/narteks.net\/#\/schema\/person\/61f37d9834294b72d31d274e7ed79bca\"},\"headline\":\"GER\u0130 VER\u0130N\",\"datePublished\":\"2011-02-26T19:37:31+00:00\",\"mainEntityOfPage\":{\"@id\":\"https:\/\/narteks.net\/index.php\/2011\/02\/26\/geri-verin\/\"},\"wordCount\":102,\"commentCount\":0,\"publisher\":{\"@id\":\"https:\/\/narteks.net\/#organization\"},\"articleSection\":[\"Faz\u0131l H\u00fcsn\u00fc DA\u011eLARCA\"],\"inLanguage\":\"tr\",\"potentialAction\":[{\"@type\":\"CommentAction\",\"name\":\"Comment\",\"target\":[\"https:\/\/narteks.net\/index.php\/2011\/02\/26\/geri-verin\/#respond\"]}]},{\"@type\":\"WebPage\",\"@id\":\"https:\/\/narteks.net\/index.php\/2011\/02\/26\/geri-verin\/\",\"url\":\"https:\/\/narteks.net\/index.php\/2011\/02\/26\/geri-verin\/\",\"name\":\"GER\u0130 VER\u0130N - narteks.net\",\"isPartOf\":{\"@id\":\"https:\/\/narteks.net\/#website\"},\"datePublished\":\"2011-02-26T19:37:31+00:00\",\"breadcrumb\":{\"@id\":\"https:\/\/narteks.net\/index.php\/2011\/02\/26\/geri-verin\/#breadcrumb\"},\"inLanguage\":\"tr\",\"potentialAction\":[{\"@type\":\"ReadAction\",\"target\":[\"https:\/\/narteks.net\/index.php\/2011\/02\/26\/geri-verin\/\"]}]},{\"@type\":\"BreadcrumbList\",\"@id\":\"https:\/\/narteks.net\/index.php\/2011\/02\/26\/geri-verin\/#breadcrumb\",\"itemListElement\":[{\"@type\":\"ListItem\",\"position\":1,\"name\":\"Anasayfa\",\"item\":\"https:\/\/narteks.net\/\"},{\"@type\":\"ListItem\",\"position\":2,\"name\":\"GER\u0130 VER\u0130N\"}]},{\"@type\":\"WebSite\",\"@id\":\"https:\/\/narteks.net\/#website\",\"url\":\"https:\/\/narteks.net\/\",\"name\":\"narteks.net\",\"description\":\"K\u00fclt\u00fcr Sanat Edebiyat Felsefe\",\"publisher\":{\"@id\":\"https:\/\/narteks.net\/#organization\"},\"alternateName\":\"K\u00fclt\u00fcr Sanat Edebiyat Felsefe\",\"potentialAction\":[{\"@type\":\"SearchAction\",\"target\":{\"@type\":\"EntryPoint\",\"urlTemplate\":\"https:\/\/narteks.net\/?s={search_term_string}\"},\"query-input\":{\"@type\":\"PropertyValueSpecification\",\"valueRequired\":true,\"valueName\":\"search_term_string\"}}],\"inLanguage\":\"tr\"},{\"@type\":\"Organization\",\"@id\":\"https:\/\/narteks.net\/#organization\",\"name\":\"narteks.net\",\"url\":\"https:\/\/narteks.net\/\",\"logo\":{\"@type\":\"ImageObject\",\"inLanguage\":\"tr\",\"@id\":\"https:\/\/narteks.net\/#\/schema\/logo\/image\/\",\"url\":\"https:\/\/narteks.net\/wp-content\/uploads\/narteks.png\",\"contentUrl\":\"https:\/\/narteks.net\/wp-content\/uploads\/narteks.png\",\"width\":300,\"height\":90,\"caption\":\"narteks.net\"},\"image\":{\"@id\":\"https:\/\/narteks.net\/#\/schema\/logo\/image\/\"},\"sameAs\":[\"https:\/\/x.com\/narteks\",\"https:\/\/instagram.com\/narteksnet\"]},{\"@type\":\"Person\",\"@id\":\"https:\/\/narteks.net\/#\/schema\/person\/61f37d9834294b72d31d274e7ed79bca\",\"name\":\"Tar\u0131k\",\"image\":{\"@type\":\"ImageObject\",\"inLanguage\":\"tr\",\"@id\":\"https:\/\/narteks.net\/#\/schema\/person\/image\/\",\"url\":\"https:\/\/secure.gravatar.com\/avatar\/50865afb55632c4ae467e0af0930f6510aa2297d8014be502a55b14f3b7550cf?s=96&d=mm&r=g\",\"contentUrl\":\"https:\/\/secure.gravatar.com\/avatar\/50865afb55632c4ae467e0af0930f6510aa2297d8014be502a55b14f3b7550cf?s=96&d=mm&r=g\",\"caption\":\"Tar\u0131k\"},\"sameAs\":[\"http:\/\/narteks.net\"],\"url\":\"https:\/\/narteks.net\/index.php\/author\/narbak\/\"}]}<\/script>\n<!-- \/ Yoast SEO Premium plugin. -->","yoast_head_json":{"title":"GER\u0130 VER\u0130N - narteks.net","robots":{"index":"index","follow":"follow","max-snippet":"max-snippet:-1","max-image-preview":"max-image-preview:large","max-video-preview":"max-video-preview:-1"},"canonical":"https:\/\/narteks.net\/index.php\/2011\/02\/26\/geri-verin\/","og_locale":"tr_TR","og_type":"article","og_title":"GER\u0130 VER\u0130N","og_description":"\u00a0 Peki al\u0131n\u0131z sizinDaha istemiyorumBu el bu ayakBu duyu bu d\u00fc\u015f\u00fcnceSizinDaha istemiyorumDallarda g\u00f6klerde sulardaA\u00e7\u0131lar\u0131m bir denklemle uykusuzBelki anlarlar beniSevindirirler umdururlar amaSizinDaha istemiyorum Ta \u00e7ocuklu\u011fumdan beriYan\u0131m s\u0131ra y\u00fcr\u00fcyenSevince ac\u0131k\u0131ncaKonu\u015funca yaz\u0131nca duydu\u011fum \u015feySizinDaha istemiyorum Gece koyu karanl\u0131klar b\u00fcy\u00fcrAl\u0131r tasalar\u0131m\u0131 yollardaAl\u0131r g\u00fczelli\u011fimi da\u011flardanPeki sizin bu doldurdu\u011fum bo\u015flukSizindaha istemiyorum Hepsi ta\u015f toprak orman denizI\u015f\u0131ks\u0131zl\u0131\u011f\u0131n\u0131 ya\u015fad\u0131\u011f\u0131m varl\u0131kYoklu\u011funda a\u011fr\u0131d\u0131\u011f\u0131m \u00f6l\u00fclerHepsi hepsiSizinDaha [&hellip;]","og_url":"https:\/\/narteks.net\/index.php\/2011\/02\/26\/geri-verin\/","og_site_name":"narteks.net","article_published_time":"2011-02-26T19:37:31+00:00","og_image":[{"width":300,"height":90,"url":"https:\/\/narteks.net\/wp-content\/uploads\/narteks.png","type":"image\/png"}],"author":"Tar\u0131k","twitter_card":"summary_large_image","twitter_creator":"@narteks","twitter_site":"@narteks","twitter_misc":{"Yazan:":"Tar\u0131k"},"schema":{"@context":"https:\/\/schema.org","@graph":[{"@type":"Article","@id":"https:\/\/narteks.net\/index.php\/2011\/02\/26\/geri-verin\/#article","isPartOf":{"@id":"https:\/\/narteks.net\/index.php\/2011\/02\/26\/geri-verin\/"},"author":{"name":"Tar\u0131k","@id":"https:\/\/narteks.net\/#\/schema\/person\/61f37d9834294b72d31d274e7ed79bca"},"headline":"GER\u0130 VER\u0130N","datePublished":"2011-02-26T19:37:31+00:00","mainEntityOfPage":{"@id":"https:\/\/narteks.net\/index.php\/2011\/02\/26\/geri-verin\/"},"wordCount":102,"commentCount":0,"publisher":{"@id":"https:\/\/narteks.net\/#organization"},"articleSection":["Faz\u0131l H\u00fcsn\u00fc DA\u011eLARCA"],"inLanguage":"tr","potentialAction":[{"@type":"CommentAction","name":"Comment","target":["https:\/\/narteks.net\/index.php\/2011\/02\/26\/geri-verin\/#respond"]}]},{"@type":"WebPage","@id":"https:\/\/narteks.net\/index.php\/2011\/02\/26\/geri-verin\/","url":"https:\/\/narteks.net\/index.php\/2011\/02\/26\/geri-verin\/","name":"GER\u0130 VER\u0130N - narteks.net","isPartOf":{"@id":"https:\/\/narteks.net\/#website"},"datePublished":"2011-02-26T19:37:31+00:00","breadcrumb":{"@id":"https:\/\/narteks.net\/index.php\/2011\/02\/26\/geri-verin\/#breadcrumb"},"inLanguage":"tr","potentialAction":[{"@type":"ReadAction","target":["https:\/\/narteks.net\/index.php\/2011\/02\/26\/geri-verin\/"]}]},{"@type":"BreadcrumbList","@id":"https:\/\/narteks.net\/index.php\/2011\/02\/26\/geri-verin\/#breadcrumb","itemListElement":[{"@type":"ListItem","position":1,"name":"Anasayfa","item":"https:\/\/narteks.net\/"},{"@type":"ListItem","position":2,"name":"GER\u0130 VER\u0130N"}]},{"@type":"WebSite","@id":"https:\/\/narteks.net\/#website","url":"https:\/\/narteks.net\/","name":"narteks.net","description":"K\u00fclt\u00fcr Sanat Edebiyat Felsefe","publisher":{"@id":"https:\/\/narteks.net\/#organization"},"alternateName":"K\u00fclt\u00fcr Sanat Edebiyat Felsefe","potentialAction":[{"@type":"SearchAction","target":{"@type":"EntryPoint","urlTemplate":"https:\/\/narteks.net\/?s={search_term_string}"},"query-input":{"@type":"PropertyValueSpecification","valueRequired":true,"valueName":"search_term_string"}}],"inLanguage":"tr"},{"@type":"Organization","@id":"https:\/\/narteks.net\/#organization","name":"narteks.net","url":"https:\/\/narteks.net\/","logo":{"@type":"ImageObject","inLanguage":"tr","@id":"https:\/\/narteks.net\/#\/schema\/logo\/image\/","url":"https:\/\/narteks.net\/wp-content\/uploads\/narteks.png","contentUrl":"https:\/\/narteks.net\/wp-content\/uploads\/narteks.png","width":300,"height":90,"caption":"narteks.net"},"image":{"@id":"https:\/\/narteks.net\/#\/schema\/logo\/image\/"},"sameAs":["https:\/\/x.com\/narteks","https:\/\/instagram.com\/narteksnet"]},{"@type":"Person","@id":"https:\/\/narteks.net\/#\/schema\/person\/61f37d9834294b72d31d274e7ed79bca","name":"Tar\u0131k","image":{"@type":"ImageObject","inLanguage":"tr","@id":"https:\/\/narteks.net\/#\/schema\/person\/image\/","url":"https:\/\/secure.gravatar.com\/avatar\/50865afb55632c4ae467e0af0930f6510aa2297d8014be502a55b14f3b7550cf?s=96&d=mm&r=g","contentUrl":"https:\/\/secure.gravatar.com\/avatar\/50865afb55632c4ae467e0af0930f6510aa2297d8014be502a55b14f3b7550cf?s=96&d=mm&r=g","caption":"Tar\u0131k"},"sameAs":["http:\/\/narteks.net"],"url":"https:\/\/narteks.net\/index.php\/author\/narbak\/"}]}},"_links":{"self":[{"href":"https:\/\/narteks.net\/index.php\/wp-json\/wp\/v2\/posts\/5268","targetHints":{"allow":["GET"]}}],"collection":[{"href":"https:\/\/narteks.net\/index.php\/wp-json\/wp\/v2\/posts"}],"about":[{"href":"https:\/\/narteks.net\/index.php\/wp-json\/wp\/v2\/types\/post"}],"author":[{"embeddable":true,"href":"https:\/\/narteks.net\/index.php\/wp-json\/wp\/v2\/users\/1"}],"replies":[{"embeddable":true,"href":"https:\/\/narteks.net\/index.php\/wp-json\/wp\/v2\/comments?post=5268"}],"version-history":[{"count":0,"href":"https:\/\/narteks.net\/index.php\/wp-json\/wp\/v2\/posts\/5268\/revisions"}],"wp:attachment":[{"href":"https:\/\/narteks.net\/index.php\/wp-json\/wp\/v2\/media?parent=5268"}],"wp:term":[{"taxonomy":"category","embeddable":true,"href":"https:\/\/narteks.net\/index.php\/wp-json\/wp\/v2\/categories?post=5268"},{"taxonomy":"post_tag","embeddable":true,"href":"https:\/\/narteks.net\/index.php\/wp-json\/wp\/v2\/tags?post=5268"}],"curies":[{"name":"wp","href":"https:\/\/api.w.org\/{rel}","templated":true}]}}