{"id":527,"date":"2009-04-12T13:30:42","date_gmt":"2009-04-12T10:30:42","guid":{"rendered":"http:\/\/localhost\/wordpress\/2009\/04\/12\/karantinali-despina\/"},"modified":"2009-04-12T13:30:42","modified_gmt":"2009-04-12T10:30:42","slug":"karantinali-despina","status":"publish","type":"post","link":"https:\/\/narteks.net\/index.php\/2009\/04\/12\/karantinali-despina\/","title":{"rendered":"KARANT\u0130NALI DESP\u0130NA"},"content":{"rendered":"<p>\u00a0<\/p>\n<p>bir g\u00fcl tak\u0131p da sevdal\u0131 her gece sa\u00e7lar\u0131na <br \/> \u00e7\u0131kt\u0131 m\u0131 deprem san\u0131rd\u0131n &#8216; kara k\u0131z &#8216; kantosuna <br \/> titre\u015fir kadehler camlar k\u0131r\u0131l\u0131r alk\u0131\u015flardan <br \/> muammer bey&#8217;in g\u00f6zdesi karantina&#8217;l\u0131 despina <\/p>\n<p> \u00e7apk\u0131n g\u00fcl\u00fc\u015f\u00fc \u015f\u00f6yle faytona bini\u015fi kordelia&#8217;dan <br \/> ne kadar ba\u015fkayd\u0131 her kad\u0131ndan her bak\u0131mdan <br \/> s\u0131n\u0131rs\u0131z bir mutlulukta uyuturdu muammer bey&#8217;i <br \/> ustal\u0131kla dam\u0131tt\u0131\u011f\u0131 o tantanal\u0131 a\u015fklar\u0131ndan <\/p>\n<p> i\u015fgal alt\u00fcst etti nas\u0131l da izmir&#8217;de her \u015feyi <br \/> \u00f6\u011frendi kullanmas\u0131n\u0131 despina bu yanl\u0131\u015f geceyi <br \/> k\u00f6rfez&#8217;de par\u0131ldayan yunan z\u0131rhl\u0131lar\u0131na kar\u015f\u0131 <br \/> miralay zafiru&#8217;yla ispilandit palas&#8217;ta sevi\u015fmeyi <\/p>\n<p> gemi sinyallerinin gece bah\u00e7elere yans\u0131mas\u0131 <br \/> havuzda samanyolunun hisarbuselik \u015fark\u0131s\u0131 <br \/> demlendik\u00e7e yaln\u0131zl\u0131\u011f\u0131 ayd\u0131nlan\u0131yor muammer bey <br \/> olmayacak \u015fey bir insan\u0131n bir insan\u0131 anlamas\u0131<\/p>\n<p>Attila \u0130LHAN<\/p>\n","protected":false},"excerpt":{"rendered":"<p>\u00a0 bir g\u00fcl tak\u0131p da sevdal\u0131 her gece sa\u00e7lar\u0131na \u00e7\u0131kt\u0131 m\u0131 deprem san\u0131rd\u0131n &#8216; kara k\u0131z &#8216; kantosuna titre\u015fir kadehler camlar k\u0131r\u0131l\u0131r alk\u0131\u015flardan muammer bey&#8217;in g\u00f6zdesi karantina&#8217;l\u0131 despina \u00e7apk\u0131n g\u00fcl\u00fc\u015f\u00fc \u015f\u00f6yle faytona bini\u015fi kordelia&#8217;dan ne kadar ba\u015fkayd\u0131 her kad\u0131ndan her bak\u0131mdan s\u0131n\u0131rs\u0131z bir mutlulukta uyuturdu muammer bey&#8217;i ustal\u0131kla dam\u0131tt\u0131\u011f\u0131 o tantanal\u0131 a\u015fklar\u0131ndan i\u015fgal alt\u00fcst etti [&hellip;]<\/p>\n","protected":false},"author":1,"featured_media":0,"comment_status":"open","ping_status":"open","sticky":false,"template":"","format":"standard","meta":{"footnotes":""},"categories":[11],"tags":[],"class_list":{"0":"post-527","1":"post","2":"type-post","3":"status-publish","4":"format-standard","6":"category-attila-ilhan"},"yoast_head":"<!-- This site is optimized with the Yoast SEO Premium plugin v24.9 (Yoast SEO v24.9) - https:\/\/yoast.com\/wordpress\/plugins\/seo\/ -->\n<title>KARANT\u0130NALI DESP\u0130NA - narteks.net<\/title>\n<meta name=\"robots\" content=\"index, follow, max-snippet:-1, max-image-preview:large, max-video-preview:-1\" \/>\n<link rel=\"canonical\" href=\"https:\/\/narteks.net\/index.php\/2009\/04\/12\/karantinali-despina\/\" \/>\n<meta property=\"og:locale\" content=\"tr_TR\" \/>\n<meta property=\"og:type\" content=\"article\" \/>\n<meta property=\"og:title\" content=\"KARANT\u0130NALI DESP\u0130NA\" \/>\n<meta property=\"og:description\" content=\"\u00a0 bir g\u00fcl tak\u0131p da sevdal\u0131 her gece sa\u00e7lar\u0131na \u00e7\u0131kt\u0131 m\u0131 deprem san\u0131rd\u0131n &#8216; kara k\u0131z &#8216; kantosuna titre\u015fir kadehler camlar k\u0131r\u0131l\u0131r alk\u0131\u015flardan muammer bey&#8217;in g\u00f6zdesi karantina&#8217;l\u0131 despina \u00e7apk\u0131n g\u00fcl\u00fc\u015f\u00fc \u015f\u00f6yle faytona bini\u015fi kordelia&#8217;dan ne kadar ba\u015fkayd\u0131 her kad\u0131ndan her bak\u0131mdan s\u0131n\u0131rs\u0131z bir mutlulukta uyuturdu muammer bey&#8217;i ustal\u0131kla dam\u0131tt\u0131\u011f\u0131 o tantanal\u0131 a\u015fklar\u0131ndan i\u015fgal alt\u00fcst etti [&hellip;]\" \/>\n<meta property=\"og:url\" content=\"https:\/\/narteks.net\/index.php\/2009\/04\/12\/karantinali-despina\/\" \/>\n<meta property=\"og:site_name\" content=\"narteks.net\" \/>\n<meta property=\"article:published_time\" content=\"2009-04-12T10:30:42+00:00\" \/>\n<meta property=\"og:image\" content=\"https:\/\/narteks.net\/wp-content\/uploads\/narteks.png\" \/>\n\t<meta property=\"og:image:width\" content=\"300\" \/>\n\t<meta property=\"og:image:height\" content=\"90\" \/>\n\t<meta property=\"og:image:type\" content=\"image\/png\" \/>\n<meta name=\"author\" content=\"Tar\u0131k\" \/>\n<meta name=\"twitter:card\" content=\"summary_large_image\" \/>\n<meta name=\"twitter:creator\" content=\"@narteks\" \/>\n<meta name=\"twitter:site\" content=\"@narteks\" \/>\n<meta name=\"twitter:label1\" content=\"Yazan:\" \/>\n\t<meta name=\"twitter:data1\" content=\"Tar\u0131k\" \/>\n\t<meta name=\"twitter:label2\" content=\"Tahmini okuma s\u00fcresi\" \/>\n\t<meta name=\"twitter:data2\" content=\"1 dakika\" \/>\n<script type=\"application\/ld+json\" class=\"yoast-schema-graph\">{\"@context\":\"https:\/\/schema.org\",\"@graph\":[{\"@type\":\"Article\",\"@id\":\"https:\/\/narteks.net\/index.php\/2009\/04\/12\/karantinali-despina\/#article\",\"isPartOf\":{\"@id\":\"https:\/\/narteks.net\/index.php\/2009\/04\/12\/karantinali-despina\/\"},\"author\":{\"name\":\"Tar\u0131k\",\"@id\":\"https:\/\/narteks.net\/#\/schema\/person\/61f37d9834294b72d31d274e7ed79bca\"},\"headline\":\"KARANT\u0130NALI DESP\u0130NA\",\"datePublished\":\"2009-04-12T10:30:42+00:00\",\"mainEntityOfPage\":{\"@id\":\"https:\/\/narteks.net\/index.php\/2009\/04\/12\/karantinali-despina\/\"},\"wordCount\":146,\"commentCount\":0,\"publisher\":{\"@id\":\"https:\/\/narteks.net\/#organization\"},\"articleSection\":[\"Attila ILHAN\"],\"inLanguage\":\"tr\",\"potentialAction\":[{\"@type\":\"CommentAction\",\"name\":\"Comment\",\"target\":[\"https:\/\/narteks.net\/index.php\/2009\/04\/12\/karantinali-despina\/#respond\"]}]},{\"@type\":\"WebPage\",\"@id\":\"https:\/\/narteks.net\/index.php\/2009\/04\/12\/karantinali-despina\/\",\"url\":\"https:\/\/narteks.net\/index.php\/2009\/04\/12\/karantinali-despina\/\",\"name\":\"KARANT\u0130NALI DESP\u0130NA - narteks.net\",\"isPartOf\":{\"@id\":\"https:\/\/narteks.net\/#website\"},\"datePublished\":\"2009-04-12T10:30:42+00:00\",\"breadcrumb\":{\"@id\":\"https:\/\/narteks.net\/index.php\/2009\/04\/12\/karantinali-despina\/#breadcrumb\"},\"inLanguage\":\"tr\",\"potentialAction\":[{\"@type\":\"ReadAction\",\"target\":[\"https:\/\/narteks.net\/index.php\/2009\/04\/12\/karantinali-despina\/\"]}]},{\"@type\":\"BreadcrumbList\",\"@id\":\"https:\/\/narteks.net\/index.php\/2009\/04\/12\/karantinali-despina\/#breadcrumb\",\"itemListElement\":[{\"@type\":\"ListItem\",\"position\":1,\"name\":\"Anasayfa\",\"item\":\"https:\/\/narteks.net\/\"},{\"@type\":\"ListItem\",\"position\":2,\"name\":\"KARANT\u0130NALI DESP\u0130NA\"}]},{\"@type\":\"WebSite\",\"@id\":\"https:\/\/narteks.net\/#website\",\"url\":\"https:\/\/narteks.net\/\",\"name\":\"narteks.net\",\"description\":\"K\u00fclt\u00fcr Sanat Edebiyat Felsefe\",\"publisher\":{\"@id\":\"https:\/\/narteks.net\/#organization\"},\"alternateName\":\"K\u00fclt\u00fcr Sanat Edebiyat Felsefe\",\"potentialAction\":[{\"@type\":\"SearchAction\",\"target\":{\"@type\":\"EntryPoint\",\"urlTemplate\":\"https:\/\/narteks.net\/?s={search_term_string}\"},\"query-input\":{\"@type\":\"PropertyValueSpecification\",\"valueRequired\":true,\"valueName\":\"search_term_string\"}}],\"inLanguage\":\"tr\"},{\"@type\":\"Organization\",\"@id\":\"https:\/\/narteks.net\/#organization\",\"name\":\"narteks.net\",\"url\":\"https:\/\/narteks.net\/\",\"logo\":{\"@type\":\"ImageObject\",\"inLanguage\":\"tr\",\"@id\":\"https:\/\/narteks.net\/#\/schema\/logo\/image\/\",\"url\":\"https:\/\/narteks.net\/wp-content\/uploads\/narteks.png\",\"contentUrl\":\"https:\/\/narteks.net\/wp-content\/uploads\/narteks.png\",\"width\":300,\"height\":90,\"caption\":\"narteks.net\"},\"image\":{\"@id\":\"https:\/\/narteks.net\/#\/schema\/logo\/image\/\"},\"sameAs\":[\"https:\/\/x.com\/narteks\",\"https:\/\/instagram.com\/narteksnet\"]},{\"@type\":\"Person\",\"@id\":\"https:\/\/narteks.net\/#\/schema\/person\/61f37d9834294b72d31d274e7ed79bca\",\"name\":\"Tar\u0131k\",\"image\":{\"@type\":\"ImageObject\",\"inLanguage\":\"tr\",\"@id\":\"https:\/\/narteks.net\/#\/schema\/person\/image\/\",\"url\":\"https:\/\/secure.gravatar.com\/avatar\/50865afb55632c4ae467e0af0930f6510aa2297d8014be502a55b14f3b7550cf?s=96&d=mm&r=g\",\"contentUrl\":\"https:\/\/secure.gravatar.com\/avatar\/50865afb55632c4ae467e0af0930f6510aa2297d8014be502a55b14f3b7550cf?s=96&d=mm&r=g\",\"caption\":\"Tar\u0131k\"},\"sameAs\":[\"http:\/\/narteks.net\"],\"url\":\"https:\/\/narteks.net\/index.php\/author\/narbak\/\"}]}<\/script>\n<!-- \/ Yoast SEO Premium plugin. -->","yoast_head_json":{"title":"KARANT\u0130NALI DESP\u0130NA - narteks.net","robots":{"index":"index","follow":"follow","max-snippet":"max-snippet:-1","max-image-preview":"max-image-preview:large","max-video-preview":"max-video-preview:-1"},"canonical":"https:\/\/narteks.net\/index.php\/2009\/04\/12\/karantinali-despina\/","og_locale":"tr_TR","og_type":"article","og_title":"KARANT\u0130NALI DESP\u0130NA","og_description":"\u00a0 bir g\u00fcl tak\u0131p da sevdal\u0131 her gece sa\u00e7lar\u0131na \u00e7\u0131kt\u0131 m\u0131 deprem san\u0131rd\u0131n &#8216; kara k\u0131z &#8216; kantosuna titre\u015fir kadehler camlar k\u0131r\u0131l\u0131r alk\u0131\u015flardan muammer bey&#8217;in g\u00f6zdesi karantina&#8217;l\u0131 despina \u00e7apk\u0131n g\u00fcl\u00fc\u015f\u00fc \u015f\u00f6yle faytona bini\u015fi kordelia&#8217;dan ne kadar ba\u015fkayd\u0131 her kad\u0131ndan her bak\u0131mdan s\u0131n\u0131rs\u0131z bir mutlulukta uyuturdu muammer bey&#8217;i ustal\u0131kla dam\u0131tt\u0131\u011f\u0131 o tantanal\u0131 a\u015fklar\u0131ndan i\u015fgal alt\u00fcst etti [&hellip;]","og_url":"https:\/\/narteks.net\/index.php\/2009\/04\/12\/karantinali-despina\/","og_site_name":"narteks.net","article_published_time":"2009-04-12T10:30:42+00:00","og_image":[{"width":300,"height":90,"url":"https:\/\/narteks.net\/wp-content\/uploads\/narteks.png","type":"image\/png"}],"author":"Tar\u0131k","twitter_card":"summary_large_image","twitter_creator":"@narteks","twitter_site":"@narteks","twitter_misc":{"Yazan:":"Tar\u0131k","Tahmini okuma s\u00fcresi":"1 dakika"},"schema":{"@context":"https:\/\/schema.org","@graph":[{"@type":"Article","@id":"https:\/\/narteks.net\/index.php\/2009\/04\/12\/karantinali-despina\/#article","isPartOf":{"@id":"https:\/\/narteks.net\/index.php\/2009\/04\/12\/karantinali-despina\/"},"author":{"name":"Tar\u0131k","@id":"https:\/\/narteks.net\/#\/schema\/person\/61f37d9834294b72d31d274e7ed79bca"},"headline":"KARANT\u0130NALI DESP\u0130NA","datePublished":"2009-04-12T10:30:42+00:00","mainEntityOfPage":{"@id":"https:\/\/narteks.net\/index.php\/2009\/04\/12\/karantinali-despina\/"},"wordCount":146,"commentCount":0,"publisher":{"@id":"https:\/\/narteks.net\/#organization"},"articleSection":["Attila ILHAN"],"inLanguage":"tr","potentialAction":[{"@type":"CommentAction","name":"Comment","target":["https:\/\/narteks.net\/index.php\/2009\/04\/12\/karantinali-despina\/#respond"]}]},{"@type":"WebPage","@id":"https:\/\/narteks.net\/index.php\/2009\/04\/12\/karantinali-despina\/","url":"https:\/\/narteks.net\/index.php\/2009\/04\/12\/karantinali-despina\/","name":"KARANT\u0130NALI DESP\u0130NA - narteks.net","isPartOf":{"@id":"https:\/\/narteks.net\/#website"},"datePublished":"2009-04-12T10:30:42+00:00","breadcrumb":{"@id":"https:\/\/narteks.net\/index.php\/2009\/04\/12\/karantinali-despina\/#breadcrumb"},"inLanguage":"tr","potentialAction":[{"@type":"ReadAction","target":["https:\/\/narteks.net\/index.php\/2009\/04\/12\/karantinali-despina\/"]}]},{"@type":"BreadcrumbList","@id":"https:\/\/narteks.net\/index.php\/2009\/04\/12\/karantinali-despina\/#breadcrumb","itemListElement":[{"@type":"ListItem","position":1,"name":"Anasayfa","item":"https:\/\/narteks.net\/"},{"@type":"ListItem","position":2,"name":"KARANT\u0130NALI DESP\u0130NA"}]},{"@type":"WebSite","@id":"https:\/\/narteks.net\/#website","url":"https:\/\/narteks.net\/","name":"narteks.net","description":"K\u00fclt\u00fcr Sanat Edebiyat Felsefe","publisher":{"@id":"https:\/\/narteks.net\/#organization"},"alternateName":"K\u00fclt\u00fcr Sanat Edebiyat Felsefe","potentialAction":[{"@type":"SearchAction","target":{"@type":"EntryPoint","urlTemplate":"https:\/\/narteks.net\/?s={search_term_string}"},"query-input":{"@type":"PropertyValueSpecification","valueRequired":true,"valueName":"search_term_string"}}],"inLanguage":"tr"},{"@type":"Organization","@id":"https:\/\/narteks.net\/#organization","name":"narteks.net","url":"https:\/\/narteks.net\/","logo":{"@type":"ImageObject","inLanguage":"tr","@id":"https:\/\/narteks.net\/#\/schema\/logo\/image\/","url":"https:\/\/narteks.net\/wp-content\/uploads\/narteks.png","contentUrl":"https:\/\/narteks.net\/wp-content\/uploads\/narteks.png","width":300,"height":90,"caption":"narteks.net"},"image":{"@id":"https:\/\/narteks.net\/#\/schema\/logo\/image\/"},"sameAs":["https:\/\/x.com\/narteks","https:\/\/instagram.com\/narteksnet"]},{"@type":"Person","@id":"https:\/\/narteks.net\/#\/schema\/person\/61f37d9834294b72d31d274e7ed79bca","name":"Tar\u0131k","image":{"@type":"ImageObject","inLanguage":"tr","@id":"https:\/\/narteks.net\/#\/schema\/person\/image\/","url":"https:\/\/secure.gravatar.com\/avatar\/50865afb55632c4ae467e0af0930f6510aa2297d8014be502a55b14f3b7550cf?s=96&d=mm&r=g","contentUrl":"https:\/\/secure.gravatar.com\/avatar\/50865afb55632c4ae467e0af0930f6510aa2297d8014be502a55b14f3b7550cf?s=96&d=mm&r=g","caption":"Tar\u0131k"},"sameAs":["http:\/\/narteks.net"],"url":"https:\/\/narteks.net\/index.php\/author\/narbak\/"}]}},"_links":{"self":[{"href":"https:\/\/narteks.net\/index.php\/wp-json\/wp\/v2\/posts\/527","targetHints":{"allow":["GET"]}}],"collection":[{"href":"https:\/\/narteks.net\/index.php\/wp-json\/wp\/v2\/posts"}],"about":[{"href":"https:\/\/narteks.net\/index.php\/wp-json\/wp\/v2\/types\/post"}],"author":[{"embeddable":true,"href":"https:\/\/narteks.net\/index.php\/wp-json\/wp\/v2\/users\/1"}],"replies":[{"embeddable":true,"href":"https:\/\/narteks.net\/index.php\/wp-json\/wp\/v2\/comments?post=527"}],"version-history":[{"count":0,"href":"https:\/\/narteks.net\/index.php\/wp-json\/wp\/v2\/posts\/527\/revisions"}],"wp:attachment":[{"href":"https:\/\/narteks.net\/index.php\/wp-json\/wp\/v2\/media?parent=527"}],"wp:term":[{"taxonomy":"category","embeddable":true,"href":"https:\/\/narteks.net\/index.php\/wp-json\/wp\/v2\/categories?post=527"},{"taxonomy":"post_tag","embeddable":true,"href":"https:\/\/narteks.net\/index.php\/wp-json\/wp\/v2\/tags?post=527"}],"curies":[{"name":"wp","href":"https:\/\/api.w.org\/{rel}","templated":true}]}}