{"id":5271,"date":"2011-02-26T22:40:44","date_gmt":"2011-02-26T19:40:44","guid":{"rendered":"http:\/\/localhost\/wordpress\/2011\/02\/26\/allah-a-ve-bize-dair\/"},"modified":"2011-02-26T22:40:44","modified_gmt":"2011-02-26T19:40:44","slug":"allah-a-ve-bize-dair","status":"publish","type":"post","link":"https:\/\/narteks.net\/index.php\/2011\/02\/26\/allah-a-ve-bize-dair\/","title":{"rendered":"ALLAH&#8217;A VE B\u0130ZE DA\u0130R"},"content":{"rendered":"<p>\u00a0<\/p>\n<p>Allah ne kadar b\u00fcy\u00fckt\u00fcr,<br \/>Ekinlere g\u00fcne\u015f verir \u00e7ocu\u011fum.<br \/>Beni mavi sabahlara devreder,<br \/>Mavi g\u00fcller gibi uykum.<\/p>\n<p>Allah ne kadar b\u00fcy\u00fckt\u00fcr,<br \/>Ku\u015flar g\u00f6nderir dallar\u0131m\u0131za.<br \/>Karanl\u0131klar kalbe doldu\u011fu vakit,<br \/>Nasibi terk ederiz bir y\u0131ld\u0131za.<\/p>\n<p>Allah ne kadar b\u00fcy\u00fckt\u00fcr,<br \/>Yol verir gemimize denizler \u00fcst\u00fcnden.<br \/>Garip sonsuzluklar duyar\u0131z<br \/>Sular akarken, bulutlar y\u00fcr\u00fcrken.<\/p>\n<p>Ve Allah ne kadar b\u00fcy\u00fckt\u00fcr \u00e7ocu\u011fum,<br \/>\u015e\u00fckrolsun ruhumuz \u015fimdi.<br \/>Nihayetsiz as\u0131rlar\u0131 i\u00e7inde<br \/>Bizi tesad\u00fcf ettirdi.<\/p>\n<p>Faz\u0131l H\u00fcsn\u00fc DA\u011eLARCA<\/p>\n","protected":false},"excerpt":{"rendered":"<p>\u00a0 Allah ne kadar b\u00fcy\u00fckt\u00fcr,Ekinlere g\u00fcne\u015f verir \u00e7ocu\u011fum.Beni mavi sabahlara devreder,Mavi g\u00fcller gibi uykum. Allah ne kadar b\u00fcy\u00fckt\u00fcr,Ku\u015flar g\u00f6nderir dallar\u0131m\u0131za.Karanl\u0131klar kalbe doldu\u011fu vakit,Nasibi terk ederiz bir y\u0131ld\u0131za. Allah ne kadar b\u00fcy\u00fckt\u00fcr,Yol verir gemimize denizler \u00fcst\u00fcnden.Garip sonsuzluklar duyar\u0131zSular akarken, bulutlar y\u00fcr\u00fcrken. Ve Allah ne kadar b\u00fcy\u00fckt\u00fcr \u00e7ocu\u011fum,\u015e\u00fckrolsun ruhumuz \u015fimdi.Nihayetsiz as\u0131rlar\u0131 i\u00e7indeBizi tesad\u00fcf ettirdi. Faz\u0131l H\u00fcsn\u00fc DA\u011eLARCA<\/p>\n","protected":false},"author":1,"featured_media":0,"comment_status":"open","ping_status":"open","sticky":false,"template":"","format":"standard","meta":{"footnotes":""},"categories":[166],"tags":[],"class_list":{"0":"post-5271","1":"post","2":"type-post","3":"status-publish","4":"format-standard","6":"category-fazil-husnu-daglarca"},"yoast_head":"<!-- This site is optimized with the Yoast SEO Premium plugin v24.9 (Yoast SEO v24.9) - https:\/\/yoast.com\/wordpress\/plugins\/seo\/ -->\n<title>ALLAH&#039;A VE B\u0130ZE DA\u0130R - narteks.net<\/title>\n<meta name=\"robots\" content=\"index, follow, max-snippet:-1, max-image-preview:large, max-video-preview:-1\" \/>\n<link rel=\"canonical\" href=\"https:\/\/narteks.net\/index.php\/2011\/02\/26\/allah-a-ve-bize-dair\/\" \/>\n<meta property=\"og:locale\" content=\"tr_TR\" \/>\n<meta property=\"og:type\" content=\"article\" \/>\n<meta property=\"og:title\" content=\"ALLAH&#039;A VE B\u0130ZE DA\u0130R\" \/>\n<meta property=\"og:description\" content=\"\u00a0 Allah ne kadar b\u00fcy\u00fckt\u00fcr,Ekinlere g\u00fcne\u015f verir \u00e7ocu\u011fum.Beni mavi sabahlara devreder,Mavi g\u00fcller gibi uykum. Allah ne kadar b\u00fcy\u00fckt\u00fcr,Ku\u015flar g\u00f6nderir dallar\u0131m\u0131za.Karanl\u0131klar kalbe doldu\u011fu vakit,Nasibi terk ederiz bir y\u0131ld\u0131za. Allah ne kadar b\u00fcy\u00fckt\u00fcr,Yol verir gemimize denizler \u00fcst\u00fcnden.Garip sonsuzluklar duyar\u0131zSular akarken, bulutlar y\u00fcr\u00fcrken. Ve Allah ne kadar b\u00fcy\u00fckt\u00fcr \u00e7ocu\u011fum,\u015e\u00fckrolsun ruhumuz \u015fimdi.Nihayetsiz as\u0131rlar\u0131 i\u00e7indeBizi tesad\u00fcf ettirdi. Faz\u0131l H\u00fcsn\u00fc DA\u011eLARCA\" \/>\n<meta property=\"og:url\" content=\"https:\/\/narteks.net\/index.php\/2011\/02\/26\/allah-a-ve-bize-dair\/\" \/>\n<meta property=\"og:site_name\" content=\"narteks.net\" \/>\n<meta property=\"article:published_time\" content=\"2011-02-26T19:40:44+00:00\" \/>\n<meta property=\"og:image\" content=\"https:\/\/narteks.net\/wp-content\/uploads\/narteks.png\" \/>\n\t<meta property=\"og:image:width\" content=\"300\" \/>\n\t<meta property=\"og:image:height\" content=\"90\" \/>\n\t<meta property=\"og:image:type\" content=\"image\/png\" \/>\n<meta name=\"author\" content=\"Tar\u0131k\" \/>\n<meta name=\"twitter:card\" content=\"summary_large_image\" \/>\n<meta name=\"twitter:creator\" content=\"@narteks\" \/>\n<meta name=\"twitter:site\" content=\"@narteks\" \/>\n<meta name=\"twitter:label1\" content=\"Yazan:\" \/>\n\t<meta name=\"twitter:data1\" content=\"Tar\u0131k\" \/>\n<script type=\"application\/ld+json\" class=\"yoast-schema-graph\">{\"@context\":\"https:\/\/schema.org\",\"@graph\":[{\"@type\":\"Article\",\"@id\":\"https:\/\/narteks.net\/index.php\/2011\/02\/26\/allah-a-ve-bize-dair\/#article\",\"isPartOf\":{\"@id\":\"https:\/\/narteks.net\/index.php\/2011\/02\/26\/allah-a-ve-bize-dair\/\"},\"author\":{\"name\":\"Tar\u0131k\",\"@id\":\"https:\/\/narteks.net\/#\/schema\/person\/61f37d9834294b72d31d274e7ed79bca\"},\"headline\":\"ALLAH&#8217;A VE B\u0130ZE DA\u0130R\",\"datePublished\":\"2011-02-26T19:40:44+00:00\",\"mainEntityOfPage\":{\"@id\":\"https:\/\/narteks.net\/index.php\/2011\/02\/26\/allah-a-ve-bize-dair\/\"},\"wordCount\":104,\"commentCount\":0,\"publisher\":{\"@id\":\"https:\/\/narteks.net\/#organization\"},\"articleSection\":[\"Faz\u0131l H\u00fcsn\u00fc DA\u011eLARCA\"],\"inLanguage\":\"tr\",\"potentialAction\":[{\"@type\":\"CommentAction\",\"name\":\"Comment\",\"target\":[\"https:\/\/narteks.net\/index.php\/2011\/02\/26\/allah-a-ve-bize-dair\/#respond\"]}]},{\"@type\":\"WebPage\",\"@id\":\"https:\/\/narteks.net\/index.php\/2011\/02\/26\/allah-a-ve-bize-dair\/\",\"url\":\"https:\/\/narteks.net\/index.php\/2011\/02\/26\/allah-a-ve-bize-dair\/\",\"name\":\"ALLAH'A VE B\u0130ZE DA\u0130R - narteks.net\",\"isPartOf\":{\"@id\":\"https:\/\/narteks.net\/#website\"},\"datePublished\":\"2011-02-26T19:40:44+00:00\",\"breadcrumb\":{\"@id\":\"https:\/\/narteks.net\/index.php\/2011\/02\/26\/allah-a-ve-bize-dair\/#breadcrumb\"},\"inLanguage\":\"tr\",\"potentialAction\":[{\"@type\":\"ReadAction\",\"target\":[\"https:\/\/narteks.net\/index.php\/2011\/02\/26\/allah-a-ve-bize-dair\/\"]}]},{\"@type\":\"BreadcrumbList\",\"@id\":\"https:\/\/narteks.net\/index.php\/2011\/02\/26\/allah-a-ve-bize-dair\/#breadcrumb\",\"itemListElement\":[{\"@type\":\"ListItem\",\"position\":1,\"name\":\"Anasayfa\",\"item\":\"https:\/\/narteks.net\/\"},{\"@type\":\"ListItem\",\"position\":2,\"name\":\"ALLAH&#8217;A VE B\u0130ZE DA\u0130R\"}]},{\"@type\":\"WebSite\",\"@id\":\"https:\/\/narteks.net\/#website\",\"url\":\"https:\/\/narteks.net\/\",\"name\":\"narteks.net\",\"description\":\"K\u00fclt\u00fcr Sanat Edebiyat Felsefe\",\"publisher\":{\"@id\":\"https:\/\/narteks.net\/#organization\"},\"alternateName\":\"K\u00fclt\u00fcr Sanat Edebiyat Felsefe\",\"potentialAction\":[{\"@type\":\"SearchAction\",\"target\":{\"@type\":\"EntryPoint\",\"urlTemplate\":\"https:\/\/narteks.net\/?s={search_term_string}\"},\"query-input\":{\"@type\":\"PropertyValueSpecification\",\"valueRequired\":true,\"valueName\":\"search_term_string\"}}],\"inLanguage\":\"tr\"},{\"@type\":\"Organization\",\"@id\":\"https:\/\/narteks.net\/#organization\",\"name\":\"narteks.net\",\"url\":\"https:\/\/narteks.net\/\",\"logo\":{\"@type\":\"ImageObject\",\"inLanguage\":\"tr\",\"@id\":\"https:\/\/narteks.net\/#\/schema\/logo\/image\/\",\"url\":\"https:\/\/narteks.net\/wp-content\/uploads\/narteks.png\",\"contentUrl\":\"https:\/\/narteks.net\/wp-content\/uploads\/narteks.png\",\"width\":300,\"height\":90,\"caption\":\"narteks.net\"},\"image\":{\"@id\":\"https:\/\/narteks.net\/#\/schema\/logo\/image\/\"},\"sameAs\":[\"https:\/\/x.com\/narteks\",\"https:\/\/instagram.com\/narteksnet\"]},{\"@type\":\"Person\",\"@id\":\"https:\/\/narteks.net\/#\/schema\/person\/61f37d9834294b72d31d274e7ed79bca\",\"name\":\"Tar\u0131k\",\"image\":{\"@type\":\"ImageObject\",\"inLanguage\":\"tr\",\"@id\":\"https:\/\/narteks.net\/#\/schema\/person\/image\/\",\"url\":\"https:\/\/secure.gravatar.com\/avatar\/50865afb55632c4ae467e0af0930f6510aa2297d8014be502a55b14f3b7550cf?s=96&d=mm&r=g\",\"contentUrl\":\"https:\/\/secure.gravatar.com\/avatar\/50865afb55632c4ae467e0af0930f6510aa2297d8014be502a55b14f3b7550cf?s=96&d=mm&r=g\",\"caption\":\"Tar\u0131k\"},\"sameAs\":[\"http:\/\/narteks.net\"],\"url\":\"https:\/\/narteks.net\/index.php\/author\/narbak\/\"}]}<\/script>\n<!-- \/ Yoast SEO Premium plugin. -->","yoast_head_json":{"title":"ALLAH'A VE B\u0130ZE DA\u0130R - narteks.net","robots":{"index":"index","follow":"follow","max-snippet":"max-snippet:-1","max-image-preview":"max-image-preview:large","max-video-preview":"max-video-preview:-1"},"canonical":"https:\/\/narteks.net\/index.php\/2011\/02\/26\/allah-a-ve-bize-dair\/","og_locale":"tr_TR","og_type":"article","og_title":"ALLAH'A VE B\u0130ZE DA\u0130R","og_description":"\u00a0 Allah ne kadar b\u00fcy\u00fckt\u00fcr,Ekinlere g\u00fcne\u015f verir \u00e7ocu\u011fum.Beni mavi sabahlara devreder,Mavi g\u00fcller gibi uykum. Allah ne kadar b\u00fcy\u00fckt\u00fcr,Ku\u015flar g\u00f6nderir dallar\u0131m\u0131za.Karanl\u0131klar kalbe doldu\u011fu vakit,Nasibi terk ederiz bir y\u0131ld\u0131za. Allah ne kadar b\u00fcy\u00fckt\u00fcr,Yol verir gemimize denizler \u00fcst\u00fcnden.Garip sonsuzluklar duyar\u0131zSular akarken, bulutlar y\u00fcr\u00fcrken. Ve Allah ne kadar b\u00fcy\u00fckt\u00fcr \u00e7ocu\u011fum,\u015e\u00fckrolsun ruhumuz \u015fimdi.Nihayetsiz as\u0131rlar\u0131 i\u00e7indeBizi tesad\u00fcf ettirdi. Faz\u0131l H\u00fcsn\u00fc DA\u011eLARCA","og_url":"https:\/\/narteks.net\/index.php\/2011\/02\/26\/allah-a-ve-bize-dair\/","og_site_name":"narteks.net","article_published_time":"2011-02-26T19:40:44+00:00","og_image":[{"width":300,"height":90,"url":"https:\/\/narteks.net\/wp-content\/uploads\/narteks.png","type":"image\/png"}],"author":"Tar\u0131k","twitter_card":"summary_large_image","twitter_creator":"@narteks","twitter_site":"@narteks","twitter_misc":{"Yazan:":"Tar\u0131k"},"schema":{"@context":"https:\/\/schema.org","@graph":[{"@type":"Article","@id":"https:\/\/narteks.net\/index.php\/2011\/02\/26\/allah-a-ve-bize-dair\/#article","isPartOf":{"@id":"https:\/\/narteks.net\/index.php\/2011\/02\/26\/allah-a-ve-bize-dair\/"},"author":{"name":"Tar\u0131k","@id":"https:\/\/narteks.net\/#\/schema\/person\/61f37d9834294b72d31d274e7ed79bca"},"headline":"ALLAH&#8217;A VE B\u0130ZE DA\u0130R","datePublished":"2011-02-26T19:40:44+00:00","mainEntityOfPage":{"@id":"https:\/\/narteks.net\/index.php\/2011\/02\/26\/allah-a-ve-bize-dair\/"},"wordCount":104,"commentCount":0,"publisher":{"@id":"https:\/\/narteks.net\/#organization"},"articleSection":["Faz\u0131l H\u00fcsn\u00fc DA\u011eLARCA"],"inLanguage":"tr","potentialAction":[{"@type":"CommentAction","name":"Comment","target":["https:\/\/narteks.net\/index.php\/2011\/02\/26\/allah-a-ve-bize-dair\/#respond"]}]},{"@type":"WebPage","@id":"https:\/\/narteks.net\/index.php\/2011\/02\/26\/allah-a-ve-bize-dair\/","url":"https:\/\/narteks.net\/index.php\/2011\/02\/26\/allah-a-ve-bize-dair\/","name":"ALLAH'A VE B\u0130ZE DA\u0130R - narteks.net","isPartOf":{"@id":"https:\/\/narteks.net\/#website"},"datePublished":"2011-02-26T19:40:44+00:00","breadcrumb":{"@id":"https:\/\/narteks.net\/index.php\/2011\/02\/26\/allah-a-ve-bize-dair\/#breadcrumb"},"inLanguage":"tr","potentialAction":[{"@type":"ReadAction","target":["https:\/\/narteks.net\/index.php\/2011\/02\/26\/allah-a-ve-bize-dair\/"]}]},{"@type":"BreadcrumbList","@id":"https:\/\/narteks.net\/index.php\/2011\/02\/26\/allah-a-ve-bize-dair\/#breadcrumb","itemListElement":[{"@type":"ListItem","position":1,"name":"Anasayfa","item":"https:\/\/narteks.net\/"},{"@type":"ListItem","position":2,"name":"ALLAH&#8217;A VE B\u0130ZE DA\u0130R"}]},{"@type":"WebSite","@id":"https:\/\/narteks.net\/#website","url":"https:\/\/narteks.net\/","name":"narteks.net","description":"K\u00fclt\u00fcr Sanat Edebiyat Felsefe","publisher":{"@id":"https:\/\/narteks.net\/#organization"},"alternateName":"K\u00fclt\u00fcr Sanat Edebiyat Felsefe","potentialAction":[{"@type":"SearchAction","target":{"@type":"EntryPoint","urlTemplate":"https:\/\/narteks.net\/?s={search_term_string}"},"query-input":{"@type":"PropertyValueSpecification","valueRequired":true,"valueName":"search_term_string"}}],"inLanguage":"tr"},{"@type":"Organization","@id":"https:\/\/narteks.net\/#organization","name":"narteks.net","url":"https:\/\/narteks.net\/","logo":{"@type":"ImageObject","inLanguage":"tr","@id":"https:\/\/narteks.net\/#\/schema\/logo\/image\/","url":"https:\/\/narteks.net\/wp-content\/uploads\/narteks.png","contentUrl":"https:\/\/narteks.net\/wp-content\/uploads\/narteks.png","width":300,"height":90,"caption":"narteks.net"},"image":{"@id":"https:\/\/narteks.net\/#\/schema\/logo\/image\/"},"sameAs":["https:\/\/x.com\/narteks","https:\/\/instagram.com\/narteksnet"]},{"@type":"Person","@id":"https:\/\/narteks.net\/#\/schema\/person\/61f37d9834294b72d31d274e7ed79bca","name":"Tar\u0131k","image":{"@type":"ImageObject","inLanguage":"tr","@id":"https:\/\/narteks.net\/#\/schema\/person\/image\/","url":"https:\/\/secure.gravatar.com\/avatar\/50865afb55632c4ae467e0af0930f6510aa2297d8014be502a55b14f3b7550cf?s=96&d=mm&r=g","contentUrl":"https:\/\/secure.gravatar.com\/avatar\/50865afb55632c4ae467e0af0930f6510aa2297d8014be502a55b14f3b7550cf?s=96&d=mm&r=g","caption":"Tar\u0131k"},"sameAs":["http:\/\/narteks.net"],"url":"https:\/\/narteks.net\/index.php\/author\/narbak\/"}]}},"_links":{"self":[{"href":"https:\/\/narteks.net\/index.php\/wp-json\/wp\/v2\/posts\/5271","targetHints":{"allow":["GET"]}}],"collection":[{"href":"https:\/\/narteks.net\/index.php\/wp-json\/wp\/v2\/posts"}],"about":[{"href":"https:\/\/narteks.net\/index.php\/wp-json\/wp\/v2\/types\/post"}],"author":[{"embeddable":true,"href":"https:\/\/narteks.net\/index.php\/wp-json\/wp\/v2\/users\/1"}],"replies":[{"embeddable":true,"href":"https:\/\/narteks.net\/index.php\/wp-json\/wp\/v2\/comments?post=5271"}],"version-history":[{"count":0,"href":"https:\/\/narteks.net\/index.php\/wp-json\/wp\/v2\/posts\/5271\/revisions"}],"wp:attachment":[{"href":"https:\/\/narteks.net\/index.php\/wp-json\/wp\/v2\/media?parent=5271"}],"wp:term":[{"taxonomy":"category","embeddable":true,"href":"https:\/\/narteks.net\/index.php\/wp-json\/wp\/v2\/categories?post=5271"},{"taxonomy":"post_tag","embeddable":true,"href":"https:\/\/narteks.net\/index.php\/wp-json\/wp\/v2\/tags?post=5271"}],"curies":[{"name":"wp","href":"https:\/\/api.w.org\/{rel}","templated":true}]}}