{"id":5276,"date":"2011-02-26T22:44:24","date_gmt":"2011-02-26T19:44:24","guid":{"rendered":"http:\/\/localhost\/wordpress\/2011\/02\/26\/kizilirmak-kiyilari\/"},"modified":"2011-02-26T22:44:24","modified_gmt":"2011-02-26T19:44:24","slug":"kizilirmak-kiyilari","status":"publish","type":"post","link":"https:\/\/narteks.net\/index.php\/2011\/02\/26\/kizilirmak-kiyilari\/","title":{"rendered":"KIZILIRMAK KIYILARI"},"content":{"rendered":"<p>\u00a0<\/p>\n<p>Karda\u015f, senin dediklerin yok,<br \/>Halay \u00e7ekilen toprak bu toprak de\u011fil.<br \/>\u00c7\u0131k hele Anadoluya,<br \/>Kamyonlarla gel, ka\u011fn\u0131larla gel gayr\u0131,<br \/>O kadar uzak de\u011fil.<\/p>\n<p>\u00c7am\u0131 bitmi\u015f, kava\u011f\u0131 azalm\u0131\u015f,<br \/>Gamla \u00f6rt\u00fcl\u00fc bay\u0131rlar, \u00e7\u0131plak de\u011fil.<br \/>Yedi ay k\u0131\u015ftan sonra,<br \/>Ye\u015feren senin ya\u015fam\u0131nd\u0131r,<br \/>Yaprak de\u011fil.<\/p>\n<p>Yersin, i\u00e7ersin sofras\u0131ndan, \u00fc\u00e7 y\u00fcz senedir,<br \/>Kuvvetlisin ama kuvvet hak de\u011fil.<br \/>Bak\u0131ms\u0131zl\u0131klarla g\u00f6\u00e7\u00fcp gitmi\u015f bir cihan,<br \/>Mevsimler so\u011fumus, sular azalm\u0131\u015f,<br \/>Bu\u011fday, Sel\u00e7uklulardan kalan ba\u015fak de\u011fil.<\/p>\n<p>Par\u00e7a par\u00e7a yar\u0131lm\u0131\u015f \u00f6k\u00fcz ard\u0131nda,<br \/>Parma\u011f\u0131 \u00fc\u00e7 pare, t\u0131rna\u011f\u0131 ak de\u011fil.<br \/>Utan\u0131r elin aya\u011f\u0131n,<br \/>Korkars\u0131n yak\u0131ndan g\u00f6rsen,<br \/>Eli el de\u011fil, aya\u011f\u0131 ayak de\u011fil.<\/p>\n<p>G\u00fcn do\u011far, tarla ku\u015flar\u0131 u\u00e7u\u015furlar,<br \/>A\u011f\u0131r bir ayd\u0131nl\u0131k, bildi\u011fin \u015fafak de\u011fil.<br \/>\u00d6yle dalm\u0131\u015f ki y\u00fczy\u0131llar s\u00fcren uykusuna,<br \/>Uyand\u0131rmazsan,<br \/>Uyanacak de\u011fil.<\/p>\n<p>Dertle, sefaletle y\u00fckl\u00fc,<br \/>Siyah le\u015flerle kararm\u0131\u015f, berrak de\u011fil.<br \/>\u00c7a\u011flayan ne,<br \/>Akan kim,<br \/>K\u0131z\u0131l\u0131rmak de\u011fil.<\/p>\n<p>Karda\u015f, g\u00f6rm\u00fcyorum ama hala duyabiliyorum,<br \/>Ge\u00e7mi\u015f zamanlar gelecek zamanlardan parlak de\u011fil.<br \/>Vakte \u015fahadet edercesine y\u00fckselmi\u015f,<br \/>Ak\u015fam par\u0131lt\u0131s\u0131ndan, b\u00fct\u00fcn zaferler \u00fczerine,<br \/>Da\u011flar dalgalanmakta, bayrak de\u011fil.<\/p>\n<p>Faz\u0131l H\u00fcsn\u00fc DA\u011eLARCA<\/p>\n","protected":false},"excerpt":{"rendered":"<p>\u00a0 Karda\u015f, senin dediklerin yok,Halay \u00e7ekilen toprak bu toprak de\u011fil.\u00c7\u0131k hele Anadoluya,Kamyonlarla gel, ka\u011fn\u0131larla gel gayr\u0131,O kadar uzak de\u011fil. \u00c7am\u0131 bitmi\u015f, kava\u011f\u0131 azalm\u0131\u015f,Gamla \u00f6rt\u00fcl\u00fc bay\u0131rlar, \u00e7\u0131plak de\u011fil.Yedi ay k\u0131\u015ftan sonra,Ye\u015feren senin ya\u015fam\u0131nd\u0131r,Yaprak de\u011fil. Yersin, i\u00e7ersin sofras\u0131ndan, \u00fc\u00e7 y\u00fcz senedir,Kuvvetlisin ama kuvvet hak de\u011fil.Bak\u0131ms\u0131zl\u0131klarla g\u00f6\u00e7\u00fcp gitmi\u015f bir cihan,Mevsimler so\u011fumus, sular azalm\u0131\u015f,Bu\u011fday, Sel\u00e7uklulardan kalan ba\u015fak de\u011fil. Par\u00e7a [&hellip;]<\/p>\n","protected":false},"author":1,"featured_media":0,"comment_status":"open","ping_status":"open","sticky":false,"template":"","format":"standard","meta":{"footnotes":""},"categories":[166],"tags":[],"class_list":{"0":"post-5276","1":"post","2":"type-post","3":"status-publish","4":"format-standard","6":"category-fazil-husnu-daglarca"},"yoast_head":"<!-- This site is optimized with the Yoast SEO Premium plugin v24.9 (Yoast SEO v24.9) - https:\/\/yoast.com\/wordpress\/plugins\/seo\/ -->\n<title>KIZILIRMAK KIYILARI - narteks.net<\/title>\n<meta name=\"robots\" content=\"index, follow, max-snippet:-1, max-image-preview:large, max-video-preview:-1\" \/>\n<link rel=\"canonical\" href=\"https:\/\/narteks.net\/index.php\/2011\/02\/26\/kizilirmak-kiyilari\/\" \/>\n<meta property=\"og:locale\" content=\"tr_TR\" \/>\n<meta property=\"og:type\" content=\"article\" \/>\n<meta property=\"og:title\" content=\"KIZILIRMAK KIYILARI\" \/>\n<meta property=\"og:description\" content=\"\u00a0 Karda\u015f, senin dediklerin yok,Halay \u00e7ekilen toprak bu toprak de\u011fil.\u00c7\u0131k hele Anadoluya,Kamyonlarla gel, ka\u011fn\u0131larla gel gayr\u0131,O kadar uzak de\u011fil. \u00c7am\u0131 bitmi\u015f, kava\u011f\u0131 azalm\u0131\u015f,Gamla \u00f6rt\u00fcl\u00fc bay\u0131rlar, \u00e7\u0131plak de\u011fil.Yedi ay k\u0131\u015ftan sonra,Ye\u015feren senin ya\u015fam\u0131nd\u0131r,Yaprak de\u011fil. Yersin, i\u00e7ersin sofras\u0131ndan, \u00fc\u00e7 y\u00fcz senedir,Kuvvetlisin ama kuvvet hak de\u011fil.Bak\u0131ms\u0131zl\u0131klarla g\u00f6\u00e7\u00fcp gitmi\u015f bir cihan,Mevsimler so\u011fumus, sular azalm\u0131\u015f,Bu\u011fday, Sel\u00e7uklulardan kalan ba\u015fak de\u011fil. Par\u00e7a [&hellip;]\" \/>\n<meta property=\"og:url\" content=\"https:\/\/narteks.net\/index.php\/2011\/02\/26\/kizilirmak-kiyilari\/\" \/>\n<meta property=\"og:site_name\" content=\"narteks.net\" \/>\n<meta property=\"article:published_time\" content=\"2011-02-26T19:44:24+00:00\" \/>\n<meta property=\"og:image\" content=\"https:\/\/narteks.net\/wp-content\/uploads\/narteks.png\" \/>\n\t<meta property=\"og:image:width\" content=\"300\" \/>\n\t<meta property=\"og:image:height\" content=\"90\" \/>\n\t<meta property=\"og:image:type\" content=\"image\/png\" \/>\n<meta name=\"author\" content=\"Tar\u0131k\" \/>\n<meta name=\"twitter:card\" content=\"summary_large_image\" \/>\n<meta name=\"twitter:creator\" content=\"@narteks\" \/>\n<meta name=\"twitter:site\" content=\"@narteks\" \/>\n<meta name=\"twitter:label1\" content=\"Yazan:\" \/>\n\t<meta name=\"twitter:data1\" content=\"Tar\u0131k\" \/>\n\t<meta name=\"twitter:label2\" content=\"Tahmini okuma s\u00fcresi\" \/>\n\t<meta name=\"twitter:data2\" content=\"1 dakika\" \/>\n<script type=\"application\/ld+json\" class=\"yoast-schema-graph\">{\"@context\":\"https:\/\/schema.org\",\"@graph\":[{\"@type\":\"Article\",\"@id\":\"https:\/\/narteks.net\/index.php\/2011\/02\/26\/kizilirmak-kiyilari\/#article\",\"isPartOf\":{\"@id\":\"https:\/\/narteks.net\/index.php\/2011\/02\/26\/kizilirmak-kiyilari\/\"},\"author\":{\"name\":\"Tar\u0131k\",\"@id\":\"https:\/\/narteks.net\/#\/schema\/person\/61f37d9834294b72d31d274e7ed79bca\"},\"headline\":\"KIZILIRMAK KIYILARI\",\"datePublished\":\"2011-02-26T19:44:24+00:00\",\"mainEntityOfPage\":{\"@id\":\"https:\/\/narteks.net\/index.php\/2011\/02\/26\/kizilirmak-kiyilari\/\"},\"wordCount\":228,\"commentCount\":0,\"publisher\":{\"@id\":\"https:\/\/narteks.net\/#organization\"},\"articleSection\":[\"Faz\u0131l H\u00fcsn\u00fc DA\u011eLARCA\"],\"inLanguage\":\"tr\",\"potentialAction\":[{\"@type\":\"CommentAction\",\"name\":\"Comment\",\"target\":[\"https:\/\/narteks.net\/index.php\/2011\/02\/26\/kizilirmak-kiyilari\/#respond\"]}]},{\"@type\":\"WebPage\",\"@id\":\"https:\/\/narteks.net\/index.php\/2011\/02\/26\/kizilirmak-kiyilari\/\",\"url\":\"https:\/\/narteks.net\/index.php\/2011\/02\/26\/kizilirmak-kiyilari\/\",\"name\":\"KIZILIRMAK KIYILARI - narteks.net\",\"isPartOf\":{\"@id\":\"https:\/\/narteks.net\/#website\"},\"datePublished\":\"2011-02-26T19:44:24+00:00\",\"breadcrumb\":{\"@id\":\"https:\/\/narteks.net\/index.php\/2011\/02\/26\/kizilirmak-kiyilari\/#breadcrumb\"},\"inLanguage\":\"tr\",\"potentialAction\":[{\"@type\":\"ReadAction\",\"target\":[\"https:\/\/narteks.net\/index.php\/2011\/02\/26\/kizilirmak-kiyilari\/\"]}]},{\"@type\":\"BreadcrumbList\",\"@id\":\"https:\/\/narteks.net\/index.php\/2011\/02\/26\/kizilirmak-kiyilari\/#breadcrumb\",\"itemListElement\":[{\"@type\":\"ListItem\",\"position\":1,\"name\":\"Anasayfa\",\"item\":\"https:\/\/narteks.net\/\"},{\"@type\":\"ListItem\",\"position\":2,\"name\":\"KIZILIRMAK KIYILARI\"}]},{\"@type\":\"WebSite\",\"@id\":\"https:\/\/narteks.net\/#website\",\"url\":\"https:\/\/narteks.net\/\",\"name\":\"narteks.net\",\"description\":\"K\u00fclt\u00fcr Sanat Edebiyat Felsefe\",\"publisher\":{\"@id\":\"https:\/\/narteks.net\/#organization\"},\"alternateName\":\"K\u00fclt\u00fcr Sanat Edebiyat Felsefe\",\"potentialAction\":[{\"@type\":\"SearchAction\",\"target\":{\"@type\":\"EntryPoint\",\"urlTemplate\":\"https:\/\/narteks.net\/?s={search_term_string}\"},\"query-input\":{\"@type\":\"PropertyValueSpecification\",\"valueRequired\":true,\"valueName\":\"search_term_string\"}}],\"inLanguage\":\"tr\"},{\"@type\":\"Organization\",\"@id\":\"https:\/\/narteks.net\/#organization\",\"name\":\"narteks.net\",\"url\":\"https:\/\/narteks.net\/\",\"logo\":{\"@type\":\"ImageObject\",\"inLanguage\":\"tr\",\"@id\":\"https:\/\/narteks.net\/#\/schema\/logo\/image\/\",\"url\":\"https:\/\/narteks.net\/wp-content\/uploads\/narteks.png\",\"contentUrl\":\"https:\/\/narteks.net\/wp-content\/uploads\/narteks.png\",\"width\":300,\"height\":90,\"caption\":\"narteks.net\"},\"image\":{\"@id\":\"https:\/\/narteks.net\/#\/schema\/logo\/image\/\"},\"sameAs\":[\"https:\/\/x.com\/narteks\",\"https:\/\/instagram.com\/narteksnet\"]},{\"@type\":\"Person\",\"@id\":\"https:\/\/narteks.net\/#\/schema\/person\/61f37d9834294b72d31d274e7ed79bca\",\"name\":\"Tar\u0131k\",\"image\":{\"@type\":\"ImageObject\",\"inLanguage\":\"tr\",\"@id\":\"https:\/\/narteks.net\/#\/schema\/person\/image\/\",\"url\":\"https:\/\/secure.gravatar.com\/avatar\/50865afb55632c4ae467e0af0930f6510aa2297d8014be502a55b14f3b7550cf?s=96&d=mm&r=g\",\"contentUrl\":\"https:\/\/secure.gravatar.com\/avatar\/50865afb55632c4ae467e0af0930f6510aa2297d8014be502a55b14f3b7550cf?s=96&d=mm&r=g\",\"caption\":\"Tar\u0131k\"},\"sameAs\":[\"http:\/\/narteks.net\"],\"url\":\"https:\/\/narteks.net\/index.php\/author\/narbak\/\"}]}<\/script>\n<!-- \/ Yoast SEO Premium plugin. -->","yoast_head_json":{"title":"KIZILIRMAK KIYILARI - narteks.net","robots":{"index":"index","follow":"follow","max-snippet":"max-snippet:-1","max-image-preview":"max-image-preview:large","max-video-preview":"max-video-preview:-1"},"canonical":"https:\/\/narteks.net\/index.php\/2011\/02\/26\/kizilirmak-kiyilari\/","og_locale":"tr_TR","og_type":"article","og_title":"KIZILIRMAK KIYILARI","og_description":"\u00a0 Karda\u015f, senin dediklerin yok,Halay \u00e7ekilen toprak bu toprak de\u011fil.\u00c7\u0131k hele Anadoluya,Kamyonlarla gel, ka\u011fn\u0131larla gel gayr\u0131,O kadar uzak de\u011fil. \u00c7am\u0131 bitmi\u015f, kava\u011f\u0131 azalm\u0131\u015f,Gamla \u00f6rt\u00fcl\u00fc bay\u0131rlar, \u00e7\u0131plak de\u011fil.Yedi ay k\u0131\u015ftan sonra,Ye\u015feren senin ya\u015fam\u0131nd\u0131r,Yaprak de\u011fil. Yersin, i\u00e7ersin sofras\u0131ndan, \u00fc\u00e7 y\u00fcz senedir,Kuvvetlisin ama kuvvet hak de\u011fil.Bak\u0131ms\u0131zl\u0131klarla g\u00f6\u00e7\u00fcp gitmi\u015f bir cihan,Mevsimler so\u011fumus, sular azalm\u0131\u015f,Bu\u011fday, Sel\u00e7uklulardan kalan ba\u015fak de\u011fil. Par\u00e7a [&hellip;]","og_url":"https:\/\/narteks.net\/index.php\/2011\/02\/26\/kizilirmak-kiyilari\/","og_site_name":"narteks.net","article_published_time":"2011-02-26T19:44:24+00:00","og_image":[{"width":300,"height":90,"url":"https:\/\/narteks.net\/wp-content\/uploads\/narteks.png","type":"image\/png"}],"author":"Tar\u0131k","twitter_card":"summary_large_image","twitter_creator":"@narteks","twitter_site":"@narteks","twitter_misc":{"Yazan:":"Tar\u0131k","Tahmini okuma s\u00fcresi":"1 dakika"},"schema":{"@context":"https:\/\/schema.org","@graph":[{"@type":"Article","@id":"https:\/\/narteks.net\/index.php\/2011\/02\/26\/kizilirmak-kiyilari\/#article","isPartOf":{"@id":"https:\/\/narteks.net\/index.php\/2011\/02\/26\/kizilirmak-kiyilari\/"},"author":{"name":"Tar\u0131k","@id":"https:\/\/narteks.net\/#\/schema\/person\/61f37d9834294b72d31d274e7ed79bca"},"headline":"KIZILIRMAK KIYILARI","datePublished":"2011-02-26T19:44:24+00:00","mainEntityOfPage":{"@id":"https:\/\/narteks.net\/index.php\/2011\/02\/26\/kizilirmak-kiyilari\/"},"wordCount":228,"commentCount":0,"publisher":{"@id":"https:\/\/narteks.net\/#organization"},"articleSection":["Faz\u0131l H\u00fcsn\u00fc DA\u011eLARCA"],"inLanguage":"tr","potentialAction":[{"@type":"CommentAction","name":"Comment","target":["https:\/\/narteks.net\/index.php\/2011\/02\/26\/kizilirmak-kiyilari\/#respond"]}]},{"@type":"WebPage","@id":"https:\/\/narteks.net\/index.php\/2011\/02\/26\/kizilirmak-kiyilari\/","url":"https:\/\/narteks.net\/index.php\/2011\/02\/26\/kizilirmak-kiyilari\/","name":"KIZILIRMAK KIYILARI - narteks.net","isPartOf":{"@id":"https:\/\/narteks.net\/#website"},"datePublished":"2011-02-26T19:44:24+00:00","breadcrumb":{"@id":"https:\/\/narteks.net\/index.php\/2011\/02\/26\/kizilirmak-kiyilari\/#breadcrumb"},"inLanguage":"tr","potentialAction":[{"@type":"ReadAction","target":["https:\/\/narteks.net\/index.php\/2011\/02\/26\/kizilirmak-kiyilari\/"]}]},{"@type":"BreadcrumbList","@id":"https:\/\/narteks.net\/index.php\/2011\/02\/26\/kizilirmak-kiyilari\/#breadcrumb","itemListElement":[{"@type":"ListItem","position":1,"name":"Anasayfa","item":"https:\/\/narteks.net\/"},{"@type":"ListItem","position":2,"name":"KIZILIRMAK KIYILARI"}]},{"@type":"WebSite","@id":"https:\/\/narteks.net\/#website","url":"https:\/\/narteks.net\/","name":"narteks.net","description":"K\u00fclt\u00fcr Sanat Edebiyat Felsefe","publisher":{"@id":"https:\/\/narteks.net\/#organization"},"alternateName":"K\u00fclt\u00fcr Sanat Edebiyat Felsefe","potentialAction":[{"@type":"SearchAction","target":{"@type":"EntryPoint","urlTemplate":"https:\/\/narteks.net\/?s={search_term_string}"},"query-input":{"@type":"PropertyValueSpecification","valueRequired":true,"valueName":"search_term_string"}}],"inLanguage":"tr"},{"@type":"Organization","@id":"https:\/\/narteks.net\/#organization","name":"narteks.net","url":"https:\/\/narteks.net\/","logo":{"@type":"ImageObject","inLanguage":"tr","@id":"https:\/\/narteks.net\/#\/schema\/logo\/image\/","url":"https:\/\/narteks.net\/wp-content\/uploads\/narteks.png","contentUrl":"https:\/\/narteks.net\/wp-content\/uploads\/narteks.png","width":300,"height":90,"caption":"narteks.net"},"image":{"@id":"https:\/\/narteks.net\/#\/schema\/logo\/image\/"},"sameAs":["https:\/\/x.com\/narteks","https:\/\/instagram.com\/narteksnet"]},{"@type":"Person","@id":"https:\/\/narteks.net\/#\/schema\/person\/61f37d9834294b72d31d274e7ed79bca","name":"Tar\u0131k","image":{"@type":"ImageObject","inLanguage":"tr","@id":"https:\/\/narteks.net\/#\/schema\/person\/image\/","url":"https:\/\/secure.gravatar.com\/avatar\/50865afb55632c4ae467e0af0930f6510aa2297d8014be502a55b14f3b7550cf?s=96&d=mm&r=g","contentUrl":"https:\/\/secure.gravatar.com\/avatar\/50865afb55632c4ae467e0af0930f6510aa2297d8014be502a55b14f3b7550cf?s=96&d=mm&r=g","caption":"Tar\u0131k"},"sameAs":["http:\/\/narteks.net"],"url":"https:\/\/narteks.net\/index.php\/author\/narbak\/"}]}},"_links":{"self":[{"href":"https:\/\/narteks.net\/index.php\/wp-json\/wp\/v2\/posts\/5276","targetHints":{"allow":["GET"]}}],"collection":[{"href":"https:\/\/narteks.net\/index.php\/wp-json\/wp\/v2\/posts"}],"about":[{"href":"https:\/\/narteks.net\/index.php\/wp-json\/wp\/v2\/types\/post"}],"author":[{"embeddable":true,"href":"https:\/\/narteks.net\/index.php\/wp-json\/wp\/v2\/users\/1"}],"replies":[{"embeddable":true,"href":"https:\/\/narteks.net\/index.php\/wp-json\/wp\/v2\/comments?post=5276"}],"version-history":[{"count":0,"href":"https:\/\/narteks.net\/index.php\/wp-json\/wp\/v2\/posts\/5276\/revisions"}],"wp:attachment":[{"href":"https:\/\/narteks.net\/index.php\/wp-json\/wp\/v2\/media?parent=5276"}],"wp:term":[{"taxonomy":"category","embeddable":true,"href":"https:\/\/narteks.net\/index.php\/wp-json\/wp\/v2\/categories?post=5276"},{"taxonomy":"post_tag","embeddable":true,"href":"https:\/\/narteks.net\/index.php\/wp-json\/wp\/v2\/tags?post=5276"}],"curies":[{"name":"wp","href":"https:\/\/api.w.org\/{rel}","templated":true}]}}