{"id":5282,"date":"2011-02-26T22:48:35","date_gmt":"2011-02-26T19:48:35","guid":{"rendered":"http:\/\/localhost\/wordpress\/2011\/02\/26\/zaman-pariltisi\/"},"modified":"2011-02-26T22:48:35","modified_gmt":"2011-02-26T19:48:35","slug":"zaman-pariltisi","status":"publish","type":"post","link":"https:\/\/narteks.net\/index.php\/2011\/02\/26\/zaman-pariltisi\/","title":{"rendered":"ZAMAN PARILTISI"},"content":{"rendered":"<p>\u00a0<\/p>\n<p>Karanl\u0131klarda, g\u00fcnd\u00fczlerin arkas\u0131nday\u0131m,<br \/>Bitmi\u015f ikinci d\u00fcnya sava\u015f\u0131, u\u011fursuz ve kahraman,<br \/>Uzakta esir uluslar t\u00fcrk\u00fc s\u00f6yler,<br \/>T\u00fcrkl\u00fcg\u00fcm\u00fcn fark\u0131ndayim.<\/p>\n<p>Bir soluk gelmekte kar\u015f\u0131 gezegenlerden,<br \/>Vakt i\u00e7inden inmektedir g\u00f6lgeler.<br \/>Toprak \u00fczerinde, atmosferler \u00fczerinde<br \/>So\u011fuyan gecemin fark\u0131ndayim.<\/p>\n<p>Bi\u00e7imler, evlere, e\u015fyalara rahat\u00e7a s\u0131\u011fm\u0131\u015f,<br \/>Var olmu\u015f var olmayan.<br \/>Bi\u00e7imler sonsuzlu\u011fa yakla\u015fm\u0131\u015f,<br \/>Akl\u0131m\u0131n fark\u0131ndayim.<\/p>\n<p>Ne a\u011fa\u00e7lar uzanm\u0131\u015f mevsimlerimce<br \/>Ne y\u0131ld\u0131zlar ger\u00e7ek, ayd\u0131nl\u0131\u011f\u0131m kadar.<br \/>A\u015fkla k\u0131m\u0131ldayan k\u00fc\u00e7\u00fcc\u00fck \u0131\u015f\u0131klar u\u00e7usur i\u00e7imde y\u00f6n y\u00f6n,<br \/>Ya\u015fad\u0131\u011f\u0131m\u0131n fark\u0131nday\u0131m.<\/p>\n<p>Faz\u0131l H\u00fcsn\u00fc DA\u011eLARCA<\/p>\n","protected":false},"excerpt":{"rendered":"<p>\u00a0 Karanl\u0131klarda, g\u00fcnd\u00fczlerin arkas\u0131nday\u0131m,Bitmi\u015f ikinci d\u00fcnya sava\u015f\u0131, u\u011fursuz ve kahraman,Uzakta esir uluslar t\u00fcrk\u00fc s\u00f6yler,T\u00fcrkl\u00fcg\u00fcm\u00fcn fark\u0131ndayim. Bir soluk gelmekte kar\u015f\u0131 gezegenlerden,Vakt i\u00e7inden inmektedir g\u00f6lgeler.Toprak \u00fczerinde, atmosferler \u00fczerindeSo\u011fuyan gecemin fark\u0131ndayim. Bi\u00e7imler, evlere, e\u015fyalara rahat\u00e7a s\u0131\u011fm\u0131\u015f,Var olmu\u015f var olmayan.Bi\u00e7imler sonsuzlu\u011fa yakla\u015fm\u0131\u015f,Akl\u0131m\u0131n fark\u0131ndayim. Ne a\u011fa\u00e7lar uzanm\u0131\u015f mevsimlerimceNe y\u0131ld\u0131zlar ger\u00e7ek, ayd\u0131nl\u0131\u011f\u0131m kadar.A\u015fkla k\u0131m\u0131ldayan k\u00fc\u00e7\u00fcc\u00fck \u0131\u015f\u0131klar u\u00e7usur i\u00e7imde y\u00f6n y\u00f6n,Ya\u015fad\u0131\u011f\u0131m\u0131n fark\u0131nday\u0131m. [&hellip;]<\/p>\n","protected":false},"author":1,"featured_media":0,"comment_status":"open","ping_status":"open","sticky":false,"template":"","format":"standard","meta":{"footnotes":""},"categories":[166],"tags":[],"class_list":{"0":"post-5282","1":"post","2":"type-post","3":"status-publish","4":"format-standard","6":"category-fazil-husnu-daglarca"},"yoast_head":"<!-- This site is optimized with the Yoast SEO Premium plugin v24.9 (Yoast SEO v24.9) - https:\/\/yoast.com\/wordpress\/plugins\/seo\/ -->\n<title>ZAMAN PARILTISI - narteks.net<\/title>\n<meta name=\"robots\" content=\"index, follow, max-snippet:-1, max-image-preview:large, max-video-preview:-1\" \/>\n<link rel=\"canonical\" href=\"https:\/\/narteks.net\/index.php\/2011\/02\/26\/zaman-pariltisi\/\" \/>\n<meta property=\"og:locale\" content=\"tr_TR\" \/>\n<meta property=\"og:type\" content=\"article\" \/>\n<meta property=\"og:title\" content=\"ZAMAN PARILTISI\" \/>\n<meta property=\"og:description\" content=\"\u00a0 Karanl\u0131klarda, g\u00fcnd\u00fczlerin arkas\u0131nday\u0131m,Bitmi\u015f ikinci d\u00fcnya sava\u015f\u0131, u\u011fursuz ve kahraman,Uzakta esir uluslar t\u00fcrk\u00fc s\u00f6yler,T\u00fcrkl\u00fcg\u00fcm\u00fcn fark\u0131ndayim. Bir soluk gelmekte kar\u015f\u0131 gezegenlerden,Vakt i\u00e7inden inmektedir g\u00f6lgeler.Toprak \u00fczerinde, atmosferler \u00fczerindeSo\u011fuyan gecemin fark\u0131ndayim. Bi\u00e7imler, evlere, e\u015fyalara rahat\u00e7a s\u0131\u011fm\u0131\u015f,Var olmu\u015f var olmayan.Bi\u00e7imler sonsuzlu\u011fa yakla\u015fm\u0131\u015f,Akl\u0131m\u0131n fark\u0131ndayim. Ne a\u011fa\u00e7lar uzanm\u0131\u015f mevsimlerimceNe y\u0131ld\u0131zlar ger\u00e7ek, ayd\u0131nl\u0131\u011f\u0131m kadar.A\u015fkla k\u0131m\u0131ldayan k\u00fc\u00e7\u00fcc\u00fck \u0131\u015f\u0131klar u\u00e7usur i\u00e7imde y\u00f6n y\u00f6n,Ya\u015fad\u0131\u011f\u0131m\u0131n fark\u0131nday\u0131m. [&hellip;]\" \/>\n<meta property=\"og:url\" content=\"https:\/\/narteks.net\/index.php\/2011\/02\/26\/zaman-pariltisi\/\" \/>\n<meta property=\"og:site_name\" content=\"narteks.net\" \/>\n<meta property=\"article:published_time\" content=\"2011-02-26T19:48:35+00:00\" \/>\n<meta property=\"og:image\" content=\"https:\/\/narteks.net\/wp-content\/uploads\/narteks.png\" \/>\n\t<meta property=\"og:image:width\" content=\"300\" \/>\n\t<meta property=\"og:image:height\" content=\"90\" \/>\n\t<meta property=\"og:image:type\" content=\"image\/png\" \/>\n<meta name=\"author\" content=\"Tar\u0131k\" \/>\n<meta name=\"twitter:card\" content=\"summary_large_image\" \/>\n<meta name=\"twitter:creator\" content=\"@narteks\" \/>\n<meta name=\"twitter:site\" content=\"@narteks\" \/>\n<meta name=\"twitter:label1\" content=\"Yazan:\" \/>\n\t<meta name=\"twitter:data1\" content=\"Tar\u0131k\" \/>\n\t<meta name=\"twitter:label2\" content=\"Tahmini okuma s\u00fcresi\" \/>\n\t<meta name=\"twitter:data2\" content=\"1 dakika\" \/>\n<script type=\"application\/ld+json\" class=\"yoast-schema-graph\">{\"@context\":\"https:\/\/schema.org\",\"@graph\":[{\"@type\":\"Article\",\"@id\":\"https:\/\/narteks.net\/index.php\/2011\/02\/26\/zaman-pariltisi\/#article\",\"isPartOf\":{\"@id\":\"https:\/\/narteks.net\/index.php\/2011\/02\/26\/zaman-pariltisi\/\"},\"author\":{\"name\":\"Tar\u0131k\",\"@id\":\"https:\/\/narteks.net\/#\/schema\/person\/61f37d9834294b72d31d274e7ed79bca\"},\"headline\":\"ZAMAN PARILTISI\",\"datePublished\":\"2011-02-26T19:48:35+00:00\",\"mainEntityOfPage\":{\"@id\":\"https:\/\/narteks.net\/index.php\/2011\/02\/26\/zaman-pariltisi\/\"},\"wordCount\":121,\"commentCount\":0,\"publisher\":{\"@id\":\"https:\/\/narteks.net\/#organization\"},\"articleSection\":[\"Faz\u0131l H\u00fcsn\u00fc DA\u011eLARCA\"],\"inLanguage\":\"tr\",\"potentialAction\":[{\"@type\":\"CommentAction\",\"name\":\"Comment\",\"target\":[\"https:\/\/narteks.net\/index.php\/2011\/02\/26\/zaman-pariltisi\/#respond\"]}]},{\"@type\":\"WebPage\",\"@id\":\"https:\/\/narteks.net\/index.php\/2011\/02\/26\/zaman-pariltisi\/\",\"url\":\"https:\/\/narteks.net\/index.php\/2011\/02\/26\/zaman-pariltisi\/\",\"name\":\"ZAMAN PARILTISI - narteks.net\",\"isPartOf\":{\"@id\":\"https:\/\/narteks.net\/#website\"},\"datePublished\":\"2011-02-26T19:48:35+00:00\",\"breadcrumb\":{\"@id\":\"https:\/\/narteks.net\/index.php\/2011\/02\/26\/zaman-pariltisi\/#breadcrumb\"},\"inLanguage\":\"tr\",\"potentialAction\":[{\"@type\":\"ReadAction\",\"target\":[\"https:\/\/narteks.net\/index.php\/2011\/02\/26\/zaman-pariltisi\/\"]}]},{\"@type\":\"BreadcrumbList\",\"@id\":\"https:\/\/narteks.net\/index.php\/2011\/02\/26\/zaman-pariltisi\/#breadcrumb\",\"itemListElement\":[{\"@type\":\"ListItem\",\"position\":1,\"name\":\"Anasayfa\",\"item\":\"https:\/\/narteks.net\/\"},{\"@type\":\"ListItem\",\"position\":2,\"name\":\"ZAMAN PARILTISI\"}]},{\"@type\":\"WebSite\",\"@id\":\"https:\/\/narteks.net\/#website\",\"url\":\"https:\/\/narteks.net\/\",\"name\":\"narteks.net\",\"description\":\"K\u00fclt\u00fcr Sanat Edebiyat Felsefe\",\"publisher\":{\"@id\":\"https:\/\/narteks.net\/#organization\"},\"alternateName\":\"K\u00fclt\u00fcr Sanat Edebiyat Felsefe\",\"potentialAction\":[{\"@type\":\"SearchAction\",\"target\":{\"@type\":\"EntryPoint\",\"urlTemplate\":\"https:\/\/narteks.net\/?s={search_term_string}\"},\"query-input\":{\"@type\":\"PropertyValueSpecification\",\"valueRequired\":true,\"valueName\":\"search_term_string\"}}],\"inLanguage\":\"tr\"},{\"@type\":\"Organization\",\"@id\":\"https:\/\/narteks.net\/#organization\",\"name\":\"narteks.net\",\"url\":\"https:\/\/narteks.net\/\",\"logo\":{\"@type\":\"ImageObject\",\"inLanguage\":\"tr\",\"@id\":\"https:\/\/narteks.net\/#\/schema\/logo\/image\/\",\"url\":\"https:\/\/narteks.net\/wp-content\/uploads\/narteks.png\",\"contentUrl\":\"https:\/\/narteks.net\/wp-content\/uploads\/narteks.png\",\"width\":300,\"height\":90,\"caption\":\"narteks.net\"},\"image\":{\"@id\":\"https:\/\/narteks.net\/#\/schema\/logo\/image\/\"},\"sameAs\":[\"https:\/\/x.com\/narteks\",\"https:\/\/instagram.com\/narteksnet\"]},{\"@type\":\"Person\",\"@id\":\"https:\/\/narteks.net\/#\/schema\/person\/61f37d9834294b72d31d274e7ed79bca\",\"name\":\"Tar\u0131k\",\"image\":{\"@type\":\"ImageObject\",\"inLanguage\":\"tr\",\"@id\":\"https:\/\/narteks.net\/#\/schema\/person\/image\/\",\"url\":\"https:\/\/secure.gravatar.com\/avatar\/50865afb55632c4ae467e0af0930f6510aa2297d8014be502a55b14f3b7550cf?s=96&d=mm&r=g\",\"contentUrl\":\"https:\/\/secure.gravatar.com\/avatar\/50865afb55632c4ae467e0af0930f6510aa2297d8014be502a55b14f3b7550cf?s=96&d=mm&r=g\",\"caption\":\"Tar\u0131k\"},\"sameAs\":[\"http:\/\/narteks.net\"],\"url\":\"https:\/\/narteks.net\/index.php\/author\/narbak\/\"}]}<\/script>\n<!-- \/ Yoast SEO Premium plugin. -->","yoast_head_json":{"title":"ZAMAN PARILTISI - narteks.net","robots":{"index":"index","follow":"follow","max-snippet":"max-snippet:-1","max-image-preview":"max-image-preview:large","max-video-preview":"max-video-preview:-1"},"canonical":"https:\/\/narteks.net\/index.php\/2011\/02\/26\/zaman-pariltisi\/","og_locale":"tr_TR","og_type":"article","og_title":"ZAMAN PARILTISI","og_description":"\u00a0 Karanl\u0131klarda, g\u00fcnd\u00fczlerin arkas\u0131nday\u0131m,Bitmi\u015f ikinci d\u00fcnya sava\u015f\u0131, u\u011fursuz ve kahraman,Uzakta esir uluslar t\u00fcrk\u00fc s\u00f6yler,T\u00fcrkl\u00fcg\u00fcm\u00fcn fark\u0131ndayim. Bir soluk gelmekte kar\u015f\u0131 gezegenlerden,Vakt i\u00e7inden inmektedir g\u00f6lgeler.Toprak \u00fczerinde, atmosferler \u00fczerindeSo\u011fuyan gecemin fark\u0131ndayim. Bi\u00e7imler, evlere, e\u015fyalara rahat\u00e7a s\u0131\u011fm\u0131\u015f,Var olmu\u015f var olmayan.Bi\u00e7imler sonsuzlu\u011fa yakla\u015fm\u0131\u015f,Akl\u0131m\u0131n fark\u0131ndayim. Ne a\u011fa\u00e7lar uzanm\u0131\u015f mevsimlerimceNe y\u0131ld\u0131zlar ger\u00e7ek, ayd\u0131nl\u0131\u011f\u0131m kadar.A\u015fkla k\u0131m\u0131ldayan k\u00fc\u00e7\u00fcc\u00fck \u0131\u015f\u0131klar u\u00e7usur i\u00e7imde y\u00f6n y\u00f6n,Ya\u015fad\u0131\u011f\u0131m\u0131n fark\u0131nday\u0131m. [&hellip;]","og_url":"https:\/\/narteks.net\/index.php\/2011\/02\/26\/zaman-pariltisi\/","og_site_name":"narteks.net","article_published_time":"2011-02-26T19:48:35+00:00","og_image":[{"width":300,"height":90,"url":"https:\/\/narteks.net\/wp-content\/uploads\/narteks.png","type":"image\/png"}],"author":"Tar\u0131k","twitter_card":"summary_large_image","twitter_creator":"@narteks","twitter_site":"@narteks","twitter_misc":{"Yazan:":"Tar\u0131k","Tahmini okuma s\u00fcresi":"1 dakika"},"schema":{"@context":"https:\/\/schema.org","@graph":[{"@type":"Article","@id":"https:\/\/narteks.net\/index.php\/2011\/02\/26\/zaman-pariltisi\/#article","isPartOf":{"@id":"https:\/\/narteks.net\/index.php\/2011\/02\/26\/zaman-pariltisi\/"},"author":{"name":"Tar\u0131k","@id":"https:\/\/narteks.net\/#\/schema\/person\/61f37d9834294b72d31d274e7ed79bca"},"headline":"ZAMAN PARILTISI","datePublished":"2011-02-26T19:48:35+00:00","mainEntityOfPage":{"@id":"https:\/\/narteks.net\/index.php\/2011\/02\/26\/zaman-pariltisi\/"},"wordCount":121,"commentCount":0,"publisher":{"@id":"https:\/\/narteks.net\/#organization"},"articleSection":["Faz\u0131l H\u00fcsn\u00fc DA\u011eLARCA"],"inLanguage":"tr","potentialAction":[{"@type":"CommentAction","name":"Comment","target":["https:\/\/narteks.net\/index.php\/2011\/02\/26\/zaman-pariltisi\/#respond"]}]},{"@type":"WebPage","@id":"https:\/\/narteks.net\/index.php\/2011\/02\/26\/zaman-pariltisi\/","url":"https:\/\/narteks.net\/index.php\/2011\/02\/26\/zaman-pariltisi\/","name":"ZAMAN PARILTISI - narteks.net","isPartOf":{"@id":"https:\/\/narteks.net\/#website"},"datePublished":"2011-02-26T19:48:35+00:00","breadcrumb":{"@id":"https:\/\/narteks.net\/index.php\/2011\/02\/26\/zaman-pariltisi\/#breadcrumb"},"inLanguage":"tr","potentialAction":[{"@type":"ReadAction","target":["https:\/\/narteks.net\/index.php\/2011\/02\/26\/zaman-pariltisi\/"]}]},{"@type":"BreadcrumbList","@id":"https:\/\/narteks.net\/index.php\/2011\/02\/26\/zaman-pariltisi\/#breadcrumb","itemListElement":[{"@type":"ListItem","position":1,"name":"Anasayfa","item":"https:\/\/narteks.net\/"},{"@type":"ListItem","position":2,"name":"ZAMAN PARILTISI"}]},{"@type":"WebSite","@id":"https:\/\/narteks.net\/#website","url":"https:\/\/narteks.net\/","name":"narteks.net","description":"K\u00fclt\u00fcr Sanat Edebiyat Felsefe","publisher":{"@id":"https:\/\/narteks.net\/#organization"},"alternateName":"K\u00fclt\u00fcr Sanat Edebiyat Felsefe","potentialAction":[{"@type":"SearchAction","target":{"@type":"EntryPoint","urlTemplate":"https:\/\/narteks.net\/?s={search_term_string}"},"query-input":{"@type":"PropertyValueSpecification","valueRequired":true,"valueName":"search_term_string"}}],"inLanguage":"tr"},{"@type":"Organization","@id":"https:\/\/narteks.net\/#organization","name":"narteks.net","url":"https:\/\/narteks.net\/","logo":{"@type":"ImageObject","inLanguage":"tr","@id":"https:\/\/narteks.net\/#\/schema\/logo\/image\/","url":"https:\/\/narteks.net\/wp-content\/uploads\/narteks.png","contentUrl":"https:\/\/narteks.net\/wp-content\/uploads\/narteks.png","width":300,"height":90,"caption":"narteks.net"},"image":{"@id":"https:\/\/narteks.net\/#\/schema\/logo\/image\/"},"sameAs":["https:\/\/x.com\/narteks","https:\/\/instagram.com\/narteksnet"]},{"@type":"Person","@id":"https:\/\/narteks.net\/#\/schema\/person\/61f37d9834294b72d31d274e7ed79bca","name":"Tar\u0131k","image":{"@type":"ImageObject","inLanguage":"tr","@id":"https:\/\/narteks.net\/#\/schema\/person\/image\/","url":"https:\/\/secure.gravatar.com\/avatar\/50865afb55632c4ae467e0af0930f6510aa2297d8014be502a55b14f3b7550cf?s=96&d=mm&r=g","contentUrl":"https:\/\/secure.gravatar.com\/avatar\/50865afb55632c4ae467e0af0930f6510aa2297d8014be502a55b14f3b7550cf?s=96&d=mm&r=g","caption":"Tar\u0131k"},"sameAs":["http:\/\/narteks.net"],"url":"https:\/\/narteks.net\/index.php\/author\/narbak\/"}]}},"_links":{"self":[{"href":"https:\/\/narteks.net\/index.php\/wp-json\/wp\/v2\/posts\/5282","targetHints":{"allow":["GET"]}}],"collection":[{"href":"https:\/\/narteks.net\/index.php\/wp-json\/wp\/v2\/posts"}],"about":[{"href":"https:\/\/narteks.net\/index.php\/wp-json\/wp\/v2\/types\/post"}],"author":[{"embeddable":true,"href":"https:\/\/narteks.net\/index.php\/wp-json\/wp\/v2\/users\/1"}],"replies":[{"embeddable":true,"href":"https:\/\/narteks.net\/index.php\/wp-json\/wp\/v2\/comments?post=5282"}],"version-history":[{"count":0,"href":"https:\/\/narteks.net\/index.php\/wp-json\/wp\/v2\/posts\/5282\/revisions"}],"wp:attachment":[{"href":"https:\/\/narteks.net\/index.php\/wp-json\/wp\/v2\/media?parent=5282"}],"wp:term":[{"taxonomy":"category","embeddable":true,"href":"https:\/\/narteks.net\/index.php\/wp-json\/wp\/v2\/categories?post=5282"},{"taxonomy":"post_tag","embeddable":true,"href":"https:\/\/narteks.net\/index.php\/wp-json\/wp\/v2\/tags?post=5282"}],"curies":[{"name":"wp","href":"https:\/\/api.w.org\/{rel}","templated":true}]}}