{"id":5284,"date":"2011-02-26T22:49:49","date_gmt":"2011-02-26T19:49:49","guid":{"rendered":"http:\/\/localhost\/wordpress\/2011\/02\/26\/donus\/"},"modified":"2011-02-26T22:49:49","modified_gmt":"2011-02-26T19:49:49","slug":"donus","status":"publish","type":"post","link":"https:\/\/narteks.net\/index.php\/2011\/02\/26\/donus\/","title":{"rendered":"D\u00d6N\u00dc\u015e"},"content":{"rendered":"<p>\u00a0<\/p>\n<p>Askerler d\u00f6n\u00fcyor ihtiyar askerler,<br \/>Sulhun mavi da\u011flar\u0131ndan.<br \/>Kalbimize ne kadar a\u015fina<br \/>Ad\u0131mlar\u0131nda kalan.<\/p>\n<p>T\u00fcrk\u00fcler d\u00f6n\u00fcyor nurdan t\u00fcrk\u00fcler<br \/>Ka\u011fni arabalar\u0131ndan s\u00f6ylenmi\u015fti.<br \/>Kar\u015f\u0131 bah\u00e7eler ki ayna m\u0131d\u0131r<br \/>Nasibi devreder \u015fimdi.<\/p>\n<p>Ku\u015flar d\u00f6n\u00fcyor sad\u0131k ku\u015flar,<br \/>Bahar i\u00e7in de\u011fil, sa\u00e7aklar\u0131m\u0131z i\u00e7in.<br \/>D\u00f6nen mesafesiyle var oluruz<br \/>Mevsimler arkas\u0131 g\u00fczelli\u011fin.<\/p>\n<p>Gemiler d\u00f6n\u00fcyor garip ve zengin.<br \/>Garip ve sonsuz sular \u00fczerinde.<br \/>Gemilerle beraber gelen \u015fey<br \/>Ayd\u0131nl\u0131klar gibi y\u00fczer, derinde.<\/p>\n<p>ve bunlar de\u011fil de ey gecem,<br \/>Sen d\u00f6n\u00fcyorsun ellerime, sen.<br \/>A\u015fka ve hayata d\u00f6n\u00fcyorum<br \/>Topra\u011f\u0131n b\u00fct\u00fcn \u00f6l\u00fclerinden<\/p>\n<p>Faz\u0131l H\u00fcsn\u00fc DA\u011eLARCA<\/p>\n","protected":false},"excerpt":{"rendered":"<p>\u00a0 Askerler d\u00f6n\u00fcyor ihtiyar askerler,Sulhun mavi da\u011flar\u0131ndan.Kalbimize ne kadar a\u015finaAd\u0131mlar\u0131nda kalan. T\u00fcrk\u00fcler d\u00f6n\u00fcyor nurdan t\u00fcrk\u00fclerKa\u011fni arabalar\u0131ndan s\u00f6ylenmi\u015fti.Kar\u015f\u0131 bah\u00e7eler ki ayna m\u0131d\u0131rNasibi devreder \u015fimdi. Ku\u015flar d\u00f6n\u00fcyor sad\u0131k ku\u015flar,Bahar i\u00e7in de\u011fil, sa\u00e7aklar\u0131m\u0131z i\u00e7in.D\u00f6nen mesafesiyle var oluruzMevsimler arkas\u0131 g\u00fczelli\u011fin. Gemiler d\u00f6n\u00fcyor garip ve zengin.Garip ve sonsuz sular \u00fczerinde.Gemilerle beraber gelen \u015feyAyd\u0131nl\u0131klar gibi y\u00fczer, derinde. ve bunlar de\u011fil de [&hellip;]<\/p>\n","protected":false},"author":1,"featured_media":0,"comment_status":"open","ping_status":"open","sticky":false,"template":"","format":"standard","meta":{"footnotes":""},"categories":[166],"tags":[],"class_list":{"0":"post-5284","1":"post","2":"type-post","3":"status-publish","4":"format-standard","6":"category-fazil-husnu-daglarca"},"yoast_head":"<!-- This site is optimized with the Yoast SEO Premium plugin v24.9 (Yoast SEO v24.9) - https:\/\/yoast.com\/wordpress\/plugins\/seo\/ -->\n<title>D\u00d6N\u00dc\u015e - narteks.net<\/title>\n<meta name=\"robots\" content=\"index, follow, max-snippet:-1, max-image-preview:large, max-video-preview:-1\" \/>\n<link rel=\"canonical\" href=\"https:\/\/narteks.net\/index.php\/2011\/02\/26\/donus\/\" \/>\n<meta property=\"og:locale\" content=\"tr_TR\" \/>\n<meta property=\"og:type\" content=\"article\" \/>\n<meta property=\"og:title\" content=\"D\u00d6N\u00dc\u015e\" \/>\n<meta property=\"og:description\" content=\"\u00a0 Askerler d\u00f6n\u00fcyor ihtiyar askerler,Sulhun mavi da\u011flar\u0131ndan.Kalbimize ne kadar a\u015finaAd\u0131mlar\u0131nda kalan. T\u00fcrk\u00fcler d\u00f6n\u00fcyor nurdan t\u00fcrk\u00fclerKa\u011fni arabalar\u0131ndan s\u00f6ylenmi\u015fti.Kar\u015f\u0131 bah\u00e7eler ki ayna m\u0131d\u0131rNasibi devreder \u015fimdi. Ku\u015flar d\u00f6n\u00fcyor sad\u0131k ku\u015flar,Bahar i\u00e7in de\u011fil, sa\u00e7aklar\u0131m\u0131z i\u00e7in.D\u00f6nen mesafesiyle var oluruzMevsimler arkas\u0131 g\u00fczelli\u011fin. Gemiler d\u00f6n\u00fcyor garip ve zengin.Garip ve sonsuz sular \u00fczerinde.Gemilerle beraber gelen \u015feyAyd\u0131nl\u0131klar gibi y\u00fczer, derinde. ve bunlar de\u011fil de [&hellip;]\" \/>\n<meta property=\"og:url\" content=\"https:\/\/narteks.net\/index.php\/2011\/02\/26\/donus\/\" \/>\n<meta property=\"og:site_name\" content=\"narteks.net\" \/>\n<meta property=\"article:published_time\" content=\"2011-02-26T19:49:49+00:00\" \/>\n<meta property=\"og:image\" content=\"https:\/\/narteks.net\/wp-content\/uploads\/narteks.png\" \/>\n\t<meta property=\"og:image:width\" content=\"300\" \/>\n\t<meta property=\"og:image:height\" content=\"90\" \/>\n\t<meta property=\"og:image:type\" content=\"image\/png\" \/>\n<meta name=\"author\" content=\"Tar\u0131k\" \/>\n<meta name=\"twitter:card\" content=\"summary_large_image\" \/>\n<meta name=\"twitter:creator\" content=\"@narteks\" \/>\n<meta name=\"twitter:site\" content=\"@narteks\" \/>\n<meta name=\"twitter:label1\" content=\"Yazan:\" \/>\n\t<meta name=\"twitter:data1\" content=\"Tar\u0131k\" \/>\n\t<meta name=\"twitter:label2\" content=\"Tahmini okuma s\u00fcresi\" \/>\n\t<meta name=\"twitter:data2\" content=\"1 dakika\" \/>\n<script type=\"application\/ld+json\" class=\"yoast-schema-graph\">{\"@context\":\"https:\/\/schema.org\",\"@graph\":[{\"@type\":\"Article\",\"@id\":\"https:\/\/narteks.net\/index.php\/2011\/02\/26\/donus\/#article\",\"isPartOf\":{\"@id\":\"https:\/\/narteks.net\/index.php\/2011\/02\/26\/donus\/\"},\"author\":{\"name\":\"Tar\u0131k\",\"@id\":\"https:\/\/narteks.net\/#\/schema\/person\/61f37d9834294b72d31d274e7ed79bca\"},\"headline\":\"D\u00d6N\u00dc\u015e\",\"datePublished\":\"2011-02-26T19:49:49+00:00\",\"mainEntityOfPage\":{\"@id\":\"https:\/\/narteks.net\/index.php\/2011\/02\/26\/donus\/\"},\"wordCount\":130,\"commentCount\":0,\"publisher\":{\"@id\":\"https:\/\/narteks.net\/#organization\"},\"articleSection\":[\"Faz\u0131l H\u00fcsn\u00fc DA\u011eLARCA\"],\"inLanguage\":\"tr\",\"potentialAction\":[{\"@type\":\"CommentAction\",\"name\":\"Comment\",\"target\":[\"https:\/\/narteks.net\/index.php\/2011\/02\/26\/donus\/#respond\"]}]},{\"@type\":\"WebPage\",\"@id\":\"https:\/\/narteks.net\/index.php\/2011\/02\/26\/donus\/\",\"url\":\"https:\/\/narteks.net\/index.php\/2011\/02\/26\/donus\/\",\"name\":\"D\u00d6N\u00dc\u015e - narteks.net\",\"isPartOf\":{\"@id\":\"https:\/\/narteks.net\/#website\"},\"datePublished\":\"2011-02-26T19:49:49+00:00\",\"breadcrumb\":{\"@id\":\"https:\/\/narteks.net\/index.php\/2011\/02\/26\/donus\/#breadcrumb\"},\"inLanguage\":\"tr\",\"potentialAction\":[{\"@type\":\"ReadAction\",\"target\":[\"https:\/\/narteks.net\/index.php\/2011\/02\/26\/donus\/\"]}]},{\"@type\":\"BreadcrumbList\",\"@id\":\"https:\/\/narteks.net\/index.php\/2011\/02\/26\/donus\/#breadcrumb\",\"itemListElement\":[{\"@type\":\"ListItem\",\"position\":1,\"name\":\"Anasayfa\",\"item\":\"https:\/\/narteks.net\/\"},{\"@type\":\"ListItem\",\"position\":2,\"name\":\"D\u00d6N\u00dc\u015e\"}]},{\"@type\":\"WebSite\",\"@id\":\"https:\/\/narteks.net\/#website\",\"url\":\"https:\/\/narteks.net\/\",\"name\":\"narteks.net\",\"description\":\"K\u00fclt\u00fcr Sanat Edebiyat Felsefe\",\"publisher\":{\"@id\":\"https:\/\/narteks.net\/#organization\"},\"alternateName\":\"K\u00fclt\u00fcr Sanat Edebiyat Felsefe\",\"potentialAction\":[{\"@type\":\"SearchAction\",\"target\":{\"@type\":\"EntryPoint\",\"urlTemplate\":\"https:\/\/narteks.net\/?s={search_term_string}\"},\"query-input\":{\"@type\":\"PropertyValueSpecification\",\"valueRequired\":true,\"valueName\":\"search_term_string\"}}],\"inLanguage\":\"tr\"},{\"@type\":\"Organization\",\"@id\":\"https:\/\/narteks.net\/#organization\",\"name\":\"narteks.net\",\"url\":\"https:\/\/narteks.net\/\",\"logo\":{\"@type\":\"ImageObject\",\"inLanguage\":\"tr\",\"@id\":\"https:\/\/narteks.net\/#\/schema\/logo\/image\/\",\"url\":\"https:\/\/narteks.net\/wp-content\/uploads\/narteks.png\",\"contentUrl\":\"https:\/\/narteks.net\/wp-content\/uploads\/narteks.png\",\"width\":300,\"height\":90,\"caption\":\"narteks.net\"},\"image\":{\"@id\":\"https:\/\/narteks.net\/#\/schema\/logo\/image\/\"},\"sameAs\":[\"https:\/\/x.com\/narteks\",\"https:\/\/instagram.com\/narteksnet\"]},{\"@type\":\"Person\",\"@id\":\"https:\/\/narteks.net\/#\/schema\/person\/61f37d9834294b72d31d274e7ed79bca\",\"name\":\"Tar\u0131k\",\"image\":{\"@type\":\"ImageObject\",\"inLanguage\":\"tr\",\"@id\":\"https:\/\/narteks.net\/#\/schema\/person\/image\/\",\"url\":\"https:\/\/secure.gravatar.com\/avatar\/50865afb55632c4ae467e0af0930f6510aa2297d8014be502a55b14f3b7550cf?s=96&d=mm&r=g\",\"contentUrl\":\"https:\/\/secure.gravatar.com\/avatar\/50865afb55632c4ae467e0af0930f6510aa2297d8014be502a55b14f3b7550cf?s=96&d=mm&r=g\",\"caption\":\"Tar\u0131k\"},\"sameAs\":[\"http:\/\/narteks.net\"],\"url\":\"https:\/\/narteks.net\/index.php\/author\/narbak\/\"}]}<\/script>\n<!-- \/ Yoast SEO Premium plugin. -->","yoast_head_json":{"title":"D\u00d6N\u00dc\u015e - narteks.net","robots":{"index":"index","follow":"follow","max-snippet":"max-snippet:-1","max-image-preview":"max-image-preview:large","max-video-preview":"max-video-preview:-1"},"canonical":"https:\/\/narteks.net\/index.php\/2011\/02\/26\/donus\/","og_locale":"tr_TR","og_type":"article","og_title":"D\u00d6N\u00dc\u015e","og_description":"\u00a0 Askerler d\u00f6n\u00fcyor ihtiyar askerler,Sulhun mavi da\u011flar\u0131ndan.Kalbimize ne kadar a\u015finaAd\u0131mlar\u0131nda kalan. T\u00fcrk\u00fcler d\u00f6n\u00fcyor nurdan t\u00fcrk\u00fclerKa\u011fni arabalar\u0131ndan s\u00f6ylenmi\u015fti.Kar\u015f\u0131 bah\u00e7eler ki ayna m\u0131d\u0131rNasibi devreder \u015fimdi. Ku\u015flar d\u00f6n\u00fcyor sad\u0131k ku\u015flar,Bahar i\u00e7in de\u011fil, sa\u00e7aklar\u0131m\u0131z i\u00e7in.D\u00f6nen mesafesiyle var oluruzMevsimler arkas\u0131 g\u00fczelli\u011fin. Gemiler d\u00f6n\u00fcyor garip ve zengin.Garip ve sonsuz sular \u00fczerinde.Gemilerle beraber gelen \u015feyAyd\u0131nl\u0131klar gibi y\u00fczer, derinde. ve bunlar de\u011fil de [&hellip;]","og_url":"https:\/\/narteks.net\/index.php\/2011\/02\/26\/donus\/","og_site_name":"narteks.net","article_published_time":"2011-02-26T19:49:49+00:00","og_image":[{"width":300,"height":90,"url":"https:\/\/narteks.net\/wp-content\/uploads\/narteks.png","type":"image\/png"}],"author":"Tar\u0131k","twitter_card":"summary_large_image","twitter_creator":"@narteks","twitter_site":"@narteks","twitter_misc":{"Yazan:":"Tar\u0131k","Tahmini okuma s\u00fcresi":"1 dakika"},"schema":{"@context":"https:\/\/schema.org","@graph":[{"@type":"Article","@id":"https:\/\/narteks.net\/index.php\/2011\/02\/26\/donus\/#article","isPartOf":{"@id":"https:\/\/narteks.net\/index.php\/2011\/02\/26\/donus\/"},"author":{"name":"Tar\u0131k","@id":"https:\/\/narteks.net\/#\/schema\/person\/61f37d9834294b72d31d274e7ed79bca"},"headline":"D\u00d6N\u00dc\u015e","datePublished":"2011-02-26T19:49:49+00:00","mainEntityOfPage":{"@id":"https:\/\/narteks.net\/index.php\/2011\/02\/26\/donus\/"},"wordCount":130,"commentCount":0,"publisher":{"@id":"https:\/\/narteks.net\/#organization"},"articleSection":["Faz\u0131l H\u00fcsn\u00fc DA\u011eLARCA"],"inLanguage":"tr","potentialAction":[{"@type":"CommentAction","name":"Comment","target":["https:\/\/narteks.net\/index.php\/2011\/02\/26\/donus\/#respond"]}]},{"@type":"WebPage","@id":"https:\/\/narteks.net\/index.php\/2011\/02\/26\/donus\/","url":"https:\/\/narteks.net\/index.php\/2011\/02\/26\/donus\/","name":"D\u00d6N\u00dc\u015e - narteks.net","isPartOf":{"@id":"https:\/\/narteks.net\/#website"},"datePublished":"2011-02-26T19:49:49+00:00","breadcrumb":{"@id":"https:\/\/narteks.net\/index.php\/2011\/02\/26\/donus\/#breadcrumb"},"inLanguage":"tr","potentialAction":[{"@type":"ReadAction","target":["https:\/\/narteks.net\/index.php\/2011\/02\/26\/donus\/"]}]},{"@type":"BreadcrumbList","@id":"https:\/\/narteks.net\/index.php\/2011\/02\/26\/donus\/#breadcrumb","itemListElement":[{"@type":"ListItem","position":1,"name":"Anasayfa","item":"https:\/\/narteks.net\/"},{"@type":"ListItem","position":2,"name":"D\u00d6N\u00dc\u015e"}]},{"@type":"WebSite","@id":"https:\/\/narteks.net\/#website","url":"https:\/\/narteks.net\/","name":"narteks.net","description":"K\u00fclt\u00fcr Sanat Edebiyat Felsefe","publisher":{"@id":"https:\/\/narteks.net\/#organization"},"alternateName":"K\u00fclt\u00fcr Sanat Edebiyat Felsefe","potentialAction":[{"@type":"SearchAction","target":{"@type":"EntryPoint","urlTemplate":"https:\/\/narteks.net\/?s={search_term_string}"},"query-input":{"@type":"PropertyValueSpecification","valueRequired":true,"valueName":"search_term_string"}}],"inLanguage":"tr"},{"@type":"Organization","@id":"https:\/\/narteks.net\/#organization","name":"narteks.net","url":"https:\/\/narteks.net\/","logo":{"@type":"ImageObject","inLanguage":"tr","@id":"https:\/\/narteks.net\/#\/schema\/logo\/image\/","url":"https:\/\/narteks.net\/wp-content\/uploads\/narteks.png","contentUrl":"https:\/\/narteks.net\/wp-content\/uploads\/narteks.png","width":300,"height":90,"caption":"narteks.net"},"image":{"@id":"https:\/\/narteks.net\/#\/schema\/logo\/image\/"},"sameAs":["https:\/\/x.com\/narteks","https:\/\/instagram.com\/narteksnet"]},{"@type":"Person","@id":"https:\/\/narteks.net\/#\/schema\/person\/61f37d9834294b72d31d274e7ed79bca","name":"Tar\u0131k","image":{"@type":"ImageObject","inLanguage":"tr","@id":"https:\/\/narteks.net\/#\/schema\/person\/image\/","url":"https:\/\/secure.gravatar.com\/avatar\/50865afb55632c4ae467e0af0930f6510aa2297d8014be502a55b14f3b7550cf?s=96&d=mm&r=g","contentUrl":"https:\/\/secure.gravatar.com\/avatar\/50865afb55632c4ae467e0af0930f6510aa2297d8014be502a55b14f3b7550cf?s=96&d=mm&r=g","caption":"Tar\u0131k"},"sameAs":["http:\/\/narteks.net"],"url":"https:\/\/narteks.net\/index.php\/author\/narbak\/"}]}},"_links":{"self":[{"href":"https:\/\/narteks.net\/index.php\/wp-json\/wp\/v2\/posts\/5284","targetHints":{"allow":["GET"]}}],"collection":[{"href":"https:\/\/narteks.net\/index.php\/wp-json\/wp\/v2\/posts"}],"about":[{"href":"https:\/\/narteks.net\/index.php\/wp-json\/wp\/v2\/types\/post"}],"author":[{"embeddable":true,"href":"https:\/\/narteks.net\/index.php\/wp-json\/wp\/v2\/users\/1"}],"replies":[{"embeddable":true,"href":"https:\/\/narteks.net\/index.php\/wp-json\/wp\/v2\/comments?post=5284"}],"version-history":[{"count":0,"href":"https:\/\/narteks.net\/index.php\/wp-json\/wp\/v2\/posts\/5284\/revisions"}],"wp:attachment":[{"href":"https:\/\/narteks.net\/index.php\/wp-json\/wp\/v2\/media?parent=5284"}],"wp:term":[{"taxonomy":"category","embeddable":true,"href":"https:\/\/narteks.net\/index.php\/wp-json\/wp\/v2\/categories?post=5284"},{"taxonomy":"post_tag","embeddable":true,"href":"https:\/\/narteks.net\/index.php\/wp-json\/wp\/v2\/tags?post=5284"}],"curies":[{"name":"wp","href":"https:\/\/api.w.org\/{rel}","templated":true}]}}