{"id":5289,"date":"2011-02-26T22:53:20","date_gmt":"2011-02-26T19:53:20","guid":{"rendered":"http:\/\/localhost\/wordpress\/2011\/02\/26\/cezayir-turkusu\/"},"modified":"2011-02-26T22:53:20","modified_gmt":"2011-02-26T19:53:20","slug":"cezayir-turkusu","status":"publish","type":"post","link":"https:\/\/narteks.net\/index.php\/2011\/02\/26\/cezayir-turkusu\/","title":{"rendered":"CEZAY\u0130R T\u00dcRK\u00dcS\u00dc"},"content":{"rendered":"<p>\u00a0<\/p>\n<p>Ya Allah<br \/>Ya Allah derim ki<br \/>Titrerim<br \/>Kara sesimden<br \/>Ya Allah.<\/p>\n<p>Ya su<br \/>Akar da ayd\u0131nl\u0131\u011f\u0131n uzak an\u0131lar\u0131mdan<br \/>\u015e\u0131r\u0131ldar y\u00fcre\u011fimde \u00fcnl\u00fc korsanlar\u0131n dalgalar\u0131.<br \/>Y\u00fcce sultanlarin k\u0131l\u0131\u00e7lar\u0131 parlar y\u00fcz\u00fcmde<br \/>Ya su, anl\u0131yor musun?<\/p>\n<p>Buras\u0131 Cezayir, ya \u00e7\u00f6l,<br \/>Develerin binlerce y\u0131l ta\u015f\u0131d\u0131\u011f\u0131, atalardan,<br \/>Sevgi,<br \/>Us,<br \/>Ki\u015fili\u011fim ya \u00e7\u0131ng\u0131rak.<\/p>\n<p>Y\u0131ld\u0131zlar k\u00f6t\u00fc olacaklar\u0131n \u00fc\u00e7genlerinde<br \/>Yok etmi\u015f \u00fc\u00e7 y\u00f6n\u00fc.<br \/>Yedi y\u00f6n\u00fc var etmi\u015f mutsuz ki\u015filiginde y\u0131ld\u0131zlar,<br \/>Ama uyukluyorum i\u015fte<br \/>Ya d\u00f6nence, a\u011flamak dururken.<\/p>\n<p>Ya hurma, tad\u0131n yok gayri,<br \/>Nice saklasan yaln\u0131zl\u0131\u011f\u0131<br \/>Koyu ye\u015filli\u011fini b\u00fcy\u00fctsen nice,<br \/>Yitmi\u015f g\u00fczelli\u011fimiz<br \/>Ya hurma, elim aya\u011f\u0131m ac\u0131.<\/p>\n<p>Nas\u0131l hayk\u0131r\u0131yor \u00e7i\u011fnenmis kumlar, duyuyor musun?<br \/>Ya ana kalk<br \/>Ya kad\u0131n y\u00fcr\u00fc<br \/>Ya o\u011ful ko\u015f<br \/>Bir anlam\u0131n gereken kurtulu\u015funa.<\/p>\n<p>Kurt iskeletlerince \u00e7irkindirler \u015fimdi,<br \/>\u00d6l\u00fclerim vurulmu\u015flar al\u0131nlar\u0131ndan,<br \/>D\u00fc\u015fm\u00fc\u015fler Akdenize do\u011fru.<br \/>\u00d6zg\u00fcrl\u00fckleri kalmam\u0131\u015f art\u0131k<br \/>Al benim \u00f6l\u00fclerimi, ya gece.<\/p>\n<p>Ya toprak ko beni gideyim gideyim,<br \/>Varm\u0131\u015flar\u0131n ard\u0131na \u00f6c\u00fcl \u00f6c\u00fcl.<br \/>Ve k\u00fc\u00e7\u00fcc\u00fck ve eski ve y\u0131rt\u0131k bayraklar aras\u0131ndan,<br \/>Ya g\u00f6k<br \/>Al beni.<\/p>\n<p>Faz\u0131l H\u00fcsn\u00fc DA\u011eLARCA<\/p>\n","protected":false},"excerpt":{"rendered":"<p>\u00a0 Ya AllahYa Allah derim kiTitrerimKara sesimdenYa Allah. Ya suAkar da ayd\u0131nl\u0131\u011f\u0131n uzak an\u0131lar\u0131mdan\u015e\u0131r\u0131ldar y\u00fcre\u011fimde \u00fcnl\u00fc korsanlar\u0131n dalgalar\u0131.Y\u00fcce sultanlarin k\u0131l\u0131\u00e7lar\u0131 parlar y\u00fcz\u00fcmdeYa su, anl\u0131yor musun? Buras\u0131 Cezayir, ya \u00e7\u00f6l,Develerin binlerce y\u0131l ta\u015f\u0131d\u0131\u011f\u0131, atalardan,Sevgi,Us,Ki\u015fili\u011fim ya \u00e7\u0131ng\u0131rak. Y\u0131ld\u0131zlar k\u00f6t\u00fc olacaklar\u0131n \u00fc\u00e7genlerindeYok etmi\u015f \u00fc\u00e7 y\u00f6n\u00fc.Yedi y\u00f6n\u00fc var etmi\u015f mutsuz ki\u015filiginde y\u0131ld\u0131zlar,Ama uyukluyorum i\u015fteYa d\u00f6nence, a\u011flamak dururken. Ya hurma, [&hellip;]<\/p>\n","protected":false},"author":1,"featured_media":0,"comment_status":"open","ping_status":"open","sticky":false,"template":"","format":"standard","meta":{"footnotes":""},"categories":[166],"tags":[],"class_list":{"0":"post-5289","1":"post","2":"type-post","3":"status-publish","4":"format-standard","6":"category-fazil-husnu-daglarca"},"yoast_head":"<!-- This site is optimized with the Yoast SEO Premium plugin v24.9 (Yoast SEO v24.9) - https:\/\/yoast.com\/wordpress\/plugins\/seo\/ -->\n<title>CEZAY\u0130R T\u00dcRK\u00dcS\u00dc - narteks.net<\/title>\n<meta name=\"robots\" content=\"index, follow, max-snippet:-1, max-image-preview:large, max-video-preview:-1\" \/>\n<link rel=\"canonical\" href=\"https:\/\/narteks.net\/index.php\/2011\/02\/26\/cezayir-turkusu\/\" \/>\n<meta property=\"og:locale\" content=\"tr_TR\" \/>\n<meta property=\"og:type\" content=\"article\" \/>\n<meta property=\"og:title\" content=\"CEZAY\u0130R T\u00dcRK\u00dcS\u00dc\" \/>\n<meta property=\"og:description\" content=\"\u00a0 Ya AllahYa Allah derim kiTitrerimKara sesimdenYa Allah. Ya suAkar da ayd\u0131nl\u0131\u011f\u0131n uzak an\u0131lar\u0131mdan\u015e\u0131r\u0131ldar y\u00fcre\u011fimde \u00fcnl\u00fc korsanlar\u0131n dalgalar\u0131.Y\u00fcce sultanlarin k\u0131l\u0131\u00e7lar\u0131 parlar y\u00fcz\u00fcmdeYa su, anl\u0131yor musun? Buras\u0131 Cezayir, ya \u00e7\u00f6l,Develerin binlerce y\u0131l ta\u015f\u0131d\u0131\u011f\u0131, atalardan,Sevgi,Us,Ki\u015fili\u011fim ya \u00e7\u0131ng\u0131rak. Y\u0131ld\u0131zlar k\u00f6t\u00fc olacaklar\u0131n \u00fc\u00e7genlerindeYok etmi\u015f \u00fc\u00e7 y\u00f6n\u00fc.Yedi y\u00f6n\u00fc var etmi\u015f mutsuz ki\u015filiginde y\u0131ld\u0131zlar,Ama uyukluyorum i\u015fteYa d\u00f6nence, a\u011flamak dururken. Ya hurma, [&hellip;]\" \/>\n<meta property=\"og:url\" content=\"https:\/\/narteks.net\/index.php\/2011\/02\/26\/cezayir-turkusu\/\" \/>\n<meta property=\"og:site_name\" content=\"narteks.net\" \/>\n<meta property=\"article:published_time\" content=\"2011-02-26T19:53:20+00:00\" \/>\n<meta property=\"og:image\" content=\"https:\/\/narteks.net\/wp-content\/uploads\/narteks.png\" \/>\n\t<meta property=\"og:image:width\" content=\"300\" \/>\n\t<meta property=\"og:image:height\" content=\"90\" \/>\n\t<meta property=\"og:image:type\" content=\"image\/png\" \/>\n<meta name=\"author\" content=\"Tar\u0131k\" \/>\n<meta name=\"twitter:card\" content=\"summary_large_image\" \/>\n<meta name=\"twitter:creator\" content=\"@narteks\" \/>\n<meta name=\"twitter:site\" content=\"@narteks\" \/>\n<meta name=\"twitter:label1\" content=\"Yazan:\" \/>\n\t<meta name=\"twitter:data1\" content=\"Tar\u0131k\" \/>\n\t<meta name=\"twitter:label2\" content=\"Tahmini okuma s\u00fcresi\" \/>\n\t<meta name=\"twitter:data2\" content=\"1 dakika\" \/>\n<script type=\"application\/ld+json\" class=\"yoast-schema-graph\">{\"@context\":\"https:\/\/schema.org\",\"@graph\":[{\"@type\":\"Article\",\"@id\":\"https:\/\/narteks.net\/index.php\/2011\/02\/26\/cezayir-turkusu\/#article\",\"isPartOf\":{\"@id\":\"https:\/\/narteks.net\/index.php\/2011\/02\/26\/cezayir-turkusu\/\"},\"author\":{\"name\":\"Tar\u0131k\",\"@id\":\"https:\/\/narteks.net\/#\/schema\/person\/61f37d9834294b72d31d274e7ed79bca\"},\"headline\":\"CEZAY\u0130R T\u00dcRK\u00dcS\u00dc\",\"datePublished\":\"2011-02-26T19:53:20+00:00\",\"mainEntityOfPage\":{\"@id\":\"https:\/\/narteks.net\/index.php\/2011\/02\/26\/cezayir-turkusu\/\"},\"wordCount\":215,\"commentCount\":0,\"publisher\":{\"@id\":\"https:\/\/narteks.net\/#organization\"},\"articleSection\":[\"Faz\u0131l H\u00fcsn\u00fc DA\u011eLARCA\"],\"inLanguage\":\"tr\",\"potentialAction\":[{\"@type\":\"CommentAction\",\"name\":\"Comment\",\"target\":[\"https:\/\/narteks.net\/index.php\/2011\/02\/26\/cezayir-turkusu\/#respond\"]}]},{\"@type\":\"WebPage\",\"@id\":\"https:\/\/narteks.net\/index.php\/2011\/02\/26\/cezayir-turkusu\/\",\"url\":\"https:\/\/narteks.net\/index.php\/2011\/02\/26\/cezayir-turkusu\/\",\"name\":\"CEZAY\u0130R T\u00dcRK\u00dcS\u00dc - narteks.net\",\"isPartOf\":{\"@id\":\"https:\/\/narteks.net\/#website\"},\"datePublished\":\"2011-02-26T19:53:20+00:00\",\"breadcrumb\":{\"@id\":\"https:\/\/narteks.net\/index.php\/2011\/02\/26\/cezayir-turkusu\/#breadcrumb\"},\"inLanguage\":\"tr\",\"potentialAction\":[{\"@type\":\"ReadAction\",\"target\":[\"https:\/\/narteks.net\/index.php\/2011\/02\/26\/cezayir-turkusu\/\"]}]},{\"@type\":\"BreadcrumbList\",\"@id\":\"https:\/\/narteks.net\/index.php\/2011\/02\/26\/cezayir-turkusu\/#breadcrumb\",\"itemListElement\":[{\"@type\":\"ListItem\",\"position\":1,\"name\":\"Anasayfa\",\"item\":\"https:\/\/narteks.net\/\"},{\"@type\":\"ListItem\",\"position\":2,\"name\":\"CEZAY\u0130R T\u00dcRK\u00dcS\u00dc\"}]},{\"@type\":\"WebSite\",\"@id\":\"https:\/\/narteks.net\/#website\",\"url\":\"https:\/\/narteks.net\/\",\"name\":\"narteks.net\",\"description\":\"K\u00fclt\u00fcr Sanat Edebiyat Felsefe\",\"publisher\":{\"@id\":\"https:\/\/narteks.net\/#organization\"},\"alternateName\":\"K\u00fclt\u00fcr Sanat Edebiyat Felsefe\",\"potentialAction\":[{\"@type\":\"SearchAction\",\"target\":{\"@type\":\"EntryPoint\",\"urlTemplate\":\"https:\/\/narteks.net\/?s={search_term_string}\"},\"query-input\":{\"@type\":\"PropertyValueSpecification\",\"valueRequired\":true,\"valueName\":\"search_term_string\"}}],\"inLanguage\":\"tr\"},{\"@type\":\"Organization\",\"@id\":\"https:\/\/narteks.net\/#organization\",\"name\":\"narteks.net\",\"url\":\"https:\/\/narteks.net\/\",\"logo\":{\"@type\":\"ImageObject\",\"inLanguage\":\"tr\",\"@id\":\"https:\/\/narteks.net\/#\/schema\/logo\/image\/\",\"url\":\"https:\/\/narteks.net\/wp-content\/uploads\/narteks.png\",\"contentUrl\":\"https:\/\/narteks.net\/wp-content\/uploads\/narteks.png\",\"width\":300,\"height\":90,\"caption\":\"narteks.net\"},\"image\":{\"@id\":\"https:\/\/narteks.net\/#\/schema\/logo\/image\/\"},\"sameAs\":[\"https:\/\/x.com\/narteks\",\"https:\/\/instagram.com\/narteksnet\"]},{\"@type\":\"Person\",\"@id\":\"https:\/\/narteks.net\/#\/schema\/person\/61f37d9834294b72d31d274e7ed79bca\",\"name\":\"Tar\u0131k\",\"image\":{\"@type\":\"ImageObject\",\"inLanguage\":\"tr\",\"@id\":\"https:\/\/narteks.net\/#\/schema\/person\/image\/\",\"url\":\"https:\/\/secure.gravatar.com\/avatar\/50865afb55632c4ae467e0af0930f6510aa2297d8014be502a55b14f3b7550cf?s=96&d=mm&r=g\",\"contentUrl\":\"https:\/\/secure.gravatar.com\/avatar\/50865afb55632c4ae467e0af0930f6510aa2297d8014be502a55b14f3b7550cf?s=96&d=mm&r=g\",\"caption\":\"Tar\u0131k\"},\"sameAs\":[\"http:\/\/narteks.net\"],\"url\":\"https:\/\/narteks.net\/index.php\/author\/narbak\/\"}]}<\/script>\n<!-- \/ Yoast SEO Premium plugin. -->","yoast_head_json":{"title":"CEZAY\u0130R T\u00dcRK\u00dcS\u00dc - narteks.net","robots":{"index":"index","follow":"follow","max-snippet":"max-snippet:-1","max-image-preview":"max-image-preview:large","max-video-preview":"max-video-preview:-1"},"canonical":"https:\/\/narteks.net\/index.php\/2011\/02\/26\/cezayir-turkusu\/","og_locale":"tr_TR","og_type":"article","og_title":"CEZAY\u0130R T\u00dcRK\u00dcS\u00dc","og_description":"\u00a0 Ya AllahYa Allah derim kiTitrerimKara sesimdenYa Allah. Ya suAkar da ayd\u0131nl\u0131\u011f\u0131n uzak an\u0131lar\u0131mdan\u015e\u0131r\u0131ldar y\u00fcre\u011fimde \u00fcnl\u00fc korsanlar\u0131n dalgalar\u0131.Y\u00fcce sultanlarin k\u0131l\u0131\u00e7lar\u0131 parlar y\u00fcz\u00fcmdeYa su, anl\u0131yor musun? Buras\u0131 Cezayir, ya \u00e7\u00f6l,Develerin binlerce y\u0131l ta\u015f\u0131d\u0131\u011f\u0131, atalardan,Sevgi,Us,Ki\u015fili\u011fim ya \u00e7\u0131ng\u0131rak. Y\u0131ld\u0131zlar k\u00f6t\u00fc olacaklar\u0131n \u00fc\u00e7genlerindeYok etmi\u015f \u00fc\u00e7 y\u00f6n\u00fc.Yedi y\u00f6n\u00fc var etmi\u015f mutsuz ki\u015filiginde y\u0131ld\u0131zlar,Ama uyukluyorum i\u015fteYa d\u00f6nence, a\u011flamak dururken. Ya hurma, [&hellip;]","og_url":"https:\/\/narteks.net\/index.php\/2011\/02\/26\/cezayir-turkusu\/","og_site_name":"narteks.net","article_published_time":"2011-02-26T19:53:20+00:00","og_image":[{"width":300,"height":90,"url":"https:\/\/narteks.net\/wp-content\/uploads\/narteks.png","type":"image\/png"}],"author":"Tar\u0131k","twitter_card":"summary_large_image","twitter_creator":"@narteks","twitter_site":"@narteks","twitter_misc":{"Yazan:":"Tar\u0131k","Tahmini okuma s\u00fcresi":"1 dakika"},"schema":{"@context":"https:\/\/schema.org","@graph":[{"@type":"Article","@id":"https:\/\/narteks.net\/index.php\/2011\/02\/26\/cezayir-turkusu\/#article","isPartOf":{"@id":"https:\/\/narteks.net\/index.php\/2011\/02\/26\/cezayir-turkusu\/"},"author":{"name":"Tar\u0131k","@id":"https:\/\/narteks.net\/#\/schema\/person\/61f37d9834294b72d31d274e7ed79bca"},"headline":"CEZAY\u0130R T\u00dcRK\u00dcS\u00dc","datePublished":"2011-02-26T19:53:20+00:00","mainEntityOfPage":{"@id":"https:\/\/narteks.net\/index.php\/2011\/02\/26\/cezayir-turkusu\/"},"wordCount":215,"commentCount":0,"publisher":{"@id":"https:\/\/narteks.net\/#organization"},"articleSection":["Faz\u0131l H\u00fcsn\u00fc DA\u011eLARCA"],"inLanguage":"tr","potentialAction":[{"@type":"CommentAction","name":"Comment","target":["https:\/\/narteks.net\/index.php\/2011\/02\/26\/cezayir-turkusu\/#respond"]}]},{"@type":"WebPage","@id":"https:\/\/narteks.net\/index.php\/2011\/02\/26\/cezayir-turkusu\/","url":"https:\/\/narteks.net\/index.php\/2011\/02\/26\/cezayir-turkusu\/","name":"CEZAY\u0130R T\u00dcRK\u00dcS\u00dc - narteks.net","isPartOf":{"@id":"https:\/\/narteks.net\/#website"},"datePublished":"2011-02-26T19:53:20+00:00","breadcrumb":{"@id":"https:\/\/narteks.net\/index.php\/2011\/02\/26\/cezayir-turkusu\/#breadcrumb"},"inLanguage":"tr","potentialAction":[{"@type":"ReadAction","target":["https:\/\/narteks.net\/index.php\/2011\/02\/26\/cezayir-turkusu\/"]}]},{"@type":"BreadcrumbList","@id":"https:\/\/narteks.net\/index.php\/2011\/02\/26\/cezayir-turkusu\/#breadcrumb","itemListElement":[{"@type":"ListItem","position":1,"name":"Anasayfa","item":"https:\/\/narteks.net\/"},{"@type":"ListItem","position":2,"name":"CEZAY\u0130R T\u00dcRK\u00dcS\u00dc"}]},{"@type":"WebSite","@id":"https:\/\/narteks.net\/#website","url":"https:\/\/narteks.net\/","name":"narteks.net","description":"K\u00fclt\u00fcr Sanat Edebiyat Felsefe","publisher":{"@id":"https:\/\/narteks.net\/#organization"},"alternateName":"K\u00fclt\u00fcr Sanat Edebiyat Felsefe","potentialAction":[{"@type":"SearchAction","target":{"@type":"EntryPoint","urlTemplate":"https:\/\/narteks.net\/?s={search_term_string}"},"query-input":{"@type":"PropertyValueSpecification","valueRequired":true,"valueName":"search_term_string"}}],"inLanguage":"tr"},{"@type":"Organization","@id":"https:\/\/narteks.net\/#organization","name":"narteks.net","url":"https:\/\/narteks.net\/","logo":{"@type":"ImageObject","inLanguage":"tr","@id":"https:\/\/narteks.net\/#\/schema\/logo\/image\/","url":"https:\/\/narteks.net\/wp-content\/uploads\/narteks.png","contentUrl":"https:\/\/narteks.net\/wp-content\/uploads\/narteks.png","width":300,"height":90,"caption":"narteks.net"},"image":{"@id":"https:\/\/narteks.net\/#\/schema\/logo\/image\/"},"sameAs":["https:\/\/x.com\/narteks","https:\/\/instagram.com\/narteksnet"]},{"@type":"Person","@id":"https:\/\/narteks.net\/#\/schema\/person\/61f37d9834294b72d31d274e7ed79bca","name":"Tar\u0131k","image":{"@type":"ImageObject","inLanguage":"tr","@id":"https:\/\/narteks.net\/#\/schema\/person\/image\/","url":"https:\/\/secure.gravatar.com\/avatar\/50865afb55632c4ae467e0af0930f6510aa2297d8014be502a55b14f3b7550cf?s=96&d=mm&r=g","contentUrl":"https:\/\/secure.gravatar.com\/avatar\/50865afb55632c4ae467e0af0930f6510aa2297d8014be502a55b14f3b7550cf?s=96&d=mm&r=g","caption":"Tar\u0131k"},"sameAs":["http:\/\/narteks.net"],"url":"https:\/\/narteks.net\/index.php\/author\/narbak\/"}]}},"_links":{"self":[{"href":"https:\/\/narteks.net\/index.php\/wp-json\/wp\/v2\/posts\/5289","targetHints":{"allow":["GET"]}}],"collection":[{"href":"https:\/\/narteks.net\/index.php\/wp-json\/wp\/v2\/posts"}],"about":[{"href":"https:\/\/narteks.net\/index.php\/wp-json\/wp\/v2\/types\/post"}],"author":[{"embeddable":true,"href":"https:\/\/narteks.net\/index.php\/wp-json\/wp\/v2\/users\/1"}],"replies":[{"embeddable":true,"href":"https:\/\/narteks.net\/index.php\/wp-json\/wp\/v2\/comments?post=5289"}],"version-history":[{"count":0,"href":"https:\/\/narteks.net\/index.php\/wp-json\/wp\/v2\/posts\/5289\/revisions"}],"wp:attachment":[{"href":"https:\/\/narteks.net\/index.php\/wp-json\/wp\/v2\/media?parent=5289"}],"wp:term":[{"taxonomy":"category","embeddable":true,"href":"https:\/\/narteks.net\/index.php\/wp-json\/wp\/v2\/categories?post=5289"},{"taxonomy":"post_tag","embeddable":true,"href":"https:\/\/narteks.net\/index.php\/wp-json\/wp\/v2\/tags?post=5289"}],"curies":[{"name":"wp","href":"https:\/\/api.w.org\/{rel}","templated":true}]}}