{"id":529,"date":"2009-04-12T13:32:25","date_gmt":"2009-04-12T10:32:25","guid":{"rendered":"http:\/\/localhost\/wordpress\/2009\/04\/12\/kim-kaldi\/"},"modified":"2009-04-12T13:32:25","modified_gmt":"2009-04-12T10:32:25","slug":"kim-kaldi","status":"publish","type":"post","link":"https:\/\/narteks.net\/index.php\/2009\/04\/12\/kim-kaldi\/","title":{"rendered":"K\u0130M KALDI"},"content":{"rendered":"<p>\u00a0<\/p>\n<p>silah at\u0131lm\u0131yor <br \/> g\u00fcvercin \u015fak\u0131rt\u0131s\u0131d\u0131r <br \/> \u015fafakta yald\u0131zlanan <br \/> \u015fad\u0131rvanda su <br \/> \u0131hlamurlarda ezan <br \/> g\u00f6rkemli bir namaz u\u011fultusu <br \/> heyhat <br \/> hamzabey cami-i \u015ferif&#8217;inden kim kald\u0131 <br \/> kim kald\u0131 eski selanik&#8217;ten <br \/> laternalar sustu <br \/> s\u00fcrahiler tenha <br \/> tek kibrit \u00e7ak\u0131lm\u0131yor <br \/> kim kald\u0131 ittihat ve terakki&#8217;den <br \/> o j\u00f6nt\u00fcrkler ki &#8211; `hari\u00e7ten <br \/> evrak-\u0131 muz\u0131rra celbederlerdi&#8217; &#8211; <br \/> o fedailer ki barut \u00f6ks\u00fcr\u00fcrler <br \/> sakal t\u0131ra\u015flar\u0131 mavi <br \/> k\u0131rm\u0131z\u0131 b\u0131y\u0131klar\u0131 biber <br \/> kim kald\u0131 <br \/> m\u00fcdafaa-i hukuk cemiyeti&#8217;nden <br \/> avc\u0131 ceketi <br \/> k\u00f6r\u00fcklu \u00e7izme <br \/> astragan kalpak <br \/> bazen `ittihat\u00e7\u0131&#8217; <br \/> hafif `i\u015ftirakiyun&#8217; <br \/> \u00f6fkeli ka\u015flar\u0131 salk\u0131m sa\u00e7ak <br \/> kumral b\u0131y\u0131klar\u0131 mahzun <br \/> hani felaket t\u00fct\u00fcn i\u00e7erler <br \/> ceplerinde idam fermanlar\u0131 <br \/> bellerinde S\u00f6\u011f\u00fct yapra\u011f\u0131 b\u0131\u00e7ak <br \/> ya millet meclisi&#8217;nde meb&#8217;us <br \/> ya kuva-yi seyyarede asker <br \/> kadehlerde rak\u0131 <br \/> nazl\u0131 beyaz <br \/> vanik\u00f6y korusunun `te\u015frinler&#8217;deki sisi <br \/> gramofonda incesaz <br \/> meyhane musikisi <br \/> o \u015fenliklerden heyhat kim kald\u0131 <br \/> ezeli dalg\u0131nl\u0131\u011f\u0131m\u0131z\u0131n \u0131sl\u0131\u011f\u0131d\u0131r ney <br \/> keman yanl\u0131\u015f anla\u015f\u0131lmas\u0131ndan tedirgin <br \/> utlar vahim sorular soruyor <br \/> \u00f6ld\u00fc naz\u0131m samilof sar\u0131 mustafa <br \/> y\u0131k\u0131lm\u0131\u015f strasnoy ploscat&#8217;\u0131n saat kulesi <br \/> eski bol\u015feviklerden kim kald\u0131<\/p>\n<p>Attila \u0130LHAN<\/p>\n","protected":false},"excerpt":{"rendered":"<p>\u00a0 silah at\u0131lm\u0131yor g\u00fcvercin \u015fak\u0131rt\u0131s\u0131d\u0131r \u015fafakta yald\u0131zlanan \u015fad\u0131rvanda su \u0131hlamurlarda ezan g\u00f6rkemli bir namaz u\u011fultusu heyhat hamzabey cami-i \u015ferif&#8217;inden kim kald\u0131 kim kald\u0131 eski selanik&#8217;ten laternalar sustu s\u00fcrahiler tenha tek kibrit \u00e7ak\u0131lm\u0131yor kim kald\u0131 ittihat ve terakki&#8217;den o j\u00f6nt\u00fcrkler ki &#8211; `hari\u00e7ten evrak-\u0131 muz\u0131rra celbederlerdi&#8217; &#8211; o fedailer ki barut \u00f6ks\u00fcr\u00fcrler sakal t\u0131ra\u015flar\u0131 mavi k\u0131rm\u0131z\u0131 [&hellip;]<\/p>\n","protected":false},"author":1,"featured_media":0,"comment_status":"open","ping_status":"open","sticky":false,"template":"","format":"standard","meta":{"footnotes":""},"categories":[11],"tags":[],"class_list":{"0":"post-529","1":"post","2":"type-post","3":"status-publish","4":"format-standard","6":"category-attila-ilhan"},"yoast_head":"<!-- This site is optimized with the Yoast SEO Premium plugin v24.9 (Yoast SEO v24.9) - https:\/\/yoast.com\/wordpress\/plugins\/seo\/ -->\n<title>K\u0130M KALDI - narteks.net<\/title>\n<meta name=\"robots\" content=\"index, follow, max-snippet:-1, max-image-preview:large, max-video-preview:-1\" \/>\n<link rel=\"canonical\" href=\"https:\/\/narteks.net\/index.php\/2009\/04\/12\/kim-kaldi\/\" \/>\n<meta property=\"og:locale\" content=\"tr_TR\" \/>\n<meta property=\"og:type\" content=\"article\" \/>\n<meta property=\"og:title\" content=\"K\u0130M KALDI\" \/>\n<meta property=\"og:description\" content=\"\u00a0 silah at\u0131lm\u0131yor g\u00fcvercin \u015fak\u0131rt\u0131s\u0131d\u0131r \u015fafakta yald\u0131zlanan \u015fad\u0131rvanda su \u0131hlamurlarda ezan g\u00f6rkemli bir namaz u\u011fultusu heyhat hamzabey cami-i \u015ferif&#8217;inden kim kald\u0131 kim kald\u0131 eski selanik&#8217;ten laternalar sustu s\u00fcrahiler tenha tek kibrit \u00e7ak\u0131lm\u0131yor kim kald\u0131 ittihat ve terakki&#8217;den o j\u00f6nt\u00fcrkler ki &#8211; `hari\u00e7ten evrak-\u0131 muz\u0131rra celbederlerdi&#8217; &#8211; o fedailer ki barut \u00f6ks\u00fcr\u00fcrler sakal t\u0131ra\u015flar\u0131 mavi k\u0131rm\u0131z\u0131 [&hellip;]\" \/>\n<meta property=\"og:url\" content=\"https:\/\/narteks.net\/index.php\/2009\/04\/12\/kim-kaldi\/\" \/>\n<meta property=\"og:site_name\" content=\"narteks.net\" \/>\n<meta property=\"article:published_time\" content=\"2009-04-12T10:32:25+00:00\" \/>\n<meta property=\"og:image\" content=\"https:\/\/narteks.net\/wp-content\/uploads\/narteks.png\" \/>\n\t<meta property=\"og:image:width\" content=\"300\" \/>\n\t<meta property=\"og:image:height\" content=\"90\" \/>\n\t<meta property=\"og:image:type\" content=\"image\/png\" \/>\n<meta name=\"author\" content=\"Tar\u0131k\" \/>\n<meta name=\"twitter:card\" content=\"summary_large_image\" \/>\n<meta name=\"twitter:creator\" content=\"@narteks\" \/>\n<meta name=\"twitter:site\" content=\"@narteks\" \/>\n<meta name=\"twitter:label1\" content=\"Yazan:\" \/>\n\t<meta name=\"twitter:data1\" content=\"Tar\u0131k\" \/>\n\t<meta name=\"twitter:label2\" content=\"Tahmini okuma s\u00fcresi\" \/>\n\t<meta name=\"twitter:data2\" content=\"1 dakika\" \/>\n<script type=\"application\/ld+json\" class=\"yoast-schema-graph\">{\"@context\":\"https:\/\/schema.org\",\"@graph\":[{\"@type\":\"Article\",\"@id\":\"https:\/\/narteks.net\/index.php\/2009\/04\/12\/kim-kaldi\/#article\",\"isPartOf\":{\"@id\":\"https:\/\/narteks.net\/index.php\/2009\/04\/12\/kim-kaldi\/\"},\"author\":{\"name\":\"Tar\u0131k\",\"@id\":\"https:\/\/narteks.net\/#\/schema\/person\/61f37d9834294b72d31d274e7ed79bca\"},\"headline\":\"K\u0130M KALDI\",\"datePublished\":\"2009-04-12T10:32:25+00:00\",\"mainEntityOfPage\":{\"@id\":\"https:\/\/narteks.net\/index.php\/2009\/04\/12\/kim-kaldi\/\"},\"wordCount\":201,\"commentCount\":0,\"publisher\":{\"@id\":\"https:\/\/narteks.net\/#organization\"},\"articleSection\":[\"Attila ILHAN\"],\"inLanguage\":\"tr\",\"potentialAction\":[{\"@type\":\"CommentAction\",\"name\":\"Comment\",\"target\":[\"https:\/\/narteks.net\/index.php\/2009\/04\/12\/kim-kaldi\/#respond\"]}]},{\"@type\":\"WebPage\",\"@id\":\"https:\/\/narteks.net\/index.php\/2009\/04\/12\/kim-kaldi\/\",\"url\":\"https:\/\/narteks.net\/index.php\/2009\/04\/12\/kim-kaldi\/\",\"name\":\"K\u0130M KALDI - narteks.net\",\"isPartOf\":{\"@id\":\"https:\/\/narteks.net\/#website\"},\"datePublished\":\"2009-04-12T10:32:25+00:00\",\"breadcrumb\":{\"@id\":\"https:\/\/narteks.net\/index.php\/2009\/04\/12\/kim-kaldi\/#breadcrumb\"},\"inLanguage\":\"tr\",\"potentialAction\":[{\"@type\":\"ReadAction\",\"target\":[\"https:\/\/narteks.net\/index.php\/2009\/04\/12\/kim-kaldi\/\"]}]},{\"@type\":\"BreadcrumbList\",\"@id\":\"https:\/\/narteks.net\/index.php\/2009\/04\/12\/kim-kaldi\/#breadcrumb\",\"itemListElement\":[{\"@type\":\"ListItem\",\"position\":1,\"name\":\"Anasayfa\",\"item\":\"https:\/\/narteks.net\/\"},{\"@type\":\"ListItem\",\"position\":2,\"name\":\"K\u0130M KALDI\"}]},{\"@type\":\"WebSite\",\"@id\":\"https:\/\/narteks.net\/#website\",\"url\":\"https:\/\/narteks.net\/\",\"name\":\"narteks.net\",\"description\":\"K\u00fclt\u00fcr Sanat Edebiyat Felsefe\",\"publisher\":{\"@id\":\"https:\/\/narteks.net\/#organization\"},\"alternateName\":\"K\u00fclt\u00fcr Sanat Edebiyat Felsefe\",\"potentialAction\":[{\"@type\":\"SearchAction\",\"target\":{\"@type\":\"EntryPoint\",\"urlTemplate\":\"https:\/\/narteks.net\/?s={search_term_string}\"},\"query-input\":{\"@type\":\"PropertyValueSpecification\",\"valueRequired\":true,\"valueName\":\"search_term_string\"}}],\"inLanguage\":\"tr\"},{\"@type\":\"Organization\",\"@id\":\"https:\/\/narteks.net\/#organization\",\"name\":\"narteks.net\",\"url\":\"https:\/\/narteks.net\/\",\"logo\":{\"@type\":\"ImageObject\",\"inLanguage\":\"tr\",\"@id\":\"https:\/\/narteks.net\/#\/schema\/logo\/image\/\",\"url\":\"https:\/\/narteks.net\/wp-content\/uploads\/narteks.png\",\"contentUrl\":\"https:\/\/narteks.net\/wp-content\/uploads\/narteks.png\",\"width\":300,\"height\":90,\"caption\":\"narteks.net\"},\"image\":{\"@id\":\"https:\/\/narteks.net\/#\/schema\/logo\/image\/\"},\"sameAs\":[\"https:\/\/x.com\/narteks\",\"https:\/\/instagram.com\/narteksnet\"]},{\"@type\":\"Person\",\"@id\":\"https:\/\/narteks.net\/#\/schema\/person\/61f37d9834294b72d31d274e7ed79bca\",\"name\":\"Tar\u0131k\",\"image\":{\"@type\":\"ImageObject\",\"inLanguage\":\"tr\",\"@id\":\"https:\/\/narteks.net\/#\/schema\/person\/image\/\",\"url\":\"https:\/\/secure.gravatar.com\/avatar\/50865afb55632c4ae467e0af0930f6510aa2297d8014be502a55b14f3b7550cf?s=96&d=mm&r=g\",\"contentUrl\":\"https:\/\/secure.gravatar.com\/avatar\/50865afb55632c4ae467e0af0930f6510aa2297d8014be502a55b14f3b7550cf?s=96&d=mm&r=g\",\"caption\":\"Tar\u0131k\"},\"sameAs\":[\"http:\/\/narteks.net\"],\"url\":\"https:\/\/narteks.net\/index.php\/author\/narbak\/\"}]}<\/script>\n<!-- \/ Yoast SEO Premium plugin. -->","yoast_head_json":{"title":"K\u0130M KALDI - narteks.net","robots":{"index":"index","follow":"follow","max-snippet":"max-snippet:-1","max-image-preview":"max-image-preview:large","max-video-preview":"max-video-preview:-1"},"canonical":"https:\/\/narteks.net\/index.php\/2009\/04\/12\/kim-kaldi\/","og_locale":"tr_TR","og_type":"article","og_title":"K\u0130M KALDI","og_description":"\u00a0 silah at\u0131lm\u0131yor g\u00fcvercin \u015fak\u0131rt\u0131s\u0131d\u0131r \u015fafakta yald\u0131zlanan \u015fad\u0131rvanda su \u0131hlamurlarda ezan g\u00f6rkemli bir namaz u\u011fultusu heyhat hamzabey cami-i \u015ferif&#8217;inden kim kald\u0131 kim kald\u0131 eski selanik&#8217;ten laternalar sustu s\u00fcrahiler tenha tek kibrit \u00e7ak\u0131lm\u0131yor kim kald\u0131 ittihat ve terakki&#8217;den o j\u00f6nt\u00fcrkler ki &#8211; `hari\u00e7ten evrak-\u0131 muz\u0131rra celbederlerdi&#8217; &#8211; o fedailer ki barut \u00f6ks\u00fcr\u00fcrler sakal t\u0131ra\u015flar\u0131 mavi k\u0131rm\u0131z\u0131 [&hellip;]","og_url":"https:\/\/narteks.net\/index.php\/2009\/04\/12\/kim-kaldi\/","og_site_name":"narteks.net","article_published_time":"2009-04-12T10:32:25+00:00","og_image":[{"width":300,"height":90,"url":"https:\/\/narteks.net\/wp-content\/uploads\/narteks.png","type":"image\/png"}],"author":"Tar\u0131k","twitter_card":"summary_large_image","twitter_creator":"@narteks","twitter_site":"@narteks","twitter_misc":{"Yazan:":"Tar\u0131k","Tahmini okuma s\u00fcresi":"1 dakika"},"schema":{"@context":"https:\/\/schema.org","@graph":[{"@type":"Article","@id":"https:\/\/narteks.net\/index.php\/2009\/04\/12\/kim-kaldi\/#article","isPartOf":{"@id":"https:\/\/narteks.net\/index.php\/2009\/04\/12\/kim-kaldi\/"},"author":{"name":"Tar\u0131k","@id":"https:\/\/narteks.net\/#\/schema\/person\/61f37d9834294b72d31d274e7ed79bca"},"headline":"K\u0130M KALDI","datePublished":"2009-04-12T10:32:25+00:00","mainEntityOfPage":{"@id":"https:\/\/narteks.net\/index.php\/2009\/04\/12\/kim-kaldi\/"},"wordCount":201,"commentCount":0,"publisher":{"@id":"https:\/\/narteks.net\/#organization"},"articleSection":["Attila ILHAN"],"inLanguage":"tr","potentialAction":[{"@type":"CommentAction","name":"Comment","target":["https:\/\/narteks.net\/index.php\/2009\/04\/12\/kim-kaldi\/#respond"]}]},{"@type":"WebPage","@id":"https:\/\/narteks.net\/index.php\/2009\/04\/12\/kim-kaldi\/","url":"https:\/\/narteks.net\/index.php\/2009\/04\/12\/kim-kaldi\/","name":"K\u0130M KALDI - narteks.net","isPartOf":{"@id":"https:\/\/narteks.net\/#website"},"datePublished":"2009-04-12T10:32:25+00:00","breadcrumb":{"@id":"https:\/\/narteks.net\/index.php\/2009\/04\/12\/kim-kaldi\/#breadcrumb"},"inLanguage":"tr","potentialAction":[{"@type":"ReadAction","target":["https:\/\/narteks.net\/index.php\/2009\/04\/12\/kim-kaldi\/"]}]},{"@type":"BreadcrumbList","@id":"https:\/\/narteks.net\/index.php\/2009\/04\/12\/kim-kaldi\/#breadcrumb","itemListElement":[{"@type":"ListItem","position":1,"name":"Anasayfa","item":"https:\/\/narteks.net\/"},{"@type":"ListItem","position":2,"name":"K\u0130M KALDI"}]},{"@type":"WebSite","@id":"https:\/\/narteks.net\/#website","url":"https:\/\/narteks.net\/","name":"narteks.net","description":"K\u00fclt\u00fcr Sanat Edebiyat Felsefe","publisher":{"@id":"https:\/\/narteks.net\/#organization"},"alternateName":"K\u00fclt\u00fcr Sanat Edebiyat Felsefe","potentialAction":[{"@type":"SearchAction","target":{"@type":"EntryPoint","urlTemplate":"https:\/\/narteks.net\/?s={search_term_string}"},"query-input":{"@type":"PropertyValueSpecification","valueRequired":true,"valueName":"search_term_string"}}],"inLanguage":"tr"},{"@type":"Organization","@id":"https:\/\/narteks.net\/#organization","name":"narteks.net","url":"https:\/\/narteks.net\/","logo":{"@type":"ImageObject","inLanguage":"tr","@id":"https:\/\/narteks.net\/#\/schema\/logo\/image\/","url":"https:\/\/narteks.net\/wp-content\/uploads\/narteks.png","contentUrl":"https:\/\/narteks.net\/wp-content\/uploads\/narteks.png","width":300,"height":90,"caption":"narteks.net"},"image":{"@id":"https:\/\/narteks.net\/#\/schema\/logo\/image\/"},"sameAs":["https:\/\/x.com\/narteks","https:\/\/instagram.com\/narteksnet"]},{"@type":"Person","@id":"https:\/\/narteks.net\/#\/schema\/person\/61f37d9834294b72d31d274e7ed79bca","name":"Tar\u0131k","image":{"@type":"ImageObject","inLanguage":"tr","@id":"https:\/\/narteks.net\/#\/schema\/person\/image\/","url":"https:\/\/secure.gravatar.com\/avatar\/50865afb55632c4ae467e0af0930f6510aa2297d8014be502a55b14f3b7550cf?s=96&d=mm&r=g","contentUrl":"https:\/\/secure.gravatar.com\/avatar\/50865afb55632c4ae467e0af0930f6510aa2297d8014be502a55b14f3b7550cf?s=96&d=mm&r=g","caption":"Tar\u0131k"},"sameAs":["http:\/\/narteks.net"],"url":"https:\/\/narteks.net\/index.php\/author\/narbak\/"}]}},"_links":{"self":[{"href":"https:\/\/narteks.net\/index.php\/wp-json\/wp\/v2\/posts\/529","targetHints":{"allow":["GET"]}}],"collection":[{"href":"https:\/\/narteks.net\/index.php\/wp-json\/wp\/v2\/posts"}],"about":[{"href":"https:\/\/narteks.net\/index.php\/wp-json\/wp\/v2\/types\/post"}],"author":[{"embeddable":true,"href":"https:\/\/narteks.net\/index.php\/wp-json\/wp\/v2\/users\/1"}],"replies":[{"embeddable":true,"href":"https:\/\/narteks.net\/index.php\/wp-json\/wp\/v2\/comments?post=529"}],"version-history":[{"count":0,"href":"https:\/\/narteks.net\/index.php\/wp-json\/wp\/v2\/posts\/529\/revisions"}],"wp:attachment":[{"href":"https:\/\/narteks.net\/index.php\/wp-json\/wp\/v2\/media?parent=529"}],"wp:term":[{"taxonomy":"category","embeddable":true,"href":"https:\/\/narteks.net\/index.php\/wp-json\/wp\/v2\/categories?post=529"},{"taxonomy":"post_tag","embeddable":true,"href":"https:\/\/narteks.net\/index.php\/wp-json\/wp\/v2\/tags?post=529"}],"curies":[{"name":"wp","href":"https:\/\/api.w.org\/{rel}","templated":true}]}}