{"id":5290,"date":"2011-02-26T22:54:03","date_gmt":"2011-02-26T19:54:03","guid":{"rendered":"http:\/\/localhost\/wordpress\/2011\/02\/26\/geceye-karsi-mudafaa\/"},"modified":"2011-02-26T22:54:03","modified_gmt":"2011-02-26T19:54:03","slug":"geceye-karsi-mudafaa","status":"publish","type":"post","link":"https:\/\/narteks.net\/index.php\/2011\/02\/26\/geceye-karsi-mudafaa\/","title":{"rendered":"GECEYE KAR\u015eI M\u00dcDAFAA"},"content":{"rendered":"<p>\u00a0<\/p>\n<p>Bu adam \u00f6lm\u00fc\u015ft\u00fcr ama,<br \/>D\u00fc\u015fmedi topra\u011fa hen\u00fcz vakit.<br \/>Hayat\u0131n\u0131 devrettik a\u011fa\u00e7lara<br \/>Kalbi kimlere ait.<\/p>\n<p>Bu adam \u00f6lm\u00fc\u015ft\u00fcr ama,<br \/>Ba\u015fucundan ayr\u0131lamad\u0131k.<br \/>Sonsuz kederinde gecelerimizin<br \/>Nedendir hala bu beyazl\u0131k.<\/p>\n<p>Bu adam \u00f6lm\u00fc\u015ft\u00fcr ama,<br \/>Hen\u00fcz durmad\u0131 nehir.<br \/>Ve nasibi muhte\u015fem ku\u015flar gibi<br \/>Onu g\u00f6t\u00fcrebilir.<\/p>\n<p>Faz\u0131l H\u00fcsn\u00fc DA\u011eLARCA<\/p>\n","protected":false},"excerpt":{"rendered":"<p>\u00a0 Bu adam \u00f6lm\u00fc\u015ft\u00fcr ama,D\u00fc\u015fmedi topra\u011fa hen\u00fcz vakit.Hayat\u0131n\u0131 devrettik a\u011fa\u00e7laraKalbi kimlere ait. Bu adam \u00f6lm\u00fc\u015ft\u00fcr ama,Ba\u015fucundan ayr\u0131lamad\u0131k.Sonsuz kederinde gecelerimizinNedendir hala bu beyazl\u0131k. Bu adam \u00f6lm\u00fc\u015ft\u00fcr ama,Hen\u00fcz durmad\u0131 nehir.Ve nasibi muhte\u015fem ku\u015flar gibiOnu g\u00f6t\u00fcrebilir. Faz\u0131l H\u00fcsn\u00fc DA\u011eLARCA<\/p>\n","protected":false},"author":1,"featured_media":0,"comment_status":"open","ping_status":"open","sticky":false,"template":"","format":"standard","meta":{"footnotes":""},"categories":[166],"tags":[],"class_list":{"0":"post-5290","1":"post","2":"type-post","3":"status-publish","4":"format-standard","6":"category-fazil-husnu-daglarca"},"yoast_head":"<!-- This site is optimized with the Yoast SEO Premium plugin v24.9 (Yoast SEO v24.9) - https:\/\/yoast.com\/wordpress\/plugins\/seo\/ -->\n<title>GECEYE KAR\u015eI M\u00dcDAFAA - narteks.net<\/title>\n<meta name=\"robots\" content=\"index, follow, max-snippet:-1, max-image-preview:large, max-video-preview:-1\" \/>\n<link rel=\"canonical\" href=\"https:\/\/narteks.net\/index.php\/2011\/02\/26\/geceye-karsi-mudafaa\/\" \/>\n<meta property=\"og:locale\" content=\"tr_TR\" \/>\n<meta property=\"og:type\" content=\"article\" \/>\n<meta property=\"og:title\" content=\"GECEYE KAR\u015eI M\u00dcDAFAA\" \/>\n<meta property=\"og:description\" content=\"\u00a0 Bu adam \u00f6lm\u00fc\u015ft\u00fcr ama,D\u00fc\u015fmedi topra\u011fa hen\u00fcz vakit.Hayat\u0131n\u0131 devrettik a\u011fa\u00e7laraKalbi kimlere ait. Bu adam \u00f6lm\u00fc\u015ft\u00fcr ama,Ba\u015fucundan ayr\u0131lamad\u0131k.Sonsuz kederinde gecelerimizinNedendir hala bu beyazl\u0131k. Bu adam \u00f6lm\u00fc\u015ft\u00fcr ama,Hen\u00fcz durmad\u0131 nehir.Ve nasibi muhte\u015fem ku\u015flar gibiOnu g\u00f6t\u00fcrebilir. Faz\u0131l H\u00fcsn\u00fc DA\u011eLARCA\" \/>\n<meta property=\"og:url\" content=\"https:\/\/narteks.net\/index.php\/2011\/02\/26\/geceye-karsi-mudafaa\/\" \/>\n<meta property=\"og:site_name\" content=\"narteks.net\" \/>\n<meta property=\"article:published_time\" content=\"2011-02-26T19:54:03+00:00\" \/>\n<meta property=\"og:image\" content=\"https:\/\/narteks.net\/wp-content\/uploads\/narteks.png\" \/>\n\t<meta property=\"og:image:width\" content=\"300\" \/>\n\t<meta property=\"og:image:height\" content=\"90\" \/>\n\t<meta property=\"og:image:type\" content=\"image\/png\" \/>\n<meta name=\"author\" content=\"Tar\u0131k\" \/>\n<meta name=\"twitter:card\" content=\"summary_large_image\" \/>\n<meta name=\"twitter:creator\" content=\"@narteks\" \/>\n<meta name=\"twitter:site\" content=\"@narteks\" \/>\n<meta name=\"twitter:label1\" content=\"Yazan:\" \/>\n\t<meta name=\"twitter:data1\" content=\"Tar\u0131k\" \/>\n<script type=\"application\/ld+json\" class=\"yoast-schema-graph\">{\"@context\":\"https:\/\/schema.org\",\"@graph\":[{\"@type\":\"Article\",\"@id\":\"https:\/\/narteks.net\/index.php\/2011\/02\/26\/geceye-karsi-mudafaa\/#article\",\"isPartOf\":{\"@id\":\"https:\/\/narteks.net\/index.php\/2011\/02\/26\/geceye-karsi-mudafaa\/\"},\"author\":{\"name\":\"Tar\u0131k\",\"@id\":\"https:\/\/narteks.net\/#\/schema\/person\/61f37d9834294b72d31d274e7ed79bca\"},\"headline\":\"GECEYE KAR\u015eI M\u00dcDAFAA\",\"datePublished\":\"2011-02-26T19:54:03+00:00\",\"mainEntityOfPage\":{\"@id\":\"https:\/\/narteks.net\/index.php\/2011\/02\/26\/geceye-karsi-mudafaa\/\"},\"wordCount\":70,\"commentCount\":0,\"publisher\":{\"@id\":\"https:\/\/narteks.net\/#organization\"},\"articleSection\":[\"Faz\u0131l H\u00fcsn\u00fc DA\u011eLARCA\"],\"inLanguage\":\"tr\",\"potentialAction\":[{\"@type\":\"CommentAction\",\"name\":\"Comment\",\"target\":[\"https:\/\/narteks.net\/index.php\/2011\/02\/26\/geceye-karsi-mudafaa\/#respond\"]}]},{\"@type\":\"WebPage\",\"@id\":\"https:\/\/narteks.net\/index.php\/2011\/02\/26\/geceye-karsi-mudafaa\/\",\"url\":\"https:\/\/narteks.net\/index.php\/2011\/02\/26\/geceye-karsi-mudafaa\/\",\"name\":\"GECEYE KAR\u015eI M\u00dcDAFAA - narteks.net\",\"isPartOf\":{\"@id\":\"https:\/\/narteks.net\/#website\"},\"datePublished\":\"2011-02-26T19:54:03+00:00\",\"breadcrumb\":{\"@id\":\"https:\/\/narteks.net\/index.php\/2011\/02\/26\/geceye-karsi-mudafaa\/#breadcrumb\"},\"inLanguage\":\"tr\",\"potentialAction\":[{\"@type\":\"ReadAction\",\"target\":[\"https:\/\/narteks.net\/index.php\/2011\/02\/26\/geceye-karsi-mudafaa\/\"]}]},{\"@type\":\"BreadcrumbList\",\"@id\":\"https:\/\/narteks.net\/index.php\/2011\/02\/26\/geceye-karsi-mudafaa\/#breadcrumb\",\"itemListElement\":[{\"@type\":\"ListItem\",\"position\":1,\"name\":\"Anasayfa\",\"item\":\"https:\/\/narteks.net\/\"},{\"@type\":\"ListItem\",\"position\":2,\"name\":\"GECEYE KAR\u015eI M\u00dcDAFAA\"}]},{\"@type\":\"WebSite\",\"@id\":\"https:\/\/narteks.net\/#website\",\"url\":\"https:\/\/narteks.net\/\",\"name\":\"narteks.net\",\"description\":\"K\u00fclt\u00fcr Sanat Edebiyat Felsefe\",\"publisher\":{\"@id\":\"https:\/\/narteks.net\/#organization\"},\"alternateName\":\"K\u00fclt\u00fcr Sanat Edebiyat Felsefe\",\"potentialAction\":[{\"@type\":\"SearchAction\",\"target\":{\"@type\":\"EntryPoint\",\"urlTemplate\":\"https:\/\/narteks.net\/?s={search_term_string}\"},\"query-input\":{\"@type\":\"PropertyValueSpecification\",\"valueRequired\":true,\"valueName\":\"search_term_string\"}}],\"inLanguage\":\"tr\"},{\"@type\":\"Organization\",\"@id\":\"https:\/\/narteks.net\/#organization\",\"name\":\"narteks.net\",\"url\":\"https:\/\/narteks.net\/\",\"logo\":{\"@type\":\"ImageObject\",\"inLanguage\":\"tr\",\"@id\":\"https:\/\/narteks.net\/#\/schema\/logo\/image\/\",\"url\":\"https:\/\/narteks.net\/wp-content\/uploads\/narteks.png\",\"contentUrl\":\"https:\/\/narteks.net\/wp-content\/uploads\/narteks.png\",\"width\":300,\"height\":90,\"caption\":\"narteks.net\"},\"image\":{\"@id\":\"https:\/\/narteks.net\/#\/schema\/logo\/image\/\"},\"sameAs\":[\"https:\/\/x.com\/narteks\",\"https:\/\/instagram.com\/narteksnet\"]},{\"@type\":\"Person\",\"@id\":\"https:\/\/narteks.net\/#\/schema\/person\/61f37d9834294b72d31d274e7ed79bca\",\"name\":\"Tar\u0131k\",\"image\":{\"@type\":\"ImageObject\",\"inLanguage\":\"tr\",\"@id\":\"https:\/\/narteks.net\/#\/schema\/person\/image\/\",\"url\":\"https:\/\/secure.gravatar.com\/avatar\/50865afb55632c4ae467e0af0930f6510aa2297d8014be502a55b14f3b7550cf?s=96&d=mm&r=g\",\"contentUrl\":\"https:\/\/secure.gravatar.com\/avatar\/50865afb55632c4ae467e0af0930f6510aa2297d8014be502a55b14f3b7550cf?s=96&d=mm&r=g\",\"caption\":\"Tar\u0131k\"},\"sameAs\":[\"http:\/\/narteks.net\"],\"url\":\"https:\/\/narteks.net\/index.php\/author\/narbak\/\"}]}<\/script>\n<!-- \/ Yoast SEO Premium plugin. -->","yoast_head_json":{"title":"GECEYE KAR\u015eI M\u00dcDAFAA - narteks.net","robots":{"index":"index","follow":"follow","max-snippet":"max-snippet:-1","max-image-preview":"max-image-preview:large","max-video-preview":"max-video-preview:-1"},"canonical":"https:\/\/narteks.net\/index.php\/2011\/02\/26\/geceye-karsi-mudafaa\/","og_locale":"tr_TR","og_type":"article","og_title":"GECEYE KAR\u015eI M\u00dcDAFAA","og_description":"\u00a0 Bu adam \u00f6lm\u00fc\u015ft\u00fcr ama,D\u00fc\u015fmedi topra\u011fa hen\u00fcz vakit.Hayat\u0131n\u0131 devrettik a\u011fa\u00e7laraKalbi kimlere ait. Bu adam \u00f6lm\u00fc\u015ft\u00fcr ama,Ba\u015fucundan ayr\u0131lamad\u0131k.Sonsuz kederinde gecelerimizinNedendir hala bu beyazl\u0131k. Bu adam \u00f6lm\u00fc\u015ft\u00fcr ama,Hen\u00fcz durmad\u0131 nehir.Ve nasibi muhte\u015fem ku\u015flar gibiOnu g\u00f6t\u00fcrebilir. Faz\u0131l H\u00fcsn\u00fc DA\u011eLARCA","og_url":"https:\/\/narteks.net\/index.php\/2011\/02\/26\/geceye-karsi-mudafaa\/","og_site_name":"narteks.net","article_published_time":"2011-02-26T19:54:03+00:00","og_image":[{"width":300,"height":90,"url":"https:\/\/narteks.net\/wp-content\/uploads\/narteks.png","type":"image\/png"}],"author":"Tar\u0131k","twitter_card":"summary_large_image","twitter_creator":"@narteks","twitter_site":"@narteks","twitter_misc":{"Yazan:":"Tar\u0131k"},"schema":{"@context":"https:\/\/schema.org","@graph":[{"@type":"Article","@id":"https:\/\/narteks.net\/index.php\/2011\/02\/26\/geceye-karsi-mudafaa\/#article","isPartOf":{"@id":"https:\/\/narteks.net\/index.php\/2011\/02\/26\/geceye-karsi-mudafaa\/"},"author":{"name":"Tar\u0131k","@id":"https:\/\/narteks.net\/#\/schema\/person\/61f37d9834294b72d31d274e7ed79bca"},"headline":"GECEYE KAR\u015eI M\u00dcDAFAA","datePublished":"2011-02-26T19:54:03+00:00","mainEntityOfPage":{"@id":"https:\/\/narteks.net\/index.php\/2011\/02\/26\/geceye-karsi-mudafaa\/"},"wordCount":70,"commentCount":0,"publisher":{"@id":"https:\/\/narteks.net\/#organization"},"articleSection":["Faz\u0131l H\u00fcsn\u00fc DA\u011eLARCA"],"inLanguage":"tr","potentialAction":[{"@type":"CommentAction","name":"Comment","target":["https:\/\/narteks.net\/index.php\/2011\/02\/26\/geceye-karsi-mudafaa\/#respond"]}]},{"@type":"WebPage","@id":"https:\/\/narteks.net\/index.php\/2011\/02\/26\/geceye-karsi-mudafaa\/","url":"https:\/\/narteks.net\/index.php\/2011\/02\/26\/geceye-karsi-mudafaa\/","name":"GECEYE KAR\u015eI M\u00dcDAFAA - narteks.net","isPartOf":{"@id":"https:\/\/narteks.net\/#website"},"datePublished":"2011-02-26T19:54:03+00:00","breadcrumb":{"@id":"https:\/\/narteks.net\/index.php\/2011\/02\/26\/geceye-karsi-mudafaa\/#breadcrumb"},"inLanguage":"tr","potentialAction":[{"@type":"ReadAction","target":["https:\/\/narteks.net\/index.php\/2011\/02\/26\/geceye-karsi-mudafaa\/"]}]},{"@type":"BreadcrumbList","@id":"https:\/\/narteks.net\/index.php\/2011\/02\/26\/geceye-karsi-mudafaa\/#breadcrumb","itemListElement":[{"@type":"ListItem","position":1,"name":"Anasayfa","item":"https:\/\/narteks.net\/"},{"@type":"ListItem","position":2,"name":"GECEYE KAR\u015eI M\u00dcDAFAA"}]},{"@type":"WebSite","@id":"https:\/\/narteks.net\/#website","url":"https:\/\/narteks.net\/","name":"narteks.net","description":"K\u00fclt\u00fcr Sanat Edebiyat Felsefe","publisher":{"@id":"https:\/\/narteks.net\/#organization"},"alternateName":"K\u00fclt\u00fcr Sanat Edebiyat Felsefe","potentialAction":[{"@type":"SearchAction","target":{"@type":"EntryPoint","urlTemplate":"https:\/\/narteks.net\/?s={search_term_string}"},"query-input":{"@type":"PropertyValueSpecification","valueRequired":true,"valueName":"search_term_string"}}],"inLanguage":"tr"},{"@type":"Organization","@id":"https:\/\/narteks.net\/#organization","name":"narteks.net","url":"https:\/\/narteks.net\/","logo":{"@type":"ImageObject","inLanguage":"tr","@id":"https:\/\/narteks.net\/#\/schema\/logo\/image\/","url":"https:\/\/narteks.net\/wp-content\/uploads\/narteks.png","contentUrl":"https:\/\/narteks.net\/wp-content\/uploads\/narteks.png","width":300,"height":90,"caption":"narteks.net"},"image":{"@id":"https:\/\/narteks.net\/#\/schema\/logo\/image\/"},"sameAs":["https:\/\/x.com\/narteks","https:\/\/instagram.com\/narteksnet"]},{"@type":"Person","@id":"https:\/\/narteks.net\/#\/schema\/person\/61f37d9834294b72d31d274e7ed79bca","name":"Tar\u0131k","image":{"@type":"ImageObject","inLanguage":"tr","@id":"https:\/\/narteks.net\/#\/schema\/person\/image\/","url":"https:\/\/secure.gravatar.com\/avatar\/50865afb55632c4ae467e0af0930f6510aa2297d8014be502a55b14f3b7550cf?s=96&d=mm&r=g","contentUrl":"https:\/\/secure.gravatar.com\/avatar\/50865afb55632c4ae467e0af0930f6510aa2297d8014be502a55b14f3b7550cf?s=96&d=mm&r=g","caption":"Tar\u0131k"},"sameAs":["http:\/\/narteks.net"],"url":"https:\/\/narteks.net\/index.php\/author\/narbak\/"}]}},"_links":{"self":[{"href":"https:\/\/narteks.net\/index.php\/wp-json\/wp\/v2\/posts\/5290","targetHints":{"allow":["GET"]}}],"collection":[{"href":"https:\/\/narteks.net\/index.php\/wp-json\/wp\/v2\/posts"}],"about":[{"href":"https:\/\/narteks.net\/index.php\/wp-json\/wp\/v2\/types\/post"}],"author":[{"embeddable":true,"href":"https:\/\/narteks.net\/index.php\/wp-json\/wp\/v2\/users\/1"}],"replies":[{"embeddable":true,"href":"https:\/\/narteks.net\/index.php\/wp-json\/wp\/v2\/comments?post=5290"}],"version-history":[{"count":0,"href":"https:\/\/narteks.net\/index.php\/wp-json\/wp\/v2\/posts\/5290\/revisions"}],"wp:attachment":[{"href":"https:\/\/narteks.net\/index.php\/wp-json\/wp\/v2\/media?parent=5290"}],"wp:term":[{"taxonomy":"category","embeddable":true,"href":"https:\/\/narteks.net\/index.php\/wp-json\/wp\/v2\/categories?post=5290"},{"taxonomy":"post_tag","embeddable":true,"href":"https:\/\/narteks.net\/index.php\/wp-json\/wp\/v2\/tags?post=5290"}],"curies":[{"name":"wp","href":"https:\/\/api.w.org\/{rel}","templated":true}]}}