{"id":53,"date":"2009-02-27T14:28:08","date_gmt":"2009-02-27T11:28:08","guid":{"rendered":"http:\/\/localhost\/wordpress\/2009\/02\/27\/kalbim-dinamit-kuyusu\/"},"modified":"2009-02-27T14:28:08","modified_gmt":"2009-02-27T11:28:08","slug":"kalbim-dinamit-kuyusu","status":"publish","type":"post","link":"https:\/\/narteks.net\/index.php\/2009\/02\/27\/kalbim-dinamit-kuyusu\/","title":{"rendered":"KALBIM DINAMIT KUYUSU"},"content":{"rendered":"<p>\u00a0<\/p>\n<p><span>Beni, g\u00f6zlerin g\u00f6t\u00fcr\u00fcr<br \/> G\u00f6zlerin<br \/> A\u015fkla, ac\u0131yla&#8230;<br \/> Ku\u015fatm\u0131\u015flar<br \/> Sesimi, solu\u011fumu<br \/> Kesilmi\u015f<br \/> Tuz-ekmek pay\u0131m<br \/> Vurgunum<br \/> Ve darda,<br \/> G\u00f6zalt\u0131nday\u0131m.<br \/> Dal, kor keser<br \/> Penceremde a\u00e7arsa<br \/> Ku\u015f, vurulur<br \/> \u00dczerimden u\u00e7arsa.<br \/> Ve hal b\u00f6yle b\u00f6yle,<br \/> Yol bu y\u00f6ndeyken<br \/> Gelir,<br \/> Ki her geli\u015finde<br \/> Daha da i\u00e7ten<br \/> Gelir,<br \/> Soluk solu\u011fa<br \/> Benim olursun.<br \/> Amans\u0131z sarmas\u0131nda<br \/> Kollar\u0131m\u0131n<br \/> Esrik,<br \/> \u00c7\u0131\u011fl\u0131k \u00e7\u0131\u011fl\u0131\u011fa<br \/> Erir, kar gibi v\u00fccudun&#8230;<br \/> Nicedir,<br \/> Kahpe a\u011fz\u0131nda<br \/> Bir salg\u0131n,<br \/> Bir deprem gibi k\u00fcnyemiz.<br \/> Nicedir,<br \/> Ba\u015f\u0131m\u0131za zindan d\u00fcnyam\u0131z.<br \/> Biz ki<br \/> Yar\u0131n\u0131y\u0131z halk\u0131n,<br \/> Umudu, y\u00fczak\u0131y\u0131z,<br \/> H\u0131nc\u0131, namusu&#8230;<br \/> \u015eafaklar\u0131,<br \/> Taa \u015fafaklar\u0131<br \/> Hey can\u0131m,<br \/> Kalbim<br \/> Dinamit kuyusu&#8230; <\/span><\/p>\n<p>Ahmed AR\u0130F<\/p>\n","protected":false},"excerpt":{"rendered":"<p>\u00a0 Beni, g\u00f6zlerin g\u00f6t\u00fcr\u00fcr G\u00f6zlerin A\u015fkla, ac\u0131yla&#8230; Ku\u015fatm\u0131\u015flar Sesimi, solu\u011fumu Kesilmi\u015f Tuz-ekmek pay\u0131m Vurgunum Ve darda, G\u00f6zalt\u0131nday\u0131m. Dal, kor keser Penceremde a\u00e7arsa Ku\u015f, vurulur \u00dczerimden u\u00e7arsa. Ve hal b\u00f6yle b\u00f6yle, Yol bu y\u00f6ndeyken Gelir, Ki her geli\u015finde Daha da i\u00e7ten Gelir, Soluk solu\u011fa Benim olursun. Amans\u0131z sarmas\u0131nda Kollar\u0131m\u0131n Esrik, \u00c7\u0131\u011fl\u0131k \u00e7\u0131\u011fl\u0131\u011fa Erir, kar gibi v\u00fccudun&#8230; [&hellip;]<\/p>\n","protected":false},"author":1,"featured_media":0,"comment_status":"open","ping_status":"open","sticky":false,"template":"","format":"standard","meta":{"footnotes":""},"categories":[179],"tags":[],"class_list":{"0":"post-53","1":"post","2":"type-post","3":"status-publish","4":"format-standard","6":"category-ahmed-arif"},"yoast_head":"<!-- This site is optimized with the Yoast SEO Premium plugin v24.9 (Yoast SEO v24.9) - https:\/\/yoast.com\/wordpress\/plugins\/seo\/ -->\n<title>KALBIM DINAMIT KUYUSU - narteks.net<\/title>\n<meta name=\"robots\" content=\"index, follow, max-snippet:-1, max-image-preview:large, max-video-preview:-1\" \/>\n<link rel=\"canonical\" href=\"https:\/\/narteks.net\/index.php\/2009\/02\/27\/kalbim-dinamit-kuyusu\/\" \/>\n<meta property=\"og:locale\" content=\"tr_TR\" \/>\n<meta property=\"og:type\" content=\"article\" \/>\n<meta property=\"og:title\" content=\"KALBIM DINAMIT KUYUSU\" \/>\n<meta property=\"og:description\" content=\"\u00a0 Beni, g\u00f6zlerin g\u00f6t\u00fcr\u00fcr G\u00f6zlerin A\u015fkla, ac\u0131yla&#8230; Ku\u015fatm\u0131\u015flar Sesimi, solu\u011fumu Kesilmi\u015f Tuz-ekmek pay\u0131m Vurgunum Ve darda, G\u00f6zalt\u0131nday\u0131m. Dal, kor keser Penceremde a\u00e7arsa Ku\u015f, vurulur \u00dczerimden u\u00e7arsa. Ve hal b\u00f6yle b\u00f6yle, Yol bu y\u00f6ndeyken Gelir, Ki her geli\u015finde Daha da i\u00e7ten Gelir, Soluk solu\u011fa Benim olursun. Amans\u0131z sarmas\u0131nda Kollar\u0131m\u0131n Esrik, \u00c7\u0131\u011fl\u0131k \u00e7\u0131\u011fl\u0131\u011fa Erir, kar gibi v\u00fccudun&#8230; [&hellip;]\" \/>\n<meta property=\"og:url\" content=\"https:\/\/narteks.net\/index.php\/2009\/02\/27\/kalbim-dinamit-kuyusu\/\" \/>\n<meta property=\"og:site_name\" content=\"narteks.net\" \/>\n<meta property=\"article:published_time\" content=\"2009-02-27T11:28:08+00:00\" \/>\n<meta property=\"og:image\" content=\"https:\/\/narteks.net\/wp-content\/uploads\/narteks.png\" \/>\n\t<meta property=\"og:image:width\" content=\"300\" \/>\n\t<meta property=\"og:image:height\" content=\"90\" \/>\n\t<meta property=\"og:image:type\" content=\"image\/png\" \/>\n<meta name=\"author\" content=\"Tar\u0131k\" \/>\n<meta name=\"twitter:card\" content=\"summary_large_image\" \/>\n<meta name=\"twitter:creator\" content=\"@narteks\" \/>\n<meta name=\"twitter:site\" content=\"@narteks\" \/>\n<meta name=\"twitter:label1\" content=\"Yazan:\" \/>\n\t<meta name=\"twitter:data1\" content=\"Tar\u0131k\" \/>\n\t<meta name=\"twitter:label2\" content=\"Tahmini okuma s\u00fcresi\" \/>\n\t<meta name=\"twitter:data2\" content=\"1 dakika\" \/>\n<script type=\"application\/ld+json\" class=\"yoast-schema-graph\">{\"@context\":\"https:\/\/schema.org\",\"@graph\":[{\"@type\":\"Article\",\"@id\":\"https:\/\/narteks.net\/index.php\/2009\/02\/27\/kalbim-dinamit-kuyusu\/#article\",\"isPartOf\":{\"@id\":\"https:\/\/narteks.net\/index.php\/2009\/02\/27\/kalbim-dinamit-kuyusu\/\"},\"author\":{\"name\":\"Tar\u0131k\",\"@id\":\"https:\/\/narteks.net\/#\/schema\/person\/61f37d9834294b72d31d274e7ed79bca\"},\"headline\":\"KALBIM DINAMIT KUYUSU\",\"datePublished\":\"2009-02-27T11:28:08+00:00\",\"mainEntityOfPage\":{\"@id\":\"https:\/\/narteks.net\/index.php\/2009\/02\/27\/kalbim-dinamit-kuyusu\/\"},\"wordCount\":135,\"commentCount\":0,\"publisher\":{\"@id\":\"https:\/\/narteks.net\/#organization\"},\"articleSection\":[\"Ahmed AR\u0130F\"],\"inLanguage\":\"tr\",\"potentialAction\":[{\"@type\":\"CommentAction\",\"name\":\"Comment\",\"target\":[\"https:\/\/narteks.net\/index.php\/2009\/02\/27\/kalbim-dinamit-kuyusu\/#respond\"]}]},{\"@type\":\"WebPage\",\"@id\":\"https:\/\/narteks.net\/index.php\/2009\/02\/27\/kalbim-dinamit-kuyusu\/\",\"url\":\"https:\/\/narteks.net\/index.php\/2009\/02\/27\/kalbim-dinamit-kuyusu\/\",\"name\":\"KALBIM DINAMIT KUYUSU - narteks.net\",\"isPartOf\":{\"@id\":\"https:\/\/narteks.net\/#website\"},\"datePublished\":\"2009-02-27T11:28:08+00:00\",\"breadcrumb\":{\"@id\":\"https:\/\/narteks.net\/index.php\/2009\/02\/27\/kalbim-dinamit-kuyusu\/#breadcrumb\"},\"inLanguage\":\"tr\",\"potentialAction\":[{\"@type\":\"ReadAction\",\"target\":[\"https:\/\/narteks.net\/index.php\/2009\/02\/27\/kalbim-dinamit-kuyusu\/\"]}]},{\"@type\":\"BreadcrumbList\",\"@id\":\"https:\/\/narteks.net\/index.php\/2009\/02\/27\/kalbim-dinamit-kuyusu\/#breadcrumb\",\"itemListElement\":[{\"@type\":\"ListItem\",\"position\":1,\"name\":\"Anasayfa\",\"item\":\"https:\/\/narteks.net\/\"},{\"@type\":\"ListItem\",\"position\":2,\"name\":\"KALBIM DINAMIT KUYUSU\"}]},{\"@type\":\"WebSite\",\"@id\":\"https:\/\/narteks.net\/#website\",\"url\":\"https:\/\/narteks.net\/\",\"name\":\"narteks.net\",\"description\":\"K\u00fclt\u00fcr Sanat Edebiyat Felsefe\",\"publisher\":{\"@id\":\"https:\/\/narteks.net\/#organization\"},\"alternateName\":\"K\u00fclt\u00fcr Sanat Edebiyat Felsefe\",\"potentialAction\":[{\"@type\":\"SearchAction\",\"target\":{\"@type\":\"EntryPoint\",\"urlTemplate\":\"https:\/\/narteks.net\/?s={search_term_string}\"},\"query-input\":{\"@type\":\"PropertyValueSpecification\",\"valueRequired\":true,\"valueName\":\"search_term_string\"}}],\"inLanguage\":\"tr\"},{\"@type\":\"Organization\",\"@id\":\"https:\/\/narteks.net\/#organization\",\"name\":\"narteks.net\",\"url\":\"https:\/\/narteks.net\/\",\"logo\":{\"@type\":\"ImageObject\",\"inLanguage\":\"tr\",\"@id\":\"https:\/\/narteks.net\/#\/schema\/logo\/image\/\",\"url\":\"https:\/\/narteks.net\/wp-content\/uploads\/narteks.png\",\"contentUrl\":\"https:\/\/narteks.net\/wp-content\/uploads\/narteks.png\",\"width\":300,\"height\":90,\"caption\":\"narteks.net\"},\"image\":{\"@id\":\"https:\/\/narteks.net\/#\/schema\/logo\/image\/\"},\"sameAs\":[\"https:\/\/x.com\/narteks\",\"https:\/\/instagram.com\/narteksnet\"]},{\"@type\":\"Person\",\"@id\":\"https:\/\/narteks.net\/#\/schema\/person\/61f37d9834294b72d31d274e7ed79bca\",\"name\":\"Tar\u0131k\",\"image\":{\"@type\":\"ImageObject\",\"inLanguage\":\"tr\",\"@id\":\"https:\/\/narteks.net\/#\/schema\/person\/image\/\",\"url\":\"https:\/\/secure.gravatar.com\/avatar\/50865afb55632c4ae467e0af0930f6510aa2297d8014be502a55b14f3b7550cf?s=96&d=mm&r=g\",\"contentUrl\":\"https:\/\/secure.gravatar.com\/avatar\/50865afb55632c4ae467e0af0930f6510aa2297d8014be502a55b14f3b7550cf?s=96&d=mm&r=g\",\"caption\":\"Tar\u0131k\"},\"sameAs\":[\"http:\/\/narteks.net\"],\"url\":\"https:\/\/narteks.net\/index.php\/author\/narbak\/\"}]}<\/script>\n<!-- \/ Yoast SEO Premium plugin. -->","yoast_head_json":{"title":"KALBIM DINAMIT KUYUSU - narteks.net","robots":{"index":"index","follow":"follow","max-snippet":"max-snippet:-1","max-image-preview":"max-image-preview:large","max-video-preview":"max-video-preview:-1"},"canonical":"https:\/\/narteks.net\/index.php\/2009\/02\/27\/kalbim-dinamit-kuyusu\/","og_locale":"tr_TR","og_type":"article","og_title":"KALBIM DINAMIT KUYUSU","og_description":"\u00a0 Beni, g\u00f6zlerin g\u00f6t\u00fcr\u00fcr G\u00f6zlerin A\u015fkla, ac\u0131yla&#8230; Ku\u015fatm\u0131\u015flar Sesimi, solu\u011fumu Kesilmi\u015f Tuz-ekmek pay\u0131m Vurgunum Ve darda, G\u00f6zalt\u0131nday\u0131m. Dal, kor keser Penceremde a\u00e7arsa Ku\u015f, vurulur \u00dczerimden u\u00e7arsa. Ve hal b\u00f6yle b\u00f6yle, Yol bu y\u00f6ndeyken Gelir, Ki her geli\u015finde Daha da i\u00e7ten Gelir, Soluk solu\u011fa Benim olursun. Amans\u0131z sarmas\u0131nda Kollar\u0131m\u0131n Esrik, \u00c7\u0131\u011fl\u0131k \u00e7\u0131\u011fl\u0131\u011fa Erir, kar gibi v\u00fccudun&#8230; [&hellip;]","og_url":"https:\/\/narteks.net\/index.php\/2009\/02\/27\/kalbim-dinamit-kuyusu\/","og_site_name":"narteks.net","article_published_time":"2009-02-27T11:28:08+00:00","og_image":[{"width":300,"height":90,"url":"https:\/\/narteks.net\/wp-content\/uploads\/narteks.png","type":"image\/png"}],"author":"Tar\u0131k","twitter_card":"summary_large_image","twitter_creator":"@narteks","twitter_site":"@narteks","twitter_misc":{"Yazan:":"Tar\u0131k","Tahmini okuma s\u00fcresi":"1 dakika"},"schema":{"@context":"https:\/\/schema.org","@graph":[{"@type":"Article","@id":"https:\/\/narteks.net\/index.php\/2009\/02\/27\/kalbim-dinamit-kuyusu\/#article","isPartOf":{"@id":"https:\/\/narteks.net\/index.php\/2009\/02\/27\/kalbim-dinamit-kuyusu\/"},"author":{"name":"Tar\u0131k","@id":"https:\/\/narteks.net\/#\/schema\/person\/61f37d9834294b72d31d274e7ed79bca"},"headline":"KALBIM DINAMIT KUYUSU","datePublished":"2009-02-27T11:28:08+00:00","mainEntityOfPage":{"@id":"https:\/\/narteks.net\/index.php\/2009\/02\/27\/kalbim-dinamit-kuyusu\/"},"wordCount":135,"commentCount":0,"publisher":{"@id":"https:\/\/narteks.net\/#organization"},"articleSection":["Ahmed AR\u0130F"],"inLanguage":"tr","potentialAction":[{"@type":"CommentAction","name":"Comment","target":["https:\/\/narteks.net\/index.php\/2009\/02\/27\/kalbim-dinamit-kuyusu\/#respond"]}]},{"@type":"WebPage","@id":"https:\/\/narteks.net\/index.php\/2009\/02\/27\/kalbim-dinamit-kuyusu\/","url":"https:\/\/narteks.net\/index.php\/2009\/02\/27\/kalbim-dinamit-kuyusu\/","name":"KALBIM DINAMIT KUYUSU - narteks.net","isPartOf":{"@id":"https:\/\/narteks.net\/#website"},"datePublished":"2009-02-27T11:28:08+00:00","breadcrumb":{"@id":"https:\/\/narteks.net\/index.php\/2009\/02\/27\/kalbim-dinamit-kuyusu\/#breadcrumb"},"inLanguage":"tr","potentialAction":[{"@type":"ReadAction","target":["https:\/\/narteks.net\/index.php\/2009\/02\/27\/kalbim-dinamit-kuyusu\/"]}]},{"@type":"BreadcrumbList","@id":"https:\/\/narteks.net\/index.php\/2009\/02\/27\/kalbim-dinamit-kuyusu\/#breadcrumb","itemListElement":[{"@type":"ListItem","position":1,"name":"Anasayfa","item":"https:\/\/narteks.net\/"},{"@type":"ListItem","position":2,"name":"KALBIM DINAMIT KUYUSU"}]},{"@type":"WebSite","@id":"https:\/\/narteks.net\/#website","url":"https:\/\/narteks.net\/","name":"narteks.net","description":"K\u00fclt\u00fcr Sanat Edebiyat Felsefe","publisher":{"@id":"https:\/\/narteks.net\/#organization"},"alternateName":"K\u00fclt\u00fcr Sanat Edebiyat Felsefe","potentialAction":[{"@type":"SearchAction","target":{"@type":"EntryPoint","urlTemplate":"https:\/\/narteks.net\/?s={search_term_string}"},"query-input":{"@type":"PropertyValueSpecification","valueRequired":true,"valueName":"search_term_string"}}],"inLanguage":"tr"},{"@type":"Organization","@id":"https:\/\/narteks.net\/#organization","name":"narteks.net","url":"https:\/\/narteks.net\/","logo":{"@type":"ImageObject","inLanguage":"tr","@id":"https:\/\/narteks.net\/#\/schema\/logo\/image\/","url":"https:\/\/narteks.net\/wp-content\/uploads\/narteks.png","contentUrl":"https:\/\/narteks.net\/wp-content\/uploads\/narteks.png","width":300,"height":90,"caption":"narteks.net"},"image":{"@id":"https:\/\/narteks.net\/#\/schema\/logo\/image\/"},"sameAs":["https:\/\/x.com\/narteks","https:\/\/instagram.com\/narteksnet"]},{"@type":"Person","@id":"https:\/\/narteks.net\/#\/schema\/person\/61f37d9834294b72d31d274e7ed79bca","name":"Tar\u0131k","image":{"@type":"ImageObject","inLanguage":"tr","@id":"https:\/\/narteks.net\/#\/schema\/person\/image\/","url":"https:\/\/secure.gravatar.com\/avatar\/50865afb55632c4ae467e0af0930f6510aa2297d8014be502a55b14f3b7550cf?s=96&d=mm&r=g","contentUrl":"https:\/\/secure.gravatar.com\/avatar\/50865afb55632c4ae467e0af0930f6510aa2297d8014be502a55b14f3b7550cf?s=96&d=mm&r=g","caption":"Tar\u0131k"},"sameAs":["http:\/\/narteks.net"],"url":"https:\/\/narteks.net\/index.php\/author\/narbak\/"}]}},"_links":{"self":[{"href":"https:\/\/narteks.net\/index.php\/wp-json\/wp\/v2\/posts\/53","targetHints":{"allow":["GET"]}}],"collection":[{"href":"https:\/\/narteks.net\/index.php\/wp-json\/wp\/v2\/posts"}],"about":[{"href":"https:\/\/narteks.net\/index.php\/wp-json\/wp\/v2\/types\/post"}],"author":[{"embeddable":true,"href":"https:\/\/narteks.net\/index.php\/wp-json\/wp\/v2\/users\/1"}],"replies":[{"embeddable":true,"href":"https:\/\/narteks.net\/index.php\/wp-json\/wp\/v2\/comments?post=53"}],"version-history":[{"count":0,"href":"https:\/\/narteks.net\/index.php\/wp-json\/wp\/v2\/posts\/53\/revisions"}],"wp:attachment":[{"href":"https:\/\/narteks.net\/index.php\/wp-json\/wp\/v2\/media?parent=53"}],"wp:term":[{"taxonomy":"category","embeddable":true,"href":"https:\/\/narteks.net\/index.php\/wp-json\/wp\/v2\/categories?post=53"},{"taxonomy":"post_tag","embeddable":true,"href":"https:\/\/narteks.net\/index.php\/wp-json\/wp\/v2\/tags?post=53"}],"curies":[{"name":"wp","href":"https:\/\/api.w.org\/{rel}","templated":true}]}}