{"id":5300,"date":"2011-02-26T23:00:31","date_gmt":"2011-02-26T20:00:31","guid":{"rendered":"http:\/\/localhost\/wordpress\/2011\/02\/26\/gunlerde\/"},"modified":"2011-02-26T23:00:31","modified_gmt":"2011-02-26T20:00:31","slug":"gunlerde","status":"publish","type":"post","link":"https:\/\/narteks.net\/index.php\/2011\/02\/26\/gunlerde\/","title":{"rendered":"G\u00dcNLERDE"},"content":{"rendered":"<p>\u00a0<\/p>\n<p>Ge\u00e7ip gideceksin<br \/>Karanl\u0131\u011f\u0131n<br \/>Nereye g\u00f6t\u00fcrd\u00fc\u011f\u00fcn\u00fc bilmeden hi\u00e7<\/p>\n<p>Analar k\u0131zlar nineler o\u011fullar<br \/>Daha da \u00fcz\u00fcl\u00fcrken s\u0131zlarken<br \/>G\u00fczelle\u015firken daha da<\/p>\n<p>D\u00f6nerdi de\u011fil mi her ak\u015fam<br \/>Kurdu and\u0131ran da\u011f doru\u011funda<br \/>Kuzey y\u0131ld\u0131z\u0131<\/p>\n<p>Verirdi ya<br \/>An\u0131lar\u0131ndaki k\u0131rm\u0131z\u0131y\u0131<br \/>A\u011fa\u00e7lar her kiraz\u0131nda<\/p>\n<p>Sevmez miydi o\u011flan\u0131n esmerli\u011fini<br \/>\u0130nince perdeler<br \/>K\u0131z geceleyin<\/p>\n<p>Emekli nas\u0131lda bombo\u015ftu kahvede<br \/>Anlat\u0131rd\u0131 g\u00f6zleri \u0131slak<br \/>Elleri uykulu<\/p>\n<p>Bir \u00e7a\u011fr\u0131s\u0131 yokmuydu ha<br \/>G\u00fcn do\u011far do\u011fmaz<br \/>Yeni otomobillerin<\/p>\n<p>K\u00f6t\u00fcyd\u00fc biliyorsun<br \/>Gazetedeki yaz\u0131lar<br \/>Sava\u015flardan ekmekten kiralardan \u00f6t\u00fcr\u00fc<\/p>\n<p>Sen ge\u00e7ip gideceksin<br \/>B\u00fct\u00fcn ayd\u0131nl\u0131\u011f\u0131<br \/>B\u00f6ylece b\u0131rak\u0131p<\/p>\n<p>Faz\u0131l H\u00fcsn\u00fc DA\u011eLARCA<\/p>\n","protected":false},"excerpt":{"rendered":"<p>\u00a0 Ge\u00e7ip gideceksinKaranl\u0131\u011f\u0131nNereye g\u00f6t\u00fcrd\u00fc\u011f\u00fcn\u00fc bilmeden hi\u00e7 Analar k\u0131zlar nineler o\u011fullarDaha da \u00fcz\u00fcl\u00fcrken s\u0131zlarkenG\u00fczelle\u015firken daha da D\u00f6nerdi de\u011fil mi her ak\u015famKurdu and\u0131ran da\u011f doru\u011fundaKuzey y\u0131ld\u0131z\u0131 Verirdi yaAn\u0131lar\u0131ndaki k\u0131rm\u0131z\u0131y\u0131A\u011fa\u00e7lar her kiraz\u0131nda Sevmez miydi o\u011flan\u0131n esmerli\u011fini\u0130nince perdelerK\u0131z geceleyin Emekli nas\u0131lda bombo\u015ftu kahvedeAnlat\u0131rd\u0131 g\u00f6zleri \u0131slakElleri uykulu Bir \u00e7a\u011fr\u0131s\u0131 yokmuydu haG\u00fcn do\u011far do\u011fmazYeni otomobillerin K\u00f6t\u00fcyd\u00fc biliyorsunGazetedeki yaz\u0131larSava\u015flardan ekmekten kiralardan \u00f6t\u00fcr\u00fc [&hellip;]<\/p>\n","protected":false},"author":1,"featured_media":0,"comment_status":"open","ping_status":"open","sticky":false,"template":"","format":"standard","meta":{"footnotes":""},"categories":[166],"tags":[],"class_list":{"0":"post-5300","1":"post","2":"type-post","3":"status-publish","4":"format-standard","6":"category-fazil-husnu-daglarca"},"yoast_head":"<!-- This site is optimized with the Yoast SEO Premium plugin v24.9 (Yoast SEO v24.9) - https:\/\/yoast.com\/wordpress\/plugins\/seo\/ -->\n<title>G\u00dcNLERDE - narteks.net<\/title>\n<meta name=\"robots\" content=\"index, follow, max-snippet:-1, max-image-preview:large, max-video-preview:-1\" \/>\n<link rel=\"canonical\" href=\"https:\/\/narteks.net\/index.php\/2011\/02\/26\/gunlerde\/\" \/>\n<meta property=\"og:locale\" content=\"tr_TR\" \/>\n<meta property=\"og:type\" content=\"article\" \/>\n<meta property=\"og:title\" content=\"G\u00dcNLERDE\" \/>\n<meta property=\"og:description\" content=\"\u00a0 Ge\u00e7ip gideceksinKaranl\u0131\u011f\u0131nNereye g\u00f6t\u00fcrd\u00fc\u011f\u00fcn\u00fc bilmeden hi\u00e7 Analar k\u0131zlar nineler o\u011fullarDaha da \u00fcz\u00fcl\u00fcrken s\u0131zlarkenG\u00fczelle\u015firken daha da D\u00f6nerdi de\u011fil mi her ak\u015famKurdu and\u0131ran da\u011f doru\u011fundaKuzey y\u0131ld\u0131z\u0131 Verirdi yaAn\u0131lar\u0131ndaki k\u0131rm\u0131z\u0131y\u0131A\u011fa\u00e7lar her kiraz\u0131nda Sevmez miydi o\u011flan\u0131n esmerli\u011fini\u0130nince perdelerK\u0131z geceleyin Emekli nas\u0131lda bombo\u015ftu kahvedeAnlat\u0131rd\u0131 g\u00f6zleri \u0131slakElleri uykulu Bir \u00e7a\u011fr\u0131s\u0131 yokmuydu haG\u00fcn do\u011far do\u011fmazYeni otomobillerin K\u00f6t\u00fcyd\u00fc biliyorsunGazetedeki yaz\u0131larSava\u015flardan ekmekten kiralardan \u00f6t\u00fcr\u00fc [&hellip;]\" \/>\n<meta property=\"og:url\" content=\"https:\/\/narteks.net\/index.php\/2011\/02\/26\/gunlerde\/\" \/>\n<meta property=\"og:site_name\" content=\"narteks.net\" \/>\n<meta property=\"article:published_time\" content=\"2011-02-26T20:00:31+00:00\" \/>\n<meta property=\"og:image\" content=\"https:\/\/narteks.net\/wp-content\/uploads\/narteks.png\" \/>\n\t<meta property=\"og:image:width\" content=\"300\" \/>\n\t<meta property=\"og:image:height\" content=\"90\" \/>\n\t<meta property=\"og:image:type\" content=\"image\/png\" \/>\n<meta name=\"author\" content=\"Tar\u0131k\" \/>\n<meta name=\"twitter:card\" content=\"summary_large_image\" \/>\n<meta name=\"twitter:creator\" content=\"@narteks\" \/>\n<meta name=\"twitter:site\" content=\"@narteks\" \/>\n<meta name=\"twitter:label1\" content=\"Yazan:\" \/>\n\t<meta name=\"twitter:data1\" content=\"Tar\u0131k\" \/>\n\t<meta name=\"twitter:label2\" content=\"Tahmini okuma s\u00fcresi\" \/>\n\t<meta name=\"twitter:data2\" content=\"1 dakika\" \/>\n<script type=\"application\/ld+json\" class=\"yoast-schema-graph\">{\"@context\":\"https:\/\/schema.org\",\"@graph\":[{\"@type\":\"Article\",\"@id\":\"https:\/\/narteks.net\/index.php\/2011\/02\/26\/gunlerde\/#article\",\"isPartOf\":{\"@id\":\"https:\/\/narteks.net\/index.php\/2011\/02\/26\/gunlerde\/\"},\"author\":{\"name\":\"Tar\u0131k\",\"@id\":\"https:\/\/narteks.net\/#\/schema\/person\/61f37d9834294b72d31d274e7ed79bca\"},\"headline\":\"G\u00dcNLERDE\",\"datePublished\":\"2011-02-26T20:00:31+00:00\",\"mainEntityOfPage\":{\"@id\":\"https:\/\/narteks.net\/index.php\/2011\/02\/26\/gunlerde\/\"},\"wordCount\":122,\"commentCount\":0,\"publisher\":{\"@id\":\"https:\/\/narteks.net\/#organization\"},\"articleSection\":[\"Faz\u0131l H\u00fcsn\u00fc DA\u011eLARCA\"],\"inLanguage\":\"tr\",\"potentialAction\":[{\"@type\":\"CommentAction\",\"name\":\"Comment\",\"target\":[\"https:\/\/narteks.net\/index.php\/2011\/02\/26\/gunlerde\/#respond\"]}]},{\"@type\":\"WebPage\",\"@id\":\"https:\/\/narteks.net\/index.php\/2011\/02\/26\/gunlerde\/\",\"url\":\"https:\/\/narteks.net\/index.php\/2011\/02\/26\/gunlerde\/\",\"name\":\"G\u00dcNLERDE - narteks.net\",\"isPartOf\":{\"@id\":\"https:\/\/narteks.net\/#website\"},\"datePublished\":\"2011-02-26T20:00:31+00:00\",\"breadcrumb\":{\"@id\":\"https:\/\/narteks.net\/index.php\/2011\/02\/26\/gunlerde\/#breadcrumb\"},\"inLanguage\":\"tr\",\"potentialAction\":[{\"@type\":\"ReadAction\",\"target\":[\"https:\/\/narteks.net\/index.php\/2011\/02\/26\/gunlerde\/\"]}]},{\"@type\":\"BreadcrumbList\",\"@id\":\"https:\/\/narteks.net\/index.php\/2011\/02\/26\/gunlerde\/#breadcrumb\",\"itemListElement\":[{\"@type\":\"ListItem\",\"position\":1,\"name\":\"Anasayfa\",\"item\":\"https:\/\/narteks.net\/\"},{\"@type\":\"ListItem\",\"position\":2,\"name\":\"G\u00dcNLERDE\"}]},{\"@type\":\"WebSite\",\"@id\":\"https:\/\/narteks.net\/#website\",\"url\":\"https:\/\/narteks.net\/\",\"name\":\"narteks.net\",\"description\":\"K\u00fclt\u00fcr Sanat Edebiyat Felsefe\",\"publisher\":{\"@id\":\"https:\/\/narteks.net\/#organization\"},\"alternateName\":\"K\u00fclt\u00fcr Sanat Edebiyat Felsefe\",\"potentialAction\":[{\"@type\":\"SearchAction\",\"target\":{\"@type\":\"EntryPoint\",\"urlTemplate\":\"https:\/\/narteks.net\/?s={search_term_string}\"},\"query-input\":{\"@type\":\"PropertyValueSpecification\",\"valueRequired\":true,\"valueName\":\"search_term_string\"}}],\"inLanguage\":\"tr\"},{\"@type\":\"Organization\",\"@id\":\"https:\/\/narteks.net\/#organization\",\"name\":\"narteks.net\",\"url\":\"https:\/\/narteks.net\/\",\"logo\":{\"@type\":\"ImageObject\",\"inLanguage\":\"tr\",\"@id\":\"https:\/\/narteks.net\/#\/schema\/logo\/image\/\",\"url\":\"https:\/\/narteks.net\/wp-content\/uploads\/narteks.png\",\"contentUrl\":\"https:\/\/narteks.net\/wp-content\/uploads\/narteks.png\",\"width\":300,\"height\":90,\"caption\":\"narteks.net\"},\"image\":{\"@id\":\"https:\/\/narteks.net\/#\/schema\/logo\/image\/\"},\"sameAs\":[\"https:\/\/x.com\/narteks\",\"https:\/\/instagram.com\/narteksnet\"]},{\"@type\":\"Person\",\"@id\":\"https:\/\/narteks.net\/#\/schema\/person\/61f37d9834294b72d31d274e7ed79bca\",\"name\":\"Tar\u0131k\",\"image\":{\"@type\":\"ImageObject\",\"inLanguage\":\"tr\",\"@id\":\"https:\/\/narteks.net\/#\/schema\/person\/image\/\",\"url\":\"https:\/\/secure.gravatar.com\/avatar\/50865afb55632c4ae467e0af0930f6510aa2297d8014be502a55b14f3b7550cf?s=96&d=mm&r=g\",\"contentUrl\":\"https:\/\/secure.gravatar.com\/avatar\/50865afb55632c4ae467e0af0930f6510aa2297d8014be502a55b14f3b7550cf?s=96&d=mm&r=g\",\"caption\":\"Tar\u0131k\"},\"sameAs\":[\"http:\/\/narteks.net\"],\"url\":\"https:\/\/narteks.net\/index.php\/author\/narbak\/\"}]}<\/script>\n<!-- \/ Yoast SEO Premium plugin. -->","yoast_head_json":{"title":"G\u00dcNLERDE - narteks.net","robots":{"index":"index","follow":"follow","max-snippet":"max-snippet:-1","max-image-preview":"max-image-preview:large","max-video-preview":"max-video-preview:-1"},"canonical":"https:\/\/narteks.net\/index.php\/2011\/02\/26\/gunlerde\/","og_locale":"tr_TR","og_type":"article","og_title":"G\u00dcNLERDE","og_description":"\u00a0 Ge\u00e7ip gideceksinKaranl\u0131\u011f\u0131nNereye g\u00f6t\u00fcrd\u00fc\u011f\u00fcn\u00fc bilmeden hi\u00e7 Analar k\u0131zlar nineler o\u011fullarDaha da \u00fcz\u00fcl\u00fcrken s\u0131zlarkenG\u00fczelle\u015firken daha da D\u00f6nerdi de\u011fil mi her ak\u015famKurdu and\u0131ran da\u011f doru\u011fundaKuzey y\u0131ld\u0131z\u0131 Verirdi yaAn\u0131lar\u0131ndaki k\u0131rm\u0131z\u0131y\u0131A\u011fa\u00e7lar her kiraz\u0131nda Sevmez miydi o\u011flan\u0131n esmerli\u011fini\u0130nince perdelerK\u0131z geceleyin Emekli nas\u0131lda bombo\u015ftu kahvedeAnlat\u0131rd\u0131 g\u00f6zleri \u0131slakElleri uykulu Bir \u00e7a\u011fr\u0131s\u0131 yokmuydu haG\u00fcn do\u011far do\u011fmazYeni otomobillerin K\u00f6t\u00fcyd\u00fc biliyorsunGazetedeki yaz\u0131larSava\u015flardan ekmekten kiralardan \u00f6t\u00fcr\u00fc [&hellip;]","og_url":"https:\/\/narteks.net\/index.php\/2011\/02\/26\/gunlerde\/","og_site_name":"narteks.net","article_published_time":"2011-02-26T20:00:31+00:00","og_image":[{"width":300,"height":90,"url":"https:\/\/narteks.net\/wp-content\/uploads\/narteks.png","type":"image\/png"}],"author":"Tar\u0131k","twitter_card":"summary_large_image","twitter_creator":"@narteks","twitter_site":"@narteks","twitter_misc":{"Yazan:":"Tar\u0131k","Tahmini okuma s\u00fcresi":"1 dakika"},"schema":{"@context":"https:\/\/schema.org","@graph":[{"@type":"Article","@id":"https:\/\/narteks.net\/index.php\/2011\/02\/26\/gunlerde\/#article","isPartOf":{"@id":"https:\/\/narteks.net\/index.php\/2011\/02\/26\/gunlerde\/"},"author":{"name":"Tar\u0131k","@id":"https:\/\/narteks.net\/#\/schema\/person\/61f37d9834294b72d31d274e7ed79bca"},"headline":"G\u00dcNLERDE","datePublished":"2011-02-26T20:00:31+00:00","mainEntityOfPage":{"@id":"https:\/\/narteks.net\/index.php\/2011\/02\/26\/gunlerde\/"},"wordCount":122,"commentCount":0,"publisher":{"@id":"https:\/\/narteks.net\/#organization"},"articleSection":["Faz\u0131l H\u00fcsn\u00fc DA\u011eLARCA"],"inLanguage":"tr","potentialAction":[{"@type":"CommentAction","name":"Comment","target":["https:\/\/narteks.net\/index.php\/2011\/02\/26\/gunlerde\/#respond"]}]},{"@type":"WebPage","@id":"https:\/\/narteks.net\/index.php\/2011\/02\/26\/gunlerde\/","url":"https:\/\/narteks.net\/index.php\/2011\/02\/26\/gunlerde\/","name":"G\u00dcNLERDE - narteks.net","isPartOf":{"@id":"https:\/\/narteks.net\/#website"},"datePublished":"2011-02-26T20:00:31+00:00","breadcrumb":{"@id":"https:\/\/narteks.net\/index.php\/2011\/02\/26\/gunlerde\/#breadcrumb"},"inLanguage":"tr","potentialAction":[{"@type":"ReadAction","target":["https:\/\/narteks.net\/index.php\/2011\/02\/26\/gunlerde\/"]}]},{"@type":"BreadcrumbList","@id":"https:\/\/narteks.net\/index.php\/2011\/02\/26\/gunlerde\/#breadcrumb","itemListElement":[{"@type":"ListItem","position":1,"name":"Anasayfa","item":"https:\/\/narteks.net\/"},{"@type":"ListItem","position":2,"name":"G\u00dcNLERDE"}]},{"@type":"WebSite","@id":"https:\/\/narteks.net\/#website","url":"https:\/\/narteks.net\/","name":"narteks.net","description":"K\u00fclt\u00fcr Sanat Edebiyat Felsefe","publisher":{"@id":"https:\/\/narteks.net\/#organization"},"alternateName":"K\u00fclt\u00fcr Sanat Edebiyat Felsefe","potentialAction":[{"@type":"SearchAction","target":{"@type":"EntryPoint","urlTemplate":"https:\/\/narteks.net\/?s={search_term_string}"},"query-input":{"@type":"PropertyValueSpecification","valueRequired":true,"valueName":"search_term_string"}}],"inLanguage":"tr"},{"@type":"Organization","@id":"https:\/\/narteks.net\/#organization","name":"narteks.net","url":"https:\/\/narteks.net\/","logo":{"@type":"ImageObject","inLanguage":"tr","@id":"https:\/\/narteks.net\/#\/schema\/logo\/image\/","url":"https:\/\/narteks.net\/wp-content\/uploads\/narteks.png","contentUrl":"https:\/\/narteks.net\/wp-content\/uploads\/narteks.png","width":300,"height":90,"caption":"narteks.net"},"image":{"@id":"https:\/\/narteks.net\/#\/schema\/logo\/image\/"},"sameAs":["https:\/\/x.com\/narteks","https:\/\/instagram.com\/narteksnet"]},{"@type":"Person","@id":"https:\/\/narteks.net\/#\/schema\/person\/61f37d9834294b72d31d274e7ed79bca","name":"Tar\u0131k","image":{"@type":"ImageObject","inLanguage":"tr","@id":"https:\/\/narteks.net\/#\/schema\/person\/image\/","url":"https:\/\/secure.gravatar.com\/avatar\/50865afb55632c4ae467e0af0930f6510aa2297d8014be502a55b14f3b7550cf?s=96&d=mm&r=g","contentUrl":"https:\/\/secure.gravatar.com\/avatar\/50865afb55632c4ae467e0af0930f6510aa2297d8014be502a55b14f3b7550cf?s=96&d=mm&r=g","caption":"Tar\u0131k"},"sameAs":["http:\/\/narteks.net"],"url":"https:\/\/narteks.net\/index.php\/author\/narbak\/"}]}},"_links":{"self":[{"href":"https:\/\/narteks.net\/index.php\/wp-json\/wp\/v2\/posts\/5300","targetHints":{"allow":["GET"]}}],"collection":[{"href":"https:\/\/narteks.net\/index.php\/wp-json\/wp\/v2\/posts"}],"about":[{"href":"https:\/\/narteks.net\/index.php\/wp-json\/wp\/v2\/types\/post"}],"author":[{"embeddable":true,"href":"https:\/\/narteks.net\/index.php\/wp-json\/wp\/v2\/users\/1"}],"replies":[{"embeddable":true,"href":"https:\/\/narteks.net\/index.php\/wp-json\/wp\/v2\/comments?post=5300"}],"version-history":[{"count":0,"href":"https:\/\/narteks.net\/index.php\/wp-json\/wp\/v2\/posts\/5300\/revisions"}],"wp:attachment":[{"href":"https:\/\/narteks.net\/index.php\/wp-json\/wp\/v2\/media?parent=5300"}],"wp:term":[{"taxonomy":"category","embeddable":true,"href":"https:\/\/narteks.net\/index.php\/wp-json\/wp\/v2\/categories?post=5300"},{"taxonomy":"post_tag","embeddable":true,"href":"https:\/\/narteks.net\/index.php\/wp-json\/wp\/v2\/tags?post=5300"}],"curies":[{"name":"wp","href":"https:\/\/api.w.org\/{rel}","templated":true}]}}