{"id":5306,"date":"2011-02-26T23:04:35","date_gmt":"2011-02-26T20:04:35","guid":{"rendered":"http:\/\/localhost\/wordpress\/2011\/02\/26\/akdeniz-aciliydi-xix\/"},"modified":"2011-02-26T23:04:35","modified_gmt":"2011-02-26T20:04:35","slug":"akdeniz-aciliydi-xix","status":"publish","type":"post","link":"https:\/\/narteks.net\/index.php\/2011\/02\/26\/akdeniz-aciliydi-xix\/","title":{"rendered":"AKDEN\u0130Z ACILIYDI XIX"},"content":{"rendered":"<p>\u00a0<\/p>\n<p>De bana nas\u0131l \u00f6ld\u00fcrebilir ki\u015fi kendini<br \/>Sevgiy\u00e7in.<br \/>Sonra nas\u0131l d\u00fc\u015f\u00fcnebilir deniz deniz<br \/>Sonra nas\u0131l sever?<\/p>\n<p>G\u00fczellikle \u00e7irkinlikle ilgin yok<br \/>B\u00fcy\u00fcks\u00fcn<br \/>Ve vars\u0131n her oluda<br \/>Bu\u011fdaydan yal\u0131ma dek.<\/p>\n<p>Duy gecenin \u00fcst\u00fcnden<br \/>Seni d\u00fc\u015f\u00fcnd\u00fck\u00e7e<br \/>\u00d6yle yasl\u0131y\u0131m ki<br \/>Yery\u00fcz\u00fcn\u00fcn b\u00fct\u00fcn sevgilerine g\u00fcl\u00fcyorum.<\/p>\n<p>Faz\u0131l H\u00fcsn\u00fc DA\u011eLARCA<\/p>\n","protected":false},"excerpt":{"rendered":"<p>\u00a0 De bana nas\u0131l \u00f6ld\u00fcrebilir ki\u015fi kendiniSevgiy\u00e7in.Sonra nas\u0131l d\u00fc\u015f\u00fcnebilir deniz denizSonra nas\u0131l sever? G\u00fczellikle \u00e7irkinlikle ilgin yokB\u00fcy\u00fcks\u00fcnVe vars\u0131n her oludaBu\u011fdaydan yal\u0131ma dek. Duy gecenin \u00fcst\u00fcndenSeni d\u00fc\u015f\u00fcnd\u00fck\u00e7e\u00d6yle yasl\u0131y\u0131m kiYery\u00fcz\u00fcn\u00fcn b\u00fct\u00fcn sevgilerine g\u00fcl\u00fcyorum. Faz\u0131l H\u00fcsn\u00fc DA\u011eLARCA<\/p>\n","protected":false},"author":1,"featured_media":0,"comment_status":"open","ping_status":"open","sticky":false,"template":"","format":"standard","meta":{"footnotes":""},"categories":[166],"tags":[],"class_list":{"0":"post-5306","1":"post","2":"type-post","3":"status-publish","4":"format-standard","6":"category-fazil-husnu-daglarca"},"yoast_head":"<!-- This site is optimized with the Yoast SEO Premium plugin v24.9 (Yoast SEO v24.9) - https:\/\/yoast.com\/wordpress\/plugins\/seo\/ -->\n<title>AKDEN\u0130Z ACILIYDI XIX - narteks.net<\/title>\n<meta name=\"robots\" content=\"index, follow, max-snippet:-1, max-image-preview:large, max-video-preview:-1\" \/>\n<link rel=\"canonical\" href=\"https:\/\/narteks.net\/index.php\/2011\/02\/26\/akdeniz-aciliydi-xix\/\" \/>\n<meta property=\"og:locale\" content=\"tr_TR\" \/>\n<meta property=\"og:type\" content=\"article\" \/>\n<meta property=\"og:title\" content=\"AKDEN\u0130Z ACILIYDI XIX\" \/>\n<meta property=\"og:description\" content=\"\u00a0 De bana nas\u0131l \u00f6ld\u00fcrebilir ki\u015fi kendiniSevgiy\u00e7in.Sonra nas\u0131l d\u00fc\u015f\u00fcnebilir deniz denizSonra nas\u0131l sever? G\u00fczellikle \u00e7irkinlikle ilgin yokB\u00fcy\u00fcks\u00fcnVe vars\u0131n her oludaBu\u011fdaydan yal\u0131ma dek. Duy gecenin \u00fcst\u00fcndenSeni d\u00fc\u015f\u00fcnd\u00fck\u00e7e\u00d6yle yasl\u0131y\u0131m kiYery\u00fcz\u00fcn\u00fcn b\u00fct\u00fcn sevgilerine g\u00fcl\u00fcyorum. Faz\u0131l H\u00fcsn\u00fc DA\u011eLARCA\" \/>\n<meta property=\"og:url\" content=\"https:\/\/narteks.net\/index.php\/2011\/02\/26\/akdeniz-aciliydi-xix\/\" \/>\n<meta property=\"og:site_name\" content=\"narteks.net\" \/>\n<meta property=\"article:published_time\" content=\"2011-02-26T20:04:35+00:00\" \/>\n<meta property=\"og:image\" content=\"https:\/\/narteks.net\/wp-content\/uploads\/narteks.png\" \/>\n\t<meta property=\"og:image:width\" content=\"300\" \/>\n\t<meta property=\"og:image:height\" content=\"90\" \/>\n\t<meta property=\"og:image:type\" content=\"image\/png\" \/>\n<meta name=\"author\" content=\"Tar\u0131k\" \/>\n<meta name=\"twitter:card\" content=\"summary_large_image\" \/>\n<meta name=\"twitter:creator\" content=\"@narteks\" \/>\n<meta name=\"twitter:site\" content=\"@narteks\" \/>\n<meta name=\"twitter:label1\" content=\"Yazan:\" \/>\n\t<meta name=\"twitter:data1\" content=\"Tar\u0131k\" \/>\n<script type=\"application\/ld+json\" class=\"yoast-schema-graph\">{\"@context\":\"https:\/\/schema.org\",\"@graph\":[{\"@type\":\"Article\",\"@id\":\"https:\/\/narteks.net\/index.php\/2011\/02\/26\/akdeniz-aciliydi-xix\/#article\",\"isPartOf\":{\"@id\":\"https:\/\/narteks.net\/index.php\/2011\/02\/26\/akdeniz-aciliydi-xix\/\"},\"author\":{\"name\":\"Tar\u0131k\",\"@id\":\"https:\/\/narteks.net\/#\/schema\/person\/61f37d9834294b72d31d274e7ed79bca\"},\"headline\":\"AKDEN\u0130Z ACILIYDI XIX\",\"datePublished\":\"2011-02-26T20:04:35+00:00\",\"mainEntityOfPage\":{\"@id\":\"https:\/\/narteks.net\/index.php\/2011\/02\/26\/akdeniz-aciliydi-xix\/\"},\"wordCount\":69,\"commentCount\":0,\"publisher\":{\"@id\":\"https:\/\/narteks.net\/#organization\"},\"articleSection\":[\"Faz\u0131l H\u00fcsn\u00fc DA\u011eLARCA\"],\"inLanguage\":\"tr\",\"potentialAction\":[{\"@type\":\"CommentAction\",\"name\":\"Comment\",\"target\":[\"https:\/\/narteks.net\/index.php\/2011\/02\/26\/akdeniz-aciliydi-xix\/#respond\"]}]},{\"@type\":\"WebPage\",\"@id\":\"https:\/\/narteks.net\/index.php\/2011\/02\/26\/akdeniz-aciliydi-xix\/\",\"url\":\"https:\/\/narteks.net\/index.php\/2011\/02\/26\/akdeniz-aciliydi-xix\/\",\"name\":\"AKDEN\u0130Z ACILIYDI XIX - narteks.net\",\"isPartOf\":{\"@id\":\"https:\/\/narteks.net\/#website\"},\"datePublished\":\"2011-02-26T20:04:35+00:00\",\"breadcrumb\":{\"@id\":\"https:\/\/narteks.net\/index.php\/2011\/02\/26\/akdeniz-aciliydi-xix\/#breadcrumb\"},\"inLanguage\":\"tr\",\"potentialAction\":[{\"@type\":\"ReadAction\",\"target\":[\"https:\/\/narteks.net\/index.php\/2011\/02\/26\/akdeniz-aciliydi-xix\/\"]}]},{\"@type\":\"BreadcrumbList\",\"@id\":\"https:\/\/narteks.net\/index.php\/2011\/02\/26\/akdeniz-aciliydi-xix\/#breadcrumb\",\"itemListElement\":[{\"@type\":\"ListItem\",\"position\":1,\"name\":\"Anasayfa\",\"item\":\"https:\/\/narteks.net\/\"},{\"@type\":\"ListItem\",\"position\":2,\"name\":\"AKDEN\u0130Z ACILIYDI XIX\"}]},{\"@type\":\"WebSite\",\"@id\":\"https:\/\/narteks.net\/#website\",\"url\":\"https:\/\/narteks.net\/\",\"name\":\"narteks.net\",\"description\":\"K\u00fclt\u00fcr Sanat Edebiyat Felsefe\",\"publisher\":{\"@id\":\"https:\/\/narteks.net\/#organization\"},\"alternateName\":\"K\u00fclt\u00fcr Sanat Edebiyat Felsefe\",\"potentialAction\":[{\"@type\":\"SearchAction\",\"target\":{\"@type\":\"EntryPoint\",\"urlTemplate\":\"https:\/\/narteks.net\/?s={search_term_string}\"},\"query-input\":{\"@type\":\"PropertyValueSpecification\",\"valueRequired\":true,\"valueName\":\"search_term_string\"}}],\"inLanguage\":\"tr\"},{\"@type\":\"Organization\",\"@id\":\"https:\/\/narteks.net\/#organization\",\"name\":\"narteks.net\",\"url\":\"https:\/\/narteks.net\/\",\"logo\":{\"@type\":\"ImageObject\",\"inLanguage\":\"tr\",\"@id\":\"https:\/\/narteks.net\/#\/schema\/logo\/image\/\",\"url\":\"https:\/\/narteks.net\/wp-content\/uploads\/narteks.png\",\"contentUrl\":\"https:\/\/narteks.net\/wp-content\/uploads\/narteks.png\",\"width\":300,\"height\":90,\"caption\":\"narteks.net\"},\"image\":{\"@id\":\"https:\/\/narteks.net\/#\/schema\/logo\/image\/\"},\"sameAs\":[\"https:\/\/x.com\/narteks\",\"https:\/\/instagram.com\/narteksnet\"]},{\"@type\":\"Person\",\"@id\":\"https:\/\/narteks.net\/#\/schema\/person\/61f37d9834294b72d31d274e7ed79bca\",\"name\":\"Tar\u0131k\",\"image\":{\"@type\":\"ImageObject\",\"inLanguage\":\"tr\",\"@id\":\"https:\/\/narteks.net\/#\/schema\/person\/image\/\",\"url\":\"https:\/\/secure.gravatar.com\/avatar\/50865afb55632c4ae467e0af0930f6510aa2297d8014be502a55b14f3b7550cf?s=96&d=mm&r=g\",\"contentUrl\":\"https:\/\/secure.gravatar.com\/avatar\/50865afb55632c4ae467e0af0930f6510aa2297d8014be502a55b14f3b7550cf?s=96&d=mm&r=g\",\"caption\":\"Tar\u0131k\"},\"sameAs\":[\"http:\/\/narteks.net\"],\"url\":\"https:\/\/narteks.net\/index.php\/author\/narbak\/\"}]}<\/script>\n<!-- \/ Yoast SEO Premium plugin. -->","yoast_head_json":{"title":"AKDEN\u0130Z ACILIYDI XIX - narteks.net","robots":{"index":"index","follow":"follow","max-snippet":"max-snippet:-1","max-image-preview":"max-image-preview:large","max-video-preview":"max-video-preview:-1"},"canonical":"https:\/\/narteks.net\/index.php\/2011\/02\/26\/akdeniz-aciliydi-xix\/","og_locale":"tr_TR","og_type":"article","og_title":"AKDEN\u0130Z ACILIYDI XIX","og_description":"\u00a0 De bana nas\u0131l \u00f6ld\u00fcrebilir ki\u015fi kendiniSevgiy\u00e7in.Sonra nas\u0131l d\u00fc\u015f\u00fcnebilir deniz denizSonra nas\u0131l sever? G\u00fczellikle \u00e7irkinlikle ilgin yokB\u00fcy\u00fcks\u00fcnVe vars\u0131n her oludaBu\u011fdaydan yal\u0131ma dek. Duy gecenin \u00fcst\u00fcndenSeni d\u00fc\u015f\u00fcnd\u00fck\u00e7e\u00d6yle yasl\u0131y\u0131m kiYery\u00fcz\u00fcn\u00fcn b\u00fct\u00fcn sevgilerine g\u00fcl\u00fcyorum. Faz\u0131l H\u00fcsn\u00fc DA\u011eLARCA","og_url":"https:\/\/narteks.net\/index.php\/2011\/02\/26\/akdeniz-aciliydi-xix\/","og_site_name":"narteks.net","article_published_time":"2011-02-26T20:04:35+00:00","og_image":[{"width":300,"height":90,"url":"https:\/\/narteks.net\/wp-content\/uploads\/narteks.png","type":"image\/png"}],"author":"Tar\u0131k","twitter_card":"summary_large_image","twitter_creator":"@narteks","twitter_site":"@narteks","twitter_misc":{"Yazan:":"Tar\u0131k"},"schema":{"@context":"https:\/\/schema.org","@graph":[{"@type":"Article","@id":"https:\/\/narteks.net\/index.php\/2011\/02\/26\/akdeniz-aciliydi-xix\/#article","isPartOf":{"@id":"https:\/\/narteks.net\/index.php\/2011\/02\/26\/akdeniz-aciliydi-xix\/"},"author":{"name":"Tar\u0131k","@id":"https:\/\/narteks.net\/#\/schema\/person\/61f37d9834294b72d31d274e7ed79bca"},"headline":"AKDEN\u0130Z ACILIYDI XIX","datePublished":"2011-02-26T20:04:35+00:00","mainEntityOfPage":{"@id":"https:\/\/narteks.net\/index.php\/2011\/02\/26\/akdeniz-aciliydi-xix\/"},"wordCount":69,"commentCount":0,"publisher":{"@id":"https:\/\/narteks.net\/#organization"},"articleSection":["Faz\u0131l H\u00fcsn\u00fc DA\u011eLARCA"],"inLanguage":"tr","potentialAction":[{"@type":"CommentAction","name":"Comment","target":["https:\/\/narteks.net\/index.php\/2011\/02\/26\/akdeniz-aciliydi-xix\/#respond"]}]},{"@type":"WebPage","@id":"https:\/\/narteks.net\/index.php\/2011\/02\/26\/akdeniz-aciliydi-xix\/","url":"https:\/\/narteks.net\/index.php\/2011\/02\/26\/akdeniz-aciliydi-xix\/","name":"AKDEN\u0130Z ACILIYDI XIX - narteks.net","isPartOf":{"@id":"https:\/\/narteks.net\/#website"},"datePublished":"2011-02-26T20:04:35+00:00","breadcrumb":{"@id":"https:\/\/narteks.net\/index.php\/2011\/02\/26\/akdeniz-aciliydi-xix\/#breadcrumb"},"inLanguage":"tr","potentialAction":[{"@type":"ReadAction","target":["https:\/\/narteks.net\/index.php\/2011\/02\/26\/akdeniz-aciliydi-xix\/"]}]},{"@type":"BreadcrumbList","@id":"https:\/\/narteks.net\/index.php\/2011\/02\/26\/akdeniz-aciliydi-xix\/#breadcrumb","itemListElement":[{"@type":"ListItem","position":1,"name":"Anasayfa","item":"https:\/\/narteks.net\/"},{"@type":"ListItem","position":2,"name":"AKDEN\u0130Z ACILIYDI XIX"}]},{"@type":"WebSite","@id":"https:\/\/narteks.net\/#website","url":"https:\/\/narteks.net\/","name":"narteks.net","description":"K\u00fclt\u00fcr Sanat Edebiyat Felsefe","publisher":{"@id":"https:\/\/narteks.net\/#organization"},"alternateName":"K\u00fclt\u00fcr Sanat Edebiyat Felsefe","potentialAction":[{"@type":"SearchAction","target":{"@type":"EntryPoint","urlTemplate":"https:\/\/narteks.net\/?s={search_term_string}"},"query-input":{"@type":"PropertyValueSpecification","valueRequired":true,"valueName":"search_term_string"}}],"inLanguage":"tr"},{"@type":"Organization","@id":"https:\/\/narteks.net\/#organization","name":"narteks.net","url":"https:\/\/narteks.net\/","logo":{"@type":"ImageObject","inLanguage":"tr","@id":"https:\/\/narteks.net\/#\/schema\/logo\/image\/","url":"https:\/\/narteks.net\/wp-content\/uploads\/narteks.png","contentUrl":"https:\/\/narteks.net\/wp-content\/uploads\/narteks.png","width":300,"height":90,"caption":"narteks.net"},"image":{"@id":"https:\/\/narteks.net\/#\/schema\/logo\/image\/"},"sameAs":["https:\/\/x.com\/narteks","https:\/\/instagram.com\/narteksnet"]},{"@type":"Person","@id":"https:\/\/narteks.net\/#\/schema\/person\/61f37d9834294b72d31d274e7ed79bca","name":"Tar\u0131k","image":{"@type":"ImageObject","inLanguage":"tr","@id":"https:\/\/narteks.net\/#\/schema\/person\/image\/","url":"https:\/\/secure.gravatar.com\/avatar\/50865afb55632c4ae467e0af0930f6510aa2297d8014be502a55b14f3b7550cf?s=96&d=mm&r=g","contentUrl":"https:\/\/secure.gravatar.com\/avatar\/50865afb55632c4ae467e0af0930f6510aa2297d8014be502a55b14f3b7550cf?s=96&d=mm&r=g","caption":"Tar\u0131k"},"sameAs":["http:\/\/narteks.net"],"url":"https:\/\/narteks.net\/index.php\/author\/narbak\/"}]}},"_links":{"self":[{"href":"https:\/\/narteks.net\/index.php\/wp-json\/wp\/v2\/posts\/5306","targetHints":{"allow":["GET"]}}],"collection":[{"href":"https:\/\/narteks.net\/index.php\/wp-json\/wp\/v2\/posts"}],"about":[{"href":"https:\/\/narteks.net\/index.php\/wp-json\/wp\/v2\/types\/post"}],"author":[{"embeddable":true,"href":"https:\/\/narteks.net\/index.php\/wp-json\/wp\/v2\/users\/1"}],"replies":[{"embeddable":true,"href":"https:\/\/narteks.net\/index.php\/wp-json\/wp\/v2\/comments?post=5306"}],"version-history":[{"count":0,"href":"https:\/\/narteks.net\/index.php\/wp-json\/wp\/v2\/posts\/5306\/revisions"}],"wp:attachment":[{"href":"https:\/\/narteks.net\/index.php\/wp-json\/wp\/v2\/media?parent=5306"}],"wp:term":[{"taxonomy":"category","embeddable":true,"href":"https:\/\/narteks.net\/index.php\/wp-json\/wp\/v2\/categories?post=5306"},{"taxonomy":"post_tag","embeddable":true,"href":"https:\/\/narteks.net\/index.php\/wp-json\/wp\/v2\/tags?post=5306"}],"curies":[{"name":"wp","href":"https:\/\/api.w.org\/{rel}","templated":true}]}}